{"id":13860,"date":"2022-08-18T09:15:17","date_gmt":"2022-08-18T07:15:17","guid":{"rendered":"https:\/\/lamostradevalencia.com\/?p=13860"},"modified":"2022-08-18T09:15:17","modified_gmt":"2022-08-18T07:15:17","slug":"el-que-sabem-un-atrevit-retrat-generacional-per-a-obrir-la-mostra-de-valencia-amb-samantha-hudson-i-rosita-amores","status":"publish","type":"post","link":"https:\/\/lamostradevalencia.com\/ca\/el-que-sabem-un-atrevit-retrat-generacional-per-a-obrir-la-mostra-de-valencia-amb-samantha-hudson-i-rosita-amores\/","title":{"rendered":"&#8216;El que sabem&#8217;: un atrevit retrat generacional per a obrir la Mostra de Val\u00e8ncia amb Samantha Hudson i Rosita Amores"},"content":{"rendered":"<h5>L&#8217;\u00f2pera prima de Jordi N\u00fa\u00f1ez, rodada a la ciutat, s&#8217;estrenar\u00e0 a Espanya durant el certamen despr\u00e9s del seu pas per festivals internacionals<\/h5>\n<p><span id=\"v1v1v1v1v1v1v1docs-internal-guid-760002bf-7fff-1f4a-9aca-1b76627b2cca\">&#8216;El que sabem&#8217; \u00e9s una producci\u00f3 de Pegatum Transmedia rodada durant la pand\u00e8mia, que t\u00e9 la ciutat de Val\u00e8ncia, i en concret, la comarca de l&#8217;Horta Sud, com un dels seus grans protagonistes. En paraules del seu director, Jordi N\u00fa\u00f1ez: &#8220;Ac\u00ed conviu la postal regionalista, de l&#8217;Albufera i l&#8217;Horta, amb cicatrius com poden ser el nou llit del T\u00faria, la ZAL, o el port, el qual cobra una pres\u00e8ncia imperant des de qualsevol punt de la zona. Aix\u00f2 es relaciona \u00edntimament amb els personatges, perduts en el proc\u00e9s d&#8217;acceptar el passat i el present per a poder construir un futur&#8221;. La cinta, que va tindre la seua estrena en la 52a edici\u00f3 del Festival de Cinema de l&#8217;\u00cdndia (IFFI) i despr\u00e9s ha passat per altres cert\u00e0mens com el OUTshine LGBTQ+ Film Festival de Miami, obrir\u00e0 la competici\u00f3 oficial de la\u00a0<\/span><strong>37\u00aa Mostra de Val\u00e8ncia<\/strong>, el pr\u00f2xim 20 d&#8217;octubre.<\/p>\n<p><span id=\"v1v1v1v1v1v1v1docs-internal-guid-760002bf-7fff-1f4a-9aca-1b76627b2cca\">Es tracta d&#8217;un retrat generacional d&#8217;un grup d&#8217;amics que sent els primers efectes de l&#8217;edat adulta protagonitzat per l&#8217;actriu vene\u00e7olana Nakarey i un elenc de joves promeses valencianes com ara Mauro Cervera i Just, T\u00e0nia Fortea i Roberto Hoyo, junt amb el madrileny Javier Amann. La cinta compta a m\u00e9s amb diverses participacions estel\u00b7lars, com la de\u00a0<\/span><strong>Samantha Hudson<\/strong>, la m\u00edtica vedette valenciana\u00a0<strong>Rosita Amores<\/strong>, que torna a la pantalla gran als 82 anys, o la col\u00b7laboradora habitual de Venga Monjas,\u00a0<strong>Marga Castells<\/strong>. &#8220;En ells es mesclen sensacions de la meua joventut i la dels meus amics -continua el director de la cinta-. Tamb\u00e9 apareix la idea, molt associada a Val\u00e8ncia, de la festa com una fugida cap a davant. M&#8217;agrada pensar en la pel\u00b7l\u00edcula com una falla, amb un cos central capitanejat per Carla, seguida de Mart\u00ed, Marina i V\u00edctor, i amb una s\u00e8rie de ninots que els acompanyen, com poden ser Rosita, Marga Castells o Samantha Hudson. La festa de les Falles \u00e9s una representaci\u00f3 del cicle vital i em servix com a met\u00e0fora per a parlar dels cicles i la impossibilitat d&#8217;escapar d&#8217;ells. La intenci\u00f3 \u00e9s que este siga l&#8217;inici d&#8217;una llarga relaci\u00f3 de la ciutat amb la meua ficci\u00f3&#8221;.<\/p>\n<p><span id=\"v1v1v1v1v1v1v1docs-internal-guid-760002bf-7fff-1f4a-9aca-1b76627b2cca\">&#8220;Una vegada m\u00e9s, des de la seua recuperaci\u00f3 en 2018, la Mostra obri la seua programaci\u00f3 amb cinema de segell valenci\u00e0, un segell d&#8217;identitat i qualitat per al festival, que aposta pel talent local i el seu potencial de projecci\u00f3 internacional&#8221;, assegura\u00a0Gloria Tello,\u00a0presidenta de Mostra de Val\u00e8ncia. Jordi N\u00fa\u00f1ez (Val\u00e8ncia, 1991) ha realitzat curtmetratges, v\u00eddeos musicals i llargmetratges des de la seua adolesc\u00e8ncia. En 2009 va guanyar la primera edici\u00f3 del DKV Fresh Art. El seu projecte final de m\u00e0ster, el curtmetratge\u00a0<\/span><strong>&#8216;P\u00edxels&#8217; (2015),<\/strong>\u00a0acumula m\u00e9s d&#8217;11 milions de visites en Youtube. Li seguixen<strong>\u00a0&#8216;Amor de Dios&#8217; (2016)<\/strong>\u00a0i &#8216;<strong>Cachitos&#8217; (2017)<\/strong>\u00a0que, al costat del primer, compten amb m\u00e9s de 60 premis i seleccions internacionals en festivals com Cinema Jove, Alf\u00e0s del Pi, LesGaiCineMad o Antonio Ferrandis. Actualment prepara la seua segona pel\u00b7l\u00edcula, produ\u00efda tamb\u00e9 per Pegatum.<\/p>\n<p><span id=\"v1v1v1v1v1v1v1docs-internal-guid-760002bf-7fff-1f4a-9aca-1b76627b2cca\">La 37a Mostra de Val\u00e8ncia &#8211; Cinema del Mediterrani, que se celebrar\u00e0 del 20 al 30 d&#8217;octubre, compta amb la col\u00b7laboraci\u00f3 de l&#8217;Institut Valenci\u00e0 de Cultura (IVC), Rambleta, Val\u00e8ncia Film Office i \u00c0 Punt M\u00e8dia com a mitj\u00e0 oficial. El certamen ja ha comen\u00e7at a donar a con\u00e9ixer les seues\u00a0 apostes d&#8217;esta edici\u00f3, com ara el cicle\u00a0<\/span><em><strong>El segle XX del cine grec<\/strong><\/em>, integrat per 40 t\u00edtols imprescindibles de la hist\u00f2ria del pa\u00eds hel\u00b7l\u00e9, la major part d&#8217;ells remasteritzats i in\u00e8dits a Espanya. La gran novetat d&#8217;esta edici\u00f3 ser\u00e0 el\u00a0<strong>Val\u00e8ncia Film Afers<\/strong>, un f\u00f2rum de coproducci\u00f3 que posa en marxa per primera vegada el certamen i que t\u00e9 confirmats grans noms de la producci\u00f3 mediterr\u00e0nia a la recerca de nous projectes.<\/p>\n","protected":false},"excerpt":{"rendered":"<p>L&#8217;\u00f2pera prima de Jordi N\u00fa\u00f1ez, rodada a la ciutat, s&#8217;estrenar\u00e0 a Espanya durant el certamen despr\u00e9s del seu pas per festivals internacionals &#8216;El que sabem&#8217; [&hellip;]<\/p>\n","protected":false},"author":1,"featured_media":13869,"comment_status":"open","ping_status":"open","sticky":false,"template":"","format":"standard","meta":{"_uag_custom_page_level_css":"","_jet_sm_ready_style":"","_jet_sm_style":"","_jet_sm_controls_values":"","_jet_sm_fonts_collection":"","_jet_sm_fonts_links":"","footnotes":""},"categories":[455],"tags":[],"class_list":["post-13860","post","type-post","status-publish","format-standard","has-post-thumbnail","hentry","category-noticies"],"yoast_head":"<!-- This site is optimized with the Yoast SEO plugin v27.5 - https:\/\/yoast.com\/product\/yoast-seo-wordpress\/ -->\n<title>&#039;El que sabem&#039;: un atrevit retrat generacional per a obrir la Mostra de Val\u00e8ncia amb Samantha Hudson i Rosita Amores - Mostra de Val\u00e8ncia<\/title>\n<meta name=\"robots\" content=\"index, follow, max-snippet:-1, max-image-preview:large, max-video-preview:-1\" \/>\n<link rel=\"canonical\" href=\"https:\/\/lamostradevalencia.com\/ca\/el-que-sabem-un-atrevit-retrat-generacional-per-a-obrir-la-mostra-de-valencia-amb-samantha-hudson-i-rosita-amores\/\" \/>\n<meta property=\"og:locale\" content=\"ca_ES\" \/>\n<meta property=\"og:type\" content=\"article\" \/>\n<meta property=\"og:title\" content=\"&#039;El que sabem&#039;: un atrevit retrat generacional per a obrir la Mostra de Val\u00e8ncia amb Samantha Hudson i Rosita Amores - Mostra de Val\u00e8ncia\" \/>\n<meta property=\"og:description\" content=\"L&#8217;\u00f2pera prima de Jordi N\u00fa\u00f1ez, rodada a la ciutat, s&#8217;estrenar\u00e0 a Espanya durant el certamen despr\u00e9s del seu pas per festivals internacionals &#8216;El que sabem&#8217; [&hellip;]\" \/>\n<meta property=\"og:url\" content=\"https:\/\/lamostradevalencia.com\/ca\/el-que-sabem-un-atrevit-retrat-generacional-per-a-obrir-la-mostra-de-valencia-amb-samantha-hudson-i-rosita-amores\/\" \/>\n<meta property=\"og:site_name\" content=\"Mostra de Val\u00e8ncia\" \/>\n<meta property=\"article:published_time\" content=\"2022-08-18T07:15:17+00:00\" \/>\n<meta property=\"og:image\" content=\"https:\/\/lamostradevalencia.com\/wp-content\/uploads\/2022\/08\/El-que-sabem-MOSTRA.png\" \/>\n\t<meta property=\"og:image:width\" content=\"1080\" \/>\n\t<meta property=\"og:image:height\" content=\"1080\" \/>\n\t<meta property=\"og:image:type\" content=\"image\/png\" \/>\n<meta name=\"author\" content=\"Mostra de Val\u00e8ncia\" \/>\n<meta name=\"twitter:card\" content=\"summary_large_image\" \/>\n<meta name=\"twitter:label1\" content=\"Escrit per\" \/>\n\t<meta name=\"twitter:data1\" content=\"Mostra de Val\u00e8ncia\" \/>\n\t<meta name=\"twitter:label2\" content=\"Temps estimat de lectura\" \/>\n\t<meta name=\"twitter:data2\" content=\"3 minuts\" \/>\n<script type=\"application\/ld+json\" class=\"yoast-schema-graph\">{\"@context\":\"https:\\\/\\\/schema.org\",\"@graph\":[{\"@type\":\"Article\",\"@id\":\"https:\\\/\\\/lamostradevalencia.com\\\/ca\\\/el-que-sabem-un-atrevit-retrat-generacional-per-a-obrir-la-mostra-de-valencia-amb-samantha-hudson-i-rosita-amores\\\/#article\",\"isPartOf\":{\"@id\":\"https:\\\/\\\/lamostradevalencia.com\\\/ca\\\/el-que-sabem-un-atrevit-retrat-generacional-per-a-obrir-la-mostra-de-valencia-amb-samantha-hudson-i-rosita-amores\\\/\"},\"author\":{\"name\":\"Mostra de Val\u00e8ncia\",\"@id\":\"https:\\\/\\\/lamostradevalencia.com\\\/ca\\\/#\\\/schema\\\/person\\\/1dc07e4df3d6310b81d2cdf6a034070c\"},\"headline\":\"&#8216;El que sabem&#8217;: un atrevit retrat generacional per a obrir la Mostra de Val\u00e8ncia amb Samantha Hudson i Rosita Amores\",\"datePublished\":\"2022-08-18T07:15:17+00:00\",\"mainEntityOfPage\":{\"@id\":\"https:\\\/\\\/lamostradevalencia.com\\\/ca\\\/el-que-sabem-un-atrevit-retrat-generacional-per-a-obrir-la-mostra-de-valencia-amb-samantha-hudson-i-rosita-amores\\\/\"},\"wordCount\":717,\"commentCount\":0,\"image\":{\"@id\":\"https:\\\/\\\/lamostradevalencia.com\\\/ca\\\/el-que-sabem-un-atrevit-retrat-generacional-per-a-obrir-la-mostra-de-valencia-amb-samantha-hudson-i-rosita-amores\\\/#primaryimage\"},\"thumbnailUrl\":\"https:\\\/\\\/lamostradevalencia.com\\\/wp-content\\\/uploads\\\/2022\\\/08\\\/El-que-sabem-MOSTRA.png\",\"articleSection\":[\"Noticies\"],\"inLanguage\":\"ca\",\"potentialAction\":[{\"@type\":\"CommentAction\",\"name\":\"Comment\",\"target\":[\"https:\\\/\\\/lamostradevalencia.com\\\/ca\\\/el-que-sabem-un-atrevit-retrat-generacional-per-a-obrir-la-mostra-de-valencia-amb-samantha-hudson-i-rosita-amores\\\/#respond\"]}]},{\"@type\":\"WebPage\",\"@id\":\"https:\\\/\\\/lamostradevalencia.com\\\/ca\\\/el-que-sabem-un-atrevit-retrat-generacional-per-a-obrir-la-mostra-de-valencia-amb-samantha-hudson-i-rosita-amores\\\/\",\"url\":\"https:\\\/\\\/lamostradevalencia.com\\\/ca\\\/el-que-sabem-un-atrevit-retrat-generacional-per-a-obrir-la-mostra-de-valencia-amb-samantha-hudson-i-rosita-amores\\\/\",\"name\":\"'El que sabem': un atrevit retrat generacional per a obrir la Mostra de Val\u00e8ncia amb Samantha Hudson i Rosita Amores - Mostra de Val\u00e8ncia\",\"isPartOf\":{\"@id\":\"https:\\\/\\\/lamostradevalencia.com\\\/ca\\\/#website\"},\"primaryImageOfPage\":{\"@id\":\"https:\\\/\\\/lamostradevalencia.com\\\/ca\\\/el-que-sabem-un-atrevit-retrat-generacional-per-a-obrir-la-mostra-de-valencia-amb-samantha-hudson-i-rosita-amores\\\/#primaryimage\"},\"image\":{\"@id\":\"https:\\\/\\\/lamostradevalencia.com\\\/ca\\\/el-que-sabem-un-atrevit-retrat-generacional-per-a-obrir-la-mostra-de-valencia-amb-samantha-hudson-i-rosita-amores\\\/#primaryimage\"},\"thumbnailUrl\":\"https:\\\/\\\/lamostradevalencia.com\\\/wp-content\\\/uploads\\\/2022\\\/08\\\/El-que-sabem-MOSTRA.png\",\"datePublished\":\"2022-08-18T07:15:17+00:00\",\"author\":{\"@id\":\"https:\\\/\\\/lamostradevalencia.com\\\/ca\\\/#\\\/schema\\\/person\\\/1dc07e4df3d6310b81d2cdf6a034070c\"},\"breadcrumb\":{\"@id\":\"https:\\\/\\\/lamostradevalencia.com\\\/ca\\\/el-que-sabem-un-atrevit-retrat-generacional-per-a-obrir-la-mostra-de-valencia-amb-samantha-hudson-i-rosita-amores\\\/#breadcrumb\"},\"inLanguage\":\"ca\",\"potentialAction\":[{\"@type\":\"ReadAction\",\"target\":[\"https:\\\/\\\/lamostradevalencia.com\\\/ca\\\/el-que-sabem-un-atrevit-retrat-generacional-per-a-obrir-la-mostra-de-valencia-amb-samantha-hudson-i-rosita-amores\\\/\"]}]},{\"@type\":\"ImageObject\",\"inLanguage\":\"ca\",\"@id\":\"https:\\\/\\\/lamostradevalencia.com\\\/ca\\\/el-que-sabem-un-atrevit-retrat-generacional-per-a-obrir-la-mostra-de-valencia-amb-samantha-hudson-i-rosita-amores\\\/#primaryimage\",\"url\":\"https:\\\/\\\/lamostradevalencia.com\\\/wp-content\\\/uploads\\\/2022\\\/08\\\/El-que-sabem-MOSTRA.png\",\"contentUrl\":\"https:\\\/\\\/lamostradevalencia.com\\\/wp-content\\\/uploads\\\/2022\\\/08\\\/El-que-sabem-MOSTRA.png\",\"width\":1080,\"height\":1080},{\"@type\":\"BreadcrumbList\",\"@id\":\"https:\\\/\\\/lamostradevalencia.com\\\/ca\\\/el-que-sabem-un-atrevit-retrat-generacional-per-a-obrir-la-mostra-de-valencia-amb-samantha-hudson-i-rosita-amores\\\/#breadcrumb\",\"itemListElement\":[{\"@type\":\"ListItem\",\"position\":1,\"name\":\"Portada\",\"item\":\"https:\\\/\\\/lamostradevalencia.com\\\/ca\\\/\"},{\"@type\":\"ListItem\",\"position\":2,\"name\":\"&#8216;El que sabem&#8217;: un atrevit retrat generacional per a obrir la Mostra de Val\u00e8ncia amb Samantha Hudson i Rosita Amores\"}]},{\"@type\":\"WebSite\",\"@id\":\"https:\\\/\\\/lamostradevalencia.com\\\/ca\\\/#website\",\"url\":\"https:\\\/\\\/lamostradevalencia.com\\\/ca\\\/\",\"name\":\"Mostra de Val\u00e8ncia\",\"description\":\"Cinema del Mediterrani\",\"potentialAction\":[{\"@type\":\"SearchAction\",\"target\":{\"@type\":\"EntryPoint\",\"urlTemplate\":\"https:\\\/\\\/lamostradevalencia.com\\\/ca\\\/?s={search_term_string}\"},\"query-input\":{\"@type\":\"PropertyValueSpecification\",\"valueRequired\":true,\"valueName\":\"search_term_string\"}}],\"inLanguage\":\"ca\"},{\"@type\":\"Person\",\"@id\":\"https:\\\/\\\/lamostradevalencia.com\\\/ca\\\/#\\\/schema\\\/person\\\/1dc07e4df3d6310b81d2cdf6a034070c\",\"name\":\"Mostra de Val\u00e8ncia\",\"image\":{\"@type\":\"ImageObject\",\"inLanguage\":\"ca\",\"@id\":\"https:\\\/\\\/secure.gravatar.com\\\/avatar\\\/ada4dfd699a9907706987adb1bb2b361c2613ccca474b49b8c648de5208e32f8?s=96&d=mm&r=g\",\"url\":\"https:\\\/\\\/secure.gravatar.com\\\/avatar\\\/ada4dfd699a9907706987adb1bb2b361c2613ccca474b49b8c648de5208e32f8?s=96&d=mm&r=g\",\"contentUrl\":\"https:\\\/\\\/secure.gravatar.com\\\/avatar\\\/ada4dfd699a9907706987adb1bb2b361c2613ccca474b49b8c648de5208e32f8?s=96&d=mm&r=g\",\"caption\":\"Mostra de Val\u00e8ncia\"}}]}<\/script>\n<!-- \/ Yoast SEO plugin. -->","yoast_head_json":{"title":"'El que sabem': un atrevit retrat generacional per a obrir la Mostra de Val\u00e8ncia amb Samantha Hudson i Rosita Amores - Mostra de Val\u00e8ncia","robots":{"index":"index","follow":"follow","max-snippet":"max-snippet:-1","max-image-preview":"max-image-preview:large","max-video-preview":"max-video-preview:-1"},"canonical":"https:\/\/lamostradevalencia.com\/ca\/el-que-sabem-un-atrevit-retrat-generacional-per-a-obrir-la-mostra-de-valencia-amb-samantha-hudson-i-rosita-amores\/","og_locale":"ca_ES","og_type":"article","og_title":"'El que sabem': un atrevit retrat generacional per a obrir la Mostra de Val\u00e8ncia amb Samantha Hudson i Rosita Amores - Mostra de Val\u00e8ncia","og_description":"L&#8217;\u00f2pera prima de Jordi N\u00fa\u00f1ez, rodada a la ciutat, s&#8217;estrenar\u00e0 a Espanya durant el certamen despr\u00e9s del seu pas per festivals internacionals &#8216;El que sabem&#8217; [&hellip;]","og_url":"https:\/\/lamostradevalencia.com\/ca\/el-que-sabem-un-atrevit-retrat-generacional-per-a-obrir-la-mostra-de-valencia-amb-samantha-hudson-i-rosita-amores\/","og_site_name":"Mostra de Val\u00e8ncia","article_published_time":"2022-08-18T07:15:17+00:00","og_image":[{"width":1080,"height":1080,"url":"https:\/\/lamostradevalencia.com\/wp-content\/uploads\/2022\/08\/El-que-sabem-MOSTRA.png","type":"image\/png"}],"author":"Mostra de Val\u00e8ncia","twitter_card":"summary_large_image","twitter_misc":{"Escrit per":"Mostra de Val\u00e8ncia","Temps estimat de lectura":"3 minuts"},"schema":{"@context":"https:\/\/schema.org","@graph":[{"@type":"Article","@id":"https:\/\/lamostradevalencia.com\/ca\/el-que-sabem-un-atrevit-retrat-generacional-per-a-obrir-la-mostra-de-valencia-amb-samantha-hudson-i-rosita-amores\/#article","isPartOf":{"@id":"https:\/\/lamostradevalencia.com\/ca\/el-que-sabem-un-atrevit-retrat-generacional-per-a-obrir-la-mostra-de-valencia-amb-samantha-hudson-i-rosita-amores\/"},"author":{"name":"Mostra de Val\u00e8ncia","@id":"https:\/\/lamostradevalencia.com\/ca\/#\/schema\/person\/1dc07e4df3d6310b81d2cdf6a034070c"},"headline":"&#8216;El que sabem&#8217;: un atrevit retrat generacional per a obrir la Mostra de Val\u00e8ncia amb Samantha Hudson i Rosita Amores","datePublished":"2022-08-18T07:15:17+00:00","mainEntityOfPage":{"@id":"https:\/\/lamostradevalencia.com\/ca\/el-que-sabem-un-atrevit-retrat-generacional-per-a-obrir-la-mostra-de-valencia-amb-samantha-hudson-i-rosita-amores\/"},"wordCount":717,"commentCount":0,"image":{"@id":"https:\/\/lamostradevalencia.com\/ca\/el-que-sabem-un-atrevit-retrat-generacional-per-a-obrir-la-mostra-de-valencia-amb-samantha-hudson-i-rosita-amores\/#primaryimage"},"thumbnailUrl":"https:\/\/lamostradevalencia.com\/wp-content\/uploads\/2022\/08\/El-que-sabem-MOSTRA.png","articleSection":["Noticies"],"inLanguage":"ca","potentialAction":[{"@type":"CommentAction","name":"Comment","target":["https:\/\/lamostradevalencia.com\/ca\/el-que-sabem-un-atrevit-retrat-generacional-per-a-obrir-la-mostra-de-valencia-amb-samantha-hudson-i-rosita-amores\/#respond"]}]},{"@type":"WebPage","@id":"https:\/\/lamostradevalencia.com\/ca\/el-que-sabem-un-atrevit-retrat-generacional-per-a-obrir-la-mostra-de-valencia-amb-samantha-hudson-i-rosita-amores\/","url":"https:\/\/lamostradevalencia.com\/ca\/el-que-sabem-un-atrevit-retrat-generacional-per-a-obrir-la-mostra-de-valencia-amb-samantha-hudson-i-rosita-amores\/","name":"'El que sabem': un atrevit retrat generacional per a obrir la Mostra de Val\u00e8ncia amb Samantha Hudson i Rosita Amores - Mostra de Val\u00e8ncia","isPartOf":{"@id":"https:\/\/lamostradevalencia.com\/ca\/#website"},"primaryImageOfPage":{"@id":"https:\/\/lamostradevalencia.com\/ca\/el-que-sabem-un-atrevit-retrat-generacional-per-a-obrir-la-mostra-de-valencia-amb-samantha-hudson-i-rosita-amores\/#primaryimage"},"image":{"@id":"https:\/\/lamostradevalencia.com\/ca\/el-que-sabem-un-atrevit-retrat-generacional-per-a-obrir-la-mostra-de-valencia-amb-samantha-hudson-i-rosita-amores\/#primaryimage"},"thumbnailUrl":"https:\/\/lamostradevalencia.com\/wp-content\/uploads\/2022\/08\/El-que-sabem-MOSTRA.png","datePublished":"2022-08-18T07:15:17+00:00","author":{"@id":"https:\/\/lamostradevalencia.com\/ca\/#\/schema\/person\/1dc07e4df3d6310b81d2cdf6a034070c"},"breadcrumb":{"@id":"https:\/\/lamostradevalencia.com\/ca\/el-que-sabem-un-atrevit-retrat-generacional-per-a-obrir-la-mostra-de-valencia-amb-samantha-hudson-i-rosita-amores\/#breadcrumb"},"inLanguage":"ca","potentialAction":[{"@type":"ReadAction","target":["https:\/\/lamostradevalencia.com\/ca\/el-que-sabem-un-atrevit-retrat-generacional-per-a-obrir-la-mostra-de-valencia-amb-samantha-hudson-i-rosita-amores\/"]}]},{"@type":"ImageObject","inLanguage":"ca","@id":"https:\/\/lamostradevalencia.com\/ca\/el-que-sabem-un-atrevit-retrat-generacional-per-a-obrir-la-mostra-de-valencia-amb-samantha-hudson-i-rosita-amores\/#primaryimage","url":"https:\/\/lamostradevalencia.com\/wp-content\/uploads\/2022\/08\/El-que-sabem-MOSTRA.png","contentUrl":"https:\/\/lamostradevalencia.com\/wp-content\/uploads\/2022\/08\/El-que-sabem-MOSTRA.png","width":1080,"height":1080},{"@type":"BreadcrumbList","@id":"https:\/\/lamostradevalencia.com\/ca\/el-que-sabem-un-atrevit-retrat-generacional-per-a-obrir-la-mostra-de-valencia-amb-samantha-hudson-i-rosita-amores\/#breadcrumb","itemListElement":[{"@type":"ListItem","position":1,"name":"Portada","item":"https:\/\/lamostradevalencia.com\/ca\/"},{"@type":"ListItem","position":2,"name":"&#8216;El que sabem&#8217;: un atrevit retrat generacional per a obrir la Mostra de Val\u00e8ncia amb Samantha Hudson i Rosita Amores"}]},{"@type":"WebSite","@id":"https:\/\/lamostradevalencia.com\/ca\/#website","url":"https:\/\/lamostradevalencia.com\/ca\/","name":"Mostra de Val\u00e8ncia","description":"Cinema del Mediterrani","potentialAction":[{"@type":"SearchAction","target":{"@type":"EntryPoint","urlTemplate":"https:\/\/lamostradevalencia.com\/ca\/?s={search_term_string}"},"query-input":{"@type":"PropertyValueSpecification","valueRequired":true,"valueName":"search_term_string"}}],"inLanguage":"ca"},{"@type":"Person","@id":"https:\/\/lamostradevalencia.com\/ca\/#\/schema\/person\/1dc07e4df3d6310b81d2cdf6a034070c","name":"Mostra de Val\u00e8ncia","image":{"@type":"ImageObject","inLanguage":"ca","@id":"https:\/\/secure.gravatar.com\/avatar\/ada4dfd699a9907706987adb1bb2b361c2613ccca474b49b8c648de5208e32f8?s=96&d=mm&r=g","url":"https:\/\/secure.gravatar.com\/avatar\/ada4dfd699a9907706987adb1bb2b361c2613ccca474b49b8c648de5208e32f8?s=96&d=mm&r=g","contentUrl":"https:\/\/secure.gravatar.com\/avatar\/ada4dfd699a9907706987adb1bb2b361c2613ccca474b49b8c648de5208e32f8?s=96&d=mm&r=g","caption":"Mostra de Val\u00e8ncia"}}]}},"uagb_featured_image_src":{"full":["https:\/\/lamostradevalencia.com\/wp-content\/uploads\/2022\/08\/El-que-sabem-MOSTRA.png",1080,1080,false],"thumbnail":["https:\/\/lamostradevalencia.com\/wp-content\/uploads\/2022\/08\/El-que-sabem-MOSTRA-150x150.png",150,150,true],"medium":["https:\/\/lamostradevalencia.com\/wp-content\/uploads\/2022\/08\/El-que-sabem-MOSTRA-300x300.png",300,300,true],"medium_large":["https:\/\/lamostradevalencia.com\/wp-content\/uploads\/2022\/08\/El-que-sabem-MOSTRA-768x768.png",768,768,true],"large":["https:\/\/lamostradevalencia.com\/wp-content\/uploads\/2022\/08\/El-que-sabem-MOSTRA-1024x1024.png",1024,1024,true],"1536x1536":["https:\/\/lamostradevalencia.com\/wp-content\/uploads\/2022\/08\/El-que-sabem-MOSTRA.png",1080,1080,false],"2048x2048":["https:\/\/lamostradevalencia.com\/wp-content\/uploads\/2022\/08\/El-que-sabem-MOSTRA.png",1080,1080,false],"cinerama_edge_image_square":["https:\/\/lamostradevalencia.com\/wp-content\/uploads\/2022\/08\/El-que-sabem-MOSTRA-550x550.png",550,550,true],"cinerama_edge_image_landscape":["https:\/\/lamostradevalencia.com\/wp-content\/uploads\/2022\/08\/El-que-sabem-MOSTRA-1080x550.png",1080,550,true],"cinerama_edge_image_portrait":["https:\/\/lamostradevalencia.com\/wp-content\/uploads\/2022\/08\/El-que-sabem-MOSTRA-550x1080.png",550,1080,true],"cinerama_edge_image_huge":["https:\/\/lamostradevalencia.com\/wp-content\/uploads\/2022\/08\/El-que-sabem-MOSTRA.png",1080,1080,false],"gform-image-choice-sm":["https:\/\/lamostradevalencia.com\/wp-content\/uploads\/2022\/08\/El-que-sabem-MOSTRA.png",300,300,false],"gform-image-choice-md":["https:\/\/lamostradevalencia.com\/wp-content\/uploads\/2022\/08\/El-que-sabem-MOSTRA.png",400,400,false],"gform-image-choice-lg":["https:\/\/lamostradevalencia.com\/wp-content\/uploads\/2022\/08\/El-que-sabem-MOSTRA.png",600,600,false]},"uagb_author_info":{"display_name":"Mostra de Val\u00e8ncia","author_link":"https:\/\/lamostradevalencia.com\/ca\/author\/mostravalencia\/"},"uagb_comment_info":1,"uagb_excerpt":"L&#8217;\u00f2pera prima de Jordi N\u00fa\u00f1ez, rodada a la ciutat, s&#8217;estrenar\u00e0 a Espanya durant el certamen despr\u00e9s del seu pas per festivals internacionals &#8216;El que sabem&#8217; [&hellip;]","_links":{"self":[{"href":"https:\/\/lamostradevalencia.com\/ca\/wp-json\/wp\/v2\/posts\/13860","targetHints":{"allow":["GET"]}}],"collection":[{"href":"https:\/\/lamostradevalencia.com\/ca\/wp-json\/wp\/v2\/posts"}],"about":[{"href":"https:\/\/lamostradevalencia.com\/ca\/wp-json\/wp\/v2\/types\/post"}],"author":[{"embeddable":true,"href":"https:\/\/lamostradevalencia.com\/ca\/wp-json\/wp\/v2\/users\/1"}],"replies":[{"embeddable":true,"href":"https:\/\/lamostradevalencia.com\/ca\/wp-json\/wp\/v2\/comments?post=13860"}],"version-history":[{"count":3,"href":"https:\/\/lamostradevalencia.com\/ca\/wp-json\/wp\/v2\/posts\/13860\/revisions"}],"predecessor-version":[{"id":13873,"href":"https:\/\/lamostradevalencia.com\/ca\/wp-json\/wp\/v2\/posts\/13860\/revisions\/13873"}],"wp:featuredmedia":[{"embeddable":true,"href":"https:\/\/lamostradevalencia.com\/ca\/wp-json\/wp\/v2\/media\/13869"}],"wp:attachment":[{"href":"https:\/\/lamostradevalencia.com\/ca\/wp-json\/wp\/v2\/media?parent=13860"}],"wp:term":[{"taxonomy":"category","embeddable":true,"href":"https:\/\/lamostradevalencia.com\/ca\/wp-json\/wp\/v2\/categories?post=13860"},{"taxonomy":"post_tag","embeddable":true,"href":"https:\/\/lamostradevalencia.com\/ca\/wp-json\/wp\/v2\/tags?post=13860"}],"curies":[{"name":"wp","href":"https:\/\/api.w.org\/{rel}","templated":true}]}}