{"id":13789,"date":"2022-08-10T10:17:39","date_gmt":"2022-08-10T08:17:39","guid":{"rendered":"https:\/\/lamostradevalencia.com\/?p=13789"},"modified":"2022-08-10T10:28:08","modified_gmt":"2022-08-10T08:28:08","slug":"mostra-de-valencia-rescata-el-millor-cinema-grec-amb-40-titols-imprescindibles-del-segle-xx","status":"publish","type":"post","link":"https:\/\/lamostradevalencia.com\/ca\/mostra-de-valencia-rescata-el-millor-cinema-grec-amb-40-titols-imprescindibles-del-segle-xx\/","title":{"rendered":"Mostra de Val\u00e8ncia rescata el millor cinema grec amb 40 t\u00edtols imprescindibles del segle XX"},"content":{"rendered":"<h5>La major part dels t\u00edtols s\u00f3n in\u00e8dits a Espanya, encara que la retrospectiva inclou tamb\u00e9 cl\u00e0ssics d&#8217;Angelopoulos, Costa Gavras i Cacoyannis<\/h5>\n<p><strong><em>El segle XX del cinema grec<\/em><\/strong> \u00e9s un projecte de l&#8217;Acad\u00e8mia de Cinema Hel\u00b7l\u00e9, en ocasi\u00f3 del segon centenari de la Revoluci\u00f3 Grega, que far\u00e0 21 parades al voltant del m\u00f3n. Ja ha passat per Berl\u00edn, Munic, Los Angeles i Sydney, entre altres ciutats. A Espanya formar\u00e0 part de la programaci\u00f3 de la <strong>37a Mostra de Val\u00e8ncia-Cinema del Mediterrani, <\/strong>que se celebrar\u00e0 del <strong>20 al 30 d&#8217;octubre<\/strong>, i que compta amb la col\u00b7laboraci\u00f3 de l\u2019Institut Valenci\u00e0 de Cultura, Rambleta, Val\u00e8ncia Film Office i \u00c0 Punt M\u00e8dia com a mitj\u00e0 oficial.<\/p>\n<p>Podran vore&#8217;s a Val\u00e8ncia t\u00edtols dif\u00edcils de trobar i alguns mai estrenats a Espanya (m\u00e9s de trenta), per\u00f2 tamb\u00e9 els grans cl\u00e0ssics del cinema grec com <strong>&#8216;El viatge dels comediants&#8217;<\/strong> <strong>(1975),<\/strong> on Theo Angelopoulos ressuscita en personatges contemporanis a Clitemnestra, Egisto, Agam\u00e8mnon, Orestes, Electra, P\u00edlades&#8230; La trag\u00e8dia grega tamb\u00e9 t\u00e9 el seu reflex en altres dues obres mestres: <strong>&#8216;Evdokia&#8217; (1971),<\/strong> votada per la cr\u00edtica grega com la millor pel\u00b7l\u00edcula nacional del segle XX; i <strong>&#8216;The Shepherds of Disorder \/ Thanos and Despina&#8217; (1967)<\/strong>, de Nico Papatakis, que va estar prohibida durant anys. Costa Gavras, un altre dels cognoms hel\u00b7lens fonamentals en cinematografia, estar\u00e0 representat per la m\u00edtica <strong>&#8216;Z&#8217; (1969),<\/strong> en la qual un diputat de l&#8217;oposici\u00f3 \u00e9s assassinat en ple carrer quan acabava de presidir un m\u00edting de car\u00e0cter pacifista. Michael Cacoyannis, que va aconseguir fama internacional gr\u00e0cies a <strong>&#8216;Zorba el grec&#8217;<\/strong>, aportar\u00e0 la seua obra mestra, <strong>&#8216;A Matter of Dignity&#8217; (1958).<\/strong><\/p>\n<p>La selecci\u00f3 ha sigut realitzada per directors i especialistes en cinema hel\u00b7l\u00e8 com Syllas Tzoumerkas, Elina Psykou, Afroditi Nikolaidou, Dimitris Papanikolaou, sota la supervisi\u00f3 de la productora Phaedra Vokali. Inclou curts, migmetratges i llargmetratges, 26 dels quals han sigut restaurats digitalment sota la supervisi\u00f3 de la Hellenic Film Academy. &#8220;Estem particularment entusiasmats per esta col\u00b7laboraci\u00f3 amb Mostra de Val\u00e8ncia, un festival hist\u00f2ric no sols per a Espanya, sin\u00f3 tamb\u00e9 per a tota la regi\u00f3 mediterr\u00e0nia, ja que en este material existixen m\u00faltiples connexions amb el llegat del cinema espanyol i mediterrani. Esperem amb impaci\u00e8ncia les impressions del p\u00fablic i els fruct\u00edfers debats que de segur es produiran&#8221;, assegura Phaedra Vokali.<\/p>\n<p>La Junta Militar, que va governar Gr\u00e8cia des de 1967 fins a 1974, va tindre un gran impacte en la societat i tamb\u00e9 en els cineastes, com pot observar-se en la selecci\u00f3. \u00c9s el cas del documental <strong>&#8216;M\u00e8gara&#8217; (1974),<\/strong> de Yorgos Tsemberopoulos i Sakis Maniatis, que descriu la primera manifestaci\u00f3 massiva contra el govern totalitari, quan van decidir apoderar-se d&#8217;una vasta terra agr\u00edcola per a construir una refineria de petroli; per\u00f2 tamb\u00e9 va quedar reflectit en cinema de tall experimental, com <strong>&#8216;The Rehearsal&#8217;<\/strong> (1974), en la qual Jules Dassin recrea l&#8217;episodi en qu\u00e8 els militars van assassinar a 40 estudiants durant una protesta a l&#8217;Escola Polit\u00e8cnica d&#8217;Atenes.<\/p>\n<p><em>El segle XX del cinema grec<\/em> tamb\u00e9 contempla aspectes com la lluita feminista amb t\u00edtols com ara\u00a0<strong>&#8216;Variations on the Same Subject&#8217; (1977)<\/strong>, d&#8217;Antoinetta Angelidi, que tracta la representaci\u00f3 femenina en la hist\u00f2ria de l&#8217;art modern; o aproximacions LGTBQ+, amb pel\u00b7l\u00edcules com ara\u00a0<strong>&#8216;Deserter&#8217; (1988)<\/strong>, de Christos Voupouras i Giorgos Korras, una hist\u00f2ria d&#8217;amor homosexual en un entorn provinci\u00e0. Sense oblidar els primers passos de l&#8217;anomenada Nova Onada Grega, que ha tornat a fer viatjar el cinema hel\u00b7l\u00e9 pels m\u00e9s prestigiosos festivals internacionals, amb t\u00edtols com ara\u00a0<strong>&#8216;From the Edge of the City&#8217; (1998),<\/strong>de Constantinos Giannaris; o\u00a0<strong>&#8216;Athene&#8217; (1995)<\/strong>,\u00a0d&#8217;Eva Stefani.<\/p>\n<p>&#8220;Els espectadors del cicle podran establir connexions amb les tend\u00e8ncies contempor\u00e0nies que van fonamentar tant l&#8217;Onada Grega com la m\u00e9s recent Nova Onada Grega, per\u00f2, al mateix temps, podran redescobrir tant els nostres cl\u00e0ssics, com els or\u00edgens del cinema grec experimental que va marcar tot el segle XX&#8221;, subratlla la coordinadora de la retrospectiva, Phaedra Vokali.<\/p>\n<p>Per a la presidenta de Mostra de Val\u00e8ncia, Gloria Tello, &#8220;la pres\u00e8ncia d&#8217;este cicle ve a refor\u00e7ar la vinculaci\u00f3 de la Mostra amb el cine hel\u00b7l\u00e9 des dels seus comen\u00e7aments, com demostra que bona part dels grans noms de la seua cinematografia, com ara Costa Gavras, Angelopoulos o Melina Mercouri, hagen visitat el certamen en edicions passades&#8221;. Esta exhibici\u00f3 itinerant es va gestar sota els auspicis del Comit\u00e9 Gr\u00e8cia 2021, patrocinat pel Centre Nacional de Mitjans Audiovisuals i Comunicaci\u00f3, el Centre de Cinema Grec, el Festival Epidaurus d&#8217;Atenes i el Festival Internacional de Cinema de Tessal\u00f2nica, que compta amb el suport de la Filmoteca Grega i Finos Film.<\/p>\n","protected":false},"excerpt":{"rendered":"<p>La major part dels t\u00edtols s\u00f3n in\u00e8dits a Espanya, encara que la retrospectiva inclou tamb\u00e9 cl\u00e0ssics d&#8217;Angelopoulos, Costa Gavras i Cacoyannis El segle XX del [&hellip;]<\/p>\n","protected":false},"author":3,"featured_media":13786,"comment_status":"open","ping_status":"open","sticky":false,"template":"","format":"standard","meta":{"_uag_custom_page_level_css":"","_jet_sm_ready_style":"","_jet_sm_style":"","_jet_sm_controls_values":"","_jet_sm_fonts_collection":"","_jet_sm_fonts_links":"","footnotes":""},"categories":[455],"tags":[3036,3037],"class_list":["post-13789","post","type-post","status-publish","format-standard","has-post-thumbnail","hentry","category-noticies","tag-el-segle-xx-del-cinema-grec","tag-mostra-2022-ca"],"yoast_head":"<!-- This site is optimized with the Yoast SEO plugin v27.5 - https:\/\/yoast.com\/product\/yoast-seo-wordpress\/ -->\n<title>Mostra de Val\u00e8ncia rescata el millor cinema grec amb 40 t\u00edtols imprescindibles del segle XX - Mostra de Val\u00e8ncia<\/title>\n<meta name=\"robots\" content=\"index, follow, max-snippet:-1, max-image-preview:large, max-video-preview:-1\" \/>\n<link rel=\"canonical\" href=\"https:\/\/lamostradevalencia.com\/ca\/mostra-de-valencia-rescata-el-millor-cinema-grec-amb-40-titols-imprescindibles-del-segle-xx\/\" \/>\n<meta property=\"og:locale\" content=\"ca_ES\" \/>\n<meta property=\"og:type\" content=\"article\" \/>\n<meta property=\"og:title\" content=\"Mostra de Val\u00e8ncia rescata el millor cinema grec amb 40 t\u00edtols imprescindibles del segle XX - Mostra de Val\u00e8ncia\" \/>\n<meta property=\"og:description\" content=\"La major part dels t\u00edtols s\u00f3n in\u00e8dits a Espanya, encara que la retrospectiva inclou tamb\u00e9 cl\u00e0ssics d&#8217;Angelopoulos, Costa Gavras i Cacoyannis El segle XX del [&hellip;]\" \/>\n<meta property=\"og:url\" content=\"https:\/\/lamostradevalencia.com\/ca\/mostra-de-valencia-rescata-el-millor-cinema-grec-amb-40-titols-imprescindibles-del-segle-xx\/\" \/>\n<meta property=\"og:site_name\" content=\"Mostra de Val\u00e8ncia\" \/>\n<meta property=\"article:published_time\" content=\"2022-08-10T08:17:39+00:00\" \/>\n<meta property=\"article:modified_time\" content=\"2022-08-10T08:28:08+00:00\" \/>\n<meta property=\"og:image\" content=\"https:\/\/lamostradevalencia.com\/wp-content\/uploads\/2022\/08\/ciclogriego.jpg\" \/>\n\t<meta property=\"og:image:width\" content=\"1080\" \/>\n\t<meta property=\"og:image:height\" content=\"1053\" \/>\n\t<meta property=\"og:image:type\" content=\"image\/jpeg\" \/>\n<meta name=\"author\" content=\"contenidos\" \/>\n<meta name=\"twitter:card\" content=\"summary_large_image\" \/>\n<meta name=\"twitter:label1\" content=\"Escrit per\" \/>\n\t<meta name=\"twitter:data1\" content=\"contenidos\" \/>\n\t<meta name=\"twitter:label2\" content=\"Temps estimat de lectura\" \/>\n\t<meta name=\"twitter:data2\" content=\"4 minuts\" \/>\n<script type=\"application\/ld+json\" class=\"yoast-schema-graph\">{\"@context\":\"https:\\\/\\\/schema.org\",\"@graph\":[{\"@type\":\"Article\",\"@id\":\"https:\\\/\\\/lamostradevalencia.com\\\/ca\\\/mostra-de-valencia-rescata-el-millor-cinema-grec-amb-40-titols-imprescindibles-del-segle-xx\\\/#article\",\"isPartOf\":{\"@id\":\"https:\\\/\\\/lamostradevalencia.com\\\/ca\\\/mostra-de-valencia-rescata-el-millor-cinema-grec-amb-40-titols-imprescindibles-del-segle-xx\\\/\"},\"author\":{\"name\":\"contenidos\",\"@id\":\"https:\\\/\\\/lamostradevalencia.com\\\/ca\\\/#\\\/schema\\\/person\\\/361c3c0dd5489e78ad78ee4f8332efac\"},\"headline\":\"Mostra de Val\u00e8ncia rescata el millor cinema grec amb 40 t\u00edtols imprescindibles del segle XX\",\"datePublished\":\"2022-08-10T08:17:39+00:00\",\"dateModified\":\"2022-08-10T08:28:08+00:00\",\"mainEntityOfPage\":{\"@id\":\"https:\\\/\\\/lamostradevalencia.com\\\/ca\\\/mostra-de-valencia-rescata-el-millor-cinema-grec-amb-40-titols-imprescindibles-del-segle-xx\\\/\"},\"wordCount\":820,\"commentCount\":0,\"image\":{\"@id\":\"https:\\\/\\\/lamostradevalencia.com\\\/ca\\\/mostra-de-valencia-rescata-el-millor-cinema-grec-amb-40-titols-imprescindibles-del-segle-xx\\\/#primaryimage\"},\"thumbnailUrl\":\"https:\\\/\\\/lamostradevalencia.com\\\/wp-content\\\/uploads\\\/2022\\\/08\\\/ciclogriego.jpg\",\"keywords\":[\"El segle XX del cinema grec\",\"Mostra 2022\"],\"articleSection\":[\"Noticies\"],\"inLanguage\":\"ca\",\"potentialAction\":[{\"@type\":\"CommentAction\",\"name\":\"Comment\",\"target\":[\"https:\\\/\\\/lamostradevalencia.com\\\/ca\\\/mostra-de-valencia-rescata-el-millor-cinema-grec-amb-40-titols-imprescindibles-del-segle-xx\\\/#respond\"]}]},{\"@type\":\"WebPage\",\"@id\":\"https:\\\/\\\/lamostradevalencia.com\\\/ca\\\/mostra-de-valencia-rescata-el-millor-cinema-grec-amb-40-titols-imprescindibles-del-segle-xx\\\/\",\"url\":\"https:\\\/\\\/lamostradevalencia.com\\\/ca\\\/mostra-de-valencia-rescata-el-millor-cinema-grec-amb-40-titols-imprescindibles-del-segle-xx\\\/\",\"name\":\"Mostra de Val\u00e8ncia rescata el millor cinema grec amb 40 t\u00edtols imprescindibles del segle XX - Mostra de Val\u00e8ncia\",\"isPartOf\":{\"@id\":\"https:\\\/\\\/lamostradevalencia.com\\\/ca\\\/#website\"},\"primaryImageOfPage\":{\"@id\":\"https:\\\/\\\/lamostradevalencia.com\\\/ca\\\/mostra-de-valencia-rescata-el-millor-cinema-grec-amb-40-titols-imprescindibles-del-segle-xx\\\/#primaryimage\"},\"image\":{\"@id\":\"https:\\\/\\\/lamostradevalencia.com\\\/ca\\\/mostra-de-valencia-rescata-el-millor-cinema-grec-amb-40-titols-imprescindibles-del-segle-xx\\\/#primaryimage\"},\"thumbnailUrl\":\"https:\\\/\\\/lamostradevalencia.com\\\/wp-content\\\/uploads\\\/2022\\\/08\\\/ciclogriego.jpg\",\"datePublished\":\"2022-08-10T08:17:39+00:00\",\"dateModified\":\"2022-08-10T08:28:08+00:00\",\"author\":{\"@id\":\"https:\\\/\\\/lamostradevalencia.com\\\/ca\\\/#\\\/schema\\\/person\\\/361c3c0dd5489e78ad78ee4f8332efac\"},\"breadcrumb\":{\"@id\":\"https:\\\/\\\/lamostradevalencia.com\\\/ca\\\/mostra-de-valencia-rescata-el-millor-cinema-grec-amb-40-titols-imprescindibles-del-segle-xx\\\/#breadcrumb\"},\"inLanguage\":\"ca\",\"potentialAction\":[{\"@type\":\"ReadAction\",\"target\":[\"https:\\\/\\\/lamostradevalencia.com\\\/ca\\\/mostra-de-valencia-rescata-el-millor-cinema-grec-amb-40-titols-imprescindibles-del-segle-xx\\\/\"]}]},{\"@type\":\"ImageObject\",\"inLanguage\":\"ca\",\"@id\":\"https:\\\/\\\/lamostradevalencia.com\\\/ca\\\/mostra-de-valencia-rescata-el-millor-cinema-grec-amb-40-titols-imprescindibles-del-segle-xx\\\/#primaryimage\",\"url\":\"https:\\\/\\\/lamostradevalencia.com\\\/wp-content\\\/uploads\\\/2022\\\/08\\\/ciclogriego.jpg\",\"contentUrl\":\"https:\\\/\\\/lamostradevalencia.com\\\/wp-content\\\/uploads\\\/2022\\\/08\\\/ciclogriego.jpg\",\"width\":1080,\"height\":1053},{\"@type\":\"BreadcrumbList\",\"@id\":\"https:\\\/\\\/lamostradevalencia.com\\\/ca\\\/mostra-de-valencia-rescata-el-millor-cinema-grec-amb-40-titols-imprescindibles-del-segle-xx\\\/#breadcrumb\",\"itemListElement\":[{\"@type\":\"ListItem\",\"position\":1,\"name\":\"Portada\",\"item\":\"https:\\\/\\\/lamostradevalencia.com\\\/ca\\\/\"},{\"@type\":\"ListItem\",\"position\":2,\"name\":\"Mostra de Val\u00e8ncia rescata el millor cinema grec amb 40 t\u00edtols imprescindibles del segle XX\"}]},{\"@type\":\"WebSite\",\"@id\":\"https:\\\/\\\/lamostradevalencia.com\\\/ca\\\/#website\",\"url\":\"https:\\\/\\\/lamostradevalencia.com\\\/ca\\\/\",\"name\":\"Mostra de Val\u00e8ncia\",\"description\":\"Cinema del Mediterrani\",\"potentialAction\":[{\"@type\":\"SearchAction\",\"target\":{\"@type\":\"EntryPoint\",\"urlTemplate\":\"https:\\\/\\\/lamostradevalencia.com\\\/ca\\\/?s={search_term_string}\"},\"query-input\":{\"@type\":\"PropertyValueSpecification\",\"valueRequired\":true,\"valueName\":\"search_term_string\"}}],\"inLanguage\":\"ca\"},{\"@type\":\"Person\",\"@id\":\"https:\\\/\\\/lamostradevalencia.com\\\/ca\\\/#\\\/schema\\\/person\\\/361c3c0dd5489e78ad78ee4f8332efac\",\"name\":\"contenidos\",\"image\":{\"@type\":\"ImageObject\",\"inLanguage\":\"ca\",\"@id\":\"https:\\\/\\\/secure.gravatar.com\\\/avatar\\\/a87eddc188a32d5a0371ff92ef616b5006a91e389296d49d081f8d424eef134c?s=96&d=mm&r=g\",\"url\":\"https:\\\/\\\/secure.gravatar.com\\\/avatar\\\/a87eddc188a32d5a0371ff92ef616b5006a91e389296d49d081f8d424eef134c?s=96&d=mm&r=g\",\"contentUrl\":\"https:\\\/\\\/secure.gravatar.com\\\/avatar\\\/a87eddc188a32d5a0371ff92ef616b5006a91e389296d49d081f8d424eef134c?s=96&d=mm&r=g\",\"caption\":\"contenidos\"}}]}<\/script>\n<!-- \/ Yoast SEO plugin. -->","yoast_head_json":{"title":"Mostra de Val\u00e8ncia rescata el millor cinema grec amb 40 t\u00edtols imprescindibles del segle XX - Mostra de Val\u00e8ncia","robots":{"index":"index","follow":"follow","max-snippet":"max-snippet:-1","max-image-preview":"max-image-preview:large","max-video-preview":"max-video-preview:-1"},"canonical":"https:\/\/lamostradevalencia.com\/ca\/mostra-de-valencia-rescata-el-millor-cinema-grec-amb-40-titols-imprescindibles-del-segle-xx\/","og_locale":"ca_ES","og_type":"article","og_title":"Mostra de Val\u00e8ncia rescata el millor cinema grec amb 40 t\u00edtols imprescindibles del segle XX - Mostra de Val\u00e8ncia","og_description":"La major part dels t\u00edtols s\u00f3n in\u00e8dits a Espanya, encara que la retrospectiva inclou tamb\u00e9 cl\u00e0ssics d&#8217;Angelopoulos, Costa Gavras i Cacoyannis El segle XX del [&hellip;]","og_url":"https:\/\/lamostradevalencia.com\/ca\/mostra-de-valencia-rescata-el-millor-cinema-grec-amb-40-titols-imprescindibles-del-segle-xx\/","og_site_name":"Mostra de Val\u00e8ncia","article_published_time":"2022-08-10T08:17:39+00:00","article_modified_time":"2022-08-10T08:28:08+00:00","og_image":[{"width":1080,"height":1053,"url":"https:\/\/lamostradevalencia.com\/wp-content\/uploads\/2022\/08\/ciclogriego.jpg","type":"image\/jpeg"}],"author":"contenidos","twitter_card":"summary_large_image","twitter_misc":{"Escrit per":"contenidos","Temps estimat de lectura":"4 minuts"},"schema":{"@context":"https:\/\/schema.org","@graph":[{"@type":"Article","@id":"https:\/\/lamostradevalencia.com\/ca\/mostra-de-valencia-rescata-el-millor-cinema-grec-amb-40-titols-imprescindibles-del-segle-xx\/#article","isPartOf":{"@id":"https:\/\/lamostradevalencia.com\/ca\/mostra-de-valencia-rescata-el-millor-cinema-grec-amb-40-titols-imprescindibles-del-segle-xx\/"},"author":{"name":"contenidos","@id":"https:\/\/lamostradevalencia.com\/ca\/#\/schema\/person\/361c3c0dd5489e78ad78ee4f8332efac"},"headline":"Mostra de Val\u00e8ncia rescata el millor cinema grec amb 40 t\u00edtols imprescindibles del segle XX","datePublished":"2022-08-10T08:17:39+00:00","dateModified":"2022-08-10T08:28:08+00:00","mainEntityOfPage":{"@id":"https:\/\/lamostradevalencia.com\/ca\/mostra-de-valencia-rescata-el-millor-cinema-grec-amb-40-titols-imprescindibles-del-segle-xx\/"},"wordCount":820,"commentCount":0,"image":{"@id":"https:\/\/lamostradevalencia.com\/ca\/mostra-de-valencia-rescata-el-millor-cinema-grec-amb-40-titols-imprescindibles-del-segle-xx\/#primaryimage"},"thumbnailUrl":"https:\/\/lamostradevalencia.com\/wp-content\/uploads\/2022\/08\/ciclogriego.jpg","keywords":["El segle XX del cinema grec","Mostra 2022"],"articleSection":["Noticies"],"inLanguage":"ca","potentialAction":[{"@type":"CommentAction","name":"Comment","target":["https:\/\/lamostradevalencia.com\/ca\/mostra-de-valencia-rescata-el-millor-cinema-grec-amb-40-titols-imprescindibles-del-segle-xx\/#respond"]}]},{"@type":"WebPage","@id":"https:\/\/lamostradevalencia.com\/ca\/mostra-de-valencia-rescata-el-millor-cinema-grec-amb-40-titols-imprescindibles-del-segle-xx\/","url":"https:\/\/lamostradevalencia.com\/ca\/mostra-de-valencia-rescata-el-millor-cinema-grec-amb-40-titols-imprescindibles-del-segle-xx\/","name":"Mostra de Val\u00e8ncia rescata el millor cinema grec amb 40 t\u00edtols imprescindibles del segle XX - Mostra de Val\u00e8ncia","isPartOf":{"@id":"https:\/\/lamostradevalencia.com\/ca\/#website"},"primaryImageOfPage":{"@id":"https:\/\/lamostradevalencia.com\/ca\/mostra-de-valencia-rescata-el-millor-cinema-grec-amb-40-titols-imprescindibles-del-segle-xx\/#primaryimage"},"image":{"@id":"https:\/\/lamostradevalencia.com\/ca\/mostra-de-valencia-rescata-el-millor-cinema-grec-amb-40-titols-imprescindibles-del-segle-xx\/#primaryimage"},"thumbnailUrl":"https:\/\/lamostradevalencia.com\/wp-content\/uploads\/2022\/08\/ciclogriego.jpg","datePublished":"2022-08-10T08:17:39+00:00","dateModified":"2022-08-10T08:28:08+00:00","author":{"@id":"https:\/\/lamostradevalencia.com\/ca\/#\/schema\/person\/361c3c0dd5489e78ad78ee4f8332efac"},"breadcrumb":{"@id":"https:\/\/lamostradevalencia.com\/ca\/mostra-de-valencia-rescata-el-millor-cinema-grec-amb-40-titols-imprescindibles-del-segle-xx\/#breadcrumb"},"inLanguage":"ca","potentialAction":[{"@type":"ReadAction","target":["https:\/\/lamostradevalencia.com\/ca\/mostra-de-valencia-rescata-el-millor-cinema-grec-amb-40-titols-imprescindibles-del-segle-xx\/"]}]},{"@type":"ImageObject","inLanguage":"ca","@id":"https:\/\/lamostradevalencia.com\/ca\/mostra-de-valencia-rescata-el-millor-cinema-grec-amb-40-titols-imprescindibles-del-segle-xx\/#primaryimage","url":"https:\/\/lamostradevalencia.com\/wp-content\/uploads\/2022\/08\/ciclogriego.jpg","contentUrl":"https:\/\/lamostradevalencia.com\/wp-content\/uploads\/2022\/08\/ciclogriego.jpg","width":1080,"height":1053},{"@type":"BreadcrumbList","@id":"https:\/\/lamostradevalencia.com\/ca\/mostra-de-valencia-rescata-el-millor-cinema-grec-amb-40-titols-imprescindibles-del-segle-xx\/#breadcrumb","itemListElement":[{"@type":"ListItem","position":1,"name":"Portada","item":"https:\/\/lamostradevalencia.com\/ca\/"},{"@type":"ListItem","position":2,"name":"Mostra de Val\u00e8ncia rescata el millor cinema grec amb 40 t\u00edtols imprescindibles del segle XX"}]},{"@type":"WebSite","@id":"https:\/\/lamostradevalencia.com\/ca\/#website","url":"https:\/\/lamostradevalencia.com\/ca\/","name":"Mostra de Val\u00e8ncia","description":"Cinema del Mediterrani","potentialAction":[{"@type":"SearchAction","target":{"@type":"EntryPoint","urlTemplate":"https:\/\/lamostradevalencia.com\/ca\/?s={search_term_string}"},"query-input":{"@type":"PropertyValueSpecification","valueRequired":true,"valueName":"search_term_string"}}],"inLanguage":"ca"},{"@type":"Person","@id":"https:\/\/lamostradevalencia.com\/ca\/#\/schema\/person\/361c3c0dd5489e78ad78ee4f8332efac","name":"contenidos","image":{"@type":"ImageObject","inLanguage":"ca","@id":"https:\/\/secure.gravatar.com\/avatar\/a87eddc188a32d5a0371ff92ef616b5006a91e389296d49d081f8d424eef134c?s=96&d=mm&r=g","url":"https:\/\/secure.gravatar.com\/avatar\/a87eddc188a32d5a0371ff92ef616b5006a91e389296d49d081f8d424eef134c?s=96&d=mm&r=g","contentUrl":"https:\/\/secure.gravatar.com\/avatar\/a87eddc188a32d5a0371ff92ef616b5006a91e389296d49d081f8d424eef134c?s=96&d=mm&r=g","caption":"contenidos"}}]}},"uagb_featured_image_src":{"full":["https:\/\/lamostradevalencia.com\/wp-content\/uploads\/2022\/08\/ciclogriego.jpg",1080,1053,false],"thumbnail":["https:\/\/lamostradevalencia.com\/wp-content\/uploads\/2022\/08\/ciclogriego-150x150.jpg",150,150,true],"medium":["https:\/\/lamostradevalencia.com\/wp-content\/uploads\/2022\/08\/ciclogriego-300x293.jpg",300,293,true],"medium_large":["https:\/\/lamostradevalencia.com\/wp-content\/uploads\/2022\/08\/ciclogriego-768x749.jpg",768,749,true],"large":["https:\/\/lamostradevalencia.com\/wp-content\/uploads\/2022\/08\/ciclogriego-1024x998.jpg",1024,998,true],"1536x1536":["https:\/\/lamostradevalencia.com\/wp-content\/uploads\/2022\/08\/ciclogriego.jpg",1080,1053,false],"2048x2048":["https:\/\/lamostradevalencia.com\/wp-content\/uploads\/2022\/08\/ciclogriego.jpg",1080,1053,false],"cinerama_edge_image_square":["https:\/\/lamostradevalencia.com\/wp-content\/uploads\/2022\/08\/ciclogriego-550x550.jpg",550,550,true],"cinerama_edge_image_landscape":["https:\/\/lamostradevalencia.com\/wp-content\/uploads\/2022\/08\/ciclogriego-1080x550.jpg",1080,550,true],"cinerama_edge_image_portrait":["https:\/\/lamostradevalencia.com\/wp-content\/uploads\/2022\/08\/ciclogriego-550x1053.jpg",550,1053,true],"cinerama_edge_image_huge":["https:\/\/lamostradevalencia.com\/wp-content\/uploads\/2022\/08\/ciclogriego.jpg",1080,1053,false],"gform-image-choice-sm":["https:\/\/lamostradevalencia.com\/wp-content\/uploads\/2022\/08\/ciclogriego.jpg",300,293,false],"gform-image-choice-md":["https:\/\/lamostradevalencia.com\/wp-content\/uploads\/2022\/08\/ciclogriego.jpg",400,390,false],"gform-image-choice-lg":["https:\/\/lamostradevalencia.com\/wp-content\/uploads\/2022\/08\/ciclogriego.jpg",600,585,false]},"uagb_author_info":{"display_name":"contenidos","author_link":"https:\/\/lamostradevalencia.com\/ca\/author\/contenidos\/"},"uagb_comment_info":0,"uagb_excerpt":"La major part dels t\u00edtols s\u00f3n in\u00e8dits a Espanya, encara que la retrospectiva inclou tamb\u00e9 cl\u00e0ssics d&#8217;Angelopoulos, Costa Gavras i Cacoyannis El segle XX del [&hellip;]","_links":{"self":[{"href":"https:\/\/lamostradevalencia.com\/ca\/wp-json\/wp\/v2\/posts\/13789","targetHints":{"allow":["GET"]}}],"collection":[{"href":"https:\/\/lamostradevalencia.com\/ca\/wp-json\/wp\/v2\/posts"}],"about":[{"href":"https:\/\/lamostradevalencia.com\/ca\/wp-json\/wp\/v2\/types\/post"}],"author":[{"embeddable":true,"href":"https:\/\/lamostradevalencia.com\/ca\/wp-json\/wp\/v2\/users\/3"}],"replies":[{"embeddable":true,"href":"https:\/\/lamostradevalencia.com\/ca\/wp-json\/wp\/v2\/comments?post=13789"}],"version-history":[{"count":3,"href":"https:\/\/lamostradevalencia.com\/ca\/wp-json\/wp\/v2\/posts\/13789\/revisions"}],"predecessor-version":[{"id":13794,"href":"https:\/\/lamostradevalencia.com\/ca\/wp-json\/wp\/v2\/posts\/13789\/revisions\/13794"}],"wp:featuredmedia":[{"embeddable":true,"href":"https:\/\/lamostradevalencia.com\/ca\/wp-json\/wp\/v2\/media\/13786"}],"wp:attachment":[{"href":"https:\/\/lamostradevalencia.com\/ca\/wp-json\/wp\/v2\/media?parent=13789"}],"wp:term":[{"taxonomy":"category","embeddable":true,"href":"https:\/\/lamostradevalencia.com\/ca\/wp-json\/wp\/v2\/categories?post=13789"},{"taxonomy":"post_tag","embeddable":true,"href":"https:\/\/lamostradevalencia.com\/ca\/wp-json\/wp\/v2\/tags?post=13789"}],"curies":[{"name":"wp","href":"https:\/\/api.w.org\/{rel}","templated":true}]}}