{"id":13774,"date":"2022-07-26T12:15:47","date_gmt":"2022-07-26T10:15:47","guid":{"rendered":"https:\/\/lamostradevalencia.com\/?p=13774"},"modified":"2022-07-26T12:15:49","modified_gmt":"2022-07-26T10:15:49","slug":"la-mostra-rep-projectes-d11-paisos-per-a-valencia-film-afers","status":"publish","type":"post","link":"https:\/\/lamostradevalencia.com\/ca\/la-mostra-rep-projectes-d11-paisos-per-a-valencia-film-afers\/","title":{"rendered":"LA MOSTRA REP PROJECTES D&#8217;11 PA\u00cfSOS PER A VAL\u00c8NCIA FILM AFERS"},"content":{"rendered":"\n<p>M\u00e9s d&#8217;una trentena de projectes de llargmetratges de ficci\u00f3 i no ficci\u00f3 han respost a la crida de Val\u00e8ncia Film Afers, el f\u00f2rum de coproducci\u00f3 internacional que el festival Mostra de Val\u00e8ncia celebra per primera vegada a l&#8217;octubre d&#8217;este any, amb la intenci\u00f3 de consolidar-se com a punt de trobada de la cinematografia mediterr\u00e0nia.<\/p>\n\n\n\n<p>Els projectes, que havien d&#8217;acreditar un percentatge tancat de la seua producci\u00f3 per poder participar, procedixen de pa\u00efsos com ara Fran\u00e7a, It\u00e0lia, L\u00edban, Gr\u00e8cia, Maced\u00f2nia, Marroc, Tun\u00edsia, Portugal, Turquia o Egipte, a m\u00e9s d&#8217;Espanya.<\/p>\n\n\n\n<p>&#8220;\u00c9s una enorme satisfacci\u00f3 comprovar la manera com la ind\u00fastria internacional s&#8217;ha implicat en esta iniciativa de Mostra de Val\u00e8ncia. Ens demostra que tenia sentit la idea de posar en marxa una ambiciosa secci\u00f3 d&#8217;ind\u00fastria i permetr\u00e0 que el festival es convertisca en un viver creatiu on germinar\u00e0 el cinema del futur&#8221;, ha declarat Gloria Tello, <em>presidenta<\/em> de l&#8217;organisme aut\u00f2nom<em> Mostra<\/em> de <em>Val\u00e8ncia<\/em> i Iniciatives Audiovisuals.<\/p>\n\n\n\n<p>De les propostes rebudes, deu seran seleccionades per a participar a Val\u00e8ncia Film Afers, que es desenvolupar\u00e0 en el marc del certamen, durant els dies 22 i 23 d&#8217;octubre, i que posar\u00e0 al seu abast l&#8217;oportunitat d&#8217;establir contacte professional amb productors i productores internacionals de traject\u00f2ria reconeguda. El comit\u00e9 de selecci\u00f3 estar\u00e0 format per Nadia Hotait, coordinadora de Val\u00e8ncia Film Afers; Eduardo Guillot, director art\u00edstic de la Mostra, i Paul Baboudjian, productor de cinema i televisi\u00f3 que ha treballat entre Europa i Orient Mitj\u00e0 durant m\u00e9s de vint anys i ha dirigit l&#8217;Screen Institute de Beirut.<\/p>\n\n\n\n<p>Les sessions de treball i les activitats estaran obertes a professionals, amb la intenci\u00f3 que representants valencians del sector puguen compartir les din\u00e0miques de treball que es desenvoluparan durant les diferents trobades i activitats que tindran lloc en el f\u00f2rum.&nbsp;<\/p>\n\n\n\n<p><strong>Primeres confirmacions<\/strong><\/p>\n\n\n\n<p>Val\u00e8ncia Film Afers tamb\u00e9 ha comen\u00e7at a confirmar alguns dels principals noms convidats a participar en el f\u00f2rum, com ara Nadia Trevisan, directora executiva i productora en Nefertiti Film (It\u00e0lia) i membre de Producers on the Move i Cannes Producers Network. &nbsp;Entre les seues \u00faltimes produccions destaca &#8216;Piccolo Corpo&#8217; (Laura Samani, 2021), presentada a la Setmana de la Cr\u00edtica de Cannes i premiada als festivals de Dubl\u00edn, Londres i Sevilla.&nbsp;<\/p>\n\n\n\n<p>Tamb\u00e9 estar\u00e0 a Val\u00e8ncia Thanassis Karathanos, membre de l\u2019European Film Academy, que amb Twenty Twenty Vision, fundada el 1998, ha produ\u00eft &#8216;La alta sociedad&#8217; (Bruno Dumont, 2016), &#8216;Elle&#8217; (Paul Verhoeven, 2016) o &#8216;Una pasteler\u00eda en Tokio&#8217; (Naomi Kawase, 2015), i que diversifica el seu treball amb Pallas Films, creada el 2003 i implicada en &#8216;It Must Be Heaven&#8217; (Elia Suleiman, 2019) o &#8216;Viaje a Sils Maria&#8217; (Olivier Assayas, 2014).&nbsp;<\/p>\n\n\n\n<p>Per la seua banda, Nadia Turincev ha produ\u00eft amb Rouge International films com ara &#8216;Crudo&#8217; (Julia Ducournau, 2016), &#8216;Caras y lugares&#8217; (Agnes Vard\u00e0 &amp; JR, 2017), &#8216;Mimosas&#8217; (Oliver Laxe, 2016) o &#8216;El insulto&#8217; (Ziad Doueiri), que va aconseguir la nominaci\u00f3 a l&#8217;Oscar. Actualment est\u00e0 al capdavant d&#8217;Easy Riders Films, amb la qual acaba de passar per Cannes amb &#8216;Mariupolis 2&#8217; (Mantas Kvedaravi\u010dius, 2022).<\/p>\n\n\n\n<p>Roman Paul \u00e9s el cofundador de Razor Films (Alemanya). Entre els seus t\u00edtols m\u00e9s destacats es troben &#8216;Un amour de jeunesse&#8217; (Mia Hansen-L\u00f8ve, 2011), &#8216;La candidata perfecta&#8217; (Haifaa Al Mansour, 2019), o les nominades als Oscar &#8216;Vals con Bashir&#8217; (Ari Folman, 2008) i &#8216;Quo Vadis, Aida?&#8217; (Jasmila &nbsp;\u017dbani\u0107, 2020).<\/p>\n\n\n\n<p>L&#8217;alacantina Marina Perales Marhuenda \u00e9s la fundadora de La Fabrica Nocturna (Par\u00eds, Fran\u00e7a), est\u00e0 especialitzada en coproduccions internacionals, ha treballat amb Jessica Hausner (&#8216;Little Joe&#8217;, 2019) o Chema Garc\u00eda Ibarra (&#8216;Esp\u00edritu sagrado&#8217;, 2021) i acaba de guanyar la Palma d&#8217;Or a Cannes amb &#8216;El tri\u00e1ngulo de la tristeza&#8217; (Ruben \u00d6stlund).<\/p>\n\n\n\n<p>El tunisi\u00e0 Habib Attia, fundador de Cin\u00e9t\u00e9l\u00e9films, compta amb dos nominacions a l&#8217;Oscar, per &#8216;Brotherhood&#8217; (Meryam Joobeur, 2018) i per &#8216;The Man Who Sold His Skin&#8217; (Kaouther Ben Hania, 2020). Acaba de participar en la secci\u00f3 Un Certain Regard de Cannes amb &#8216;Harka&#8217; (Lotfy Nathan, 2022) i el 2021 va ser distingit amb el rang de Cavaller de l&#8217;Orde de les Arts i les Lletres del govern franc\u00e8s.<\/p>\n\n\n\n<p>El productor i director valenci\u00e0 Rafa Mol\u00e9s \u00e9s soci fundador de Suica Films, que t\u00e9 com a t\u00edtols m\u00e9s recents &#8216;HollyBlood&#8217; (Jes\u00fas Font, 2022), &#8216;La mort de Guillem&#8217; (Carlos Marqu\u00e9s-Marcet, 2021) i &#8216;El agua&#8217;, \u00f2pera prima d&#8217;Elena L\u00f3pez Riera, presentada a la Quinzena de Realitzadors de Cannes 2022.<\/p>\n\n\n\n<p>Pel que fa a Snezana van Houwelingen, de This and That Productions (S\u00e8rbia), ha realitzat m\u00e9s de trenta treballs per a cinema i televisi\u00f3. \u00c9s la responsable del programa d&#8217;ind\u00fastria Fest Forward al Festival de Belgrad, creadora del mercat de coproducci\u00f3 Women In Film el 2014 i membre de l\u2019European Film Academy.<\/p>\n\n\n\n<p>Finalment, Georges Schoucair, fundador d&#8217;Abbout Productions (L\u00edban), ha treballat amb Jean-Luc Godard, Joana Hadjithomas, Lucrecia Martel, Annemarie Jacir, Khalil Joreige o Apichatpong Weerasethakul. El seu film m\u00e9s recent, &#8216;Costa Brava, L\u00edbano&#8217; (Mounia Akl, 2021), ha sigut premiat a Toronto, Londres i El Gouna.<\/p>\n\n\n\n<p>Una selecci\u00f3 d&#8217;alt nivell, a la qual encara se sumaran m\u00e9s noms, que pret\u00e9n fer de Val\u00e8ncia Film Afers un dels esdeveniments cinematogr\u00e0fics professionals imprescindibles del panorama internacional.<\/p>\n","protected":false},"excerpt":{"rendered":"<p>M\u00e9s d&#8217;una trentena de projectes de llargmetratges de ficci\u00f3 i no ficci\u00f3 han respost a la crida de Val\u00e8ncia Film Afers, el f\u00f2rum de coproducci\u00f3 [&hellip;]<\/p>\n","protected":false},"author":1,"featured_media":13678,"comment_status":"open","ping_status":"open","sticky":false,"template":"","format":"standard","meta":{"_uag_custom_page_level_css":"","_jet_sm_ready_style":"","_jet_sm_style":"","_jet_sm_controls_values":"","_jet_sm_fonts_collection":"","_jet_sm_fonts_links":"","footnotes":""},"categories":[455],"tags":[],"class_list":["post-13774","post","type-post","status-publish","format-standard","has-post-thumbnail","hentry","category-noticies"],"yoast_head":"<!-- This site is optimized with the Yoast SEO plugin v27.5 - https:\/\/yoast.com\/product\/yoast-seo-wordpress\/ -->\n<title>LA MOSTRA REP PROJECTES D&#039;11 PA\u00cfSOS PER A VAL\u00c8NCIA FILM AFERS - Mostra de Val\u00e8ncia<\/title>\n<meta name=\"robots\" content=\"index, follow, max-snippet:-1, max-image-preview:large, max-video-preview:-1\" \/>\n<link rel=\"canonical\" href=\"https:\/\/lamostradevalencia.com\/ca\/la-mostra-rep-projectes-d11-paisos-per-a-valencia-film-afers\/\" \/>\n<meta property=\"og:locale\" content=\"ca_ES\" \/>\n<meta property=\"og:type\" content=\"article\" \/>\n<meta property=\"og:title\" content=\"LA MOSTRA REP PROJECTES D&#039;11 PA\u00cfSOS PER A VAL\u00c8NCIA FILM AFERS - Mostra de Val\u00e8ncia\" \/>\n<meta property=\"og:description\" content=\"M\u00e9s d&#8217;una trentena de projectes de llargmetratges de ficci\u00f3 i no ficci\u00f3 han respost a la crida de Val\u00e8ncia Film Afers, el f\u00f2rum de coproducci\u00f3 [&hellip;]\" \/>\n<meta property=\"og:url\" content=\"https:\/\/lamostradevalencia.com\/ca\/la-mostra-rep-projectes-d11-paisos-per-a-valencia-film-afers\/\" \/>\n<meta property=\"og:site_name\" content=\"Mostra de Val\u00e8ncia\" \/>\n<meta property=\"article:published_time\" content=\"2022-07-26T10:15:47+00:00\" \/>\n<meta property=\"article:modified_time\" content=\"2022-07-26T10:15:49+00:00\" \/>\n<meta property=\"og:image\" content=\"https:\/\/lamostradevalencia.com\/wp-content\/uploads\/2022\/05\/LOGO-Foro.png\" \/>\n\t<meta property=\"og:image:width\" content=\"612\" \/>\n\t<meta property=\"og:image:height\" content=\"331\" \/>\n\t<meta property=\"og:image:type\" content=\"image\/png\" \/>\n<meta name=\"author\" content=\"Mostra de Val\u00e8ncia\" \/>\n<meta name=\"twitter:card\" content=\"summary_large_image\" \/>\n<meta name=\"twitter:label1\" content=\"Escrit per\" \/>\n\t<meta name=\"twitter:data1\" content=\"Mostra de Val\u00e8ncia\" \/>\n\t<meta name=\"twitter:label2\" content=\"Temps estimat de lectura\" \/>\n\t<meta name=\"twitter:data2\" content=\"4 minuts\" \/>\n<script type=\"application\/ld+json\" class=\"yoast-schema-graph\">{\"@context\":\"https:\\\/\\\/schema.org\",\"@graph\":[{\"@type\":\"Article\",\"@id\":\"https:\\\/\\\/lamostradevalencia.com\\\/ca\\\/la-mostra-rep-projectes-d11-paisos-per-a-valencia-film-afers\\\/#article\",\"isPartOf\":{\"@id\":\"https:\\\/\\\/lamostradevalencia.com\\\/ca\\\/la-mostra-rep-projectes-d11-paisos-per-a-valencia-film-afers\\\/\"},\"author\":{\"name\":\"Mostra de Val\u00e8ncia\",\"@id\":\"https:\\\/\\\/lamostradevalencia.com\\\/ca\\\/#\\\/schema\\\/person\\\/1dc07e4df3d6310b81d2cdf6a034070c\"},\"headline\":\"LA MOSTRA REP PROJECTES D&#8217;11 PA\u00cfSOS PER A VAL\u00c8NCIA FILM AFERS\",\"datePublished\":\"2022-07-26T10:15:47+00:00\",\"dateModified\":\"2022-07-26T10:15:49+00:00\",\"mainEntityOfPage\":{\"@id\":\"https:\\\/\\\/lamostradevalencia.com\\\/ca\\\/la-mostra-rep-projectes-d11-paisos-per-a-valencia-film-afers\\\/\"},\"wordCount\":908,\"commentCount\":0,\"image\":{\"@id\":\"https:\\\/\\\/lamostradevalencia.com\\\/ca\\\/la-mostra-rep-projectes-d11-paisos-per-a-valencia-film-afers\\\/#primaryimage\"},\"thumbnailUrl\":\"https:\\\/\\\/lamostradevalencia.com\\\/wp-content\\\/uploads\\\/2022\\\/05\\\/LOGO-Foro.png\",\"articleSection\":[\"Noticies\"],\"inLanguage\":\"ca\",\"potentialAction\":[{\"@type\":\"CommentAction\",\"name\":\"Comment\",\"target\":[\"https:\\\/\\\/lamostradevalencia.com\\\/ca\\\/la-mostra-rep-projectes-d11-paisos-per-a-valencia-film-afers\\\/#respond\"]}]},{\"@type\":\"WebPage\",\"@id\":\"https:\\\/\\\/lamostradevalencia.com\\\/ca\\\/la-mostra-rep-projectes-d11-paisos-per-a-valencia-film-afers\\\/\",\"url\":\"https:\\\/\\\/lamostradevalencia.com\\\/ca\\\/la-mostra-rep-projectes-d11-paisos-per-a-valencia-film-afers\\\/\",\"name\":\"LA MOSTRA REP PROJECTES D'11 PA\u00cfSOS PER A VAL\u00c8NCIA FILM AFERS - Mostra de Val\u00e8ncia\",\"isPartOf\":{\"@id\":\"https:\\\/\\\/lamostradevalencia.com\\\/ca\\\/#website\"},\"primaryImageOfPage\":{\"@id\":\"https:\\\/\\\/lamostradevalencia.com\\\/ca\\\/la-mostra-rep-projectes-d11-paisos-per-a-valencia-film-afers\\\/#primaryimage\"},\"image\":{\"@id\":\"https:\\\/\\\/lamostradevalencia.com\\\/ca\\\/la-mostra-rep-projectes-d11-paisos-per-a-valencia-film-afers\\\/#primaryimage\"},\"thumbnailUrl\":\"https:\\\/\\\/lamostradevalencia.com\\\/wp-content\\\/uploads\\\/2022\\\/05\\\/LOGO-Foro.png\",\"datePublished\":\"2022-07-26T10:15:47+00:00\",\"dateModified\":\"2022-07-26T10:15:49+00:00\",\"author\":{\"@id\":\"https:\\\/\\\/lamostradevalencia.com\\\/ca\\\/#\\\/schema\\\/person\\\/1dc07e4df3d6310b81d2cdf6a034070c\"},\"breadcrumb\":{\"@id\":\"https:\\\/\\\/lamostradevalencia.com\\\/ca\\\/la-mostra-rep-projectes-d11-paisos-per-a-valencia-film-afers\\\/#breadcrumb\"},\"inLanguage\":\"ca\",\"potentialAction\":[{\"@type\":\"ReadAction\",\"target\":[\"https:\\\/\\\/lamostradevalencia.com\\\/ca\\\/la-mostra-rep-projectes-d11-paisos-per-a-valencia-film-afers\\\/\"]}]},{\"@type\":\"ImageObject\",\"inLanguage\":\"ca\",\"@id\":\"https:\\\/\\\/lamostradevalencia.com\\\/ca\\\/la-mostra-rep-projectes-d11-paisos-per-a-valencia-film-afers\\\/#primaryimage\",\"url\":\"https:\\\/\\\/lamostradevalencia.com\\\/wp-content\\\/uploads\\\/2022\\\/05\\\/LOGO-Foro.png\",\"contentUrl\":\"https:\\\/\\\/lamostradevalencia.com\\\/wp-content\\\/uploads\\\/2022\\\/05\\\/LOGO-Foro.png\",\"width\":612,\"height\":331},{\"@type\":\"BreadcrumbList\",\"@id\":\"https:\\\/\\\/lamostradevalencia.com\\\/ca\\\/la-mostra-rep-projectes-d11-paisos-per-a-valencia-film-afers\\\/#breadcrumb\",\"itemListElement\":[{\"@type\":\"ListItem\",\"position\":1,\"name\":\"Portada\",\"item\":\"https:\\\/\\\/lamostradevalencia.com\\\/ca\\\/\"},{\"@type\":\"ListItem\",\"position\":2,\"name\":\"LA MOSTRA REP PROJECTES D&#8217;11 PA\u00cfSOS PER A VAL\u00c8NCIA FILM AFERS\"}]},{\"@type\":\"WebSite\",\"@id\":\"https:\\\/\\\/lamostradevalencia.com\\\/ca\\\/#website\",\"url\":\"https:\\\/\\\/lamostradevalencia.com\\\/ca\\\/\",\"name\":\"Mostra de Val\u00e8ncia\",\"description\":\"Cinema del Mediterrani\",\"potentialAction\":[{\"@type\":\"SearchAction\",\"target\":{\"@type\":\"EntryPoint\",\"urlTemplate\":\"https:\\\/\\\/lamostradevalencia.com\\\/ca\\\/?s={search_term_string}\"},\"query-input\":{\"@type\":\"PropertyValueSpecification\",\"valueRequired\":true,\"valueName\":\"search_term_string\"}}],\"inLanguage\":\"ca\"},{\"@type\":\"Person\",\"@id\":\"https:\\\/\\\/lamostradevalencia.com\\\/ca\\\/#\\\/schema\\\/person\\\/1dc07e4df3d6310b81d2cdf6a034070c\",\"name\":\"Mostra de Val\u00e8ncia\",\"image\":{\"@type\":\"ImageObject\",\"inLanguage\":\"ca\",\"@id\":\"https:\\\/\\\/secure.gravatar.com\\\/avatar\\\/ada4dfd699a9907706987adb1bb2b361c2613ccca474b49b8c648de5208e32f8?s=96&d=mm&r=g\",\"url\":\"https:\\\/\\\/secure.gravatar.com\\\/avatar\\\/ada4dfd699a9907706987adb1bb2b361c2613ccca474b49b8c648de5208e32f8?s=96&d=mm&r=g\",\"contentUrl\":\"https:\\\/\\\/secure.gravatar.com\\\/avatar\\\/ada4dfd699a9907706987adb1bb2b361c2613ccca474b49b8c648de5208e32f8?s=96&d=mm&r=g\",\"caption\":\"Mostra de Val\u00e8ncia\"}}]}<\/script>\n<!-- \/ Yoast SEO plugin. -->","yoast_head_json":{"title":"LA MOSTRA REP PROJECTES D'11 PA\u00cfSOS PER A VAL\u00c8NCIA FILM AFERS - Mostra de Val\u00e8ncia","robots":{"index":"index","follow":"follow","max-snippet":"max-snippet:-1","max-image-preview":"max-image-preview:large","max-video-preview":"max-video-preview:-1"},"canonical":"https:\/\/lamostradevalencia.com\/ca\/la-mostra-rep-projectes-d11-paisos-per-a-valencia-film-afers\/","og_locale":"ca_ES","og_type":"article","og_title":"LA MOSTRA REP PROJECTES D'11 PA\u00cfSOS PER A VAL\u00c8NCIA FILM AFERS - Mostra de Val\u00e8ncia","og_description":"M\u00e9s d&#8217;una trentena de projectes de llargmetratges de ficci\u00f3 i no ficci\u00f3 han respost a la crida de Val\u00e8ncia Film Afers, el f\u00f2rum de coproducci\u00f3 [&hellip;]","og_url":"https:\/\/lamostradevalencia.com\/ca\/la-mostra-rep-projectes-d11-paisos-per-a-valencia-film-afers\/","og_site_name":"Mostra de Val\u00e8ncia","article_published_time":"2022-07-26T10:15:47+00:00","article_modified_time":"2022-07-26T10:15:49+00:00","og_image":[{"width":612,"height":331,"url":"https:\/\/lamostradevalencia.com\/wp-content\/uploads\/2022\/05\/LOGO-Foro.png","type":"image\/png"}],"author":"Mostra de Val\u00e8ncia","twitter_card":"summary_large_image","twitter_misc":{"Escrit per":"Mostra de Val\u00e8ncia","Temps estimat de lectura":"4 minuts"},"schema":{"@context":"https:\/\/schema.org","@graph":[{"@type":"Article","@id":"https:\/\/lamostradevalencia.com\/ca\/la-mostra-rep-projectes-d11-paisos-per-a-valencia-film-afers\/#article","isPartOf":{"@id":"https:\/\/lamostradevalencia.com\/ca\/la-mostra-rep-projectes-d11-paisos-per-a-valencia-film-afers\/"},"author":{"name":"Mostra de Val\u00e8ncia","@id":"https:\/\/lamostradevalencia.com\/ca\/#\/schema\/person\/1dc07e4df3d6310b81d2cdf6a034070c"},"headline":"LA MOSTRA REP PROJECTES D&#8217;11 PA\u00cfSOS PER A VAL\u00c8NCIA FILM AFERS","datePublished":"2022-07-26T10:15:47+00:00","dateModified":"2022-07-26T10:15:49+00:00","mainEntityOfPage":{"@id":"https:\/\/lamostradevalencia.com\/ca\/la-mostra-rep-projectes-d11-paisos-per-a-valencia-film-afers\/"},"wordCount":908,"commentCount":0,"image":{"@id":"https:\/\/lamostradevalencia.com\/ca\/la-mostra-rep-projectes-d11-paisos-per-a-valencia-film-afers\/#primaryimage"},"thumbnailUrl":"https:\/\/lamostradevalencia.com\/wp-content\/uploads\/2022\/05\/LOGO-Foro.png","articleSection":["Noticies"],"inLanguage":"ca","potentialAction":[{"@type":"CommentAction","name":"Comment","target":["https:\/\/lamostradevalencia.com\/ca\/la-mostra-rep-projectes-d11-paisos-per-a-valencia-film-afers\/#respond"]}]},{"@type":"WebPage","@id":"https:\/\/lamostradevalencia.com\/ca\/la-mostra-rep-projectes-d11-paisos-per-a-valencia-film-afers\/","url":"https:\/\/lamostradevalencia.com\/ca\/la-mostra-rep-projectes-d11-paisos-per-a-valencia-film-afers\/","name":"LA MOSTRA REP PROJECTES D'11 PA\u00cfSOS PER A VAL\u00c8NCIA FILM AFERS - Mostra de Val\u00e8ncia","isPartOf":{"@id":"https:\/\/lamostradevalencia.com\/ca\/#website"},"primaryImageOfPage":{"@id":"https:\/\/lamostradevalencia.com\/ca\/la-mostra-rep-projectes-d11-paisos-per-a-valencia-film-afers\/#primaryimage"},"image":{"@id":"https:\/\/lamostradevalencia.com\/ca\/la-mostra-rep-projectes-d11-paisos-per-a-valencia-film-afers\/#primaryimage"},"thumbnailUrl":"https:\/\/lamostradevalencia.com\/wp-content\/uploads\/2022\/05\/LOGO-Foro.png","datePublished":"2022-07-26T10:15:47+00:00","dateModified":"2022-07-26T10:15:49+00:00","author":{"@id":"https:\/\/lamostradevalencia.com\/ca\/#\/schema\/person\/1dc07e4df3d6310b81d2cdf6a034070c"},"breadcrumb":{"@id":"https:\/\/lamostradevalencia.com\/ca\/la-mostra-rep-projectes-d11-paisos-per-a-valencia-film-afers\/#breadcrumb"},"inLanguage":"ca","potentialAction":[{"@type":"ReadAction","target":["https:\/\/lamostradevalencia.com\/ca\/la-mostra-rep-projectes-d11-paisos-per-a-valencia-film-afers\/"]}]},{"@type":"ImageObject","inLanguage":"ca","@id":"https:\/\/lamostradevalencia.com\/ca\/la-mostra-rep-projectes-d11-paisos-per-a-valencia-film-afers\/#primaryimage","url":"https:\/\/lamostradevalencia.com\/wp-content\/uploads\/2022\/05\/LOGO-Foro.png","contentUrl":"https:\/\/lamostradevalencia.com\/wp-content\/uploads\/2022\/05\/LOGO-Foro.png","width":612,"height":331},{"@type":"BreadcrumbList","@id":"https:\/\/lamostradevalencia.com\/ca\/la-mostra-rep-projectes-d11-paisos-per-a-valencia-film-afers\/#breadcrumb","itemListElement":[{"@type":"ListItem","position":1,"name":"Portada","item":"https:\/\/lamostradevalencia.com\/ca\/"},{"@type":"ListItem","position":2,"name":"LA MOSTRA REP PROJECTES D&#8217;11 PA\u00cfSOS PER A VAL\u00c8NCIA FILM AFERS"}]},{"@type":"WebSite","@id":"https:\/\/lamostradevalencia.com\/ca\/#website","url":"https:\/\/lamostradevalencia.com\/ca\/","name":"Mostra de Val\u00e8ncia","description":"Cinema del Mediterrani","potentialAction":[{"@type":"SearchAction","target":{"@type":"EntryPoint","urlTemplate":"https:\/\/lamostradevalencia.com\/ca\/?s={search_term_string}"},"query-input":{"@type":"PropertyValueSpecification","valueRequired":true,"valueName":"search_term_string"}}],"inLanguage":"ca"},{"@type":"Person","@id":"https:\/\/lamostradevalencia.com\/ca\/#\/schema\/person\/1dc07e4df3d6310b81d2cdf6a034070c","name":"Mostra de Val\u00e8ncia","image":{"@type":"ImageObject","inLanguage":"ca","@id":"https:\/\/secure.gravatar.com\/avatar\/ada4dfd699a9907706987adb1bb2b361c2613ccca474b49b8c648de5208e32f8?s=96&d=mm&r=g","url":"https:\/\/secure.gravatar.com\/avatar\/ada4dfd699a9907706987adb1bb2b361c2613ccca474b49b8c648de5208e32f8?s=96&d=mm&r=g","contentUrl":"https:\/\/secure.gravatar.com\/avatar\/ada4dfd699a9907706987adb1bb2b361c2613ccca474b49b8c648de5208e32f8?s=96&d=mm&r=g","caption":"Mostra de Val\u00e8ncia"}}]}},"uagb_featured_image_src":{"full":["https:\/\/lamostradevalencia.com\/wp-content\/uploads\/2022\/05\/LOGO-Foro.png",612,331,false],"thumbnail":["https:\/\/lamostradevalencia.com\/wp-content\/uploads\/2022\/05\/LOGO-Foro-150x150.png",150,150,true],"medium":["https:\/\/lamostradevalencia.com\/wp-content\/uploads\/2022\/05\/LOGO-Foro-300x162.png",300,162,true],"medium_large":["https:\/\/lamostradevalencia.com\/wp-content\/uploads\/2022\/05\/LOGO-Foro.png",612,331,false],"large":["https:\/\/lamostradevalencia.com\/wp-content\/uploads\/2022\/05\/LOGO-Foro.png",612,331,false],"1536x1536":["https:\/\/lamostradevalencia.com\/wp-content\/uploads\/2022\/05\/LOGO-Foro.png",612,331,false],"2048x2048":["https:\/\/lamostradevalencia.com\/wp-content\/uploads\/2022\/05\/LOGO-Foro.png",612,331,false],"cinerama_edge_image_square":["https:\/\/lamostradevalencia.com\/wp-content\/uploads\/2022\/05\/LOGO-Foro-550x331.png",550,331,true],"cinerama_edge_image_landscape":["https:\/\/lamostradevalencia.com\/wp-content\/uploads\/2022\/05\/LOGO-Foro.png",612,331,false],"cinerama_edge_image_portrait":["https:\/\/lamostradevalencia.com\/wp-content\/uploads\/2022\/05\/LOGO-Foro-550x331.png",550,331,true],"cinerama_edge_image_huge":["https:\/\/lamostradevalencia.com\/wp-content\/uploads\/2022\/05\/LOGO-Foro.png",612,331,false],"gform-image-choice-sm":["https:\/\/lamostradevalencia.com\/wp-content\/uploads\/2022\/05\/LOGO-Foro.png",300,162,false],"gform-image-choice-md":["https:\/\/lamostradevalencia.com\/wp-content\/uploads\/2022\/05\/LOGO-Foro.png",400,216,false],"gform-image-choice-lg":["https:\/\/lamostradevalencia.com\/wp-content\/uploads\/2022\/05\/LOGO-Foro.png",600,325,false]},"uagb_author_info":{"display_name":"Mostra de Val\u00e8ncia","author_link":"https:\/\/lamostradevalencia.com\/ca\/author\/mostravalencia\/"},"uagb_comment_info":0,"uagb_excerpt":"M\u00e9s d&#8217;una trentena de projectes de llargmetratges de ficci\u00f3 i no ficci\u00f3 han respost a la crida de Val\u00e8ncia Film Afers, el f\u00f2rum de coproducci\u00f3 [&hellip;]","_links":{"self":[{"href":"https:\/\/lamostradevalencia.com\/ca\/wp-json\/wp\/v2\/posts\/13774","targetHints":{"allow":["GET"]}}],"collection":[{"href":"https:\/\/lamostradevalencia.com\/ca\/wp-json\/wp\/v2\/posts"}],"about":[{"href":"https:\/\/lamostradevalencia.com\/ca\/wp-json\/wp\/v2\/types\/post"}],"author":[{"embeddable":true,"href":"https:\/\/lamostradevalencia.com\/ca\/wp-json\/wp\/v2\/users\/1"}],"replies":[{"embeddable":true,"href":"https:\/\/lamostradevalencia.com\/ca\/wp-json\/wp\/v2\/comments?post=13774"}],"version-history":[{"count":1,"href":"https:\/\/lamostradevalencia.com\/ca\/wp-json\/wp\/v2\/posts\/13774\/revisions"}],"predecessor-version":[{"id":13775,"href":"https:\/\/lamostradevalencia.com\/ca\/wp-json\/wp\/v2\/posts\/13774\/revisions\/13775"}],"wp:featuredmedia":[{"embeddable":true,"href":"https:\/\/lamostradevalencia.com\/ca\/wp-json\/wp\/v2\/media\/13678"}],"wp:attachment":[{"href":"https:\/\/lamostradevalencia.com\/ca\/wp-json\/wp\/v2\/media?parent=13774"}],"wp:term":[{"taxonomy":"category","embeddable":true,"href":"https:\/\/lamostradevalencia.com\/ca\/wp-json\/wp\/v2\/categories?post=13774"},{"taxonomy":"post_tag","embeddable":true,"href":"https:\/\/lamostradevalencia.com\/ca\/wp-json\/wp\/v2\/tags?post=13774"}],"curies":[{"name":"wp","href":"https:\/\/api.w.org\/{rel}","templated":true}]}}