{"id":13590,"date":"2022-05-25T16:07:09","date_gmt":"2022-05-25T14:07:09","guid":{"rendered":"https:\/\/lamostradevalencia.com\/?p=13590"},"modified":"2022-07-01T13:33:51","modified_gmt":"2022-07-01T11:33:51","slug":"mostra-de-valencia-llanca-forum-internacional-de-coproduccio","status":"publish","type":"post","link":"https:\/\/lamostradevalencia.com\/ca\/mostra-de-valencia-llanca-forum-internacional-de-coproduccio\/","title":{"rendered":"MOSTRA DE VAL\u00c8NCIA LLAN\u00c7A UN F\u00d2RUM INTERNACIONAL DE COPRODUCCI\u00d3"},"content":{"rendered":"\r\n<p><strong>El termini per a la presentaci\u00f3 de projectes acaba el 8 de juliol de 2022<\/strong><\/p>\r\n\r\n\r\n\r\n<p>Quatre anys despr\u00e9s de la seua recuperaci\u00f3, Mostra de Val\u00e8ncia fa un pas definitiu en la consolidaci\u00f3 de la seua secci\u00f3 professional amb la creaci\u00f3 d&#8217;un f\u00f2rum de coproducci\u00f3 internacional que naix amb la vocaci\u00f3 de convertir-se en l&#8217;epicentre de la creaci\u00f3 cinematogr\u00e0fica del Mediterrani. Una plataforma de trobada que t\u00e9 com a principal objectiu el foment de la ind\u00fastria audiovisual i l&#8217;impuls de projectes que es faran realitat gr\u00e0cies al seu pas per Val\u00e8ncia.<\/p>\r\n\r\n\r\n\r\n<p>Es tracta d&#8217;una iniciativa sorgida des del propi festival, despr\u00e9s d&#8217;uns primers passos en el cam\u00ed d&#8217;impulsar la ind\u00fastria audiovisual en els quals va acollir la presentaci\u00f3 del Circuit Cultural Valenci\u00e0 i va realitzar una s\u00e8rie de panells professionals en el si del VLC Pitch Forum. Ara, la Mostra posa en marxa un projecte dirigit a dotar de finan\u00e7ament i viabilitat els projectes de cineastes de la conca mediterr\u00e0nia, que tindr\u00e0 lloc durant l&#8217;edici\u00f3 2022 del festival, entre el 20 i el 30 d&#8217;octubre.\u00a0<\/p>\r\n\r\n\r\n\r\n<p>El f\u00f2rum es planteja com un espai per facilitar la trobada entre projectes en marxa i fonts de finan\u00e7ament. A difer\u00e8ncia dels laboratoris de desenvolupament, no se centra en el tutelatge d&#8217; idees, sin\u00f3 que busca contribuir a fer realitat iniciatives cinematogr\u00e0fiques propiciant la inversi\u00f3 i creant vincles amb companyies internacionals disposades a apostar per la coproducci\u00f3. El repte \u00e9s crear unes aliances s\u00f2lides entre els membres de la ind\u00fastria audiovisual dels pa\u00efsos del Mediterrani, amb Val\u00e8ncia com a nexe d&#8217;uni\u00f3 professional entre els pa\u00efsos que abasta el festival: Espanya, Alb\u00e0nia, Alg\u00e8ria, B\u00f2snia i Hercegovina, Cro\u00e0cia, Egipte, Eslov\u00e8nia, Fran\u00e7a, Gr\u00e8cia, Israel, It\u00e0lia, L\u00edban, L\u00edbia, Maced\u00f2nia del Nord, Malta, Marroc, M\u00f2naco, Montenegro, Palestina, Portugal, S\u00e0hara Occidental, S\u00e8rbia, S\u00edria, Tun\u00edsia, Turquia i Xipre.<\/p>\r\n\r\n\r\n\r\n<p>&#8220;Des de la reactivaci\u00f3 de la Mostra hem sigut conscients de la import\u00e0ncia i la necessitat de posar en marxa activitats d&#8217;ind\u00fastria que permeten dinamitzar i incentivar el mercat audiovisual internacional i, en conseq\u00fc\u00e8ncia, el valenci\u00e0. En aquest sentit, la creaci\u00f3 d&#8217;este f\u00f2rum suposa una nova aposta, ferma i ambiciosa, per posicionar el festival en el sector, complint un dels objectius prioritaris que ens marquem en 2018&#8221;, ha assegurat Gloria Tello, presidenta executiva de Mostra de Val\u00e8ncia.<\/p>\r\n\r\n\r\n\r\n<p>A c\u00e0rrec de la coordinaci\u00f3 del f\u00f2rum, que inclour\u00e0 presentaci\u00f3 de projectes, reunions one-to-one i diverses activitats paral\u00b7leles, es troba la hispano-libanesa Nadia Hotait, productora independent, cap de desenvolupament a Lola Films i productora associada de diverses coproduccions hispano-\u00e0rabs estrenades en cinema.\u00a0 Con experi\u00e8ncia en desenvolupament de projectes en angl\u00e8s, espanyol i \u00e0rab, aix\u00ed com en mercats internacionals com l&#8217;European Film Market (Berlin), el March\u00e9 du Film (Cannes) o el Red Sea IFF (Ar\u00e0bia Saudita), ser\u00e0 la responsable d&#8217;un f\u00f2rum de treball al voltant d&#8217;una desena de projectes seleccionats a partir d&#8217;una convocat\u00f2ria p\u00fablica internacional,\u00a0 que ofereix als creadors i creadores l&#8217; oportunitat de reunir-se amb representants de la producci\u00f3, la distribuci\u00f3, les plataformes i diversos fons de suport cinematogr\u00e0fic.<\/p>\r\n\r\n\r\n\r\n<p>A m\u00e9s, el f\u00f2rum aprofundir\u00e0 en el potencial internacional dels projectes i els donar\u00e0 seguiment m\u00e9s enll\u00e0 del f\u00f2rum, acompanyant els seus responsables fins a la finalitzaci\u00f3 de les pel\u00b7l\u00edcules.<\/p>\r\n\r\n\r\n\r\n<p>La primera convocat\u00f2ria est\u00e0 oberta a projectes de llargmetratges tant de ficci\u00f3 com de no ficci\u00f3, i la inscripci\u00f3 es pot realitzar fins al dia 8 de juliol de 2022 a trav\u00e9s del web <a href=\"http:\/\/www.lamostradevalencia.com\">www.lamostradevalencia.com<\/a><\/p>\r\n\r\n\r\n","protected":false},"excerpt":{"rendered":"<p>El termini per a la presentaci\u00f3 de projectes acaba el 8 de juliol de 2022 Quatre anys despr\u00e9s de la seua recuperaci\u00f3, Mostra de Val\u00e8ncia [&hellip;]<\/p>\n","protected":false},"author":1,"featured_media":13678,"comment_status":"open","ping_status":"open","sticky":false,"template":"","format":"standard","meta":{"_uag_custom_page_level_css":"","_jet_sm_ready_style":"","_jet_sm_style":"","_jet_sm_controls_values":"","_jet_sm_fonts_collection":"","_jet_sm_fonts_links":"","footnotes":""},"categories":[455],"tags":[],"class_list":["post-13590","post","type-post","status-publish","format-standard","has-post-thumbnail","hentry","category-noticies"],"yoast_head":"<!-- This site is optimized with the Yoast SEO plugin v27.5 - https:\/\/yoast.com\/product\/yoast-seo-wordpress\/ -->\n<title>MOSTRA DE VAL\u00c8NCIA LLAN\u00c7A UN F\u00d2RUM INTERNACIONAL DE COPRODUCCI\u00d3 - Mostra de Val\u00e8ncia<\/title>\n<meta name=\"robots\" content=\"index, follow, max-snippet:-1, max-image-preview:large, max-video-preview:-1\" \/>\n<link rel=\"canonical\" href=\"https:\/\/lamostradevalencia.com\/ca\/mostra-de-valencia-llanca-forum-internacional-de-coproduccio\/\" \/>\n<meta property=\"og:locale\" content=\"ca_ES\" \/>\n<meta property=\"og:type\" content=\"article\" \/>\n<meta property=\"og:title\" content=\"MOSTRA DE VAL\u00c8NCIA LLAN\u00c7A UN F\u00d2RUM INTERNACIONAL DE COPRODUCCI\u00d3 - Mostra de Val\u00e8ncia\" \/>\n<meta property=\"og:description\" content=\"El termini per a la presentaci\u00f3 de projectes acaba el 8 de juliol de 2022 Quatre anys despr\u00e9s de la seua recuperaci\u00f3, Mostra de Val\u00e8ncia [&hellip;]\" \/>\n<meta property=\"og:url\" content=\"https:\/\/lamostradevalencia.com\/ca\/mostra-de-valencia-llanca-forum-internacional-de-coproduccio\/\" \/>\n<meta property=\"og:site_name\" content=\"Mostra de Val\u00e8ncia\" \/>\n<meta property=\"article:published_time\" content=\"2022-05-25T14:07:09+00:00\" \/>\n<meta property=\"article:modified_time\" content=\"2022-07-01T11:33:51+00:00\" \/>\n<meta property=\"og:image\" content=\"https:\/\/lamostradevalencia.com\/wp-content\/uploads\/2022\/05\/LOGO-Foro.png\" \/>\n\t<meta property=\"og:image:width\" content=\"612\" \/>\n\t<meta property=\"og:image:height\" content=\"331\" \/>\n\t<meta property=\"og:image:type\" content=\"image\/png\" \/>\n<meta name=\"author\" content=\"Mostra de Val\u00e8ncia\" \/>\n<meta name=\"twitter:card\" content=\"summary_large_image\" \/>\n<meta name=\"twitter:label1\" content=\"Escrit per\" \/>\n\t<meta name=\"twitter:data1\" content=\"Mostra de Val\u00e8ncia\" \/>\n\t<meta name=\"twitter:label2\" content=\"Temps estimat de lectura\" \/>\n\t<meta name=\"twitter:data2\" content=\"3 minuts\" \/>\n<script type=\"application\/ld+json\" class=\"yoast-schema-graph\">{\"@context\":\"https:\\\/\\\/schema.org\",\"@graph\":[{\"@type\":\"Article\",\"@id\":\"https:\\\/\\\/lamostradevalencia.com\\\/ca\\\/mostra-de-valencia-llanca-forum-internacional-de-coproduccio\\\/#article\",\"isPartOf\":{\"@id\":\"https:\\\/\\\/lamostradevalencia.com\\\/ca\\\/mostra-de-valencia-llanca-forum-internacional-de-coproduccio\\\/\"},\"author\":{\"name\":\"Mostra de Val\u00e8ncia\",\"@id\":\"https:\\\/\\\/lamostradevalencia.com\\\/ca\\\/#\\\/schema\\\/person\\\/1dc07e4df3d6310b81d2cdf6a034070c\"},\"headline\":\"MOSTRA DE VAL\u00c8NCIA LLAN\u00c7A UN F\u00d2RUM INTERNACIONAL DE COPRODUCCI\u00d3\",\"datePublished\":\"2022-05-25T14:07:09+00:00\",\"dateModified\":\"2022-07-01T11:33:51+00:00\",\"mainEntityOfPage\":{\"@id\":\"https:\\\/\\\/lamostradevalencia.com\\\/ca\\\/mostra-de-valencia-llanca-forum-internacional-de-coproduccio\\\/\"},\"wordCount\":645,\"commentCount\":0,\"image\":{\"@id\":\"https:\\\/\\\/lamostradevalencia.com\\\/ca\\\/mostra-de-valencia-llanca-forum-internacional-de-coproduccio\\\/#primaryimage\"},\"thumbnailUrl\":\"https:\\\/\\\/lamostradevalencia.com\\\/wp-content\\\/uploads\\\/2022\\\/05\\\/LOGO-Foro.png\",\"articleSection\":[\"Noticies\"],\"inLanguage\":\"ca\",\"potentialAction\":[{\"@type\":\"CommentAction\",\"name\":\"Comment\",\"target\":[\"https:\\\/\\\/lamostradevalencia.com\\\/ca\\\/mostra-de-valencia-llanca-forum-internacional-de-coproduccio\\\/#respond\"]}]},{\"@type\":\"WebPage\",\"@id\":\"https:\\\/\\\/lamostradevalencia.com\\\/ca\\\/mostra-de-valencia-llanca-forum-internacional-de-coproduccio\\\/\",\"url\":\"https:\\\/\\\/lamostradevalencia.com\\\/ca\\\/mostra-de-valencia-llanca-forum-internacional-de-coproduccio\\\/\",\"name\":\"MOSTRA DE VAL\u00c8NCIA LLAN\u00c7A UN F\u00d2RUM INTERNACIONAL DE COPRODUCCI\u00d3 - Mostra de Val\u00e8ncia\",\"isPartOf\":{\"@id\":\"https:\\\/\\\/lamostradevalencia.com\\\/ca\\\/#website\"},\"primaryImageOfPage\":{\"@id\":\"https:\\\/\\\/lamostradevalencia.com\\\/ca\\\/mostra-de-valencia-llanca-forum-internacional-de-coproduccio\\\/#primaryimage\"},\"image\":{\"@id\":\"https:\\\/\\\/lamostradevalencia.com\\\/ca\\\/mostra-de-valencia-llanca-forum-internacional-de-coproduccio\\\/#primaryimage\"},\"thumbnailUrl\":\"https:\\\/\\\/lamostradevalencia.com\\\/wp-content\\\/uploads\\\/2022\\\/05\\\/LOGO-Foro.png\",\"datePublished\":\"2022-05-25T14:07:09+00:00\",\"dateModified\":\"2022-07-01T11:33:51+00:00\",\"author\":{\"@id\":\"https:\\\/\\\/lamostradevalencia.com\\\/ca\\\/#\\\/schema\\\/person\\\/1dc07e4df3d6310b81d2cdf6a034070c\"},\"breadcrumb\":{\"@id\":\"https:\\\/\\\/lamostradevalencia.com\\\/ca\\\/mostra-de-valencia-llanca-forum-internacional-de-coproduccio\\\/#breadcrumb\"},\"inLanguage\":\"ca\",\"potentialAction\":[{\"@type\":\"ReadAction\",\"target\":[\"https:\\\/\\\/lamostradevalencia.com\\\/ca\\\/mostra-de-valencia-llanca-forum-internacional-de-coproduccio\\\/\"]}]},{\"@type\":\"ImageObject\",\"inLanguage\":\"ca\",\"@id\":\"https:\\\/\\\/lamostradevalencia.com\\\/ca\\\/mostra-de-valencia-llanca-forum-internacional-de-coproduccio\\\/#primaryimage\",\"url\":\"https:\\\/\\\/lamostradevalencia.com\\\/wp-content\\\/uploads\\\/2022\\\/05\\\/LOGO-Foro.png\",\"contentUrl\":\"https:\\\/\\\/lamostradevalencia.com\\\/wp-content\\\/uploads\\\/2022\\\/05\\\/LOGO-Foro.png\",\"width\":612,\"height\":331},{\"@type\":\"BreadcrumbList\",\"@id\":\"https:\\\/\\\/lamostradevalencia.com\\\/ca\\\/mostra-de-valencia-llanca-forum-internacional-de-coproduccio\\\/#breadcrumb\",\"itemListElement\":[{\"@type\":\"ListItem\",\"position\":1,\"name\":\"Portada\",\"item\":\"https:\\\/\\\/lamostradevalencia.com\\\/ca\\\/\"},{\"@type\":\"ListItem\",\"position\":2,\"name\":\"MOSTRA DE VAL\u00c8NCIA LLAN\u00c7A UN F\u00d2RUM INTERNACIONAL DE COPRODUCCI\u00d3\"}]},{\"@type\":\"WebSite\",\"@id\":\"https:\\\/\\\/lamostradevalencia.com\\\/ca\\\/#website\",\"url\":\"https:\\\/\\\/lamostradevalencia.com\\\/ca\\\/\",\"name\":\"Mostra de Val\u00e8ncia\",\"description\":\"Cinema del Mediterrani\",\"potentialAction\":[{\"@type\":\"SearchAction\",\"target\":{\"@type\":\"EntryPoint\",\"urlTemplate\":\"https:\\\/\\\/lamostradevalencia.com\\\/ca\\\/?s={search_term_string}\"},\"query-input\":{\"@type\":\"PropertyValueSpecification\",\"valueRequired\":true,\"valueName\":\"search_term_string\"}}],\"inLanguage\":\"ca\"},{\"@type\":\"Person\",\"@id\":\"https:\\\/\\\/lamostradevalencia.com\\\/ca\\\/#\\\/schema\\\/person\\\/1dc07e4df3d6310b81d2cdf6a034070c\",\"name\":\"Mostra de Val\u00e8ncia\",\"image\":{\"@type\":\"ImageObject\",\"inLanguage\":\"ca\",\"@id\":\"https:\\\/\\\/secure.gravatar.com\\\/avatar\\\/ada4dfd699a9907706987adb1bb2b361c2613ccca474b49b8c648de5208e32f8?s=96&d=mm&r=g\",\"url\":\"https:\\\/\\\/secure.gravatar.com\\\/avatar\\\/ada4dfd699a9907706987adb1bb2b361c2613ccca474b49b8c648de5208e32f8?s=96&d=mm&r=g\",\"contentUrl\":\"https:\\\/\\\/secure.gravatar.com\\\/avatar\\\/ada4dfd699a9907706987adb1bb2b361c2613ccca474b49b8c648de5208e32f8?s=96&d=mm&r=g\",\"caption\":\"Mostra de Val\u00e8ncia\"}}]}<\/script>\n<!-- \/ Yoast SEO plugin. -->","yoast_head_json":{"title":"MOSTRA DE VAL\u00c8NCIA LLAN\u00c7A UN F\u00d2RUM INTERNACIONAL DE COPRODUCCI\u00d3 - Mostra de Val\u00e8ncia","robots":{"index":"index","follow":"follow","max-snippet":"max-snippet:-1","max-image-preview":"max-image-preview:large","max-video-preview":"max-video-preview:-1"},"canonical":"https:\/\/lamostradevalencia.com\/ca\/mostra-de-valencia-llanca-forum-internacional-de-coproduccio\/","og_locale":"ca_ES","og_type":"article","og_title":"MOSTRA DE VAL\u00c8NCIA LLAN\u00c7A UN F\u00d2RUM INTERNACIONAL DE COPRODUCCI\u00d3 - Mostra de Val\u00e8ncia","og_description":"El termini per a la presentaci\u00f3 de projectes acaba el 8 de juliol de 2022 Quatre anys despr\u00e9s de la seua recuperaci\u00f3, Mostra de Val\u00e8ncia [&hellip;]","og_url":"https:\/\/lamostradevalencia.com\/ca\/mostra-de-valencia-llanca-forum-internacional-de-coproduccio\/","og_site_name":"Mostra de Val\u00e8ncia","article_published_time":"2022-05-25T14:07:09+00:00","article_modified_time":"2022-07-01T11:33:51+00:00","og_image":[{"width":612,"height":331,"url":"https:\/\/lamostradevalencia.com\/wp-content\/uploads\/2022\/05\/LOGO-Foro.png","type":"image\/png"}],"author":"Mostra de Val\u00e8ncia","twitter_card":"summary_large_image","twitter_misc":{"Escrit per":"Mostra de Val\u00e8ncia","Temps estimat de lectura":"3 minuts"},"schema":{"@context":"https:\/\/schema.org","@graph":[{"@type":"Article","@id":"https:\/\/lamostradevalencia.com\/ca\/mostra-de-valencia-llanca-forum-internacional-de-coproduccio\/#article","isPartOf":{"@id":"https:\/\/lamostradevalencia.com\/ca\/mostra-de-valencia-llanca-forum-internacional-de-coproduccio\/"},"author":{"name":"Mostra de Val\u00e8ncia","@id":"https:\/\/lamostradevalencia.com\/ca\/#\/schema\/person\/1dc07e4df3d6310b81d2cdf6a034070c"},"headline":"MOSTRA DE VAL\u00c8NCIA LLAN\u00c7A UN F\u00d2RUM INTERNACIONAL DE COPRODUCCI\u00d3","datePublished":"2022-05-25T14:07:09+00:00","dateModified":"2022-07-01T11:33:51+00:00","mainEntityOfPage":{"@id":"https:\/\/lamostradevalencia.com\/ca\/mostra-de-valencia-llanca-forum-internacional-de-coproduccio\/"},"wordCount":645,"commentCount":0,"image":{"@id":"https:\/\/lamostradevalencia.com\/ca\/mostra-de-valencia-llanca-forum-internacional-de-coproduccio\/#primaryimage"},"thumbnailUrl":"https:\/\/lamostradevalencia.com\/wp-content\/uploads\/2022\/05\/LOGO-Foro.png","articleSection":["Noticies"],"inLanguage":"ca","potentialAction":[{"@type":"CommentAction","name":"Comment","target":["https:\/\/lamostradevalencia.com\/ca\/mostra-de-valencia-llanca-forum-internacional-de-coproduccio\/#respond"]}]},{"@type":"WebPage","@id":"https:\/\/lamostradevalencia.com\/ca\/mostra-de-valencia-llanca-forum-internacional-de-coproduccio\/","url":"https:\/\/lamostradevalencia.com\/ca\/mostra-de-valencia-llanca-forum-internacional-de-coproduccio\/","name":"MOSTRA DE VAL\u00c8NCIA LLAN\u00c7A UN F\u00d2RUM INTERNACIONAL DE COPRODUCCI\u00d3 - Mostra de Val\u00e8ncia","isPartOf":{"@id":"https:\/\/lamostradevalencia.com\/ca\/#website"},"primaryImageOfPage":{"@id":"https:\/\/lamostradevalencia.com\/ca\/mostra-de-valencia-llanca-forum-internacional-de-coproduccio\/#primaryimage"},"image":{"@id":"https:\/\/lamostradevalencia.com\/ca\/mostra-de-valencia-llanca-forum-internacional-de-coproduccio\/#primaryimage"},"thumbnailUrl":"https:\/\/lamostradevalencia.com\/wp-content\/uploads\/2022\/05\/LOGO-Foro.png","datePublished":"2022-05-25T14:07:09+00:00","dateModified":"2022-07-01T11:33:51+00:00","author":{"@id":"https:\/\/lamostradevalencia.com\/ca\/#\/schema\/person\/1dc07e4df3d6310b81d2cdf6a034070c"},"breadcrumb":{"@id":"https:\/\/lamostradevalencia.com\/ca\/mostra-de-valencia-llanca-forum-internacional-de-coproduccio\/#breadcrumb"},"inLanguage":"ca","potentialAction":[{"@type":"ReadAction","target":["https:\/\/lamostradevalencia.com\/ca\/mostra-de-valencia-llanca-forum-internacional-de-coproduccio\/"]}]},{"@type":"ImageObject","inLanguage":"ca","@id":"https:\/\/lamostradevalencia.com\/ca\/mostra-de-valencia-llanca-forum-internacional-de-coproduccio\/#primaryimage","url":"https:\/\/lamostradevalencia.com\/wp-content\/uploads\/2022\/05\/LOGO-Foro.png","contentUrl":"https:\/\/lamostradevalencia.com\/wp-content\/uploads\/2022\/05\/LOGO-Foro.png","width":612,"height":331},{"@type":"BreadcrumbList","@id":"https:\/\/lamostradevalencia.com\/ca\/mostra-de-valencia-llanca-forum-internacional-de-coproduccio\/#breadcrumb","itemListElement":[{"@type":"ListItem","position":1,"name":"Portada","item":"https:\/\/lamostradevalencia.com\/ca\/"},{"@type":"ListItem","position":2,"name":"MOSTRA DE VAL\u00c8NCIA LLAN\u00c7A UN F\u00d2RUM INTERNACIONAL DE COPRODUCCI\u00d3"}]},{"@type":"WebSite","@id":"https:\/\/lamostradevalencia.com\/ca\/#website","url":"https:\/\/lamostradevalencia.com\/ca\/","name":"Mostra de Val\u00e8ncia","description":"Cinema del Mediterrani","potentialAction":[{"@type":"SearchAction","target":{"@type":"EntryPoint","urlTemplate":"https:\/\/lamostradevalencia.com\/ca\/?s={search_term_string}"},"query-input":{"@type":"PropertyValueSpecification","valueRequired":true,"valueName":"search_term_string"}}],"inLanguage":"ca"},{"@type":"Person","@id":"https:\/\/lamostradevalencia.com\/ca\/#\/schema\/person\/1dc07e4df3d6310b81d2cdf6a034070c","name":"Mostra de Val\u00e8ncia","image":{"@type":"ImageObject","inLanguage":"ca","@id":"https:\/\/secure.gravatar.com\/avatar\/ada4dfd699a9907706987adb1bb2b361c2613ccca474b49b8c648de5208e32f8?s=96&d=mm&r=g","url":"https:\/\/secure.gravatar.com\/avatar\/ada4dfd699a9907706987adb1bb2b361c2613ccca474b49b8c648de5208e32f8?s=96&d=mm&r=g","contentUrl":"https:\/\/secure.gravatar.com\/avatar\/ada4dfd699a9907706987adb1bb2b361c2613ccca474b49b8c648de5208e32f8?s=96&d=mm&r=g","caption":"Mostra de Val\u00e8ncia"}}]}},"uagb_featured_image_src":{"full":["https:\/\/lamostradevalencia.com\/wp-content\/uploads\/2022\/05\/LOGO-Foro.png",612,331,false],"thumbnail":["https:\/\/lamostradevalencia.com\/wp-content\/uploads\/2022\/05\/LOGO-Foro-150x150.png",150,150,true],"medium":["https:\/\/lamostradevalencia.com\/wp-content\/uploads\/2022\/05\/LOGO-Foro-300x162.png",300,162,true],"medium_large":["https:\/\/lamostradevalencia.com\/wp-content\/uploads\/2022\/05\/LOGO-Foro.png",612,331,false],"large":["https:\/\/lamostradevalencia.com\/wp-content\/uploads\/2022\/05\/LOGO-Foro.png",612,331,false],"1536x1536":["https:\/\/lamostradevalencia.com\/wp-content\/uploads\/2022\/05\/LOGO-Foro.png",612,331,false],"2048x2048":["https:\/\/lamostradevalencia.com\/wp-content\/uploads\/2022\/05\/LOGO-Foro.png",612,331,false],"cinerama_edge_image_square":["https:\/\/lamostradevalencia.com\/wp-content\/uploads\/2022\/05\/LOGO-Foro-550x331.png",550,331,true],"cinerama_edge_image_landscape":["https:\/\/lamostradevalencia.com\/wp-content\/uploads\/2022\/05\/LOGO-Foro.png",612,331,false],"cinerama_edge_image_portrait":["https:\/\/lamostradevalencia.com\/wp-content\/uploads\/2022\/05\/LOGO-Foro-550x331.png",550,331,true],"cinerama_edge_image_huge":["https:\/\/lamostradevalencia.com\/wp-content\/uploads\/2022\/05\/LOGO-Foro.png",612,331,false],"gform-image-choice-sm":["https:\/\/lamostradevalencia.com\/wp-content\/uploads\/2022\/05\/LOGO-Foro.png",300,162,false],"gform-image-choice-md":["https:\/\/lamostradevalencia.com\/wp-content\/uploads\/2022\/05\/LOGO-Foro.png",400,216,false],"gform-image-choice-lg":["https:\/\/lamostradevalencia.com\/wp-content\/uploads\/2022\/05\/LOGO-Foro.png",600,325,false]},"uagb_author_info":{"display_name":"Mostra de Val\u00e8ncia","author_link":"https:\/\/lamostradevalencia.com\/ca\/author\/mostravalencia\/"},"uagb_comment_info":0,"uagb_excerpt":"El termini per a la presentaci\u00f3 de projectes acaba el 8 de juliol de 2022 Quatre anys despr\u00e9s de la seua recuperaci\u00f3, Mostra de Val\u00e8ncia [&hellip;]","_links":{"self":[{"href":"https:\/\/lamostradevalencia.com\/ca\/wp-json\/wp\/v2\/posts\/13590","targetHints":{"allow":["GET"]}}],"collection":[{"href":"https:\/\/lamostradevalencia.com\/ca\/wp-json\/wp\/v2\/posts"}],"about":[{"href":"https:\/\/lamostradevalencia.com\/ca\/wp-json\/wp\/v2\/types\/post"}],"author":[{"embeddable":true,"href":"https:\/\/lamostradevalencia.com\/ca\/wp-json\/wp\/v2\/users\/1"}],"replies":[{"embeddable":true,"href":"https:\/\/lamostradevalencia.com\/ca\/wp-json\/wp\/v2\/comments?post=13590"}],"version-history":[{"count":5,"href":"https:\/\/lamostradevalencia.com\/ca\/wp-json\/wp\/v2\/posts\/13590\/revisions"}],"predecessor-version":[{"id":13650,"href":"https:\/\/lamostradevalencia.com\/ca\/wp-json\/wp\/v2\/posts\/13590\/revisions\/13650"}],"wp:featuredmedia":[{"embeddable":true,"href":"https:\/\/lamostradevalencia.com\/ca\/wp-json\/wp\/v2\/media\/13678"}],"wp:attachment":[{"href":"https:\/\/lamostradevalencia.com\/ca\/wp-json\/wp\/v2\/media?parent=13590"}],"wp:term":[{"taxonomy":"category","embeddable":true,"href":"https:\/\/lamostradevalencia.com\/ca\/wp-json\/wp\/v2\/categories?post=13590"},{"taxonomy":"post_tag","embeddable":true,"href":"https:\/\/lamostradevalencia.com\/ca\/wp-json\/wp\/v2\/tags?post=13590"}],"curies":[{"name":"wp","href":"https:\/\/api.w.org\/{rel}","templated":true}]}}