{"id":13448,"date":"2022-04-08T10:22:13","date_gmt":"2022-04-08T08:22:13","guid":{"rendered":"https:\/\/lamostradevalencia.com\/?p=13448"},"modified":"2022-06-30T09:19:45","modified_gmt":"2022-06-30T07:19:45","slug":"mor-director-productor-valencia-carlos-pastor","status":"publish","type":"post","link":"https:\/\/lamostradevalencia.com\/ca\/mor-director-productor-valencia-carlos-pastor\/","title":{"rendered":"MOR EL DIRECTOR I PRODUCTOR VALENCI\u00c0 CARLOS PASTOR"},"content":{"rendered":"\r\n<p>Ha mort el productor, director i guionista Carlos Pastor, un aut\u00e8ntic tot terreny de l&#8217;audiovisual valenci\u00e0 que va desenvolupar la seua carrera al llarg de quatre d\u00e8cades, exercint diferents funcions en l&#8217;\u00e0mbit audiovisual.<\/p>\r\n<p>Nascut a Val\u00e8ncia, en 1949, va iniciar la seua traject\u00f2ria com a director en els anys huitanta, amb curtmetratges com \u201cMakoki\u201d (1982) o \u201cLa estela dorada\u201d (1989). En 1996 debuta en el llargmetratge amb la com\u00e8dia \u201cUna pira\u00f1a en el bidet\u201d, que va obtindre el premi a millor pel\u00b7l\u00edcula en la Mostra de Val\u00e8ncia-Cinema del Mediterrani de 1996. Posteriorment roda \u201cA ras de suelo\u201d (2005), un drama pel qual l&#8217;actriu Rosana Pastor guanya el premi a millor actriu en Mostra de Val\u00e8ncia. La seua tercera pel\u00b7l\u00edcula, \u201cBestezuelas\u201d, \u00e9s un thriller amb ressons del cinema quinqui i tocs d&#8217;humor que es presenta en els festivals de Bogot\u00e0 o El Caire, i que s&#8217;al\u00e7a amb el premi del p\u00fablic en la secci\u00f3 Panorama Mediterrani de Mostra de Val\u00e8ncia 2010. En 2013 realitza \u201cEn el umbral de la conciencia\u201d, un documental sobre un equip de rodatge a la recerca dels secrets dels xamans peruans. En l\u2019actualitat preparava un nou llargmetratge titulat \u201cDestino perdido\u201d, basat en un gui\u00f3 escrit en col\u00b7laboraci\u00f3 amb Michel Gaztambide i Joan \u00c1lvarez.<\/p>\r\n<p>En paral\u00b7lel a la seua traject\u00f2ria estrictament cinematogr\u00e0fica, el vers\u00e0til cineasta desenvolupa tamb\u00e9 projectes com les TVmovies \u201cCamps de maduixes\u201d (2005), \u201cLatidos\u201d (2006) o \u201cComida para gatos\u201d (2008), tamb\u00e9 premiada en la Mostra. A m\u00e9s, va produir i dirigir diferents programes i s\u00e8ries de televisi\u00f3, nombrosos espots publicitaris i filmacions de muntatges teatrals de La Fura dels Baus, Comediants o Els Joglars.<\/p>\r\n<p>Pastor \u00e9s un dels principals representants d&#8217;una generaci\u00f3 que va lluitar contra vent i marea per posar en peus un cinema valenci\u00e0 que es va enfrontar amb unes infraestructures industrials fr\u00e0gils i una dif\u00edcil projecci\u00f3 exterior, per\u00f2 que va aconseguir consolidar-se a nivell professional combinant el treball televisiu amb el cinematogr\u00e0fic.<\/p>\r\n<p>Foto: Jos\u00e9 Garc\u00eda Poveda<\/p>\r\n\r\n\r\n","protected":false},"excerpt":{"rendered":"<p>Ha mort el productor, director i guionista Carlos Pastor, un aut\u00e8ntic tot terreny de l&#8217;audiovisual valenci\u00e0 que va desenvolupar la seua carrera al llarg de [&hellip;]<\/p>\n","protected":false},"author":1,"featured_media":13658,"comment_status":"open","ping_status":"open","sticky":false,"template":"","format":"standard","meta":{"_uag_custom_page_level_css":"","_jet_sm_ready_style":"","_jet_sm_style":"","_jet_sm_controls_values":"","_jet_sm_fonts_collection":"","_jet_sm_fonts_links":"","footnotes":""},"categories":[455],"tags":[],"class_list":["post-13448","post","type-post","status-publish","format-standard","has-post-thumbnail","hentry","category-noticies"],"yoast_head":"<!-- This site is optimized with the Yoast SEO plugin v27.5 - https:\/\/yoast.com\/product\/yoast-seo-wordpress\/ -->\n<title>MOR EL DIRECTOR I PRODUCTOR VALENCI\u00c0 CARLOS PASTOR<\/title>\n<meta name=\"robots\" content=\"index, follow, max-snippet:-1, max-image-preview:large, max-video-preview:-1\" \/>\n<link rel=\"canonical\" href=\"https:\/\/lamostradevalencia.com\/ca\/mor-director-productor-valencia-carlos-pastor\/\" \/>\n<meta property=\"og:locale\" content=\"ca_ES\" \/>\n<meta property=\"og:type\" content=\"article\" \/>\n<meta property=\"og:title\" content=\"MOR EL DIRECTOR I PRODUCTOR VALENCI\u00c0 CARLOS PASTOR\" \/>\n<meta property=\"og:description\" content=\"Ha mort el productor, director i guionista Carlos Pastor, un aut\u00e8ntic tot terreny de l&#8217;audiovisual valenci\u00e0 que va desenvolupar la seua carrera al llarg de [&hellip;]\" \/>\n<meta property=\"og:url\" content=\"https:\/\/lamostradevalencia.com\/ca\/mor-director-productor-valencia-carlos-pastor\/\" \/>\n<meta property=\"og:site_name\" content=\"Mostra de Val\u00e8ncia\" \/>\n<meta property=\"article:published_time\" content=\"2022-04-08T08:22:13+00:00\" \/>\n<meta property=\"article:modified_time\" content=\"2022-06-30T07:19:45+00:00\" \/>\n<meta property=\"og:image\" content=\"https:\/\/lamostradevalencia.com\/wp-content\/uploads\/2022\/06\/Carlos-Pastor.jpg\" \/>\n\t<meta property=\"og:image:width\" content=\"2447\" \/>\n\t<meta property=\"og:image:height\" content=\"1641\" \/>\n\t<meta property=\"og:image:type\" content=\"image\/jpeg\" \/>\n<meta name=\"author\" content=\"Mostra de Val\u00e8ncia\" \/>\n<meta name=\"twitter:card\" content=\"summary_large_image\" \/>\n<meta name=\"twitter:label1\" content=\"Escrit per\" \/>\n\t<meta name=\"twitter:data1\" content=\"Mostra de Val\u00e8ncia\" \/>\n\t<meta name=\"twitter:label2\" content=\"Temps estimat de lectura\" \/>\n\t<meta name=\"twitter:data2\" content=\"2 minuts\" \/>\n<script type=\"application\/ld+json\" class=\"yoast-schema-graph\">{\"@context\":\"https:\\\/\\\/schema.org\",\"@graph\":[{\"@type\":\"Article\",\"@id\":\"https:\\\/\\\/lamostradevalencia.com\\\/ca\\\/mor-director-productor-valencia-carlos-pastor\\\/#article\",\"isPartOf\":{\"@id\":\"https:\\\/\\\/lamostradevalencia.com\\\/ca\\\/mor-director-productor-valencia-carlos-pastor\\\/\"},\"author\":{\"name\":\"Mostra de Val\u00e8ncia\",\"@id\":\"https:\\\/\\\/lamostradevalencia.com\\\/ca\\\/#\\\/schema\\\/person\\\/1dc07e4df3d6310b81d2cdf6a034070c\"},\"headline\":\"MOR EL DIRECTOR I PRODUCTOR VALENCI\u00c0 CARLOS PASTOR\",\"datePublished\":\"2022-04-08T08:22:13+00:00\",\"dateModified\":\"2022-06-30T07:19:45+00:00\",\"mainEntityOfPage\":{\"@id\":\"https:\\\/\\\/lamostradevalencia.com\\\/ca\\\/mor-director-productor-valencia-carlos-pastor\\\/\"},\"wordCount\":353,\"commentCount\":0,\"image\":{\"@id\":\"https:\\\/\\\/lamostradevalencia.com\\\/ca\\\/mor-director-productor-valencia-carlos-pastor\\\/#primaryimage\"},\"thumbnailUrl\":\"https:\\\/\\\/lamostradevalencia.com\\\/wp-content\\\/uploads\\\/2022\\\/06\\\/Carlos-Pastor.jpg\",\"articleSection\":[\"Noticies\"],\"inLanguage\":\"ca\",\"potentialAction\":[{\"@type\":\"CommentAction\",\"name\":\"Comment\",\"target\":[\"https:\\\/\\\/lamostradevalencia.com\\\/ca\\\/mor-director-productor-valencia-carlos-pastor\\\/#respond\"]}]},{\"@type\":\"WebPage\",\"@id\":\"https:\\\/\\\/lamostradevalencia.com\\\/ca\\\/mor-director-productor-valencia-carlos-pastor\\\/\",\"url\":\"https:\\\/\\\/lamostradevalencia.com\\\/ca\\\/mor-director-productor-valencia-carlos-pastor\\\/\",\"name\":\"MOR EL DIRECTOR I PRODUCTOR VALENCI\u00c0 CARLOS PASTOR\",\"isPartOf\":{\"@id\":\"https:\\\/\\\/lamostradevalencia.com\\\/ca\\\/#website\"},\"primaryImageOfPage\":{\"@id\":\"https:\\\/\\\/lamostradevalencia.com\\\/ca\\\/mor-director-productor-valencia-carlos-pastor\\\/#primaryimage\"},\"image\":{\"@id\":\"https:\\\/\\\/lamostradevalencia.com\\\/ca\\\/mor-director-productor-valencia-carlos-pastor\\\/#primaryimage\"},\"thumbnailUrl\":\"https:\\\/\\\/lamostradevalencia.com\\\/wp-content\\\/uploads\\\/2022\\\/06\\\/Carlos-Pastor.jpg\",\"datePublished\":\"2022-04-08T08:22:13+00:00\",\"dateModified\":\"2022-06-30T07:19:45+00:00\",\"author\":{\"@id\":\"https:\\\/\\\/lamostradevalencia.com\\\/ca\\\/#\\\/schema\\\/person\\\/1dc07e4df3d6310b81d2cdf6a034070c\"},\"breadcrumb\":{\"@id\":\"https:\\\/\\\/lamostradevalencia.com\\\/ca\\\/mor-director-productor-valencia-carlos-pastor\\\/#breadcrumb\"},\"inLanguage\":\"ca\",\"potentialAction\":[{\"@type\":\"ReadAction\",\"target\":[\"https:\\\/\\\/lamostradevalencia.com\\\/ca\\\/mor-director-productor-valencia-carlos-pastor\\\/\"]}]},{\"@type\":\"ImageObject\",\"inLanguage\":\"ca\",\"@id\":\"https:\\\/\\\/lamostradevalencia.com\\\/ca\\\/mor-director-productor-valencia-carlos-pastor\\\/#primaryimage\",\"url\":\"https:\\\/\\\/lamostradevalencia.com\\\/wp-content\\\/uploads\\\/2022\\\/06\\\/Carlos-Pastor.jpg\",\"contentUrl\":\"https:\\\/\\\/lamostradevalencia.com\\\/wp-content\\\/uploads\\\/2022\\\/06\\\/Carlos-Pastor.jpg\",\"width\":2447,\"height\":1641},{\"@type\":\"BreadcrumbList\",\"@id\":\"https:\\\/\\\/lamostradevalencia.com\\\/ca\\\/mor-director-productor-valencia-carlos-pastor\\\/#breadcrumb\",\"itemListElement\":[{\"@type\":\"ListItem\",\"position\":1,\"name\":\"Portada\",\"item\":\"https:\\\/\\\/lamostradevalencia.com\\\/ca\\\/\"},{\"@type\":\"ListItem\",\"position\":2,\"name\":\"MOR EL DIRECTOR I PRODUCTOR VALENCI\u00c0 CARLOS PASTOR\"}]},{\"@type\":\"WebSite\",\"@id\":\"https:\\\/\\\/lamostradevalencia.com\\\/ca\\\/#website\",\"url\":\"https:\\\/\\\/lamostradevalencia.com\\\/ca\\\/\",\"name\":\"Mostra de Val\u00e8ncia\",\"description\":\"Cinema del Mediterrani\",\"potentialAction\":[{\"@type\":\"SearchAction\",\"target\":{\"@type\":\"EntryPoint\",\"urlTemplate\":\"https:\\\/\\\/lamostradevalencia.com\\\/ca\\\/?s={search_term_string}\"},\"query-input\":{\"@type\":\"PropertyValueSpecification\",\"valueRequired\":true,\"valueName\":\"search_term_string\"}}],\"inLanguage\":\"ca\"},{\"@type\":\"Person\",\"@id\":\"https:\\\/\\\/lamostradevalencia.com\\\/ca\\\/#\\\/schema\\\/person\\\/1dc07e4df3d6310b81d2cdf6a034070c\",\"name\":\"Mostra de Val\u00e8ncia\",\"image\":{\"@type\":\"ImageObject\",\"inLanguage\":\"ca\",\"@id\":\"https:\\\/\\\/secure.gravatar.com\\\/avatar\\\/ada4dfd699a9907706987adb1bb2b361c2613ccca474b49b8c648de5208e32f8?s=96&d=mm&r=g\",\"url\":\"https:\\\/\\\/secure.gravatar.com\\\/avatar\\\/ada4dfd699a9907706987adb1bb2b361c2613ccca474b49b8c648de5208e32f8?s=96&d=mm&r=g\",\"contentUrl\":\"https:\\\/\\\/secure.gravatar.com\\\/avatar\\\/ada4dfd699a9907706987adb1bb2b361c2613ccca474b49b8c648de5208e32f8?s=96&d=mm&r=g\",\"caption\":\"Mostra de Val\u00e8ncia\"}}]}<\/script>\n<!-- \/ Yoast SEO plugin. -->","yoast_head_json":{"title":"MOR EL DIRECTOR I PRODUCTOR VALENCI\u00c0 CARLOS PASTOR","robots":{"index":"index","follow":"follow","max-snippet":"max-snippet:-1","max-image-preview":"max-image-preview:large","max-video-preview":"max-video-preview:-1"},"canonical":"https:\/\/lamostradevalencia.com\/ca\/mor-director-productor-valencia-carlos-pastor\/","og_locale":"ca_ES","og_type":"article","og_title":"MOR EL DIRECTOR I PRODUCTOR VALENCI\u00c0 CARLOS PASTOR","og_description":"Ha mort el productor, director i guionista Carlos Pastor, un aut\u00e8ntic tot terreny de l&#8217;audiovisual valenci\u00e0 que va desenvolupar la seua carrera al llarg de [&hellip;]","og_url":"https:\/\/lamostradevalencia.com\/ca\/mor-director-productor-valencia-carlos-pastor\/","og_site_name":"Mostra de Val\u00e8ncia","article_published_time":"2022-04-08T08:22:13+00:00","article_modified_time":"2022-06-30T07:19:45+00:00","og_image":[{"width":2447,"height":1641,"url":"https:\/\/lamostradevalencia.com\/wp-content\/uploads\/2022\/06\/Carlos-Pastor.jpg","type":"image\/jpeg"}],"author":"Mostra de Val\u00e8ncia","twitter_card":"summary_large_image","twitter_misc":{"Escrit per":"Mostra de Val\u00e8ncia","Temps estimat de lectura":"2 minuts"},"schema":{"@context":"https:\/\/schema.org","@graph":[{"@type":"Article","@id":"https:\/\/lamostradevalencia.com\/ca\/mor-director-productor-valencia-carlos-pastor\/#article","isPartOf":{"@id":"https:\/\/lamostradevalencia.com\/ca\/mor-director-productor-valencia-carlos-pastor\/"},"author":{"name":"Mostra de Val\u00e8ncia","@id":"https:\/\/lamostradevalencia.com\/ca\/#\/schema\/person\/1dc07e4df3d6310b81d2cdf6a034070c"},"headline":"MOR EL DIRECTOR I PRODUCTOR VALENCI\u00c0 CARLOS PASTOR","datePublished":"2022-04-08T08:22:13+00:00","dateModified":"2022-06-30T07:19:45+00:00","mainEntityOfPage":{"@id":"https:\/\/lamostradevalencia.com\/ca\/mor-director-productor-valencia-carlos-pastor\/"},"wordCount":353,"commentCount":0,"image":{"@id":"https:\/\/lamostradevalencia.com\/ca\/mor-director-productor-valencia-carlos-pastor\/#primaryimage"},"thumbnailUrl":"https:\/\/lamostradevalencia.com\/wp-content\/uploads\/2022\/06\/Carlos-Pastor.jpg","articleSection":["Noticies"],"inLanguage":"ca","potentialAction":[{"@type":"CommentAction","name":"Comment","target":["https:\/\/lamostradevalencia.com\/ca\/mor-director-productor-valencia-carlos-pastor\/#respond"]}]},{"@type":"WebPage","@id":"https:\/\/lamostradevalencia.com\/ca\/mor-director-productor-valencia-carlos-pastor\/","url":"https:\/\/lamostradevalencia.com\/ca\/mor-director-productor-valencia-carlos-pastor\/","name":"MOR EL DIRECTOR I PRODUCTOR VALENCI\u00c0 CARLOS PASTOR","isPartOf":{"@id":"https:\/\/lamostradevalencia.com\/ca\/#website"},"primaryImageOfPage":{"@id":"https:\/\/lamostradevalencia.com\/ca\/mor-director-productor-valencia-carlos-pastor\/#primaryimage"},"image":{"@id":"https:\/\/lamostradevalencia.com\/ca\/mor-director-productor-valencia-carlos-pastor\/#primaryimage"},"thumbnailUrl":"https:\/\/lamostradevalencia.com\/wp-content\/uploads\/2022\/06\/Carlos-Pastor.jpg","datePublished":"2022-04-08T08:22:13+00:00","dateModified":"2022-06-30T07:19:45+00:00","author":{"@id":"https:\/\/lamostradevalencia.com\/ca\/#\/schema\/person\/1dc07e4df3d6310b81d2cdf6a034070c"},"breadcrumb":{"@id":"https:\/\/lamostradevalencia.com\/ca\/mor-director-productor-valencia-carlos-pastor\/#breadcrumb"},"inLanguage":"ca","potentialAction":[{"@type":"ReadAction","target":["https:\/\/lamostradevalencia.com\/ca\/mor-director-productor-valencia-carlos-pastor\/"]}]},{"@type":"ImageObject","inLanguage":"ca","@id":"https:\/\/lamostradevalencia.com\/ca\/mor-director-productor-valencia-carlos-pastor\/#primaryimage","url":"https:\/\/lamostradevalencia.com\/wp-content\/uploads\/2022\/06\/Carlos-Pastor.jpg","contentUrl":"https:\/\/lamostradevalencia.com\/wp-content\/uploads\/2022\/06\/Carlos-Pastor.jpg","width":2447,"height":1641},{"@type":"BreadcrumbList","@id":"https:\/\/lamostradevalencia.com\/ca\/mor-director-productor-valencia-carlos-pastor\/#breadcrumb","itemListElement":[{"@type":"ListItem","position":1,"name":"Portada","item":"https:\/\/lamostradevalencia.com\/ca\/"},{"@type":"ListItem","position":2,"name":"MOR EL DIRECTOR I PRODUCTOR VALENCI\u00c0 CARLOS PASTOR"}]},{"@type":"WebSite","@id":"https:\/\/lamostradevalencia.com\/ca\/#website","url":"https:\/\/lamostradevalencia.com\/ca\/","name":"Mostra de Val\u00e8ncia","description":"Cinema del Mediterrani","potentialAction":[{"@type":"SearchAction","target":{"@type":"EntryPoint","urlTemplate":"https:\/\/lamostradevalencia.com\/ca\/?s={search_term_string}"},"query-input":{"@type":"PropertyValueSpecification","valueRequired":true,"valueName":"search_term_string"}}],"inLanguage":"ca"},{"@type":"Person","@id":"https:\/\/lamostradevalencia.com\/ca\/#\/schema\/person\/1dc07e4df3d6310b81d2cdf6a034070c","name":"Mostra de Val\u00e8ncia","image":{"@type":"ImageObject","inLanguage":"ca","@id":"https:\/\/secure.gravatar.com\/avatar\/ada4dfd699a9907706987adb1bb2b361c2613ccca474b49b8c648de5208e32f8?s=96&d=mm&r=g","url":"https:\/\/secure.gravatar.com\/avatar\/ada4dfd699a9907706987adb1bb2b361c2613ccca474b49b8c648de5208e32f8?s=96&d=mm&r=g","contentUrl":"https:\/\/secure.gravatar.com\/avatar\/ada4dfd699a9907706987adb1bb2b361c2613ccca474b49b8c648de5208e32f8?s=96&d=mm&r=g","caption":"Mostra de Val\u00e8ncia"}}]}},"uagb_featured_image_src":{"full":["https:\/\/lamostradevalencia.com\/wp-content\/uploads\/2022\/06\/Carlos-Pastor.jpg",2447,1641,false],"thumbnail":["https:\/\/lamostradevalencia.com\/wp-content\/uploads\/2022\/06\/Carlos-Pastor-150x150.jpg",150,150,true],"medium":["https:\/\/lamostradevalencia.com\/wp-content\/uploads\/2022\/06\/Carlos-Pastor-300x201.jpg",300,201,true],"medium_large":["https:\/\/lamostradevalencia.com\/wp-content\/uploads\/2022\/06\/Carlos-Pastor-768x515.jpg",768,515,true],"large":["https:\/\/lamostradevalencia.com\/wp-content\/uploads\/2022\/06\/Carlos-Pastor-1024x687.jpg",1024,687,true],"1536x1536":["https:\/\/lamostradevalencia.com\/wp-content\/uploads\/2022\/06\/Carlos-Pastor-1536x1030.jpg",1536,1030,true],"2048x2048":["https:\/\/lamostradevalencia.com\/wp-content\/uploads\/2022\/06\/Carlos-Pastor-2048x1373.jpg",2048,1373,true],"cinerama_edge_image_square":["https:\/\/lamostradevalencia.com\/wp-content\/uploads\/2022\/06\/Carlos-Pastor-550x550.jpg",550,550,true],"cinerama_edge_image_landscape":["https:\/\/lamostradevalencia.com\/wp-content\/uploads\/2022\/06\/Carlos-Pastor-1100x550.jpg",1100,550,true],"cinerama_edge_image_portrait":["https:\/\/lamostradevalencia.com\/wp-content\/uploads\/2022\/06\/Carlos-Pastor-550x1100.jpg",550,1100,true],"cinerama_edge_image_huge":["https:\/\/lamostradevalencia.com\/wp-content\/uploads\/2022\/06\/Carlos-Pastor-1100x1100.jpg",1100,1100,true],"gform-image-choice-sm":["https:\/\/lamostradevalencia.com\/wp-content\/uploads\/2022\/06\/Carlos-Pastor.jpg",300,201,false],"gform-image-choice-md":["https:\/\/lamostradevalencia.com\/wp-content\/uploads\/2022\/06\/Carlos-Pastor.jpg",400,268,false],"gform-image-choice-lg":["https:\/\/lamostradevalencia.com\/wp-content\/uploads\/2022\/06\/Carlos-Pastor.jpg",600,402,false]},"uagb_author_info":{"display_name":"Mostra de Val\u00e8ncia","author_link":"https:\/\/lamostradevalencia.com\/ca\/author\/mostravalencia\/"},"uagb_comment_info":0,"uagb_excerpt":"Ha mort el productor, director i guionista Carlos Pastor, un aut\u00e8ntic tot terreny de l&#8217;audiovisual valenci\u00e0 que va desenvolupar la seua carrera al llarg de [&hellip;]","_links":{"self":[{"href":"https:\/\/lamostradevalencia.com\/ca\/wp-json\/wp\/v2\/posts\/13448","targetHints":{"allow":["GET"]}}],"collection":[{"href":"https:\/\/lamostradevalencia.com\/ca\/wp-json\/wp\/v2\/posts"}],"about":[{"href":"https:\/\/lamostradevalencia.com\/ca\/wp-json\/wp\/v2\/types\/post"}],"author":[{"embeddable":true,"href":"https:\/\/lamostradevalencia.com\/ca\/wp-json\/wp\/v2\/users\/1"}],"replies":[{"embeddable":true,"href":"https:\/\/lamostradevalencia.com\/ca\/wp-json\/wp\/v2\/comments?post=13448"}],"version-history":[{"count":3,"href":"https:\/\/lamostradevalencia.com\/ca\/wp-json\/wp\/v2\/posts\/13448\/revisions"}],"predecessor-version":[{"id":13663,"href":"https:\/\/lamostradevalencia.com\/ca\/wp-json\/wp\/v2\/posts\/13448\/revisions\/13663"}],"wp:featuredmedia":[{"embeddable":true,"href":"https:\/\/lamostradevalencia.com\/ca\/wp-json\/wp\/v2\/media\/13658"}],"wp:attachment":[{"href":"https:\/\/lamostradevalencia.com\/ca\/wp-json\/wp\/v2\/media?parent=13448"}],"wp:term":[{"taxonomy":"category","embeddable":true,"href":"https:\/\/lamostradevalencia.com\/ca\/wp-json\/wp\/v2\/categories?post=13448"},{"taxonomy":"post_tag","embeddable":true,"href":"https:\/\/lamostradevalencia.com\/ca\/wp-json\/wp\/v2\/tags?post=13448"}],"curies":[{"name":"wp","href":"https:\/\/api.w.org\/{rel}","templated":true}]}}