{"id":13426,"date":"2022-03-21T20:20:19","date_gmt":"2022-03-21T18:20:19","guid":{"rendered":"https:\/\/lamostradevalencia.com\/?p=13426"},"modified":"2022-03-21T20:20:21","modified_gmt":"2022-03-21T18:20:21","slug":"crida-a-projecte-per-a-la-realitzacio-de-la-imatge-del-festival","status":"publish","type":"post","link":"https:\/\/lamostradevalencia.com\/ca\/crida-a-projecte-per-a-la-realitzacio-de-la-imatge-del-festival\/","title":{"rendered":"CRIDA A PROJECTE PER A LA REALITZACI\u00d3 DE LA IMATGE DEL FESTIVAL"},"content":{"rendered":"\n<p><strong>Presentaci\u00f3 de candidatures del 22 al 28 de mar\u00e7 de 2022<\/strong><\/p>\n\n\n\n<ol class=\"wp-block-list\"><li><strong>OBJECTE I FINALITAT DE LA CONVOCAT\u00d2RIA<\/strong><\/li><\/ol>\n\n\n\n<p>Mostra de Val\u00e8ncia i Iniciatives Audiovisuals, amb el suport de l\u2019Associaci\u00f3 de Dissenyadors de la Comunitat Valenciana (ADCV), de l\u2019Associaci\u00f3 de Professionals de la Il\u00b7lustraci\u00f3 Valenciana (APIV) i de l\u2019associaci\u00f3 Empreses de Comunicaci\u00f3 Publicit\u00e0ria de la Comunitat Valenciana (COMUNITAD), fa una convocat\u00f2ria oberta a professionals i a empreses del sector del disseny, la il\u00b7lustraci\u00f3 i la publicitat, per a encarregar un treball consistent en la realitzaci\u00f3 del cartell de la 37\u00aa edici\u00f3 de Mostra de Val\u00e8ncia-Cinema del Mediterrani (que se celebrar\u00e0 del 20 al 30 d\u2019octubre de 2022), aix\u00ed com la seua adaptaci\u00f3 a diferents formats promocionals i al programa de m\u00e0 de la mateixa edici\u00f3. Per aix\u00f2, a trav\u00e9s d\u2019una crida a projecte se seleccionar\u00e0 la persona professional o l\u2019empresa del sector que realitzar\u00e0 els seg\u00fcents serveis:&nbsp;<\/p>\n\n\n\n<ul class=\"wp-block-list\"><li>Disseny de la imatge de la 37a edici\u00f3.<\/li><li>Adaptaci\u00f3 de la imatge a diferents aplicacions (arts finals), consistent en l\u2019ajust del disseny a diferents mesures que es puguen requerir i \/o a l\u2019actualitzaci\u00f3 de la informaci\u00f3 escrita o logos que acompanyen la imatge. Les adaptacions no implicaran canvis en el disseny principal.<ul><li>Mupis<\/li><li>Photocall&nbsp;<\/li><li>Roll-up<\/li><li>Lona exterior<\/li><li>Acreditaci\u00f3<\/li><li>Targeta-invitaci\u00f3<\/li><li>Abonament<\/li><li>Cartell est\u00e0ndard<\/li><li>Banderoles<\/li><li>Exteriors bus&nbsp;<\/li><li>Exterior tramvia<\/li><li>Vinils per a superf\u00edcies<\/li><li>Anuncis per a premsa escrita (fins a 20)<\/li><li>Perfils per a xarxes (web, Instagram, Facebook i Twitter)<\/li><\/ul><\/li><li>Maquetaci\u00f3 del programa de m\u00e0 de la 36a edici\u00f3 (120 p\u00e0gines aproximadament, en mida 20cmX21cm obert, 10cmX21cm tancat). La maquetaci\u00f3 consistir\u00e0 en l\u2019adaptaci\u00f3 de la imatge a les portades del llibret i en l\u2019actualitzaci\u00f3 dels continguts program\u00e0tics de la present edici\u00f3 sobre el model ja fet de l\u2019anterior.<\/li><\/ul>\n\n\n\n<p>Mostra de Val\u00e8ncia i Iniciatives Audiovisuals contractar\u00e0 a qui s\u2019encarregue d\u2019este servei a trav\u00e9s d\u2019un contracte menor, amb un preu de 8.800,00\u20ac + IVA (21%) = 10.648,00\u20ac, a c\u00e0rrec de l\u2019aplicaci\u00f3 pressupost\u00e0ria 2022\/334\/227.99, atenent als conceptes:&nbsp;<\/p>\n\n\n\n<ul class=\"wp-block-list\"><li>Disseny de la imatge de la 37 edici\u00f3: 3.500,00 + 21%IVA<\/li><li>Adaptaci\u00f3 a aplicacions: 3.300,00\u20ac + 21%IVA<\/li><li>Maquetaci\u00f3 del programa: 2.000,00\u20ac + 21%IVA<\/li><\/ul>\n\n\n\n<p>En el cas que fora necessari ampliar les prestacions del contracte, el preu final del conjunt de prestacions no superar\u00e0 en cap cas l\u2019import m\u00e0xim de la contractaci\u00f3 menor per a este tipus de serveis.&nbsp;<\/p>\n\n\n\n<ol class=\"wp-block-list\" start=\"2\"><li><strong>REQUISITS DE LES PERSONES PARTICIPANTS&nbsp;<\/strong><\/li><\/ol>\n\n\n\n<p>Podr\u00e0 presentar-se a la convocat\u00f2ria qualsevol professional, empresa o uni\u00f3 d\u2019empreses del sector, amb personalitat f\u00edsica o jur\u00eddica. Al moment de formalitzar el contracte ser\u00e0 imprescindible, en tot cas, que es troben d\u2019alta en l\u2019IAE i al corrent de les obligacions pertinents de la Seguretat Social i que no estiguen incurses en alguna de les causes de prohibici\u00f3 per contractar previstes en l\u2019article 71 de la Llei 9\/2017, de 8 de novembre de Contractes del Sector P\u00fablic.&nbsp;<\/p>\n\n\n\n<ol class=\"wp-block-list\" start=\"3\"><li><strong>FORMA I TERMINI DE PRESENTACI\u00d3 DE LES CANDIDATURES<\/strong><\/li><\/ol>\n\n\n\n<p>Les persones o empreses interessades a participar hauran de presentar una candidatura (inscripci\u00f3 gratu\u00efta). Per a aix\u00f2 han d\u2019enviar la seg\u00fcent documentaci\u00f3:&nbsp;<\/p>\n\n\n\n<ul class=\"wp-block-list\"><li>Dossier o <em>book <\/em>de treballs, que incloga un m\u00e0xim de deu treballs espec\u00edfics realitzats per la persona o empresa que, en la mesura que siga possible, estiguen relacionats amb l\u2019objecte d\u2019este enc\u00e0rrec.&nbsp;<\/li><li>Curr\u00edculum personal o acreditaci\u00f3 professional semblant de l\u2019empresa.&nbsp;<\/li><\/ul>\n\n\n\n<p>Tota la documentaci\u00f3 s\u2019ha de presentar en format digital (PDF) i enviar-se a l\u2019adre\u00e7a electr\u00f2nica <a href=\"mailto:administracio@lamostradevalencia.com\">administracio@lamostradevalencia.com<\/a>, tot indicant en l\u2019assumpte del missatge \u2018Crida a projecte 37 Mostra de Val\u00e8ncia\u2019. La recepci\u00f3 de la documentaci\u00f3 requerida es confirmar\u00e0 mitjan\u00e7ant un correu electr\u00f2nic.<\/p>\n\n\n\n<p>El termini per a l\u2019enviament de candidatures ser\u00e0 de set dies naturals a partir del dia seg\u00fcent a la seua publicaci\u00f3 en el web de la Mostra de Val\u00e8ncia, <a href=\"http:\/\/www.lamostradevalencia.com\">www.lamostradevalencia.com<\/a>.&nbsp;<\/p>\n\n\n\n<ol class=\"wp-block-list\" start=\"4\"><li><strong>COMPOSICI\u00d3 DEL COMIT\u00c9 DE SELECCI\u00d3<\/strong><\/li><\/ol>\n\n\n\n<p>El comit\u00e9 de selecci\u00f3 estar\u00e0 compost per:&nbsp;<\/p>\n\n\n\n<ul class=\"wp-block-list\"><li>Presid\u00e8ncia: Presidenta Executiva de Mostra de Val\u00e8ncia i Iniciatives Audiovisuals o la persona en qui delegue.<\/li><li>Tres vocals professionals del disseny gr\u00e0fic, la il\u00b7lustraci\u00f3 i\/o la publicitat a proposta de l\u2019Associaci\u00f3 de Dissenyadors de la Comunitat Valenciana (ADCV), l\u2019Associaci\u00f3 de Professionals de la Il\u00b7lustraci\u00f3 Valenciana (APIV) i l\u2019Associaci\u00f3 d\u2019Empreses de Comunicaci\u00f3 Publicit\u00e0ria de la Comunitat Valenciana (COMUNITAD).&nbsp;<\/li><li>Dos vocals representants de Mostra de Val\u00e8ncia i Iniciatives Audiovisuals.<\/li><li>Secretaria: Actuar\u00e0, amb veu per\u00f2 sense vot, la persona designada per la Secretaria General de l\u2019Administraci\u00f3 Municipal.&nbsp;<\/li><\/ul>\n\n\n\n<p>Cap membre del comit\u00e9 de selecci\u00f3 podr\u00e0 tindre relaci\u00f3 empresarial, professional o contractual directa amb les candidatures presentades.<\/p>\n\n\n\n<ol class=\"wp-block-list\" start=\"5\"><li><strong>ACTUACI\u00d3 DEL COMIT\u00c9 DE SELECCI\u00d3. CRITERIS D\u2019AVALUACI\u00d3. RESOLUCI\u00d3.&nbsp;<\/strong><\/li><\/ol>\n\n\n\n<p>Una vegada constitu\u00eft el comit\u00e8, s\u2019al\u00e7ar\u00e0 una acta de les seues decisions. En primer lloc, es comprovaran totes les candidatures presentades per verificar-ne l\u2019acompliment efectiu de les condicions establertes en estes bases i, en conseq\u00fc\u00e8ncia, pronunciar-se\u2019n sobre l\u2019admissi\u00f3 definitiva. A continuaci\u00f3, es resoldr\u00e0 la convocat\u00f2ria, despr\u00e9s de valorar tant la qualitat gr\u00e0fica dels dossiers dels treballs de les persones o empreses participants com el seu curr\u00edculum. De totes les candidatures el comit\u00e9 seleccionar\u00e0 aquella que considere m\u00e9s adequada i reunisca les millors qualitats per a la realitzaci\u00f3 del treball. Se seguiran els seg\u00fcents criteris:&nbsp;<\/p>\n\n\n\n<ul class=\"wp-block-list\"><li>Qualitat en els treballs desenvolupats<\/li><li>Originalitat i creativitat en els resultats<\/li><li>Experi\u00e8ncia en projectes semblants<\/li><\/ul>\n\n\n\n<p>Una vegada resolta la convocat\u00f2ria, el comit\u00e9 de selecci\u00f3 detallar\u00e0 a la persona professional o empresa seleccionada en una sessi\u00f3 informativa les especificacions t\u00e8cniques necess\u00e0ries per a l\u2019execuci\u00f3 del treball, aix\u00ed com les dates de lliurament de les diferents peces i la forma de pagament (de forma estimativa, el disseny principal hauria d\u2019estar enllestit i aprovat un mes despr\u00e9s de la formalitzaci\u00f3 del contracte). La resoluci\u00f3 del comit\u00e9 de selecci\u00f3 es far\u00e0 p\u00fablica en el web de Mostra de Val\u00e8ncia (www.lamostradevalencia.com), sense perju\u00ed de fer-ne una comunicaci\u00f3 personal a qui guanye el concurs. El comit\u00e9 de selecci\u00f3 podr\u00e0 tanmateix declarar deserta la convocat\u00f2ria si ho considera oport\u00fa.&nbsp;<\/p>\n\n\n\n<ol class=\"wp-block-list\" start=\"6\"><li><strong>PROC\u00c9S DE CONVOCAT\u00d2RIA<\/strong><\/li><\/ol>\n\n\n\n<ul class=\"wp-block-list\"><li>Aprovades la convocat\u00f2ria i les bases, es publicaran en el web de Mostra de Val\u00e8ncia.&nbsp;<\/li><li>A partir del dia seg\u00fcent de la publicaci\u00f3, s\u2019obrir\u00e0 un termini de set dies naturals per a presentar les candidatures.&nbsp;<\/li><li>Concl\u00f3s el termini de presentaci\u00f3 de candidatures, el comit\u00e8 de selecci\u00f3 celebrar\u00e0 la sessi\u00f3 d\u2019avaluaci\u00f3 en un termini m\u00e0xim de quinze dies naturals.&nbsp;<\/li><li>La resoluci\u00f3 del comit\u00e9 es publicar\u00e0 en el web de Mostra de Val\u00e8ncia en el termini m\u00e0xim de set dies naturals.&nbsp;<\/li><\/ul>\n\n\n\n<p>La participaci\u00f3 en la convocat\u00f2ria implica la plena acceptaci\u00f3 d\u2019estes bases.&nbsp;<\/p>\n\n\n\n<ol class=\"wp-block-list\" start=\"7\"><li><strong>REQUISITS D\u2019EXECUCI\u00d3 DEL CONTRACTE<\/strong><\/li><\/ol>\n\n\n\n<p>Mostra de Val\u00e8ncia i Iniciatives Audiovisuals i l\u2019adjudicat\u00e0ria del contracte vetlaran perqu\u00e8 la imatge proposada complisca amb els principis establerts en la Constituci\u00f3 Espanyola; l\u2019Estatut d\u2019Autonomia de la Comunitat Valenciana; la Llei Org\u00e0nica 3\/2007, de 22 de mar\u00e7, per a la igualtat efectiva de dones i homes; la Llei de la Generalitat 9\/2003, de 2 d&#8217;abril, per a la igualtat entre dones i homes; la Llei Org\u00e0nica 1\/2004, de 28 de desembre, de mesures de protecci\u00f3 integral contra la viol\u00e8ncia de g\u00e8nere; la Llei 7\/2012, de 23 de novembre de la Generalitat, integral contra la Viol\u00e8ncia sobre la Dona en l&#8217;\u00e0mbit de la Comunitat Valenciana i la Llei 8\/2017, de 7 d&#8217;abril, integral del reconeixement del dret a la identitat i a l&#8217;expressi\u00f3 de g\u00e8nere a la Comunitat Valenciana, aix\u00ed com en el desenvolupament normatiu derivat o que pogu\u00e9s derivar d&#8217;aquestes lleis. En concret, el disseny respectar\u00e0 els principis d&#8217;igualtat de tracte, sense que puga contindre cap discriminaci\u00f3 per ra\u00f3 de sexe, origen racial o \u00e8tnic, religi\u00f3 o conviccions, discapacitat, edat, orientaci\u00f3 sexual, origen social, caracter\u00edstiques gen\u00e8tiques, llengua, opinions pol\u00edtiques o de qualsevol altre tipus, pertinen\u00e7a a una minoria nacional, patrimoni, naixement o qualsevol altra circumst\u00e0ncia personal o social. Si l&#8217;execuci\u00f3 t\u00e8cnica de la imatge requerira alguna modificaci\u00f3 per al millor compliment d&#8217;estos principis, o per a la seua millor impressi\u00f3, Mostra de Val\u00e8ncia i Iniciatives Audiovisuals podr\u00e0 imposar les variacions necess\u00e0ries, pr\u00e8via consulta amb l&#8217;autora o l&#8217;autor.&nbsp;<\/p>\n\n\n\n<p>La realitzaci\u00f3 de la imatge per a la 37 Mostra de Val\u00e8ncia-Cinema del Mediterrani comporta la cessi\u00f3 dels drets que resulten transferibles de publicaci\u00f3, reproducci\u00f3 i explotaci\u00f3 del cartell a favor de Mostra de Val\u00e8ncia i Iniciatives Audiovisuals, sense l\u00edmit geogr\u00e0fic ni temporal.&nbsp;<\/p>\n","protected":false},"excerpt":{"rendered":"<p>Presentaci\u00f3 de candidatures del 22 al 28 de mar\u00e7 de 2022 OBJECTE I FINALITAT DE LA CONVOCAT\u00d2RIA Mostra de Val\u00e8ncia i Iniciatives Audiovisuals, amb el [&hellip;]<\/p>\n","protected":false},"author":1,"featured_media":13389,"comment_status":"open","ping_status":"open","sticky":false,"template":"","format":"standard","meta":{"_uag_custom_page_level_css":"","_jet_sm_ready_style":"","_jet_sm_style":"","_jet_sm_controls_values":"","_jet_sm_fonts_collection":"","_jet_sm_fonts_links":"","footnotes":""},"categories":[3026],"tags":[],"class_list":["post-13426","post","type-post","status-publish","format-standard","has-post-thumbnail","hentry","category-convocatories"],"yoast_head":"<!-- This site is optimized with the Yoast SEO plugin v27.5 - https:\/\/yoast.com\/product\/yoast-seo-wordpress\/ -->\n<title>CRIDA A PROJECTE PER A LA REALITZACI\u00d3 DE LA IMATGE DEL FESTIVAL - Mostra de Val\u00e8ncia<\/title>\n<meta name=\"robots\" content=\"index, follow, max-snippet:-1, max-image-preview:large, max-video-preview:-1\" \/>\n<link rel=\"canonical\" href=\"https:\/\/lamostradevalencia.com\/ca\/crida-a-projecte-per-a-la-realitzacio-de-la-imatge-del-festival\/\" \/>\n<meta property=\"og:locale\" content=\"ca_ES\" \/>\n<meta property=\"og:type\" content=\"article\" \/>\n<meta property=\"og:title\" content=\"CRIDA A PROJECTE PER A LA REALITZACI\u00d3 DE LA IMATGE DEL FESTIVAL - Mostra de Val\u00e8ncia\" \/>\n<meta property=\"og:description\" content=\"Presentaci\u00f3 de candidatures del 22 al 28 de mar\u00e7 de 2022 OBJECTE I FINALITAT DE LA CONVOCAT\u00d2RIA Mostra de Val\u00e8ncia i Iniciatives Audiovisuals, amb el [&hellip;]\" \/>\n<meta property=\"og:url\" content=\"https:\/\/lamostradevalencia.com\/ca\/crida-a-projecte-per-a-la-realitzacio-de-la-imatge-del-festival\/\" \/>\n<meta property=\"og:site_name\" content=\"Mostra de Val\u00e8ncia\" \/>\n<meta property=\"article:published_time\" content=\"2022-03-21T18:20:19+00:00\" \/>\n<meta property=\"article:modified_time\" content=\"2022-03-21T18:20:21+00:00\" \/>\n<meta property=\"og:image\" content=\"https:\/\/lamostradevalencia.com\/wp-content\/uploads\/2022\/03\/Mostra-2022.jpeg\" \/>\n\t<meta property=\"og:image:width\" content=\"1702\" \/>\n\t<meta property=\"og:image:height\" content=\"630\" \/>\n\t<meta property=\"og:image:type\" content=\"image\/jpeg\" \/>\n<meta name=\"author\" content=\"Mostra de Val\u00e8ncia\" \/>\n<meta name=\"twitter:card\" content=\"summary_large_image\" \/>\n<meta name=\"twitter:label1\" content=\"Escrit per\" \/>\n\t<meta name=\"twitter:data1\" content=\"Mostra de Val\u00e8ncia\" \/>\n\t<meta name=\"twitter:label2\" content=\"Temps estimat de lectura\" \/>\n\t<meta name=\"twitter:data2\" content=\"7 minuts\" \/>\n<script type=\"application\/ld+json\" class=\"yoast-schema-graph\">{\"@context\":\"https:\\\/\\\/schema.org\",\"@graph\":[{\"@type\":\"Article\",\"@id\":\"https:\\\/\\\/lamostradevalencia.com\\\/ca\\\/crida-a-projecte-per-a-la-realitzacio-de-la-imatge-del-festival\\\/#article\",\"isPartOf\":{\"@id\":\"https:\\\/\\\/lamostradevalencia.com\\\/ca\\\/crida-a-projecte-per-a-la-realitzacio-de-la-imatge-del-festival\\\/\"},\"author\":{\"name\":\"Mostra de Val\u00e8ncia\",\"@id\":\"https:\\\/\\\/lamostradevalencia.com\\\/ca\\\/#\\\/schema\\\/person\\\/1dc07e4df3d6310b81d2cdf6a034070c\"},\"headline\":\"CRIDA A PROJECTE PER A LA REALITZACI\u00d3 DE LA IMATGE DEL FESTIVAL\",\"datePublished\":\"2022-03-21T18:20:19+00:00\",\"dateModified\":\"2022-03-21T18:20:21+00:00\",\"mainEntityOfPage\":{\"@id\":\"https:\\\/\\\/lamostradevalencia.com\\\/ca\\\/crida-a-projecte-per-a-la-realitzacio-de-la-imatge-del-festival\\\/\"},\"wordCount\":1470,\"commentCount\":0,\"image\":{\"@id\":\"https:\\\/\\\/lamostradevalencia.com\\\/ca\\\/crida-a-projecte-per-a-la-realitzacio-de-la-imatge-del-festival\\\/#primaryimage\"},\"thumbnailUrl\":\"https:\\\/\\\/lamostradevalencia.com\\\/wp-content\\\/uploads\\\/2022\\\/03\\\/Mostra-2022.jpeg\",\"articleSection\":[\"Convocat\u00f2ries\"],\"inLanguage\":\"ca\",\"potentialAction\":[{\"@type\":\"CommentAction\",\"name\":\"Comment\",\"target\":[\"https:\\\/\\\/lamostradevalencia.com\\\/ca\\\/crida-a-projecte-per-a-la-realitzacio-de-la-imatge-del-festival\\\/#respond\"]}]},{\"@type\":\"WebPage\",\"@id\":\"https:\\\/\\\/lamostradevalencia.com\\\/ca\\\/crida-a-projecte-per-a-la-realitzacio-de-la-imatge-del-festival\\\/\",\"url\":\"https:\\\/\\\/lamostradevalencia.com\\\/ca\\\/crida-a-projecte-per-a-la-realitzacio-de-la-imatge-del-festival\\\/\",\"name\":\"CRIDA A PROJECTE PER A LA REALITZACI\u00d3 DE LA IMATGE DEL FESTIVAL - Mostra de Val\u00e8ncia\",\"isPartOf\":{\"@id\":\"https:\\\/\\\/lamostradevalencia.com\\\/ca\\\/#website\"},\"primaryImageOfPage\":{\"@id\":\"https:\\\/\\\/lamostradevalencia.com\\\/ca\\\/crida-a-projecte-per-a-la-realitzacio-de-la-imatge-del-festival\\\/#primaryimage\"},\"image\":{\"@id\":\"https:\\\/\\\/lamostradevalencia.com\\\/ca\\\/crida-a-projecte-per-a-la-realitzacio-de-la-imatge-del-festival\\\/#primaryimage\"},\"thumbnailUrl\":\"https:\\\/\\\/lamostradevalencia.com\\\/wp-content\\\/uploads\\\/2022\\\/03\\\/Mostra-2022.jpeg\",\"datePublished\":\"2022-03-21T18:20:19+00:00\",\"dateModified\":\"2022-03-21T18:20:21+00:00\",\"author\":{\"@id\":\"https:\\\/\\\/lamostradevalencia.com\\\/ca\\\/#\\\/schema\\\/person\\\/1dc07e4df3d6310b81d2cdf6a034070c\"},\"breadcrumb\":{\"@id\":\"https:\\\/\\\/lamostradevalencia.com\\\/ca\\\/crida-a-projecte-per-a-la-realitzacio-de-la-imatge-del-festival\\\/#breadcrumb\"},\"inLanguage\":\"ca\",\"potentialAction\":[{\"@type\":\"ReadAction\",\"target\":[\"https:\\\/\\\/lamostradevalencia.com\\\/ca\\\/crida-a-projecte-per-a-la-realitzacio-de-la-imatge-del-festival\\\/\"]}]},{\"@type\":\"ImageObject\",\"inLanguage\":\"ca\",\"@id\":\"https:\\\/\\\/lamostradevalencia.com\\\/ca\\\/crida-a-projecte-per-a-la-realitzacio-de-la-imatge-del-festival\\\/#primaryimage\",\"url\":\"https:\\\/\\\/lamostradevalencia.com\\\/wp-content\\\/uploads\\\/2022\\\/03\\\/Mostra-2022.jpeg\",\"contentUrl\":\"https:\\\/\\\/lamostradevalencia.com\\\/wp-content\\\/uploads\\\/2022\\\/03\\\/Mostra-2022.jpeg\",\"width\":1702,\"height\":630},{\"@type\":\"BreadcrumbList\",\"@id\":\"https:\\\/\\\/lamostradevalencia.com\\\/ca\\\/crida-a-projecte-per-a-la-realitzacio-de-la-imatge-del-festival\\\/#breadcrumb\",\"itemListElement\":[{\"@type\":\"ListItem\",\"position\":1,\"name\":\"Portada\",\"item\":\"https:\\\/\\\/lamostradevalencia.com\\\/ca\\\/\"},{\"@type\":\"ListItem\",\"position\":2,\"name\":\"CRIDA A PROJECTE PER A LA REALITZACI\u00d3 DE LA IMATGE DEL FESTIVAL\"}]},{\"@type\":\"WebSite\",\"@id\":\"https:\\\/\\\/lamostradevalencia.com\\\/ca\\\/#website\",\"url\":\"https:\\\/\\\/lamostradevalencia.com\\\/ca\\\/\",\"name\":\"Mostra de Val\u00e8ncia\",\"description\":\"Cinema del Mediterrani\",\"potentialAction\":[{\"@type\":\"SearchAction\",\"target\":{\"@type\":\"EntryPoint\",\"urlTemplate\":\"https:\\\/\\\/lamostradevalencia.com\\\/ca\\\/?s={search_term_string}\"},\"query-input\":{\"@type\":\"PropertyValueSpecification\",\"valueRequired\":true,\"valueName\":\"search_term_string\"}}],\"inLanguage\":\"ca\"},{\"@type\":\"Person\",\"@id\":\"https:\\\/\\\/lamostradevalencia.com\\\/ca\\\/#\\\/schema\\\/person\\\/1dc07e4df3d6310b81d2cdf6a034070c\",\"name\":\"Mostra de Val\u00e8ncia\",\"image\":{\"@type\":\"ImageObject\",\"inLanguage\":\"ca\",\"@id\":\"https:\\\/\\\/secure.gravatar.com\\\/avatar\\\/ada4dfd699a9907706987adb1bb2b361c2613ccca474b49b8c648de5208e32f8?s=96&d=mm&r=g\",\"url\":\"https:\\\/\\\/secure.gravatar.com\\\/avatar\\\/ada4dfd699a9907706987adb1bb2b361c2613ccca474b49b8c648de5208e32f8?s=96&d=mm&r=g\",\"contentUrl\":\"https:\\\/\\\/secure.gravatar.com\\\/avatar\\\/ada4dfd699a9907706987adb1bb2b361c2613ccca474b49b8c648de5208e32f8?s=96&d=mm&r=g\",\"caption\":\"Mostra de Val\u00e8ncia\"}}]}<\/script>\n<!-- \/ Yoast SEO plugin. -->","yoast_head_json":{"title":"CRIDA A PROJECTE PER A LA REALITZACI\u00d3 DE LA IMATGE DEL FESTIVAL - Mostra de Val\u00e8ncia","robots":{"index":"index","follow":"follow","max-snippet":"max-snippet:-1","max-image-preview":"max-image-preview:large","max-video-preview":"max-video-preview:-1"},"canonical":"https:\/\/lamostradevalencia.com\/ca\/crida-a-projecte-per-a-la-realitzacio-de-la-imatge-del-festival\/","og_locale":"ca_ES","og_type":"article","og_title":"CRIDA A PROJECTE PER A LA REALITZACI\u00d3 DE LA IMATGE DEL FESTIVAL - Mostra de Val\u00e8ncia","og_description":"Presentaci\u00f3 de candidatures del 22 al 28 de mar\u00e7 de 2022 OBJECTE I FINALITAT DE LA CONVOCAT\u00d2RIA Mostra de Val\u00e8ncia i Iniciatives Audiovisuals, amb el [&hellip;]","og_url":"https:\/\/lamostradevalencia.com\/ca\/crida-a-projecte-per-a-la-realitzacio-de-la-imatge-del-festival\/","og_site_name":"Mostra de Val\u00e8ncia","article_published_time":"2022-03-21T18:20:19+00:00","article_modified_time":"2022-03-21T18:20:21+00:00","og_image":[{"width":1702,"height":630,"url":"https:\/\/lamostradevalencia.com\/wp-content\/uploads\/2022\/03\/Mostra-2022.jpeg","type":"image\/jpeg"}],"author":"Mostra de Val\u00e8ncia","twitter_card":"summary_large_image","twitter_misc":{"Escrit per":"Mostra de Val\u00e8ncia","Temps estimat de lectura":"7 minuts"},"schema":{"@context":"https:\/\/schema.org","@graph":[{"@type":"Article","@id":"https:\/\/lamostradevalencia.com\/ca\/crida-a-projecte-per-a-la-realitzacio-de-la-imatge-del-festival\/#article","isPartOf":{"@id":"https:\/\/lamostradevalencia.com\/ca\/crida-a-projecte-per-a-la-realitzacio-de-la-imatge-del-festival\/"},"author":{"name":"Mostra de Val\u00e8ncia","@id":"https:\/\/lamostradevalencia.com\/ca\/#\/schema\/person\/1dc07e4df3d6310b81d2cdf6a034070c"},"headline":"CRIDA A PROJECTE PER A LA REALITZACI\u00d3 DE LA IMATGE DEL FESTIVAL","datePublished":"2022-03-21T18:20:19+00:00","dateModified":"2022-03-21T18:20:21+00:00","mainEntityOfPage":{"@id":"https:\/\/lamostradevalencia.com\/ca\/crida-a-projecte-per-a-la-realitzacio-de-la-imatge-del-festival\/"},"wordCount":1470,"commentCount":0,"image":{"@id":"https:\/\/lamostradevalencia.com\/ca\/crida-a-projecte-per-a-la-realitzacio-de-la-imatge-del-festival\/#primaryimage"},"thumbnailUrl":"https:\/\/lamostradevalencia.com\/wp-content\/uploads\/2022\/03\/Mostra-2022.jpeg","articleSection":["Convocat\u00f2ries"],"inLanguage":"ca","potentialAction":[{"@type":"CommentAction","name":"Comment","target":["https:\/\/lamostradevalencia.com\/ca\/crida-a-projecte-per-a-la-realitzacio-de-la-imatge-del-festival\/#respond"]}]},{"@type":"WebPage","@id":"https:\/\/lamostradevalencia.com\/ca\/crida-a-projecte-per-a-la-realitzacio-de-la-imatge-del-festival\/","url":"https:\/\/lamostradevalencia.com\/ca\/crida-a-projecte-per-a-la-realitzacio-de-la-imatge-del-festival\/","name":"CRIDA A PROJECTE PER A LA REALITZACI\u00d3 DE LA IMATGE DEL FESTIVAL - Mostra de Val\u00e8ncia","isPartOf":{"@id":"https:\/\/lamostradevalencia.com\/ca\/#website"},"primaryImageOfPage":{"@id":"https:\/\/lamostradevalencia.com\/ca\/crida-a-projecte-per-a-la-realitzacio-de-la-imatge-del-festival\/#primaryimage"},"image":{"@id":"https:\/\/lamostradevalencia.com\/ca\/crida-a-projecte-per-a-la-realitzacio-de-la-imatge-del-festival\/#primaryimage"},"thumbnailUrl":"https:\/\/lamostradevalencia.com\/wp-content\/uploads\/2022\/03\/Mostra-2022.jpeg","datePublished":"2022-03-21T18:20:19+00:00","dateModified":"2022-03-21T18:20:21+00:00","author":{"@id":"https:\/\/lamostradevalencia.com\/ca\/#\/schema\/person\/1dc07e4df3d6310b81d2cdf6a034070c"},"breadcrumb":{"@id":"https:\/\/lamostradevalencia.com\/ca\/crida-a-projecte-per-a-la-realitzacio-de-la-imatge-del-festival\/#breadcrumb"},"inLanguage":"ca","potentialAction":[{"@type":"ReadAction","target":["https:\/\/lamostradevalencia.com\/ca\/crida-a-projecte-per-a-la-realitzacio-de-la-imatge-del-festival\/"]}]},{"@type":"ImageObject","inLanguage":"ca","@id":"https:\/\/lamostradevalencia.com\/ca\/crida-a-projecte-per-a-la-realitzacio-de-la-imatge-del-festival\/#primaryimage","url":"https:\/\/lamostradevalencia.com\/wp-content\/uploads\/2022\/03\/Mostra-2022.jpeg","contentUrl":"https:\/\/lamostradevalencia.com\/wp-content\/uploads\/2022\/03\/Mostra-2022.jpeg","width":1702,"height":630},{"@type":"BreadcrumbList","@id":"https:\/\/lamostradevalencia.com\/ca\/crida-a-projecte-per-a-la-realitzacio-de-la-imatge-del-festival\/#breadcrumb","itemListElement":[{"@type":"ListItem","position":1,"name":"Portada","item":"https:\/\/lamostradevalencia.com\/ca\/"},{"@type":"ListItem","position":2,"name":"CRIDA A PROJECTE PER A LA REALITZACI\u00d3 DE LA IMATGE DEL FESTIVAL"}]},{"@type":"WebSite","@id":"https:\/\/lamostradevalencia.com\/ca\/#website","url":"https:\/\/lamostradevalencia.com\/ca\/","name":"Mostra de Val\u00e8ncia","description":"Cinema del Mediterrani","potentialAction":[{"@type":"SearchAction","target":{"@type":"EntryPoint","urlTemplate":"https:\/\/lamostradevalencia.com\/ca\/?s={search_term_string}"},"query-input":{"@type":"PropertyValueSpecification","valueRequired":true,"valueName":"search_term_string"}}],"inLanguage":"ca"},{"@type":"Person","@id":"https:\/\/lamostradevalencia.com\/ca\/#\/schema\/person\/1dc07e4df3d6310b81d2cdf6a034070c","name":"Mostra de Val\u00e8ncia","image":{"@type":"ImageObject","inLanguage":"ca","@id":"https:\/\/secure.gravatar.com\/avatar\/ada4dfd699a9907706987adb1bb2b361c2613ccca474b49b8c648de5208e32f8?s=96&d=mm&r=g","url":"https:\/\/secure.gravatar.com\/avatar\/ada4dfd699a9907706987adb1bb2b361c2613ccca474b49b8c648de5208e32f8?s=96&d=mm&r=g","contentUrl":"https:\/\/secure.gravatar.com\/avatar\/ada4dfd699a9907706987adb1bb2b361c2613ccca474b49b8c648de5208e32f8?s=96&d=mm&r=g","caption":"Mostra de Val\u00e8ncia"}}]}},"uagb_featured_image_src":{"full":["https:\/\/lamostradevalencia.com\/wp-content\/uploads\/2022\/03\/Mostra-2022.jpeg",1702,630,false],"thumbnail":["https:\/\/lamostradevalencia.com\/wp-content\/uploads\/2022\/03\/Mostra-2022-150x150.jpeg",150,150,true],"medium":["https:\/\/lamostradevalencia.com\/wp-content\/uploads\/2022\/03\/Mostra-2022-300x111.jpeg",300,111,true],"medium_large":["https:\/\/lamostradevalencia.com\/wp-content\/uploads\/2022\/03\/Mostra-2022-768x284.jpeg",768,284,true],"large":["https:\/\/lamostradevalencia.com\/wp-content\/uploads\/2022\/03\/Mostra-2022-1024x379.jpeg",1024,379,true],"1536x1536":["https:\/\/lamostradevalencia.com\/wp-content\/uploads\/2022\/03\/Mostra-2022-1536x569.jpeg",1536,569,true],"2048x2048":["https:\/\/lamostradevalencia.com\/wp-content\/uploads\/2022\/03\/Mostra-2022.jpeg",1702,630,false],"cinerama_edge_image_square":["https:\/\/lamostradevalencia.com\/wp-content\/uploads\/2022\/03\/Mostra-2022-550x550.jpeg",550,550,true],"cinerama_edge_image_landscape":["https:\/\/lamostradevalencia.com\/wp-content\/uploads\/2022\/03\/Mostra-2022-1100x550.jpeg",1100,550,true],"cinerama_edge_image_portrait":["https:\/\/lamostradevalencia.com\/wp-content\/uploads\/2022\/03\/Mostra-2022-550x630.jpeg",550,630,true],"cinerama_edge_image_huge":["https:\/\/lamostradevalencia.com\/wp-content\/uploads\/2022\/03\/Mostra-2022-1100x630.jpeg",1100,630,true],"gform-image-choice-sm":["https:\/\/lamostradevalencia.com\/wp-content\/uploads\/2022\/03\/Mostra-2022.jpeg",300,111,false],"gform-image-choice-md":["https:\/\/lamostradevalencia.com\/wp-content\/uploads\/2022\/03\/Mostra-2022.jpeg",400,148,false],"gform-image-choice-lg":["https:\/\/lamostradevalencia.com\/wp-content\/uploads\/2022\/03\/Mostra-2022.jpeg",600,222,false]},"uagb_author_info":{"display_name":"Mostra de Val\u00e8ncia","author_link":"https:\/\/lamostradevalencia.com\/ca\/author\/mostravalencia\/"},"uagb_comment_info":0,"uagb_excerpt":"Presentaci\u00f3 de candidatures del 22 al 28 de mar\u00e7 de 2022 OBJECTE I FINALITAT DE LA CONVOCAT\u00d2RIA Mostra de Val\u00e8ncia i Iniciatives Audiovisuals, amb el [&hellip;]","_links":{"self":[{"href":"https:\/\/lamostradevalencia.com\/ca\/wp-json\/wp\/v2\/posts\/13426","targetHints":{"allow":["GET"]}}],"collection":[{"href":"https:\/\/lamostradevalencia.com\/ca\/wp-json\/wp\/v2\/posts"}],"about":[{"href":"https:\/\/lamostradevalencia.com\/ca\/wp-json\/wp\/v2\/types\/post"}],"author":[{"embeddable":true,"href":"https:\/\/lamostradevalencia.com\/ca\/wp-json\/wp\/v2\/users\/1"}],"replies":[{"embeddable":true,"href":"https:\/\/lamostradevalencia.com\/ca\/wp-json\/wp\/v2\/comments?post=13426"}],"version-history":[{"count":1,"href":"https:\/\/lamostradevalencia.com\/ca\/wp-json\/wp\/v2\/posts\/13426\/revisions"}],"predecessor-version":[{"id":13427,"href":"https:\/\/lamostradevalencia.com\/ca\/wp-json\/wp\/v2\/posts\/13426\/revisions\/13427"}],"wp:featuredmedia":[{"embeddable":true,"href":"https:\/\/lamostradevalencia.com\/ca\/wp-json\/wp\/v2\/media\/13389"}],"wp:attachment":[{"href":"https:\/\/lamostradevalencia.com\/ca\/wp-json\/wp\/v2\/media?parent=13426"}],"wp:term":[{"taxonomy":"category","embeddable":true,"href":"https:\/\/lamostradevalencia.com\/ca\/wp-json\/wp\/v2\/categories?post=13426"},{"taxonomy":"post_tag","embeddable":true,"href":"https:\/\/lamostradevalencia.com\/ca\/wp-json\/wp\/v2\/tags?post=13426"}],"curies":[{"name":"wp","href":"https:\/\/api.w.org\/{rel}","templated":true}]}}