{"id":13338,"date":"2021-11-05T10:15:28","date_gmt":"2021-11-05T08:15:28","guid":{"rendered":"https:\/\/lamostradevalencia.com\/?p=13338"},"modified":"2021-11-05T10:15:31","modified_gmt":"2021-11-05T08:15:31","slug":"mostra-de-valencia-augmenta-un-48-el-seu-pressupost","status":"publish","type":"post","link":"https:\/\/lamostradevalencia.com\/ca\/mostra-de-valencia-augmenta-un-48-el-seu-pressupost\/","title":{"rendered":"MOSTRA DE VAL\u00c8NCIA AUGMENTA UN 48% EL SEU PRESSUPOST"},"content":{"rendered":"\n<p><strong>Mostra de Val\u00e8ncia-Cinema del Mediterrani comptar\u00e0 per a la seua 37a edici\u00f3 amb el major pressupost des que l&#8217;Ajuntament de Val\u00e8ncia va recuperar el festival en 2018. La xifra aprovada hui pel consell rector de l&#8217;Organisme Aut\u00f2nom Municipal Mostra de Val\u00e8ncia i Iniciatives Audiovisuals per a les activitats de l&#8217;entitat en 2022 se situa en 611.001,00\u20ac, la qual cosa suposa un increment del 48% sobre el pressupost inicial de 2021.\u00a0<\/strong><\/p>\n\n\n\n<p>Amb este increment pressupostari la Mostra refor\u00e7ar\u00e0 les principals l\u00ednies d&#8217;actuaci\u00f3 del festival des de la seua recuperaci\u00f3, basat en la qualitat, contemporane\u00eftat i pertin\u00e8ncia de les pel\u00b7l\u00edcules seleccionades; en la pres\u00e8ncia de figures de l&#8217;\u00e0mbit cinematogr\u00e0fic mundial per a acostar-les a ciutadania, premsa i professionals del sector; en l&#8217;oferta d&#8217;activitats complement\u00e0ries que enriquixen el programa global, i en la publicaci\u00f3 d&#8217;obres divulgatives sobre cinema mediterrani.<\/p>\n\n\n\n<p>Per a la 37a edici\u00f3 de Mostra de Val\u00e8ncia-Cinema del Mediterrani, que tindr\u00e0 lloc entre els dies <strong>20 i 30 d&#8217;octubre de 2022,<\/strong> es preveu a m\u00e9s un augment de la dotaci\u00f3 dels premis de la Secci\u00f3 Oficial, que pugen fins als 65.000\u20ac en total.\u00a0<\/p>\n\n\n\n<p>\u201cEste augment pressupostari va encaminat a consolidar la rellev\u00e0ncia que el festival est\u00e0 aconseguint com a cita cultural de la ciutat, i que s&#8217;ha confirmat amb les fites aconseguides en l&#8217;\u00faltim any: la inclusi\u00f3 del festival com a sexta dotaci\u00f3 cultural de la Comunitat Valenciana en l&#8217;Observatori de la Cultura i l&#8217;acreditaci\u00f3 de la FIAPF (Federaci\u00f3 Internacional de Productors Audiovisuals) com a festival especialitzat\u201d apunta <strong>Gloria Tello<\/strong>, presidenta de Mostra de Val\u00e8ncia i Iniciatives Audiovisuals.<\/p>\n\n\n\n<p>El principal increment dels ingressos es deu a l&#8217;augment de la transfer\u00e8ncia inicial de l&#8217;Ajuntament de Val\u00e8ncia, que ser\u00e0 de 580.000, un 46,5% m\u00e9s que en 2021. L&#8217;aportaci\u00f3 municipal s&#8217;equipara aix\u00ed a la que la Mostra va rebre al llarg de l&#8217;exercici 2019, amb la qual cosa es recuperarien les xifres pr\u00e8vies a l&#8217;esclat de la pand\u00e8mia. Tamb\u00e9 cal destacar l&#8217;increment previst de les ajudes obtingudes per concurr\u00e8ncia d&#8217;altres administracions, com ara les de l&#8217;ICAA (Instituto de la Cinematograf\u00eda y las Artes Audiovisuales) i les de l\u2019IVC (Institut Valenci\u00e0 de Cultura).<\/p>\n\n\n\n<figure class=\"wp-block-image size-large\"><img loading=\"lazy\" decoding=\"async\" width=\"1024\" height=\"682\" src=\"https:\/\/lamostradevalencia.com\/wp-content\/uploads\/2021\/10\/10-1024x682.jpg\" alt=\"\" class=\"wp-image-13285\" srcset=\"https:\/\/lamostradevalencia.com\/wp-content\/uploads\/2021\/10\/10-1024x682.jpg 1024w, https:\/\/lamostradevalencia.com\/wp-content\/uploads\/2021\/10\/10-300x200.jpg 300w, https:\/\/lamostradevalencia.com\/wp-content\/uploads\/2021\/10\/10-768x512.jpg 768w, https:\/\/lamostradevalencia.com\/wp-content\/uploads\/2021\/10\/10-1536x1023.jpg 1536w, https:\/\/lamostradevalencia.com\/wp-content\/uploads\/2021\/10\/10.jpg 1600w\" sizes=\"auto, (max-width: 1024px) 100vw, 1024px\" \/><\/figure>\n","protected":false},"excerpt":{"rendered":"<p>Mostra de Val\u00e8ncia-Cinema del Mediterrani comptar\u00e0 per a la seua 37a edici\u00f3 amb el major pressupost des que l&#8217;Ajuntament de Val\u00e8ncia va recuperar el festival [&hellip;]<\/p>\n","protected":false},"author":1,"featured_media":13240,"comment_status":"open","ping_status":"open","sticky":false,"template":"","format":"standard","meta":{"_uag_custom_page_level_css":"","_jet_sm_ready_style":"","_jet_sm_style":"","_jet_sm_controls_values":"","_jet_sm_fonts_collection":"","_jet_sm_fonts_links":"","footnotes":""},"categories":[455],"tags":[],"class_list":["post-13338","post","type-post","status-publish","format-standard","has-post-thumbnail","hentry","category-noticies"],"yoast_head":"<!-- This site is optimized with the Yoast SEO plugin v27.5 - https:\/\/yoast.com\/product\/yoast-seo-wordpress\/ -->\n<title>MOSTRA DE VAL\u00c8NCIA AUGMENTA UN 48% EL SEU PRESSUPOST - Mostra de Val\u00e8ncia<\/title>\n<meta name=\"robots\" content=\"index, follow, max-snippet:-1, max-image-preview:large, max-video-preview:-1\" \/>\n<link rel=\"canonical\" href=\"https:\/\/lamostradevalencia.com\/ca\/mostra-de-valencia-augmenta-un-48-el-seu-pressupost\/\" \/>\n<meta property=\"og:locale\" content=\"ca_ES\" \/>\n<meta property=\"og:type\" content=\"article\" \/>\n<meta property=\"og:title\" content=\"MOSTRA DE VAL\u00c8NCIA AUGMENTA UN 48% EL SEU PRESSUPOST - Mostra de Val\u00e8ncia\" \/>\n<meta property=\"og:description\" content=\"Mostra de Val\u00e8ncia-Cinema del Mediterrani comptar\u00e0 per a la seua 37a edici\u00f3 amb el major pressupost des que l&#8217;Ajuntament de Val\u00e8ncia va recuperar el festival [&hellip;]\" \/>\n<meta property=\"og:url\" content=\"https:\/\/lamostradevalencia.com\/ca\/mostra-de-valencia-augmenta-un-48-el-seu-pressupost\/\" \/>\n<meta property=\"og:site_name\" content=\"Mostra de Val\u00e8ncia\" \/>\n<meta property=\"article:published_time\" content=\"2021-11-05T08:15:28+00:00\" \/>\n<meta property=\"article:modified_time\" content=\"2021-11-05T08:15:31+00:00\" \/>\n<meta property=\"og:image\" content=\"https:\/\/lamostradevalencia.com\/wp-content\/uploads\/2021\/10\/1.jpg\" \/>\n\t<meta property=\"og:image:width\" content=\"1600\" \/>\n\t<meta property=\"og:image:height\" content=\"1066\" \/>\n\t<meta property=\"og:image:type\" content=\"image\/jpeg\" \/>\n<meta name=\"author\" content=\"Mostra de Val\u00e8ncia\" \/>\n<meta name=\"twitter:card\" content=\"summary_large_image\" \/>\n<meta name=\"twitter:label1\" content=\"Escrit per\" \/>\n\t<meta name=\"twitter:data1\" content=\"Mostra de Val\u00e8ncia\" \/>\n\t<meta name=\"twitter:label2\" content=\"Temps estimat de lectura\" \/>\n\t<meta name=\"twitter:data2\" content=\"2 minuts\" \/>\n<script type=\"application\/ld+json\" class=\"yoast-schema-graph\">{\"@context\":\"https:\\\/\\\/schema.org\",\"@graph\":[{\"@type\":\"Article\",\"@id\":\"https:\\\/\\\/lamostradevalencia.com\\\/ca\\\/mostra-de-valencia-augmenta-un-48-el-seu-pressupost\\\/#article\",\"isPartOf\":{\"@id\":\"https:\\\/\\\/lamostradevalencia.com\\\/ca\\\/mostra-de-valencia-augmenta-un-48-el-seu-pressupost\\\/\"},\"author\":{\"name\":\"Mostra de Val\u00e8ncia\",\"@id\":\"https:\\\/\\\/lamostradevalencia.com\\\/ca\\\/#\\\/schema\\\/person\\\/1dc07e4df3d6310b81d2cdf6a034070c\"},\"headline\":\"MOSTRA DE VAL\u00c8NCIA AUGMENTA UN 48% EL SEU PRESSUPOST\",\"datePublished\":\"2021-11-05T08:15:28+00:00\",\"dateModified\":\"2021-11-05T08:15:31+00:00\",\"mainEntityOfPage\":{\"@id\":\"https:\\\/\\\/lamostradevalencia.com\\\/ca\\\/mostra-de-valencia-augmenta-un-48-el-seu-pressupost\\\/\"},\"wordCount\":390,\"commentCount\":0,\"image\":{\"@id\":\"https:\\\/\\\/lamostradevalencia.com\\\/ca\\\/mostra-de-valencia-augmenta-un-48-el-seu-pressupost\\\/#primaryimage\"},\"thumbnailUrl\":\"https:\\\/\\\/lamostradevalencia.com\\\/wp-content\\\/uploads\\\/2021\\\/10\\\/1.jpg\",\"articleSection\":[\"Noticies\"],\"inLanguage\":\"ca\",\"potentialAction\":[{\"@type\":\"CommentAction\",\"name\":\"Comment\",\"target\":[\"https:\\\/\\\/lamostradevalencia.com\\\/ca\\\/mostra-de-valencia-augmenta-un-48-el-seu-pressupost\\\/#respond\"]}]},{\"@type\":\"WebPage\",\"@id\":\"https:\\\/\\\/lamostradevalencia.com\\\/ca\\\/mostra-de-valencia-augmenta-un-48-el-seu-pressupost\\\/\",\"url\":\"https:\\\/\\\/lamostradevalencia.com\\\/ca\\\/mostra-de-valencia-augmenta-un-48-el-seu-pressupost\\\/\",\"name\":\"MOSTRA DE VAL\u00c8NCIA AUGMENTA UN 48% EL SEU PRESSUPOST - Mostra de Val\u00e8ncia\",\"isPartOf\":{\"@id\":\"https:\\\/\\\/lamostradevalencia.com\\\/ca\\\/#website\"},\"primaryImageOfPage\":{\"@id\":\"https:\\\/\\\/lamostradevalencia.com\\\/ca\\\/mostra-de-valencia-augmenta-un-48-el-seu-pressupost\\\/#primaryimage\"},\"image\":{\"@id\":\"https:\\\/\\\/lamostradevalencia.com\\\/ca\\\/mostra-de-valencia-augmenta-un-48-el-seu-pressupost\\\/#primaryimage\"},\"thumbnailUrl\":\"https:\\\/\\\/lamostradevalencia.com\\\/wp-content\\\/uploads\\\/2021\\\/10\\\/1.jpg\",\"datePublished\":\"2021-11-05T08:15:28+00:00\",\"dateModified\":\"2021-11-05T08:15:31+00:00\",\"author\":{\"@id\":\"https:\\\/\\\/lamostradevalencia.com\\\/ca\\\/#\\\/schema\\\/person\\\/1dc07e4df3d6310b81d2cdf6a034070c\"},\"breadcrumb\":{\"@id\":\"https:\\\/\\\/lamostradevalencia.com\\\/ca\\\/mostra-de-valencia-augmenta-un-48-el-seu-pressupost\\\/#breadcrumb\"},\"inLanguage\":\"ca\",\"potentialAction\":[{\"@type\":\"ReadAction\",\"target\":[\"https:\\\/\\\/lamostradevalencia.com\\\/ca\\\/mostra-de-valencia-augmenta-un-48-el-seu-pressupost\\\/\"]}]},{\"@type\":\"ImageObject\",\"inLanguage\":\"ca\",\"@id\":\"https:\\\/\\\/lamostradevalencia.com\\\/ca\\\/mostra-de-valencia-augmenta-un-48-el-seu-pressupost\\\/#primaryimage\",\"url\":\"https:\\\/\\\/lamostradevalencia.com\\\/wp-content\\\/uploads\\\/2021\\\/10\\\/1.jpg\",\"contentUrl\":\"https:\\\/\\\/lamostradevalencia.com\\\/wp-content\\\/uploads\\\/2021\\\/10\\\/1.jpg\",\"width\":1600,\"height\":1066},{\"@type\":\"BreadcrumbList\",\"@id\":\"https:\\\/\\\/lamostradevalencia.com\\\/ca\\\/mostra-de-valencia-augmenta-un-48-el-seu-pressupost\\\/#breadcrumb\",\"itemListElement\":[{\"@type\":\"ListItem\",\"position\":1,\"name\":\"Portada\",\"item\":\"https:\\\/\\\/lamostradevalencia.com\\\/ca\\\/\"},{\"@type\":\"ListItem\",\"position\":2,\"name\":\"MOSTRA DE VAL\u00c8NCIA AUGMENTA UN 48% EL SEU PRESSUPOST\"}]},{\"@type\":\"WebSite\",\"@id\":\"https:\\\/\\\/lamostradevalencia.com\\\/ca\\\/#website\",\"url\":\"https:\\\/\\\/lamostradevalencia.com\\\/ca\\\/\",\"name\":\"Mostra de Val\u00e8ncia\",\"description\":\"Cinema del Mediterrani\",\"potentialAction\":[{\"@type\":\"SearchAction\",\"target\":{\"@type\":\"EntryPoint\",\"urlTemplate\":\"https:\\\/\\\/lamostradevalencia.com\\\/ca\\\/?s={search_term_string}\"},\"query-input\":{\"@type\":\"PropertyValueSpecification\",\"valueRequired\":true,\"valueName\":\"search_term_string\"}}],\"inLanguage\":\"ca\"},{\"@type\":\"Person\",\"@id\":\"https:\\\/\\\/lamostradevalencia.com\\\/ca\\\/#\\\/schema\\\/person\\\/1dc07e4df3d6310b81d2cdf6a034070c\",\"name\":\"Mostra de Val\u00e8ncia\",\"image\":{\"@type\":\"ImageObject\",\"inLanguage\":\"ca\",\"@id\":\"https:\\\/\\\/secure.gravatar.com\\\/avatar\\\/ada4dfd699a9907706987adb1bb2b361c2613ccca474b49b8c648de5208e32f8?s=96&d=mm&r=g\",\"url\":\"https:\\\/\\\/secure.gravatar.com\\\/avatar\\\/ada4dfd699a9907706987adb1bb2b361c2613ccca474b49b8c648de5208e32f8?s=96&d=mm&r=g\",\"contentUrl\":\"https:\\\/\\\/secure.gravatar.com\\\/avatar\\\/ada4dfd699a9907706987adb1bb2b361c2613ccca474b49b8c648de5208e32f8?s=96&d=mm&r=g\",\"caption\":\"Mostra de Val\u00e8ncia\"}}]}<\/script>\n<!-- \/ Yoast SEO plugin. -->","yoast_head_json":{"title":"MOSTRA DE VAL\u00c8NCIA AUGMENTA UN 48% EL SEU PRESSUPOST - Mostra de Val\u00e8ncia","robots":{"index":"index","follow":"follow","max-snippet":"max-snippet:-1","max-image-preview":"max-image-preview:large","max-video-preview":"max-video-preview:-1"},"canonical":"https:\/\/lamostradevalencia.com\/ca\/mostra-de-valencia-augmenta-un-48-el-seu-pressupost\/","og_locale":"ca_ES","og_type":"article","og_title":"MOSTRA DE VAL\u00c8NCIA AUGMENTA UN 48% EL SEU PRESSUPOST - Mostra de Val\u00e8ncia","og_description":"Mostra de Val\u00e8ncia-Cinema del Mediterrani comptar\u00e0 per a la seua 37a edici\u00f3 amb el major pressupost des que l&#8217;Ajuntament de Val\u00e8ncia va recuperar el festival [&hellip;]","og_url":"https:\/\/lamostradevalencia.com\/ca\/mostra-de-valencia-augmenta-un-48-el-seu-pressupost\/","og_site_name":"Mostra de Val\u00e8ncia","article_published_time":"2021-11-05T08:15:28+00:00","article_modified_time":"2021-11-05T08:15:31+00:00","og_image":[{"width":1600,"height":1066,"url":"https:\/\/lamostradevalencia.com\/wp-content\/uploads\/2021\/10\/1.jpg","type":"image\/jpeg"}],"author":"Mostra de Val\u00e8ncia","twitter_card":"summary_large_image","twitter_misc":{"Escrit per":"Mostra de Val\u00e8ncia","Temps estimat de lectura":"2 minuts"},"schema":{"@context":"https:\/\/schema.org","@graph":[{"@type":"Article","@id":"https:\/\/lamostradevalencia.com\/ca\/mostra-de-valencia-augmenta-un-48-el-seu-pressupost\/#article","isPartOf":{"@id":"https:\/\/lamostradevalencia.com\/ca\/mostra-de-valencia-augmenta-un-48-el-seu-pressupost\/"},"author":{"name":"Mostra de Val\u00e8ncia","@id":"https:\/\/lamostradevalencia.com\/ca\/#\/schema\/person\/1dc07e4df3d6310b81d2cdf6a034070c"},"headline":"MOSTRA DE VAL\u00c8NCIA AUGMENTA UN 48% EL SEU PRESSUPOST","datePublished":"2021-11-05T08:15:28+00:00","dateModified":"2021-11-05T08:15:31+00:00","mainEntityOfPage":{"@id":"https:\/\/lamostradevalencia.com\/ca\/mostra-de-valencia-augmenta-un-48-el-seu-pressupost\/"},"wordCount":390,"commentCount":0,"image":{"@id":"https:\/\/lamostradevalencia.com\/ca\/mostra-de-valencia-augmenta-un-48-el-seu-pressupost\/#primaryimage"},"thumbnailUrl":"https:\/\/lamostradevalencia.com\/wp-content\/uploads\/2021\/10\/1.jpg","articleSection":["Noticies"],"inLanguage":"ca","potentialAction":[{"@type":"CommentAction","name":"Comment","target":["https:\/\/lamostradevalencia.com\/ca\/mostra-de-valencia-augmenta-un-48-el-seu-pressupost\/#respond"]}]},{"@type":"WebPage","@id":"https:\/\/lamostradevalencia.com\/ca\/mostra-de-valencia-augmenta-un-48-el-seu-pressupost\/","url":"https:\/\/lamostradevalencia.com\/ca\/mostra-de-valencia-augmenta-un-48-el-seu-pressupost\/","name":"MOSTRA DE VAL\u00c8NCIA AUGMENTA UN 48% EL SEU PRESSUPOST - Mostra de Val\u00e8ncia","isPartOf":{"@id":"https:\/\/lamostradevalencia.com\/ca\/#website"},"primaryImageOfPage":{"@id":"https:\/\/lamostradevalencia.com\/ca\/mostra-de-valencia-augmenta-un-48-el-seu-pressupost\/#primaryimage"},"image":{"@id":"https:\/\/lamostradevalencia.com\/ca\/mostra-de-valencia-augmenta-un-48-el-seu-pressupost\/#primaryimage"},"thumbnailUrl":"https:\/\/lamostradevalencia.com\/wp-content\/uploads\/2021\/10\/1.jpg","datePublished":"2021-11-05T08:15:28+00:00","dateModified":"2021-11-05T08:15:31+00:00","author":{"@id":"https:\/\/lamostradevalencia.com\/ca\/#\/schema\/person\/1dc07e4df3d6310b81d2cdf6a034070c"},"breadcrumb":{"@id":"https:\/\/lamostradevalencia.com\/ca\/mostra-de-valencia-augmenta-un-48-el-seu-pressupost\/#breadcrumb"},"inLanguage":"ca","potentialAction":[{"@type":"ReadAction","target":["https:\/\/lamostradevalencia.com\/ca\/mostra-de-valencia-augmenta-un-48-el-seu-pressupost\/"]}]},{"@type":"ImageObject","inLanguage":"ca","@id":"https:\/\/lamostradevalencia.com\/ca\/mostra-de-valencia-augmenta-un-48-el-seu-pressupost\/#primaryimage","url":"https:\/\/lamostradevalencia.com\/wp-content\/uploads\/2021\/10\/1.jpg","contentUrl":"https:\/\/lamostradevalencia.com\/wp-content\/uploads\/2021\/10\/1.jpg","width":1600,"height":1066},{"@type":"BreadcrumbList","@id":"https:\/\/lamostradevalencia.com\/ca\/mostra-de-valencia-augmenta-un-48-el-seu-pressupost\/#breadcrumb","itemListElement":[{"@type":"ListItem","position":1,"name":"Portada","item":"https:\/\/lamostradevalencia.com\/ca\/"},{"@type":"ListItem","position":2,"name":"MOSTRA DE VAL\u00c8NCIA AUGMENTA UN 48% EL SEU PRESSUPOST"}]},{"@type":"WebSite","@id":"https:\/\/lamostradevalencia.com\/ca\/#website","url":"https:\/\/lamostradevalencia.com\/ca\/","name":"Mostra de Val\u00e8ncia","description":"Cinema del Mediterrani","potentialAction":[{"@type":"SearchAction","target":{"@type":"EntryPoint","urlTemplate":"https:\/\/lamostradevalencia.com\/ca\/?s={search_term_string}"},"query-input":{"@type":"PropertyValueSpecification","valueRequired":true,"valueName":"search_term_string"}}],"inLanguage":"ca"},{"@type":"Person","@id":"https:\/\/lamostradevalencia.com\/ca\/#\/schema\/person\/1dc07e4df3d6310b81d2cdf6a034070c","name":"Mostra de Val\u00e8ncia","image":{"@type":"ImageObject","inLanguage":"ca","@id":"https:\/\/secure.gravatar.com\/avatar\/ada4dfd699a9907706987adb1bb2b361c2613ccca474b49b8c648de5208e32f8?s=96&d=mm&r=g","url":"https:\/\/secure.gravatar.com\/avatar\/ada4dfd699a9907706987adb1bb2b361c2613ccca474b49b8c648de5208e32f8?s=96&d=mm&r=g","contentUrl":"https:\/\/secure.gravatar.com\/avatar\/ada4dfd699a9907706987adb1bb2b361c2613ccca474b49b8c648de5208e32f8?s=96&d=mm&r=g","caption":"Mostra de Val\u00e8ncia"}}]}},"uagb_featured_image_src":{"full":["https:\/\/lamostradevalencia.com\/wp-content\/uploads\/2021\/10\/1.jpg",1600,1066,false],"thumbnail":["https:\/\/lamostradevalencia.com\/wp-content\/uploads\/2021\/10\/1-150x150.jpg",150,150,true],"medium":["https:\/\/lamostradevalencia.com\/wp-content\/uploads\/2021\/10\/1-300x200.jpg",300,200,true],"medium_large":["https:\/\/lamostradevalencia.com\/wp-content\/uploads\/2021\/10\/1-768x512.jpg",768,512,true],"large":["https:\/\/lamostradevalencia.com\/wp-content\/uploads\/2021\/10\/1-1024x682.jpg",1024,682,true],"1536x1536":["https:\/\/lamostradevalencia.com\/wp-content\/uploads\/2021\/10\/1-1536x1023.jpg",1536,1023,true],"2048x2048":["https:\/\/lamostradevalencia.com\/wp-content\/uploads\/2021\/10\/1.jpg",1600,1066,false],"cinerama_edge_image_square":["https:\/\/lamostradevalencia.com\/wp-content\/uploads\/2021\/10\/1-550x550.jpg",550,550,true],"cinerama_edge_image_landscape":["https:\/\/lamostradevalencia.com\/wp-content\/uploads\/2021\/10\/1-1100x550.jpg",1100,550,true],"cinerama_edge_image_portrait":["https:\/\/lamostradevalencia.com\/wp-content\/uploads\/2021\/10\/1-550x1066.jpg",550,1066,true],"cinerama_edge_image_huge":["https:\/\/lamostradevalencia.com\/wp-content\/uploads\/2021\/10\/1-1100x1066.jpg",1100,1066,true],"gform-image-choice-sm":["https:\/\/lamostradevalencia.com\/wp-content\/uploads\/2021\/10\/1.jpg",300,200,false],"gform-image-choice-md":["https:\/\/lamostradevalencia.com\/wp-content\/uploads\/2021\/10\/1.jpg",400,267,false],"gform-image-choice-lg":["https:\/\/lamostradevalencia.com\/wp-content\/uploads\/2021\/10\/1.jpg",600,400,false]},"uagb_author_info":{"display_name":"Mostra de Val\u00e8ncia","author_link":"https:\/\/lamostradevalencia.com\/ca\/author\/mostravalencia\/"},"uagb_comment_info":0,"uagb_excerpt":"Mostra de Val\u00e8ncia-Cinema del Mediterrani comptar\u00e0 per a la seua 37a edici\u00f3 amb el major pressupost des que l&#8217;Ajuntament de Val\u00e8ncia va recuperar el festival [&hellip;]","_links":{"self":[{"href":"https:\/\/lamostradevalencia.com\/ca\/wp-json\/wp\/v2\/posts\/13338","targetHints":{"allow":["GET"]}}],"collection":[{"href":"https:\/\/lamostradevalencia.com\/ca\/wp-json\/wp\/v2\/posts"}],"about":[{"href":"https:\/\/lamostradevalencia.com\/ca\/wp-json\/wp\/v2\/types\/post"}],"author":[{"embeddable":true,"href":"https:\/\/lamostradevalencia.com\/ca\/wp-json\/wp\/v2\/users\/1"}],"replies":[{"embeddable":true,"href":"https:\/\/lamostradevalencia.com\/ca\/wp-json\/wp\/v2\/comments?post=13338"}],"version-history":[{"count":1,"href":"https:\/\/lamostradevalencia.com\/ca\/wp-json\/wp\/v2\/posts\/13338\/revisions"}],"predecessor-version":[{"id":13339,"href":"https:\/\/lamostradevalencia.com\/ca\/wp-json\/wp\/v2\/posts\/13338\/revisions\/13339"}],"wp:featuredmedia":[{"embeddable":true,"href":"https:\/\/lamostradevalencia.com\/ca\/wp-json\/wp\/v2\/media\/13240"}],"wp:attachment":[{"href":"https:\/\/lamostradevalencia.com\/ca\/wp-json\/wp\/v2\/media?parent=13338"}],"wp:term":[{"taxonomy":"category","embeddable":true,"href":"https:\/\/lamostradevalencia.com\/ca\/wp-json\/wp\/v2\/categories?post=13338"},{"taxonomy":"post_tag","embeddable":true,"href":"https:\/\/lamostradevalencia.com\/ca\/wp-json\/wp\/v2\/tags?post=13338"}],"curies":[{"name":"wp","href":"https:\/\/api.w.org\/{rel}","templated":true}]}}