{"id":13233,"date":"2021-10-23T16:13:37","date_gmt":"2021-10-23T14:13:37","guid":{"rendered":"https:\/\/lamostradevalencia.com\/?p=13233"},"modified":"2021-10-23T16:16:53","modified_gmt":"2021-10-23T14:16:53","slug":"la-pellicula-bosniana-so-she-doesnt-live-aconseguix-la-palmera-dor-de-la-36-mostra-de-valencia","status":"publish","type":"post","link":"https:\/\/lamostradevalencia.com\/ca\/la-pellicula-bosniana-so-she-doesnt-live-aconseguix-la-palmera-dor-de-la-36-mostra-de-valencia\/","title":{"rendered":"La pel\u00b7l\u00edcula bosniana &#8216;So she doesn&#8217;t live&#8217; aconseguix la Palmera d&#8217;Or de la 36 Mostra de Val\u00e8ncia"},"content":{"rendered":"\n<p>La 36a edici\u00f3 de la Mostra de Val\u00e8ncia\u2013Cinema del Mediterrani arriba a la seua fi. Deu dies que han servit per a oferir una panor\u00e0mica de les diferents i m\u00e9s recents propostes narratives i visuals de l&#8217;ecosistema cinematogr\u00e0fic i geogr\u00e0fic que abasta el Mediterrani.<\/p>\n\n\n\n<p>La Mostra es consolida com la gran cita valenciana per a amants del cinema, amb una proposta audiovisual cuidada i din\u00e0mica, que t\u00e9 el seu millor argument en la qualitat de la secci\u00f3 competitiva.<\/p>\n\n\n\n<p>El jurat presidit per l&#8217;actriu francesa <strong>Myriam M\u00e9zi\u00e8res<\/strong>, ha considerat que el brutal relat de <strong>Faruk Loncarevic<\/strong> &#8220;So she doesn&#8217;t live&#8221; mereix la Palmera d&#8217;Or, premi dotat amb 25.000\u20ac, &#8220;per exigir-li al p\u00fablic una actitud activa i proposar una reflexi\u00f3 sobre una societat que no s&#8217;ha recuperat de la viol\u00e8ncia del passat i que, per aix\u00f2, est\u00e0 condemnada a repetir-la incessantment&#8221;.<\/p>\n\n\n\n<figure class=\"wp-block-image size-large\"><img loading=\"lazy\" decoding=\"async\" width=\"1024\" height=\"540\" src=\"https:\/\/lamostradevalencia.com\/wp-content\/uploads\/2021\/09\/So-she-doesnt-1024x540.jpeg\" alt=\"\" class=\"wp-image-11035\" srcset=\"https:\/\/lamostradevalencia.com\/wp-content\/uploads\/2021\/09\/So-she-doesnt-1024x540.jpeg 1024w, https:\/\/lamostradevalencia.com\/wp-content\/uploads\/2021\/09\/So-she-doesnt-300x158.jpeg 300w, https:\/\/lamostradevalencia.com\/wp-content\/uploads\/2021\/09\/So-she-doesnt-768x405.jpeg 768w, https:\/\/lamostradevalencia.com\/wp-content\/uploads\/2021\/09\/So-she-doesnt-1536x810.jpeg 1536w\" sizes=\"auto, (max-width: 1024px) 100vw, 1024px\" \/><\/figure>\n\n\n\n<p>La Palmera de Plata, dotada amb 15.000\u20ac, ha sigut per a &#8220;Le monde apr\u00e8s nous&#8221;, \u00f2pera prima del director franc\u00e9s <strong>Louda Ben Salah-Cazanas<\/strong>. El director proposa un agut retrat generacional amb un marcat accent social. En opini\u00f3 del jurat, mereix este premi &#8220;per tractar amb molta honestedat les relacions \u00edntimes, a l\u2019imprimir una c\u00e0rrega po\u00e8tica en aparen\u00e7a lleugera i, en canvi, carregada de complexitat&#8221;.<\/p>\n\n\n\n<figure class=\"wp-block-image size-large\"><img loading=\"lazy\" decoding=\"async\" width=\"1024\" height=\"576\" src=\"https:\/\/lamostradevalencia.com\/wp-content\/uploads\/2021\/09\/lemondeapresnous-1024x576.jpeg\" alt=\"\" class=\"wp-image-11030\" srcset=\"https:\/\/lamostradevalencia.com\/wp-content\/uploads\/2021\/09\/lemondeapresnous-1024x576.jpeg 1024w, https:\/\/lamostradevalencia.com\/wp-content\/uploads\/2021\/09\/lemondeapresnous-300x169.jpeg 300w, https:\/\/lamostradevalencia.com\/wp-content\/uploads\/2021\/09\/lemondeapresnous-768x432.jpeg 768w, https:\/\/lamostradevalencia.com\/wp-content\/uploads\/2021\/09\/lemondeapresnous-1536x864.jpeg 1536w\" sizes=\"auto, (max-width: 1024px) 100vw, 1024px\" \/><\/figure>\n\n\n\n<p>En virtut del Conveni de col\u00b7laboraci\u00f3 entre \u00c0 Punt i Mostra de Val\u00e8ncia es concedix el premi \u00c0 Punt del p\u00fablic a la pel\u00b7l\u00edcula de la Secci\u00f3 Informativa millor valorada per les persones assistents a les projeccions de la Mostra. La triada ha sigut &#8220;Broken keys&#8221;, producci\u00f3 libanesa dirigida per <strong>Jimmy Keyrouz<\/strong>. La pel\u00b7l\u00edcula est\u00e0 ambientada en 2014, en una ciutat d&#8217;Orient Mitj\u00e0 assetjada per un grup extremista de l\u2019ISIS que ha prohibit les formes de vida i la m\u00fasica modernes. Este premi porta impl\u00edcita l&#8217;adquisici\u00f3 dels drets d&#8217;emissi\u00f3 per part d&#8217;\u00c0 Punt M\u00e8dia.<\/p>\n\n\n\n<figure class=\"wp-block-image size-large\"><img loading=\"lazy\" decoding=\"async\" width=\"1024\" height=\"683\" src=\"https:\/\/lamostradevalencia.com\/wp-content\/uploads\/2021\/09\/9E5A7685_Broken-Keys_Photo-Rudy-Bou-Chebel-c-2019-Ezekiel-1024x683.jpg\" alt=\"\" class=\"wp-image-11908\" srcset=\"https:\/\/lamostradevalencia.com\/wp-content\/uploads\/2021\/09\/9E5A7685_Broken-Keys_Photo-Rudy-Bou-Chebel-c-2019-Ezekiel-1024x683.jpg 1024w, https:\/\/lamostradevalencia.com\/wp-content\/uploads\/2021\/09\/9E5A7685_Broken-Keys_Photo-Rudy-Bou-Chebel-c-2019-Ezekiel-300x200.jpg 300w, https:\/\/lamostradevalencia.com\/wp-content\/uploads\/2021\/09\/9E5A7685_Broken-Keys_Photo-Rudy-Bou-Chebel-c-2019-Ezekiel-768x512.jpg 768w, https:\/\/lamostradevalencia.com\/wp-content\/uploads\/2021\/09\/9E5A7685_Broken-Keys_Photo-Rudy-Bou-Chebel-c-2019-Ezekiel-1536x1024.jpg 1536w\" sizes=\"auto, (max-width: 1024px) 100vw, 1024px\" \/><\/figure>\n\n\n\n<p>A m\u00e9s, el jurat ha concedit els seg\u00fcents premis: Millor direcci\u00f3 per a <strong>Alex Camilleri<\/strong> per \u201cLuzzu\u201d; Millor.gui\u00f3 per a <strong>Sonia Liza Kenterman<\/strong> i <strong>Tracy Sunderland<\/strong> per &#8220;Tailor&#8221;; Millor interpretaci\u00f3 femenina per a <strong>Bassant Ahmed<\/strong> i <strong>Basmala Elghaiesh<\/strong> ex aequo per &#8216;Souad&#8217;; Millor interpretaci\u00f3 masculina per a <strong>Dimitris Imellos<\/strong> per &#8220;Tailor&#8221;; Millor fotografia per a <strong>Dusan Joksimovic<\/strong> per &#8220;Heavens Above&#8221; i Millor banda sonora per a <strong>Nikos Kypourgos<\/strong> per &#8216;Tailor&#8217;; Premi TRAE Millor Pel\u00b7l\u00edcula tradu\u00efda per a Maria Prats per &#8220;Playlist&#8221;<\/p>\n\n\n\n<p>El lliurament de premis del palmar\u00e9s ha tingut lloc en la gala de clausura de la 36a edici\u00f3 de Mostra de Val\u00e8ncia\u2013Cinema del Mediterrani, celebrada el 22 d&#8217;octubre a les 19h en La Rambleta. Les pel\u00b7l\u00edcules guanyadores es podran veure este cap de setmana als Cines Babel.<\/p>\n","protected":false},"excerpt":{"rendered":"<p>La 36a edici\u00f3 de la Mostra de Val\u00e8ncia\u2013Cinema del Mediterrani arriba a la seua fi. Deu dies que han servit per a oferir una panor\u00e0mica [&hellip;]<\/p>\n","protected":false},"author":1,"featured_media":13228,"comment_status":"open","ping_status":"open","sticky":false,"template":"","format":"standard","meta":{"_uag_custom_page_level_css":"","_jet_sm_ready_style":"","_jet_sm_style":"","_jet_sm_controls_values":"","_jet_sm_fonts_collection":"","_jet_sm_fonts_links":"","footnotes":""},"categories":[455],"tags":[2836,3022,3023],"class_list":["post-13233","post","type-post","status-publish","format-standard","has-post-thumbnail","hentry","category-noticies","tag-estrenos-2","tag-palmares","tag-palmeras"],"yoast_head":"<!-- This site is optimized with the Yoast SEO plugin v27.5 - https:\/\/yoast.com\/product\/yoast-seo-wordpress\/ -->\n<title>La pel\u00b7l\u00edcula bosniana &#039;So she doesn&#039;t live&#039; aconseguix la Palmera d&#039;Or de la 36 Mostra de Val\u00e8ncia - Mostra de Val\u00e8ncia<\/title>\n<meta name=\"robots\" content=\"index, follow, max-snippet:-1, max-image-preview:large, max-video-preview:-1\" \/>\n<link rel=\"canonical\" href=\"https:\/\/lamostradevalencia.com\/ca\/la-pellicula-bosniana-so-she-doesnt-live-aconseguix-la-palmera-dor-de-la-36-mostra-de-valencia\/\" \/>\n<meta property=\"og:locale\" content=\"ca_ES\" \/>\n<meta property=\"og:type\" content=\"article\" \/>\n<meta property=\"og:title\" content=\"La pel\u00b7l\u00edcula bosniana &#039;So she doesn&#039;t live&#039; aconseguix la Palmera d&#039;Or de la 36 Mostra de Val\u00e8ncia - Mostra de Val\u00e8ncia\" \/>\n<meta property=\"og:description\" content=\"La 36a edici\u00f3 de la Mostra de Val\u00e8ncia\u2013Cinema del Mediterrani arriba a la seua fi. Deu dies que han servit per a oferir una panor\u00e0mica [&hellip;]\" \/>\n<meta property=\"og:url\" content=\"https:\/\/lamostradevalencia.com\/ca\/la-pellicula-bosniana-so-she-doesnt-live-aconseguix-la-palmera-dor-de-la-36-mostra-de-valencia\/\" \/>\n<meta property=\"og:site_name\" content=\"Mostra de Val\u00e8ncia\" \/>\n<meta property=\"article:published_time\" content=\"2021-10-23T14:13:37+00:00\" \/>\n<meta property=\"article:modified_time\" content=\"2021-10-23T14:16:53+00:00\" \/>\n<meta property=\"og:image\" content=\"https:\/\/lamostradevalencia.com\/wp-content\/uploads\/2021\/10\/U-z\u030citu-njih-dvoje.jpeg\" \/>\n\t<meta property=\"og:image:width\" content=\"2048\" \/>\n\t<meta property=\"og:image:height\" content=\"1080\" \/>\n\t<meta property=\"og:image:type\" content=\"image\/jpeg\" \/>\n<meta name=\"author\" content=\"Mostra de Val\u00e8ncia\" \/>\n<meta name=\"twitter:card\" content=\"summary_large_image\" \/>\n<meta name=\"twitter:label1\" content=\"Escrit per\" \/>\n\t<meta name=\"twitter:data1\" content=\"Mostra de Val\u00e8ncia\" \/>\n\t<meta name=\"twitter:label2\" content=\"Temps estimat de lectura\" \/>\n\t<meta name=\"twitter:data2\" content=\"2 minuts\" \/>\n<script type=\"application\/ld+json\" class=\"yoast-schema-graph\">{\"@context\":\"https:\\\/\\\/schema.org\",\"@graph\":[{\"@type\":\"Article\",\"@id\":\"https:\\\/\\\/lamostradevalencia.com\\\/ca\\\/la-pellicula-bosniana-so-she-doesnt-live-aconseguix-la-palmera-dor-de-la-36-mostra-de-valencia\\\/#article\",\"isPartOf\":{\"@id\":\"https:\\\/\\\/lamostradevalencia.com\\\/ca\\\/la-pellicula-bosniana-so-she-doesnt-live-aconseguix-la-palmera-dor-de-la-36-mostra-de-valencia\\\/\"},\"author\":{\"name\":\"Mostra de Val\u00e8ncia\",\"@id\":\"https:\\\/\\\/lamostradevalencia.com\\\/ca\\\/#\\\/schema\\\/person\\\/1dc07e4df3d6310b81d2cdf6a034070c\"},\"headline\":\"La pel\u00b7l\u00edcula bosniana &#8216;So she doesn&#8217;t live&#8217; aconseguix la Palmera d&#8217;Or de la 36 Mostra de Val\u00e8ncia\",\"datePublished\":\"2021-10-23T14:13:37+00:00\",\"dateModified\":\"2021-10-23T14:16:53+00:00\",\"mainEntityOfPage\":{\"@id\":\"https:\\\/\\\/lamostradevalencia.com\\\/ca\\\/la-pellicula-bosniana-so-she-doesnt-live-aconseguix-la-palmera-dor-de-la-36-mostra-de-valencia\\\/\"},\"wordCount\":488,\"commentCount\":0,\"image\":{\"@id\":\"https:\\\/\\\/lamostradevalencia.com\\\/ca\\\/la-pellicula-bosniana-so-she-doesnt-live-aconseguix-la-palmera-dor-de-la-36-mostra-de-valencia\\\/#primaryimage\"},\"thumbnailUrl\":\"https:\\\/\\\/lamostradevalencia.com\\\/wp-content\\\/uploads\\\/2021\\\/10\\\/U-z\u030citu-njih-dvoje.jpeg\",\"keywords\":[\"estrenos\",\"palmar\u00e9s\",\"palmeras\"],\"articleSection\":[\"Noticies\"],\"inLanguage\":\"ca\",\"potentialAction\":[{\"@type\":\"CommentAction\",\"name\":\"Comment\",\"target\":[\"https:\\\/\\\/lamostradevalencia.com\\\/ca\\\/la-pellicula-bosniana-so-she-doesnt-live-aconseguix-la-palmera-dor-de-la-36-mostra-de-valencia\\\/#respond\"]}]},{\"@type\":\"WebPage\",\"@id\":\"https:\\\/\\\/lamostradevalencia.com\\\/ca\\\/la-pellicula-bosniana-so-she-doesnt-live-aconseguix-la-palmera-dor-de-la-36-mostra-de-valencia\\\/\",\"url\":\"https:\\\/\\\/lamostradevalencia.com\\\/ca\\\/la-pellicula-bosniana-so-she-doesnt-live-aconseguix-la-palmera-dor-de-la-36-mostra-de-valencia\\\/\",\"name\":\"La pel\u00b7l\u00edcula bosniana 'So she doesn't live' aconseguix la Palmera d'Or de la 36 Mostra de Val\u00e8ncia - Mostra de Val\u00e8ncia\",\"isPartOf\":{\"@id\":\"https:\\\/\\\/lamostradevalencia.com\\\/ca\\\/#website\"},\"primaryImageOfPage\":{\"@id\":\"https:\\\/\\\/lamostradevalencia.com\\\/ca\\\/la-pellicula-bosniana-so-she-doesnt-live-aconseguix-la-palmera-dor-de-la-36-mostra-de-valencia\\\/#primaryimage\"},\"image\":{\"@id\":\"https:\\\/\\\/lamostradevalencia.com\\\/ca\\\/la-pellicula-bosniana-so-she-doesnt-live-aconseguix-la-palmera-dor-de-la-36-mostra-de-valencia\\\/#primaryimage\"},\"thumbnailUrl\":\"https:\\\/\\\/lamostradevalencia.com\\\/wp-content\\\/uploads\\\/2021\\\/10\\\/U-z\u030citu-njih-dvoje.jpeg\",\"datePublished\":\"2021-10-23T14:13:37+00:00\",\"dateModified\":\"2021-10-23T14:16:53+00:00\",\"author\":{\"@id\":\"https:\\\/\\\/lamostradevalencia.com\\\/ca\\\/#\\\/schema\\\/person\\\/1dc07e4df3d6310b81d2cdf6a034070c\"},\"breadcrumb\":{\"@id\":\"https:\\\/\\\/lamostradevalencia.com\\\/ca\\\/la-pellicula-bosniana-so-she-doesnt-live-aconseguix-la-palmera-dor-de-la-36-mostra-de-valencia\\\/#breadcrumb\"},\"inLanguage\":\"ca\",\"potentialAction\":[{\"@type\":\"ReadAction\",\"target\":[\"https:\\\/\\\/lamostradevalencia.com\\\/ca\\\/la-pellicula-bosniana-so-she-doesnt-live-aconseguix-la-palmera-dor-de-la-36-mostra-de-valencia\\\/\"]}]},{\"@type\":\"ImageObject\",\"inLanguage\":\"ca\",\"@id\":\"https:\\\/\\\/lamostradevalencia.com\\\/ca\\\/la-pellicula-bosniana-so-she-doesnt-live-aconseguix-la-palmera-dor-de-la-36-mostra-de-valencia\\\/#primaryimage\",\"url\":\"https:\\\/\\\/lamostradevalencia.com\\\/wp-content\\\/uploads\\\/2021\\\/10\\\/U-z\u030citu-njih-dvoje.jpeg\",\"contentUrl\":\"https:\\\/\\\/lamostradevalencia.com\\\/wp-content\\\/uploads\\\/2021\\\/10\\\/U-z\u030citu-njih-dvoje.jpeg\",\"width\":2048,\"height\":1080},{\"@type\":\"BreadcrumbList\",\"@id\":\"https:\\\/\\\/lamostradevalencia.com\\\/ca\\\/la-pellicula-bosniana-so-she-doesnt-live-aconseguix-la-palmera-dor-de-la-36-mostra-de-valencia\\\/#breadcrumb\",\"itemListElement\":[{\"@type\":\"ListItem\",\"position\":1,\"name\":\"Portada\",\"item\":\"https:\\\/\\\/lamostradevalencia.com\\\/ca\\\/\"},{\"@type\":\"ListItem\",\"position\":2,\"name\":\"La pel\u00b7l\u00edcula bosniana &#8216;So she doesn&#8217;t live&#8217; aconseguix la Palmera d&#8217;Or de la 36 Mostra de Val\u00e8ncia\"}]},{\"@type\":\"WebSite\",\"@id\":\"https:\\\/\\\/lamostradevalencia.com\\\/ca\\\/#website\",\"url\":\"https:\\\/\\\/lamostradevalencia.com\\\/ca\\\/\",\"name\":\"Mostra de Val\u00e8ncia\",\"description\":\"Cinema del Mediterrani\",\"potentialAction\":[{\"@type\":\"SearchAction\",\"target\":{\"@type\":\"EntryPoint\",\"urlTemplate\":\"https:\\\/\\\/lamostradevalencia.com\\\/ca\\\/?s={search_term_string}\"},\"query-input\":{\"@type\":\"PropertyValueSpecification\",\"valueRequired\":true,\"valueName\":\"search_term_string\"}}],\"inLanguage\":\"ca\"},{\"@type\":\"Person\",\"@id\":\"https:\\\/\\\/lamostradevalencia.com\\\/ca\\\/#\\\/schema\\\/person\\\/1dc07e4df3d6310b81d2cdf6a034070c\",\"name\":\"Mostra de Val\u00e8ncia\",\"image\":{\"@type\":\"ImageObject\",\"inLanguage\":\"ca\",\"@id\":\"https:\\\/\\\/secure.gravatar.com\\\/avatar\\\/ada4dfd699a9907706987adb1bb2b361c2613ccca474b49b8c648de5208e32f8?s=96&d=mm&r=g\",\"url\":\"https:\\\/\\\/secure.gravatar.com\\\/avatar\\\/ada4dfd699a9907706987adb1bb2b361c2613ccca474b49b8c648de5208e32f8?s=96&d=mm&r=g\",\"contentUrl\":\"https:\\\/\\\/secure.gravatar.com\\\/avatar\\\/ada4dfd699a9907706987adb1bb2b361c2613ccca474b49b8c648de5208e32f8?s=96&d=mm&r=g\",\"caption\":\"Mostra de Val\u00e8ncia\"}}]}<\/script>\n<!-- \/ Yoast SEO plugin. -->","yoast_head_json":{"title":"La pel\u00b7l\u00edcula bosniana 'So she doesn't live' aconseguix la Palmera d'Or de la 36 Mostra de Val\u00e8ncia - Mostra de Val\u00e8ncia","robots":{"index":"index","follow":"follow","max-snippet":"max-snippet:-1","max-image-preview":"max-image-preview:large","max-video-preview":"max-video-preview:-1"},"canonical":"https:\/\/lamostradevalencia.com\/ca\/la-pellicula-bosniana-so-she-doesnt-live-aconseguix-la-palmera-dor-de-la-36-mostra-de-valencia\/","og_locale":"ca_ES","og_type":"article","og_title":"La pel\u00b7l\u00edcula bosniana 'So she doesn't live' aconseguix la Palmera d'Or de la 36 Mostra de Val\u00e8ncia - Mostra de Val\u00e8ncia","og_description":"La 36a edici\u00f3 de la Mostra de Val\u00e8ncia\u2013Cinema del Mediterrani arriba a la seua fi. Deu dies que han servit per a oferir una panor\u00e0mica [&hellip;]","og_url":"https:\/\/lamostradevalencia.com\/ca\/la-pellicula-bosniana-so-she-doesnt-live-aconseguix-la-palmera-dor-de-la-36-mostra-de-valencia\/","og_site_name":"Mostra de Val\u00e8ncia","article_published_time":"2021-10-23T14:13:37+00:00","article_modified_time":"2021-10-23T14:16:53+00:00","og_image":[{"width":2048,"height":1080,"url":"https:\/\/lamostradevalencia.com\/wp-content\/uploads\/2021\/10\/U-z\u030citu-njih-dvoje.jpeg","type":"image\/jpeg"}],"author":"Mostra de Val\u00e8ncia","twitter_card":"summary_large_image","twitter_misc":{"Escrit per":"Mostra de Val\u00e8ncia","Temps estimat de lectura":"2 minuts"},"schema":{"@context":"https:\/\/schema.org","@graph":[{"@type":"Article","@id":"https:\/\/lamostradevalencia.com\/ca\/la-pellicula-bosniana-so-she-doesnt-live-aconseguix-la-palmera-dor-de-la-36-mostra-de-valencia\/#article","isPartOf":{"@id":"https:\/\/lamostradevalencia.com\/ca\/la-pellicula-bosniana-so-she-doesnt-live-aconseguix-la-palmera-dor-de-la-36-mostra-de-valencia\/"},"author":{"name":"Mostra de Val\u00e8ncia","@id":"https:\/\/lamostradevalencia.com\/ca\/#\/schema\/person\/1dc07e4df3d6310b81d2cdf6a034070c"},"headline":"La pel\u00b7l\u00edcula bosniana &#8216;So she doesn&#8217;t live&#8217; aconseguix la Palmera d&#8217;Or de la 36 Mostra de Val\u00e8ncia","datePublished":"2021-10-23T14:13:37+00:00","dateModified":"2021-10-23T14:16:53+00:00","mainEntityOfPage":{"@id":"https:\/\/lamostradevalencia.com\/ca\/la-pellicula-bosniana-so-she-doesnt-live-aconseguix-la-palmera-dor-de-la-36-mostra-de-valencia\/"},"wordCount":488,"commentCount":0,"image":{"@id":"https:\/\/lamostradevalencia.com\/ca\/la-pellicula-bosniana-so-she-doesnt-live-aconseguix-la-palmera-dor-de-la-36-mostra-de-valencia\/#primaryimage"},"thumbnailUrl":"https:\/\/lamostradevalencia.com\/wp-content\/uploads\/2021\/10\/U-z\u030citu-njih-dvoje.jpeg","keywords":["estrenos","palmar\u00e9s","palmeras"],"articleSection":["Noticies"],"inLanguage":"ca","potentialAction":[{"@type":"CommentAction","name":"Comment","target":["https:\/\/lamostradevalencia.com\/ca\/la-pellicula-bosniana-so-she-doesnt-live-aconseguix-la-palmera-dor-de-la-36-mostra-de-valencia\/#respond"]}]},{"@type":"WebPage","@id":"https:\/\/lamostradevalencia.com\/ca\/la-pellicula-bosniana-so-she-doesnt-live-aconseguix-la-palmera-dor-de-la-36-mostra-de-valencia\/","url":"https:\/\/lamostradevalencia.com\/ca\/la-pellicula-bosniana-so-she-doesnt-live-aconseguix-la-palmera-dor-de-la-36-mostra-de-valencia\/","name":"La pel\u00b7l\u00edcula bosniana 'So she doesn't live' aconseguix la Palmera d'Or de la 36 Mostra de Val\u00e8ncia - Mostra de Val\u00e8ncia","isPartOf":{"@id":"https:\/\/lamostradevalencia.com\/ca\/#website"},"primaryImageOfPage":{"@id":"https:\/\/lamostradevalencia.com\/ca\/la-pellicula-bosniana-so-she-doesnt-live-aconseguix-la-palmera-dor-de-la-36-mostra-de-valencia\/#primaryimage"},"image":{"@id":"https:\/\/lamostradevalencia.com\/ca\/la-pellicula-bosniana-so-she-doesnt-live-aconseguix-la-palmera-dor-de-la-36-mostra-de-valencia\/#primaryimage"},"thumbnailUrl":"https:\/\/lamostradevalencia.com\/wp-content\/uploads\/2021\/10\/U-z\u030citu-njih-dvoje.jpeg","datePublished":"2021-10-23T14:13:37+00:00","dateModified":"2021-10-23T14:16:53+00:00","author":{"@id":"https:\/\/lamostradevalencia.com\/ca\/#\/schema\/person\/1dc07e4df3d6310b81d2cdf6a034070c"},"breadcrumb":{"@id":"https:\/\/lamostradevalencia.com\/ca\/la-pellicula-bosniana-so-she-doesnt-live-aconseguix-la-palmera-dor-de-la-36-mostra-de-valencia\/#breadcrumb"},"inLanguage":"ca","potentialAction":[{"@type":"ReadAction","target":["https:\/\/lamostradevalencia.com\/ca\/la-pellicula-bosniana-so-she-doesnt-live-aconseguix-la-palmera-dor-de-la-36-mostra-de-valencia\/"]}]},{"@type":"ImageObject","inLanguage":"ca","@id":"https:\/\/lamostradevalencia.com\/ca\/la-pellicula-bosniana-so-she-doesnt-live-aconseguix-la-palmera-dor-de-la-36-mostra-de-valencia\/#primaryimage","url":"https:\/\/lamostradevalencia.com\/wp-content\/uploads\/2021\/10\/U-z\u030citu-njih-dvoje.jpeg","contentUrl":"https:\/\/lamostradevalencia.com\/wp-content\/uploads\/2021\/10\/U-z\u030citu-njih-dvoje.jpeg","width":2048,"height":1080},{"@type":"BreadcrumbList","@id":"https:\/\/lamostradevalencia.com\/ca\/la-pellicula-bosniana-so-she-doesnt-live-aconseguix-la-palmera-dor-de-la-36-mostra-de-valencia\/#breadcrumb","itemListElement":[{"@type":"ListItem","position":1,"name":"Portada","item":"https:\/\/lamostradevalencia.com\/ca\/"},{"@type":"ListItem","position":2,"name":"La pel\u00b7l\u00edcula bosniana &#8216;So she doesn&#8217;t live&#8217; aconseguix la Palmera d&#8217;Or de la 36 Mostra de Val\u00e8ncia"}]},{"@type":"WebSite","@id":"https:\/\/lamostradevalencia.com\/ca\/#website","url":"https:\/\/lamostradevalencia.com\/ca\/","name":"Mostra de Val\u00e8ncia","description":"Cinema del Mediterrani","potentialAction":[{"@type":"SearchAction","target":{"@type":"EntryPoint","urlTemplate":"https:\/\/lamostradevalencia.com\/ca\/?s={search_term_string}"},"query-input":{"@type":"PropertyValueSpecification","valueRequired":true,"valueName":"search_term_string"}}],"inLanguage":"ca"},{"@type":"Person","@id":"https:\/\/lamostradevalencia.com\/ca\/#\/schema\/person\/1dc07e4df3d6310b81d2cdf6a034070c","name":"Mostra de Val\u00e8ncia","image":{"@type":"ImageObject","inLanguage":"ca","@id":"https:\/\/secure.gravatar.com\/avatar\/ada4dfd699a9907706987adb1bb2b361c2613ccca474b49b8c648de5208e32f8?s=96&d=mm&r=g","url":"https:\/\/secure.gravatar.com\/avatar\/ada4dfd699a9907706987adb1bb2b361c2613ccca474b49b8c648de5208e32f8?s=96&d=mm&r=g","contentUrl":"https:\/\/secure.gravatar.com\/avatar\/ada4dfd699a9907706987adb1bb2b361c2613ccca474b49b8c648de5208e32f8?s=96&d=mm&r=g","caption":"Mostra de Val\u00e8ncia"}}]}},"uagb_featured_image_src":{"full":["https:\/\/lamostradevalencia.com\/wp-content\/uploads\/2021\/10\/U-z\u030citu-njih-dvoje.jpeg",2048,1080,false],"thumbnail":["https:\/\/lamostradevalencia.com\/wp-content\/uploads\/2021\/10\/U-z\u030citu-njih-dvoje-150x150.jpeg",150,150,true],"medium":["https:\/\/lamostradevalencia.com\/wp-content\/uploads\/2021\/10\/U-z\u030citu-njih-dvoje-300x158.jpeg",300,158,true],"medium_large":["https:\/\/lamostradevalencia.com\/wp-content\/uploads\/2021\/10\/U-z\u030citu-njih-dvoje-768x405.jpeg",768,405,true],"large":["https:\/\/lamostradevalencia.com\/wp-content\/uploads\/2021\/10\/U-z\u030citu-njih-dvoje-1024x540.jpeg",1024,540,true],"1536x1536":["https:\/\/lamostradevalencia.com\/wp-content\/uploads\/2021\/10\/U-z\u030citu-njih-dvoje-1536x810.jpeg",1536,810,true],"2048x2048":["https:\/\/lamostradevalencia.com\/wp-content\/uploads\/2021\/10\/U-z\u030citu-njih-dvoje.jpeg",2048,1080,false],"cinerama_edge_image_square":["https:\/\/lamostradevalencia.com\/wp-content\/uploads\/2021\/10\/U-z\u030citu-njih-dvoje-550x550.jpeg",550,550,true],"cinerama_edge_image_landscape":["https:\/\/lamostradevalencia.com\/wp-content\/uploads\/2021\/10\/U-z\u030citu-njih-dvoje-1100x550.jpeg",1100,550,true],"cinerama_edge_image_portrait":["https:\/\/lamostradevalencia.com\/wp-content\/uploads\/2021\/10\/U-z\u030citu-njih-dvoje-550x1080.jpeg",550,1080,true],"cinerama_edge_image_huge":["https:\/\/lamostradevalencia.com\/wp-content\/uploads\/2021\/10\/U-z\u030citu-njih-dvoje-1100x1080.jpeg",1100,1080,true],"gform-image-choice-sm":["https:\/\/lamostradevalencia.com\/wp-content\/uploads\/2021\/10\/U-z\u030citu-njih-dvoje.jpeg",300,158,false],"gform-image-choice-md":["https:\/\/lamostradevalencia.com\/wp-content\/uploads\/2021\/10\/U-z\u030citu-njih-dvoje.jpeg",400,211,false],"gform-image-choice-lg":["https:\/\/lamostradevalencia.com\/wp-content\/uploads\/2021\/10\/U-z\u030citu-njih-dvoje.jpeg",600,316,false]},"uagb_author_info":{"display_name":"Mostra de Val\u00e8ncia","author_link":"https:\/\/lamostradevalencia.com\/ca\/author\/mostravalencia\/"},"uagb_comment_info":0,"uagb_excerpt":"La 36a edici\u00f3 de la Mostra de Val\u00e8ncia\u2013Cinema del Mediterrani arriba a la seua fi. Deu dies que han servit per a oferir una panor\u00e0mica [&hellip;]","_links":{"self":[{"href":"https:\/\/lamostradevalencia.com\/ca\/wp-json\/wp\/v2\/posts\/13233","targetHints":{"allow":["GET"]}}],"collection":[{"href":"https:\/\/lamostradevalencia.com\/ca\/wp-json\/wp\/v2\/posts"}],"about":[{"href":"https:\/\/lamostradevalencia.com\/ca\/wp-json\/wp\/v2\/types\/post"}],"author":[{"embeddable":true,"href":"https:\/\/lamostradevalencia.com\/ca\/wp-json\/wp\/v2\/users\/1"}],"replies":[{"embeddable":true,"href":"https:\/\/lamostradevalencia.com\/ca\/wp-json\/wp\/v2\/comments?post=13233"}],"version-history":[{"count":2,"href":"https:\/\/lamostradevalencia.com\/ca\/wp-json\/wp\/v2\/posts\/13233\/revisions"}],"predecessor-version":[{"id":13235,"href":"https:\/\/lamostradevalencia.com\/ca\/wp-json\/wp\/v2\/posts\/13233\/revisions\/13235"}],"wp:featuredmedia":[{"embeddable":true,"href":"https:\/\/lamostradevalencia.com\/ca\/wp-json\/wp\/v2\/media\/13228"}],"wp:attachment":[{"href":"https:\/\/lamostradevalencia.com\/ca\/wp-json\/wp\/v2\/media?parent=13233"}],"wp:term":[{"taxonomy":"category","embeddable":true,"href":"https:\/\/lamostradevalencia.com\/ca\/wp-json\/wp\/v2\/categories?post=13233"},{"taxonomy":"post_tag","embeddable":true,"href":"https:\/\/lamostradevalencia.com\/ca\/wp-json\/wp\/v2\/tags?post=13233"}],"curies":[{"name":"wp","href":"https:\/\/api.w.org\/{rel}","templated":true}]}}