{"id":12841,"date":"2021-10-07T15:49:55","date_gmt":"2021-10-07T13:49:55","guid":{"rendered":"https:\/\/lamostradevalencia.com\/?p=12841"},"modified":"2021-10-07T15:49:55","modified_gmt":"2021-10-07T13:49:55","slug":"el-film-valencia-visitante-arriba-a-la-mostra-despres-de-competir-a-sitges","status":"publish","type":"post","link":"https:\/\/lamostradevalencia.com\/ca\/el-film-valencia-visitante-arriba-a-la-mostra-despres-de-competir-a-sitges\/","title":{"rendered":"EL FILM VALENCI\u00c0 &#8220;VISITANTE&#8221; ARRIBA A LA MOSTRA DESPR\u00c9S DE COMPETIR A SITGES"},"content":{"rendered":"<p>No ha pogut debutar amb millor peu en el llargmetratge el benidormer Alberto Evangelio, avesat durant anys en el terreny del curtmetratge i la televisi\u00f3. La seua primera pel\u00b7l\u00edcula, &#8220;Visitante&#8221;, va tindre la seua estrena mundial com a part de la competici\u00f3 oficial del prestigi\u00f3s Festival de Sitges, el m\u00e9s important d&#8217;Europa en el terreny del fant\u00e0stic. Perqu\u00e8 s\u00ed, es tracta d&#8217;una pel\u00b7l\u00edcula de g\u00e8nere, i nom\u00e9s llegir la sinopsi ja produ\u00efx una certa sensaci\u00f3 d&#8217;inquietud: La protagonista \u00e9s Marga (Iria del Riu), que travessa una crisi amb el seu marit i, a fi de posar els seus pensaments en orde, decidix passar uns dies sola en l&#8217;antiga casa dels seus pares. Per\u00f2 all\u00ed no tarden a comen\u00e7ar a produir-se estranys fen\u00f2mens que l&#8217;aterrixen. Al principi creu que poden estar relacionats amb la seua difunta mare, per\u00f2 prompte descobrir\u00e0 que tot t\u00e9 a veure amb un xicotet meteorit que va caure a la casa quan ella tenia nou anys.<\/p>\n<p>Mostra de Val\u00e8ncia acull l&#8217;estrena valenciana d&#8217;una cinta volunt\u00e0riament allunyada del cinema de terror a l&#8217;\u00fas, d&#8217;atmosfera opressiva, amb m\u00faltiples girs i una tensi\u00f3 sempre <em>in crescendo<\/em>. Es tracta d&#8217;una hist\u00f2ria quotidiana on la ci\u00e8ncia-ficci\u00f3 s&#8217;utilitza com una teranyina per als personatges, que es veuen atrapats en situacions que els faran replantejar-se els camins que van triar en la vida. En este sentit, la pel\u00b7l\u00edcula admet com a refer\u00e8ncia la multipremiada &#8220;Coherence&#8221;, de James Ward Byrkit.<\/p>\n<p>&nbsp;<\/p>\n<p><iframe loading=\"lazy\" title=\"VISITANTE. Teaser tr\u00e1iler. Pr\u00f3ximamente en cines.\" width=\"1100\" height=\"619\" src=\"https:\/\/www.youtube.com\/embed\/PEHc4Rcv6s0?feature=oembed\" frameborder=\"0\" allow=\"accelerometer; autoplay; clipboard-write; encrypted-media; gyroscope; picture-in-picture\" allowfullscreen><\/iframe><\/p>\n<p>&nbsp;<\/p>\n<p>Per\u00f2 no \u00e9s l&#8217;\u00fanic espill en el qual s&#8217;ha mirat Evangeli, que tamb\u00e9 cita com a model el cl\u00e0ssic &#8220;El ente&#8221;, de Sidney J. Furie, ja que quan Marga arriba a la casa nota una pres\u00e8ncia invisible que tracta de comunicar-se amb ella. La pel\u00b7l\u00edcula no tarda a prendre un cam\u00ed molt original cap a la ci\u00e8ncia-ficci\u00f3, ja que eixa pres\u00e8ncia que veu la nostra protagonista en realitat \u00e9s el seu altre jo, que habita en una realitat alternativa, i que ve a avisar-la que el seu marit no \u00e9s qui ella creu. D&#8217;esta manera, la por adopta moltes cares al llarg del metratge del film.<\/p>\n<p>En companyia d\u2019Iria del Riu (&#8220;Antidisturbios&#8221;) ens trobem amb Jan Cornet (&#8220;La piel que habito&#8221;), Miquel Fern\u00e1ndez (&#8220;El embarcadero&#8221;) i coneguts rostres valencians com els de Carles Sanjaime, Pep Ricart o Inma Sancho.<\/p>\n<p>En la seua fase de projecte, la pel\u00b7l\u00edcula va participar en el programa de <em>mentoring<\/em> \u201cProducers meet producers\u201d, organitzat per PAC (Productors Audiovisuals de Catalunya) i en la secci\u00f3 \u201cComing Soon\u201d del propi Festival de Sitges.<\/p>\n<p>&#8220;Visitante&#8221; \u00e9s una coproducci\u00f3 rodada en temps de pand\u00e8mia, que ha comptat amb la participaci\u00f3 de l&#8217;Institut Valenci\u00e0 de Cultura, el Ministeri de Cultura, Crea SGR, i les televisions \u00c0 Punt M\u00e8dia i TV3.<\/p>\n<p>Una pel\u00b7l\u00edcula que narra la hist\u00f2ria d&#8217;una xica normal en una situaci\u00f3 extraordin\u00e0ria, en l&#8217;interessant univers de les realitats alternatives, que aborda temes com ara la maternitat o la culpa, i que q\u00fcestiona les decisions que prenem en la vida. En paraules del mateix Alberto Evangelio, que visitar\u00e0 la Mostra acompanyat de part de l&#8217;equip de &#8220;Visitante&#8221;, \u201call\u00f2 que comen\u00e7a com una hist\u00f2ria intimista, prompte es convertix en un thriller fant\u00e0stic, i la tensi\u00f3 i el ritme creixen fins al cl\u00edmax final, on la pel\u00b7l\u00edcula dona un gir definitiu\u201d. Un film amb un univers \u00fanic, propiciat en gran manera per la utilitzaci\u00f3 d&#8217;efectes especials anal\u00f2gics, que maneja recursos visuals i sonors propis dels cl\u00e0ssics del cinema fant\u00e0stic.<\/p>\n","protected":false},"excerpt":{"rendered":"<p>No ha pogut debutar amb millor peu en el llargmetratge el benidormer Alberto Evangelio, avesat durant anys en el terreny del curtmetratge i la televisi\u00f3. [&hellip;]<\/p>\n","protected":false},"author":3,"featured_media":11342,"comment_status":"open","ping_status":"open","sticky":false,"template":"","format":"standard","meta":{"_uag_custom_page_level_css":"","_jet_sm_ready_style":"","_jet_sm_style":"","_jet_sm_controls_values":"","_jet_sm_fonts_collection":"","_jet_sm_fonts_links":"","footnotes":""},"categories":[455],"tags":[],"class_list":["post-12841","post","type-post","status-publish","format-standard","has-post-thumbnail","hentry","category-noticies"],"yoast_head":"<!-- This site is optimized with the Yoast SEO plugin v27.5 - https:\/\/yoast.com\/product\/yoast-seo-wordpress\/ -->\n<title>EL FILM VALENCI\u00c0 &quot;VISITANTE&quot; ARRIBA A LA MOSTRA DESPR\u00c9S DE COMPETIR A SITGES<\/title>\n<meta name=\"description\" content=\"Debut en el llargmetratge d&#039;Alberto Evangelio\" \/>\n<meta name=\"robots\" content=\"index, follow, max-snippet:-1, max-image-preview:large, max-video-preview:-1\" \/>\n<link rel=\"canonical\" href=\"https:\/\/lamostradevalencia.com\/ca\/el-film-valencia-visitante-arriba-a-la-mostra-despres-de-competir-a-sitges\/\" \/>\n<meta property=\"og:locale\" content=\"ca_ES\" \/>\n<meta property=\"og:type\" content=\"article\" \/>\n<meta property=\"og:title\" content=\"EL FILM VALENCI\u00c0 &quot;VISITANTE&quot; ARRIBA A LA MOSTRA DESPR\u00c9S DE COMPETIR A SITGES\" \/>\n<meta property=\"og:description\" content=\"Debut en el llargmetratge d&#039;Alberto Evangelio\" \/>\n<meta property=\"og:url\" content=\"https:\/\/lamostradevalencia.com\/ca\/el-film-valencia-visitante-arriba-a-la-mostra-despres-de-competir-a-sitges\/\" \/>\n<meta property=\"og:site_name\" content=\"Mostra de Val\u00e8ncia\" \/>\n<meta property=\"article:published_time\" content=\"2021-10-07T13:49:55+00:00\" \/>\n<meta property=\"og:image\" content=\"https:\/\/lamostradevalencia.com\/wp-content\/uploads\/2021\/09\/FRAME_1_VISITANTE-scaled.jpg\" \/>\n\t<meta property=\"og:image:width\" content=\"2560\" \/>\n\t<meta property=\"og:image:height\" content=\"1440\" \/>\n\t<meta property=\"og:image:type\" content=\"image\/jpeg\" \/>\n<meta name=\"author\" content=\"contenidos\" \/>\n<meta name=\"twitter:card\" content=\"summary_large_image\" \/>\n<meta name=\"twitter:label1\" content=\"Escrit per\" \/>\n\t<meta name=\"twitter:data1\" content=\"contenidos\" \/>\n\t<meta name=\"twitter:label2\" content=\"Temps estimat de lectura\" \/>\n\t<meta name=\"twitter:data2\" content=\"3 minuts\" \/>\n<script type=\"application\/ld+json\" class=\"yoast-schema-graph\">{\"@context\":\"https:\\\/\\\/schema.org\",\"@graph\":[{\"@type\":\"Article\",\"@id\":\"https:\\\/\\\/lamostradevalencia.com\\\/ca\\\/el-film-valencia-visitante-arriba-a-la-mostra-despres-de-competir-a-sitges\\\/#article\",\"isPartOf\":{\"@id\":\"https:\\\/\\\/lamostradevalencia.com\\\/ca\\\/el-film-valencia-visitante-arriba-a-la-mostra-despres-de-competir-a-sitges\\\/\"},\"author\":{\"name\":\"contenidos\",\"@id\":\"https:\\\/\\\/lamostradevalencia.com\\\/ca\\\/#\\\/schema\\\/person\\\/361c3c0dd5489e78ad78ee4f8332efac\"},\"headline\":\"EL FILM VALENCI\u00c0 &#8220;VISITANTE&#8221; ARRIBA A LA MOSTRA DESPR\u00c9S DE COMPETIR A SITGES\",\"datePublished\":\"2021-10-07T13:49:55+00:00\",\"mainEntityOfPage\":{\"@id\":\"https:\\\/\\\/lamostradevalencia.com\\\/ca\\\/el-film-valencia-visitante-arriba-a-la-mostra-despres-de-competir-a-sitges\\\/\"},\"wordCount\":650,\"commentCount\":0,\"image\":{\"@id\":\"https:\\\/\\\/lamostradevalencia.com\\\/ca\\\/el-film-valencia-visitante-arriba-a-la-mostra-despres-de-competir-a-sitges\\\/#primaryimage\"},\"thumbnailUrl\":\"https:\\\/\\\/lamostradevalencia.com\\\/wp-content\\\/uploads\\\/2021\\\/09\\\/FRAME_1_VISITANTE-scaled.jpg\",\"articleSection\":[\"Noticies\"],\"inLanguage\":\"ca\",\"potentialAction\":[{\"@type\":\"CommentAction\",\"name\":\"Comment\",\"target\":[\"https:\\\/\\\/lamostradevalencia.com\\\/ca\\\/el-film-valencia-visitante-arriba-a-la-mostra-despres-de-competir-a-sitges\\\/#respond\"]}]},{\"@type\":\"WebPage\",\"@id\":\"https:\\\/\\\/lamostradevalencia.com\\\/ca\\\/el-film-valencia-visitante-arriba-a-la-mostra-despres-de-competir-a-sitges\\\/\",\"url\":\"https:\\\/\\\/lamostradevalencia.com\\\/ca\\\/el-film-valencia-visitante-arriba-a-la-mostra-despres-de-competir-a-sitges\\\/\",\"name\":\"EL FILM VALENCI\u00c0 \\\"VISITANTE\\\" ARRIBA A LA MOSTRA DESPR\u00c9S DE COMPETIR A SITGES\",\"isPartOf\":{\"@id\":\"https:\\\/\\\/lamostradevalencia.com\\\/ca\\\/#website\"},\"primaryImageOfPage\":{\"@id\":\"https:\\\/\\\/lamostradevalencia.com\\\/ca\\\/el-film-valencia-visitante-arriba-a-la-mostra-despres-de-competir-a-sitges\\\/#primaryimage\"},\"image\":{\"@id\":\"https:\\\/\\\/lamostradevalencia.com\\\/ca\\\/el-film-valencia-visitante-arriba-a-la-mostra-despres-de-competir-a-sitges\\\/#primaryimage\"},\"thumbnailUrl\":\"https:\\\/\\\/lamostradevalencia.com\\\/wp-content\\\/uploads\\\/2021\\\/09\\\/FRAME_1_VISITANTE-scaled.jpg\",\"datePublished\":\"2021-10-07T13:49:55+00:00\",\"author\":{\"@id\":\"https:\\\/\\\/lamostradevalencia.com\\\/ca\\\/#\\\/schema\\\/person\\\/361c3c0dd5489e78ad78ee4f8332efac\"},\"description\":\"Debut en el llargmetratge d'Alberto Evangelio\",\"breadcrumb\":{\"@id\":\"https:\\\/\\\/lamostradevalencia.com\\\/ca\\\/el-film-valencia-visitante-arriba-a-la-mostra-despres-de-competir-a-sitges\\\/#breadcrumb\"},\"inLanguage\":\"ca\",\"potentialAction\":[{\"@type\":\"ReadAction\",\"target\":[\"https:\\\/\\\/lamostradevalencia.com\\\/ca\\\/el-film-valencia-visitante-arriba-a-la-mostra-despres-de-competir-a-sitges\\\/\"]}]},{\"@type\":\"ImageObject\",\"inLanguage\":\"ca\",\"@id\":\"https:\\\/\\\/lamostradevalencia.com\\\/ca\\\/el-film-valencia-visitante-arriba-a-la-mostra-despres-de-competir-a-sitges\\\/#primaryimage\",\"url\":\"https:\\\/\\\/lamostradevalencia.com\\\/wp-content\\\/uploads\\\/2021\\\/09\\\/FRAME_1_VISITANTE-scaled.jpg\",\"contentUrl\":\"https:\\\/\\\/lamostradevalencia.com\\\/wp-content\\\/uploads\\\/2021\\\/09\\\/FRAME_1_VISITANTE-scaled.jpg\",\"width\":2560,\"height\":1440},{\"@type\":\"BreadcrumbList\",\"@id\":\"https:\\\/\\\/lamostradevalencia.com\\\/ca\\\/el-film-valencia-visitante-arriba-a-la-mostra-despres-de-competir-a-sitges\\\/#breadcrumb\",\"itemListElement\":[{\"@type\":\"ListItem\",\"position\":1,\"name\":\"Portada\",\"item\":\"https:\\\/\\\/lamostradevalencia.com\\\/ca\\\/\"},{\"@type\":\"ListItem\",\"position\":2,\"name\":\"EL FILM VALENCI\u00c0 &#8220;VISITANTE&#8221; ARRIBA A LA MOSTRA DESPR\u00c9S DE COMPETIR A SITGES\"}]},{\"@type\":\"WebSite\",\"@id\":\"https:\\\/\\\/lamostradevalencia.com\\\/ca\\\/#website\",\"url\":\"https:\\\/\\\/lamostradevalencia.com\\\/ca\\\/\",\"name\":\"Mostra de Val\u00e8ncia\",\"description\":\"Cinema del Mediterrani\",\"potentialAction\":[{\"@type\":\"SearchAction\",\"target\":{\"@type\":\"EntryPoint\",\"urlTemplate\":\"https:\\\/\\\/lamostradevalencia.com\\\/ca\\\/?s={search_term_string}\"},\"query-input\":{\"@type\":\"PropertyValueSpecification\",\"valueRequired\":true,\"valueName\":\"search_term_string\"}}],\"inLanguage\":\"ca\"},{\"@type\":\"Person\",\"@id\":\"https:\\\/\\\/lamostradevalencia.com\\\/ca\\\/#\\\/schema\\\/person\\\/361c3c0dd5489e78ad78ee4f8332efac\",\"name\":\"contenidos\",\"image\":{\"@type\":\"ImageObject\",\"inLanguage\":\"ca\",\"@id\":\"https:\\\/\\\/secure.gravatar.com\\\/avatar\\\/a87eddc188a32d5a0371ff92ef616b5006a91e389296d49d081f8d424eef134c?s=96&d=mm&r=g\",\"url\":\"https:\\\/\\\/secure.gravatar.com\\\/avatar\\\/a87eddc188a32d5a0371ff92ef616b5006a91e389296d49d081f8d424eef134c?s=96&d=mm&r=g\",\"contentUrl\":\"https:\\\/\\\/secure.gravatar.com\\\/avatar\\\/a87eddc188a32d5a0371ff92ef616b5006a91e389296d49d081f8d424eef134c?s=96&d=mm&r=g\",\"caption\":\"contenidos\"}}]}<\/script>\n<!-- \/ Yoast SEO plugin. -->","yoast_head_json":{"title":"EL FILM VALENCI\u00c0 \"VISITANTE\" ARRIBA A LA MOSTRA DESPR\u00c9S DE COMPETIR A SITGES","description":"Debut en el llargmetratge d'Alberto Evangelio","robots":{"index":"index","follow":"follow","max-snippet":"max-snippet:-1","max-image-preview":"max-image-preview:large","max-video-preview":"max-video-preview:-1"},"canonical":"https:\/\/lamostradevalencia.com\/ca\/el-film-valencia-visitante-arriba-a-la-mostra-despres-de-competir-a-sitges\/","og_locale":"ca_ES","og_type":"article","og_title":"EL FILM VALENCI\u00c0 \"VISITANTE\" ARRIBA A LA MOSTRA DESPR\u00c9S DE COMPETIR A SITGES","og_description":"Debut en el llargmetratge d'Alberto Evangelio","og_url":"https:\/\/lamostradevalencia.com\/ca\/el-film-valencia-visitante-arriba-a-la-mostra-despres-de-competir-a-sitges\/","og_site_name":"Mostra de Val\u00e8ncia","article_published_time":"2021-10-07T13:49:55+00:00","og_image":[{"width":2560,"height":1440,"url":"https:\/\/lamostradevalencia.com\/wp-content\/uploads\/2021\/09\/FRAME_1_VISITANTE-scaled.jpg","type":"image\/jpeg"}],"author":"contenidos","twitter_card":"summary_large_image","twitter_misc":{"Escrit per":"contenidos","Temps estimat de lectura":"3 minuts"},"schema":{"@context":"https:\/\/schema.org","@graph":[{"@type":"Article","@id":"https:\/\/lamostradevalencia.com\/ca\/el-film-valencia-visitante-arriba-a-la-mostra-despres-de-competir-a-sitges\/#article","isPartOf":{"@id":"https:\/\/lamostradevalencia.com\/ca\/el-film-valencia-visitante-arriba-a-la-mostra-despres-de-competir-a-sitges\/"},"author":{"name":"contenidos","@id":"https:\/\/lamostradevalencia.com\/ca\/#\/schema\/person\/361c3c0dd5489e78ad78ee4f8332efac"},"headline":"EL FILM VALENCI\u00c0 &#8220;VISITANTE&#8221; ARRIBA A LA MOSTRA DESPR\u00c9S DE COMPETIR A SITGES","datePublished":"2021-10-07T13:49:55+00:00","mainEntityOfPage":{"@id":"https:\/\/lamostradevalencia.com\/ca\/el-film-valencia-visitante-arriba-a-la-mostra-despres-de-competir-a-sitges\/"},"wordCount":650,"commentCount":0,"image":{"@id":"https:\/\/lamostradevalencia.com\/ca\/el-film-valencia-visitante-arriba-a-la-mostra-despres-de-competir-a-sitges\/#primaryimage"},"thumbnailUrl":"https:\/\/lamostradevalencia.com\/wp-content\/uploads\/2021\/09\/FRAME_1_VISITANTE-scaled.jpg","articleSection":["Noticies"],"inLanguage":"ca","potentialAction":[{"@type":"CommentAction","name":"Comment","target":["https:\/\/lamostradevalencia.com\/ca\/el-film-valencia-visitante-arriba-a-la-mostra-despres-de-competir-a-sitges\/#respond"]}]},{"@type":"WebPage","@id":"https:\/\/lamostradevalencia.com\/ca\/el-film-valencia-visitante-arriba-a-la-mostra-despres-de-competir-a-sitges\/","url":"https:\/\/lamostradevalencia.com\/ca\/el-film-valencia-visitante-arriba-a-la-mostra-despres-de-competir-a-sitges\/","name":"EL FILM VALENCI\u00c0 \"VISITANTE\" ARRIBA A LA MOSTRA DESPR\u00c9S DE COMPETIR A SITGES","isPartOf":{"@id":"https:\/\/lamostradevalencia.com\/ca\/#website"},"primaryImageOfPage":{"@id":"https:\/\/lamostradevalencia.com\/ca\/el-film-valencia-visitante-arriba-a-la-mostra-despres-de-competir-a-sitges\/#primaryimage"},"image":{"@id":"https:\/\/lamostradevalencia.com\/ca\/el-film-valencia-visitante-arriba-a-la-mostra-despres-de-competir-a-sitges\/#primaryimage"},"thumbnailUrl":"https:\/\/lamostradevalencia.com\/wp-content\/uploads\/2021\/09\/FRAME_1_VISITANTE-scaled.jpg","datePublished":"2021-10-07T13:49:55+00:00","author":{"@id":"https:\/\/lamostradevalencia.com\/ca\/#\/schema\/person\/361c3c0dd5489e78ad78ee4f8332efac"},"description":"Debut en el llargmetratge d'Alberto Evangelio","breadcrumb":{"@id":"https:\/\/lamostradevalencia.com\/ca\/el-film-valencia-visitante-arriba-a-la-mostra-despres-de-competir-a-sitges\/#breadcrumb"},"inLanguage":"ca","potentialAction":[{"@type":"ReadAction","target":["https:\/\/lamostradevalencia.com\/ca\/el-film-valencia-visitante-arriba-a-la-mostra-despres-de-competir-a-sitges\/"]}]},{"@type":"ImageObject","inLanguage":"ca","@id":"https:\/\/lamostradevalencia.com\/ca\/el-film-valencia-visitante-arriba-a-la-mostra-despres-de-competir-a-sitges\/#primaryimage","url":"https:\/\/lamostradevalencia.com\/wp-content\/uploads\/2021\/09\/FRAME_1_VISITANTE-scaled.jpg","contentUrl":"https:\/\/lamostradevalencia.com\/wp-content\/uploads\/2021\/09\/FRAME_1_VISITANTE-scaled.jpg","width":2560,"height":1440},{"@type":"BreadcrumbList","@id":"https:\/\/lamostradevalencia.com\/ca\/el-film-valencia-visitante-arriba-a-la-mostra-despres-de-competir-a-sitges\/#breadcrumb","itemListElement":[{"@type":"ListItem","position":1,"name":"Portada","item":"https:\/\/lamostradevalencia.com\/ca\/"},{"@type":"ListItem","position":2,"name":"EL FILM VALENCI\u00c0 &#8220;VISITANTE&#8221; ARRIBA A LA MOSTRA DESPR\u00c9S DE COMPETIR A SITGES"}]},{"@type":"WebSite","@id":"https:\/\/lamostradevalencia.com\/ca\/#website","url":"https:\/\/lamostradevalencia.com\/ca\/","name":"Mostra de Val\u00e8ncia","description":"Cinema del Mediterrani","potentialAction":[{"@type":"SearchAction","target":{"@type":"EntryPoint","urlTemplate":"https:\/\/lamostradevalencia.com\/ca\/?s={search_term_string}"},"query-input":{"@type":"PropertyValueSpecification","valueRequired":true,"valueName":"search_term_string"}}],"inLanguage":"ca"},{"@type":"Person","@id":"https:\/\/lamostradevalencia.com\/ca\/#\/schema\/person\/361c3c0dd5489e78ad78ee4f8332efac","name":"contenidos","image":{"@type":"ImageObject","inLanguage":"ca","@id":"https:\/\/secure.gravatar.com\/avatar\/a87eddc188a32d5a0371ff92ef616b5006a91e389296d49d081f8d424eef134c?s=96&d=mm&r=g","url":"https:\/\/secure.gravatar.com\/avatar\/a87eddc188a32d5a0371ff92ef616b5006a91e389296d49d081f8d424eef134c?s=96&d=mm&r=g","contentUrl":"https:\/\/secure.gravatar.com\/avatar\/a87eddc188a32d5a0371ff92ef616b5006a91e389296d49d081f8d424eef134c?s=96&d=mm&r=g","caption":"contenidos"}}]}},"uagb_featured_image_src":{"full":["https:\/\/lamostradevalencia.com\/wp-content\/uploads\/2021\/09\/FRAME_1_VISITANTE-scaled.jpg",2560,1440,false],"thumbnail":["https:\/\/lamostradevalencia.com\/wp-content\/uploads\/2021\/09\/FRAME_1_VISITANTE-150x150.jpg",150,150,true],"medium":["https:\/\/lamostradevalencia.com\/wp-content\/uploads\/2021\/09\/FRAME_1_VISITANTE-300x169.jpg",300,169,true],"medium_large":["https:\/\/lamostradevalencia.com\/wp-content\/uploads\/2021\/09\/FRAME_1_VISITANTE-768x432.jpg",768,432,true],"large":["https:\/\/lamostradevalencia.com\/wp-content\/uploads\/2021\/09\/FRAME_1_VISITANTE-1024x576.jpg",1024,576,true],"1536x1536":["https:\/\/lamostradevalencia.com\/wp-content\/uploads\/2021\/09\/FRAME_1_VISITANTE-1536x864.jpg",1536,864,true],"2048x2048":["https:\/\/lamostradevalencia.com\/wp-content\/uploads\/2021\/09\/FRAME_1_VISITANTE-2048x1152.jpg",2048,1152,true],"cinerama_edge_image_square":["https:\/\/lamostradevalencia.com\/wp-content\/uploads\/2021\/09\/FRAME_1_VISITANTE-550x550.jpg",550,550,true],"cinerama_edge_image_landscape":["https:\/\/lamostradevalencia.com\/wp-content\/uploads\/2021\/09\/FRAME_1_VISITANTE-1100x550.jpg",1100,550,true],"cinerama_edge_image_portrait":["https:\/\/lamostradevalencia.com\/wp-content\/uploads\/2021\/09\/FRAME_1_VISITANTE-550x1100.jpg",550,1100,true],"cinerama_edge_image_huge":["https:\/\/lamostradevalencia.com\/wp-content\/uploads\/2021\/09\/FRAME_1_VISITANTE-1100x1100.jpg",1100,1100,true],"gform-image-choice-sm":["https:\/\/lamostradevalencia.com\/wp-content\/uploads\/2021\/09\/FRAME_1_VISITANTE-scaled.jpg",300,169,false],"gform-image-choice-md":["https:\/\/lamostradevalencia.com\/wp-content\/uploads\/2021\/09\/FRAME_1_VISITANTE-scaled.jpg",400,225,false],"gform-image-choice-lg":["https:\/\/lamostradevalencia.com\/wp-content\/uploads\/2021\/09\/FRAME_1_VISITANTE-scaled.jpg",600,338,false]},"uagb_author_info":{"display_name":"contenidos","author_link":"https:\/\/lamostradevalencia.com\/ca\/author\/contenidos\/"},"uagb_comment_info":0,"uagb_excerpt":"No ha pogut debutar amb millor peu en el llargmetratge el benidormer Alberto Evangelio, avesat durant anys en el terreny del curtmetratge i la televisi\u00f3. [&hellip;]","_links":{"self":[{"href":"https:\/\/lamostradevalencia.com\/ca\/wp-json\/wp\/v2\/posts\/12841","targetHints":{"allow":["GET"]}}],"collection":[{"href":"https:\/\/lamostradevalencia.com\/ca\/wp-json\/wp\/v2\/posts"}],"about":[{"href":"https:\/\/lamostradevalencia.com\/ca\/wp-json\/wp\/v2\/types\/post"}],"author":[{"embeddable":true,"href":"https:\/\/lamostradevalencia.com\/ca\/wp-json\/wp\/v2\/users\/3"}],"replies":[{"embeddable":true,"href":"https:\/\/lamostradevalencia.com\/ca\/wp-json\/wp\/v2\/comments?post=12841"}],"version-history":[{"count":2,"href":"https:\/\/lamostradevalencia.com\/ca\/wp-json\/wp\/v2\/posts\/12841\/revisions"}],"predecessor-version":[{"id":12843,"href":"https:\/\/lamostradevalencia.com\/ca\/wp-json\/wp\/v2\/posts\/12841\/revisions\/12843"}],"wp:featuredmedia":[{"embeddable":true,"href":"https:\/\/lamostradevalencia.com\/ca\/wp-json\/wp\/v2\/media\/11342"}],"wp:attachment":[{"href":"https:\/\/lamostradevalencia.com\/ca\/wp-json\/wp\/v2\/media?parent=12841"}],"wp:term":[{"taxonomy":"category","embeddable":true,"href":"https:\/\/lamostradevalencia.com\/ca\/wp-json\/wp\/v2\/categories?post=12841"},{"taxonomy":"post_tag","embeddable":true,"href":"https:\/\/lamostradevalencia.com\/ca\/wp-json\/wp\/v2\/tags?post=12841"}],"curies":[{"name":"wp","href":"https:\/\/api.w.org\/{rel}","templated":true}]}}