{"id":12699,"date":"2021-10-04T16:41:47","date_gmt":"2021-10-04T14:41:47","guid":{"rendered":"https:\/\/lamostradevalencia.com\/?p=12699"},"modified":"2021-10-04T16:41:47","modified_gmt":"2021-10-04T14:41:47","slug":"el-lodo-vist-de-thriller-lalbufera","status":"publish","type":"post","link":"https:\/\/lamostradevalencia.com\/ca\/el-lodo-vist-de-thriller-lalbufera\/","title":{"rendered":"&#8220;EL LODO&#8221; VIST DE THRILLER L\u2019ALBUFERA"},"content":{"rendered":"<p>Una reserva natural assotada per una implacable sequera. Un bi\u00f2leg conservador que arriba amb la seua fam\u00edlia a un entorn bell i hostil per a posar remei a l&#8217;escassetat. I una comunitat de vilatans que patix els estralls de tanta privaci\u00f3 i que no ent\u00e9n de mesures a llarg termini perqu\u00e8 potser dem\u00e0 no t\u00e9 res a emportar-se a la boca. Eixos s\u00f3n els v\u00edmets amb els quals el director valenci\u00e0 I\u00f1aki S\u00e1nchez Arrieta tix &#8220;El lodo&#8221;, la seua segona pel\u00b7l\u00edcula, que tindr\u00e0 la seua <em>premi\u00e8re<\/em> mundial en la Mostra de Val\u00e8ncia-Cinema del Mediterrani.<\/p>\n<p>Este thriller asfixiant amb l&#8217;Albufera com a escenari principal -ac\u00ed convenientment transformada en la Llacuna Blanca- fa del paisatge un personatge m\u00e9s: primer, perqu\u00e8 \u00e9s determinant per al desenvolupament de la hist\u00f2ria (els condicionants clim\u00e0tics actuen com a desencadenant), i despr\u00e9s perqu\u00e8 eixa bellesa fosca que desprenen els aiguamolls funciona com a met\u00e0fora dels conflictes que travessen la pel\u00b7l\u00edcula.<\/p>\n<p>&nbsp;<\/p>\n<p><iframe loading=\"lazy\" title=\"EL LODO - Tr\u00e1iler oficial\" width=\"1100\" height=\"619\" src=\"https:\/\/www.youtube.com\/embed\/n4NT0TJzEkg?feature=oembed\" frameborder=\"0\" allow=\"accelerometer; autoplay; clipboard-write; encrypted-media; gyroscope; picture-in-picture\" allowfullscreen><\/iframe><\/p>\n<p>&nbsp;<\/p>\n<p>L&#8217;origen del gui\u00f3 que ha donat lloc a &#8220;El lodo&#8221;, els inicis del qual es remunten sis anys arrere, sorgix d&#8217;un interrogant que rondava constantment el cap de S\u00e1nchez Arrieta: \u201cCom \u00e9s possible que no s&#8217;haja fet res en l&#8217;Albufera?\u201d Potser per aix\u00f2 la pel\u00b7l\u00edcula s&#8217;inscriu en una determinada tradici\u00f3 del cinema espanyol contemporani conformada per thrillers que abandonen l&#8217;entorn urb\u00e0 per a situar-se en espais rurals quan no directament en plena naturalesa. En la presentaci\u00f3 del rodatge, el realitzador valenci\u00e0 va citar &#8220;La isla m\u00ednima&#8221; (Alberto Rodr\u00edguez, 2014) i &#8220;Tarde para la ira&#8221; (Ra\u00fal Ar\u00e9valo, 2016) com a pel\u00b7l\u00edcules amb les quals &#8220;El lodo&#8221; guarda una certa relaci\u00f3. Les tres compartixen, a m\u00e9s, la pres\u00e8ncia del tres vegades guanyador del Goya, Ra\u00fal Ar\u00e9valo, que ac\u00ed interpreta a Ricardo, el bi\u00f2leg encarregat de vetlar pel futur del parc natural. Incidint en les particularitats que distingixen el segon treball d&#8217;I\u00f1aki S\u00e1nchez Arrieta d&#8217;altres films de g\u00e8nere, l&#8217;actor i director madrileny va assenyalar que es tracta d&#8217;una pel\u00b7l\u00edcula \u201camb identitat\u201d i que la for\u00e7a de la hist\u00f2ria radica en el fet que \u201csi est\u00e0 ben contada des del que \u00e9s local, es torna universal\u201d.<\/p>\n<p>Per\u00f2 Ar\u00e9valo no est\u00e0 sol. Al seu costat, en el paper de la seua esposa Claudia, figura la tamb\u00e9 guanyadora del Goya, Paz Vega, qui va afirmar a La Vanguardia que la relaci\u00f3 entre el conflicte de la parella protagonista i la baralla mediambiental va ser el que la va conv\u00e9ncer per a entrar en el projecte. De fet, l&#8217;elenc est\u00e0 replet d&#8217;actrius i actors espanyols \u00e0mpliament reconeguts per la ind\u00fastria: des de Roberto \u00c1lamo, dos vegades guanyador del Goya, fins als talents valencians Susi S\u00e1nchez (Goya a la millor actriu protagonista en 2019), Joaqu\u00edn Climent o Juan Gea.<\/p>\n<p>\u2018El lodo\u2019, que inaugurar\u00e0 la present edici\u00f3 del festival i que compta amb el suport de l\u2019Institut Valenci\u00e0 de Cultura i d&#8217;\u00c0 Punt M\u00e8dia, \u00e9s el segon treball d&#8217;I\u00f1aki S\u00e1nchez Arrieta, que ja va estrenar la seua \u00f2pera prima &#8220;Zer\u00f8&#8221; (2018) en la Secci\u00f3 Oficial de la 34a edici\u00f3 de la Mostra de Val\u00e8ncia-Cinema del Mediterrani.<\/p>\n","protected":false},"excerpt":{"rendered":"<p>Una reserva natural assotada per una implacable sequera. Un bi\u00f2leg conservador que arriba amb la seua fam\u00edlia a un entorn bell i hostil per a [&hellip;]<\/p>\n","protected":false},"author":3,"featured_media":11015,"comment_status":"open","ping_status":"open","sticky":false,"template":"","format":"standard","meta":{"_uag_custom_page_level_css":"","_jet_sm_ready_style":"","_jet_sm_style":"","_jet_sm_controls_values":"","_jet_sm_fonts_collection":"","_jet_sm_fonts_links":"","footnotes":""},"categories":[455],"tags":[],"class_list":["post-12699","post","type-post","status-publish","format-standard","has-post-thumbnail","hentry","category-noticies"],"yoast_head":"<!-- This site is optimized with the Yoast SEO plugin v27.5 - https:\/\/yoast.com\/product\/yoast-seo-wordpress\/ -->\n<title>&quot;EL LODO&quot; VIST DE THRILLER L\u2019ALBUFERA<\/title>\n<meta name=\"description\" content=\"Estrena mundial de la segona pel\u00b7l\u00edcula d\u2019I\u00f1aki S\u00e1nchez\" \/>\n<meta name=\"robots\" content=\"index, follow, max-snippet:-1, max-image-preview:large, max-video-preview:-1\" \/>\n<link rel=\"canonical\" href=\"https:\/\/lamostradevalencia.com\/ca\/el-lodo-vist-de-thriller-lalbufera\/\" \/>\n<meta property=\"og:locale\" content=\"ca_ES\" \/>\n<meta property=\"og:type\" content=\"article\" \/>\n<meta property=\"og:title\" content=\"&quot;EL LODO&quot; VIST DE THRILLER L\u2019ALBUFERA\" \/>\n<meta property=\"og:description\" content=\"Estrena mundial de la segona pel\u00b7l\u00edcula d\u2019I\u00f1aki S\u00e1nchez\" \/>\n<meta property=\"og:url\" content=\"https:\/\/lamostradevalencia.com\/ca\/el-lodo-vist-de-thriller-lalbufera\/\" \/>\n<meta property=\"og:site_name\" content=\"Mostra de Val\u00e8ncia\" \/>\n<meta property=\"article:published_time\" content=\"2021-10-04T14:41:47+00:00\" \/>\n<meta property=\"og:image\" content=\"https:\/\/lamostradevalencia.com\/wp-content\/uploads\/2021\/09\/ellodo.jpg\" \/>\n\t<meta property=\"og:image:width\" content=\"1500\" \/>\n\t<meta property=\"og:image:height\" content=\"1000\" \/>\n\t<meta property=\"og:image:type\" content=\"image\/jpeg\" \/>\n<meta name=\"author\" content=\"contenidos\" \/>\n<meta name=\"twitter:card\" content=\"summary_large_image\" \/>\n<meta name=\"twitter:label1\" content=\"Escrit per\" \/>\n\t<meta name=\"twitter:data1\" content=\"contenidos\" \/>\n\t<meta name=\"twitter:label2\" content=\"Temps estimat de lectura\" \/>\n\t<meta name=\"twitter:data2\" content=\"3 minuts\" \/>\n<script type=\"application\/ld+json\" class=\"yoast-schema-graph\">{\"@context\":\"https:\\\/\\\/schema.org\",\"@graph\":[{\"@type\":\"Article\",\"@id\":\"https:\\\/\\\/lamostradevalencia.com\\\/ca\\\/el-lodo-vist-de-thriller-lalbufera\\\/#article\",\"isPartOf\":{\"@id\":\"https:\\\/\\\/lamostradevalencia.com\\\/ca\\\/el-lodo-vist-de-thriller-lalbufera\\\/\"},\"author\":{\"name\":\"contenidos\",\"@id\":\"https:\\\/\\\/lamostradevalencia.com\\\/ca\\\/#\\\/schema\\\/person\\\/361c3c0dd5489e78ad78ee4f8332efac\"},\"headline\":\"&#8220;EL LODO&#8221; VIST DE THRILLER L\u2019ALBUFERA\",\"datePublished\":\"2021-10-04T14:41:47+00:00\",\"mainEntityOfPage\":{\"@id\":\"https:\\\/\\\/lamostradevalencia.com\\\/ca\\\/el-lodo-vist-de-thriller-lalbufera\\\/\"},\"wordCount\":578,\"commentCount\":0,\"image\":{\"@id\":\"https:\\\/\\\/lamostradevalencia.com\\\/ca\\\/el-lodo-vist-de-thriller-lalbufera\\\/#primaryimage\"},\"thumbnailUrl\":\"https:\\\/\\\/lamostradevalencia.com\\\/wp-content\\\/uploads\\\/2021\\\/09\\\/ellodo.jpg\",\"articleSection\":[\"Noticies\"],\"inLanguage\":\"ca\",\"potentialAction\":[{\"@type\":\"CommentAction\",\"name\":\"Comment\",\"target\":[\"https:\\\/\\\/lamostradevalencia.com\\\/ca\\\/el-lodo-vist-de-thriller-lalbufera\\\/#respond\"]}]},{\"@type\":\"WebPage\",\"@id\":\"https:\\\/\\\/lamostradevalencia.com\\\/ca\\\/el-lodo-vist-de-thriller-lalbufera\\\/\",\"url\":\"https:\\\/\\\/lamostradevalencia.com\\\/ca\\\/el-lodo-vist-de-thriller-lalbufera\\\/\",\"name\":\"\\\"EL LODO\\\" VIST DE THRILLER L\u2019ALBUFERA\",\"isPartOf\":{\"@id\":\"https:\\\/\\\/lamostradevalencia.com\\\/ca\\\/#website\"},\"primaryImageOfPage\":{\"@id\":\"https:\\\/\\\/lamostradevalencia.com\\\/ca\\\/el-lodo-vist-de-thriller-lalbufera\\\/#primaryimage\"},\"image\":{\"@id\":\"https:\\\/\\\/lamostradevalencia.com\\\/ca\\\/el-lodo-vist-de-thriller-lalbufera\\\/#primaryimage\"},\"thumbnailUrl\":\"https:\\\/\\\/lamostradevalencia.com\\\/wp-content\\\/uploads\\\/2021\\\/09\\\/ellodo.jpg\",\"datePublished\":\"2021-10-04T14:41:47+00:00\",\"author\":{\"@id\":\"https:\\\/\\\/lamostradevalencia.com\\\/ca\\\/#\\\/schema\\\/person\\\/361c3c0dd5489e78ad78ee4f8332efac\"},\"description\":\"Estrena mundial de la segona pel\u00b7l\u00edcula d\u2019I\u00f1aki S\u00e1nchez\",\"breadcrumb\":{\"@id\":\"https:\\\/\\\/lamostradevalencia.com\\\/ca\\\/el-lodo-vist-de-thriller-lalbufera\\\/#breadcrumb\"},\"inLanguage\":\"ca\",\"potentialAction\":[{\"@type\":\"ReadAction\",\"target\":[\"https:\\\/\\\/lamostradevalencia.com\\\/ca\\\/el-lodo-vist-de-thriller-lalbufera\\\/\"]}]},{\"@type\":\"ImageObject\",\"inLanguage\":\"ca\",\"@id\":\"https:\\\/\\\/lamostradevalencia.com\\\/ca\\\/el-lodo-vist-de-thriller-lalbufera\\\/#primaryimage\",\"url\":\"https:\\\/\\\/lamostradevalencia.com\\\/wp-content\\\/uploads\\\/2021\\\/09\\\/ellodo.jpg\",\"contentUrl\":\"https:\\\/\\\/lamostradevalencia.com\\\/wp-content\\\/uploads\\\/2021\\\/09\\\/ellodo.jpg\",\"width\":1500,\"height\":1000},{\"@type\":\"BreadcrumbList\",\"@id\":\"https:\\\/\\\/lamostradevalencia.com\\\/ca\\\/el-lodo-vist-de-thriller-lalbufera\\\/#breadcrumb\",\"itemListElement\":[{\"@type\":\"ListItem\",\"position\":1,\"name\":\"Portada\",\"item\":\"https:\\\/\\\/lamostradevalencia.com\\\/ca\\\/\"},{\"@type\":\"ListItem\",\"position\":2,\"name\":\"\u00abEL LODO\u00bb VIST DE THRILLER L\u2019ALBUFERA\"}]},{\"@type\":\"WebSite\",\"@id\":\"https:\\\/\\\/lamostradevalencia.com\\\/ca\\\/#website\",\"url\":\"https:\\\/\\\/lamostradevalencia.com\\\/ca\\\/\",\"name\":\"Mostra de Val\u00e8ncia\",\"description\":\"Cinema del Mediterrani\",\"potentialAction\":[{\"@type\":\"SearchAction\",\"target\":{\"@type\":\"EntryPoint\",\"urlTemplate\":\"https:\\\/\\\/lamostradevalencia.com\\\/ca\\\/?s={search_term_string}\"},\"query-input\":{\"@type\":\"PropertyValueSpecification\",\"valueRequired\":true,\"valueName\":\"search_term_string\"}}],\"inLanguage\":\"ca\"},{\"@type\":\"Person\",\"@id\":\"https:\\\/\\\/lamostradevalencia.com\\\/ca\\\/#\\\/schema\\\/person\\\/361c3c0dd5489e78ad78ee4f8332efac\",\"name\":\"contenidos\",\"image\":{\"@type\":\"ImageObject\",\"inLanguage\":\"ca\",\"@id\":\"https:\\\/\\\/secure.gravatar.com\\\/avatar\\\/a87eddc188a32d5a0371ff92ef616b5006a91e389296d49d081f8d424eef134c?s=96&d=mm&r=g\",\"url\":\"https:\\\/\\\/secure.gravatar.com\\\/avatar\\\/a87eddc188a32d5a0371ff92ef616b5006a91e389296d49d081f8d424eef134c?s=96&d=mm&r=g\",\"contentUrl\":\"https:\\\/\\\/secure.gravatar.com\\\/avatar\\\/a87eddc188a32d5a0371ff92ef616b5006a91e389296d49d081f8d424eef134c?s=96&d=mm&r=g\",\"caption\":\"contenidos\"}}]}<\/script>\n<!-- \/ Yoast SEO plugin. -->","yoast_head_json":{"title":"\"EL LODO\" VIST DE THRILLER L\u2019ALBUFERA","description":"Estrena mundial de la segona pel\u00b7l\u00edcula d\u2019I\u00f1aki S\u00e1nchez","robots":{"index":"index","follow":"follow","max-snippet":"max-snippet:-1","max-image-preview":"max-image-preview:large","max-video-preview":"max-video-preview:-1"},"canonical":"https:\/\/lamostradevalencia.com\/ca\/el-lodo-vist-de-thriller-lalbufera\/","og_locale":"ca_ES","og_type":"article","og_title":"\"EL LODO\" VIST DE THRILLER L\u2019ALBUFERA","og_description":"Estrena mundial de la segona pel\u00b7l\u00edcula d\u2019I\u00f1aki S\u00e1nchez","og_url":"https:\/\/lamostradevalencia.com\/ca\/el-lodo-vist-de-thriller-lalbufera\/","og_site_name":"Mostra de Val\u00e8ncia","article_published_time":"2021-10-04T14:41:47+00:00","og_image":[{"width":1500,"height":1000,"url":"https:\/\/lamostradevalencia.com\/wp-content\/uploads\/2021\/09\/ellodo.jpg","type":"image\/jpeg"}],"author":"contenidos","twitter_card":"summary_large_image","twitter_misc":{"Escrit per":"contenidos","Temps estimat de lectura":"3 minuts"},"schema":{"@context":"https:\/\/schema.org","@graph":[{"@type":"Article","@id":"https:\/\/lamostradevalencia.com\/ca\/el-lodo-vist-de-thriller-lalbufera\/#article","isPartOf":{"@id":"https:\/\/lamostradevalencia.com\/ca\/el-lodo-vist-de-thriller-lalbufera\/"},"author":{"name":"contenidos","@id":"https:\/\/lamostradevalencia.com\/ca\/#\/schema\/person\/361c3c0dd5489e78ad78ee4f8332efac"},"headline":"&#8220;EL LODO&#8221; VIST DE THRILLER L\u2019ALBUFERA","datePublished":"2021-10-04T14:41:47+00:00","mainEntityOfPage":{"@id":"https:\/\/lamostradevalencia.com\/ca\/el-lodo-vist-de-thriller-lalbufera\/"},"wordCount":578,"commentCount":0,"image":{"@id":"https:\/\/lamostradevalencia.com\/ca\/el-lodo-vist-de-thriller-lalbufera\/#primaryimage"},"thumbnailUrl":"https:\/\/lamostradevalencia.com\/wp-content\/uploads\/2021\/09\/ellodo.jpg","articleSection":["Noticies"],"inLanguage":"ca","potentialAction":[{"@type":"CommentAction","name":"Comment","target":["https:\/\/lamostradevalencia.com\/ca\/el-lodo-vist-de-thriller-lalbufera\/#respond"]}]},{"@type":"WebPage","@id":"https:\/\/lamostradevalencia.com\/ca\/el-lodo-vist-de-thriller-lalbufera\/","url":"https:\/\/lamostradevalencia.com\/ca\/el-lodo-vist-de-thriller-lalbufera\/","name":"\"EL LODO\" VIST DE THRILLER L\u2019ALBUFERA","isPartOf":{"@id":"https:\/\/lamostradevalencia.com\/ca\/#website"},"primaryImageOfPage":{"@id":"https:\/\/lamostradevalencia.com\/ca\/el-lodo-vist-de-thriller-lalbufera\/#primaryimage"},"image":{"@id":"https:\/\/lamostradevalencia.com\/ca\/el-lodo-vist-de-thriller-lalbufera\/#primaryimage"},"thumbnailUrl":"https:\/\/lamostradevalencia.com\/wp-content\/uploads\/2021\/09\/ellodo.jpg","datePublished":"2021-10-04T14:41:47+00:00","author":{"@id":"https:\/\/lamostradevalencia.com\/ca\/#\/schema\/person\/361c3c0dd5489e78ad78ee4f8332efac"},"description":"Estrena mundial de la segona pel\u00b7l\u00edcula d\u2019I\u00f1aki S\u00e1nchez","breadcrumb":{"@id":"https:\/\/lamostradevalencia.com\/ca\/el-lodo-vist-de-thriller-lalbufera\/#breadcrumb"},"inLanguage":"ca","potentialAction":[{"@type":"ReadAction","target":["https:\/\/lamostradevalencia.com\/ca\/el-lodo-vist-de-thriller-lalbufera\/"]}]},{"@type":"ImageObject","inLanguage":"ca","@id":"https:\/\/lamostradevalencia.com\/ca\/el-lodo-vist-de-thriller-lalbufera\/#primaryimage","url":"https:\/\/lamostradevalencia.com\/wp-content\/uploads\/2021\/09\/ellodo.jpg","contentUrl":"https:\/\/lamostradevalencia.com\/wp-content\/uploads\/2021\/09\/ellodo.jpg","width":1500,"height":1000},{"@type":"BreadcrumbList","@id":"https:\/\/lamostradevalencia.com\/ca\/el-lodo-vist-de-thriller-lalbufera\/#breadcrumb","itemListElement":[{"@type":"ListItem","position":1,"name":"Portada","item":"https:\/\/lamostradevalencia.com\/ca\/"},{"@type":"ListItem","position":2,"name":"\u00abEL LODO\u00bb VIST DE THRILLER L\u2019ALBUFERA"}]},{"@type":"WebSite","@id":"https:\/\/lamostradevalencia.com\/ca\/#website","url":"https:\/\/lamostradevalencia.com\/ca\/","name":"Mostra de Val\u00e8ncia","description":"Cinema del Mediterrani","potentialAction":[{"@type":"SearchAction","target":{"@type":"EntryPoint","urlTemplate":"https:\/\/lamostradevalencia.com\/ca\/?s={search_term_string}"},"query-input":{"@type":"PropertyValueSpecification","valueRequired":true,"valueName":"search_term_string"}}],"inLanguage":"ca"},{"@type":"Person","@id":"https:\/\/lamostradevalencia.com\/ca\/#\/schema\/person\/361c3c0dd5489e78ad78ee4f8332efac","name":"contenidos","image":{"@type":"ImageObject","inLanguage":"ca","@id":"https:\/\/secure.gravatar.com\/avatar\/a87eddc188a32d5a0371ff92ef616b5006a91e389296d49d081f8d424eef134c?s=96&d=mm&r=g","url":"https:\/\/secure.gravatar.com\/avatar\/a87eddc188a32d5a0371ff92ef616b5006a91e389296d49d081f8d424eef134c?s=96&d=mm&r=g","contentUrl":"https:\/\/secure.gravatar.com\/avatar\/a87eddc188a32d5a0371ff92ef616b5006a91e389296d49d081f8d424eef134c?s=96&d=mm&r=g","caption":"contenidos"}}]}},"uagb_featured_image_src":{"full":["https:\/\/lamostradevalencia.com\/wp-content\/uploads\/2021\/09\/ellodo.jpg",1500,1000,false],"thumbnail":["https:\/\/lamostradevalencia.com\/wp-content\/uploads\/2021\/09\/ellodo-150x150.jpg",150,150,true],"medium":["https:\/\/lamostradevalencia.com\/wp-content\/uploads\/2021\/09\/ellodo-300x200.jpg",300,200,true],"medium_large":["https:\/\/lamostradevalencia.com\/wp-content\/uploads\/2021\/09\/ellodo-768x512.jpg",768,512,true],"large":["https:\/\/lamostradevalencia.com\/wp-content\/uploads\/2021\/09\/ellodo-1024x683.jpg",1024,683,true],"1536x1536":["https:\/\/lamostradevalencia.com\/wp-content\/uploads\/2021\/09\/ellodo.jpg",1500,1000,false],"2048x2048":["https:\/\/lamostradevalencia.com\/wp-content\/uploads\/2021\/09\/ellodo.jpg",1500,1000,false],"cinerama_edge_image_square":["https:\/\/lamostradevalencia.com\/wp-content\/uploads\/2021\/09\/ellodo-550x550.jpg",550,550,true],"cinerama_edge_image_landscape":["https:\/\/lamostradevalencia.com\/wp-content\/uploads\/2021\/09\/ellodo-1100x550.jpg",1100,550,true],"cinerama_edge_image_portrait":["https:\/\/lamostradevalencia.com\/wp-content\/uploads\/2021\/09\/ellodo-550x1000.jpg",550,1000,true],"cinerama_edge_image_huge":["https:\/\/lamostradevalencia.com\/wp-content\/uploads\/2021\/09\/ellodo-1100x1000.jpg",1100,1000,true],"gform-image-choice-sm":["https:\/\/lamostradevalencia.com\/wp-content\/uploads\/2021\/09\/ellodo.jpg",300,200,false],"gform-image-choice-md":["https:\/\/lamostradevalencia.com\/wp-content\/uploads\/2021\/09\/ellodo.jpg",400,267,false],"gform-image-choice-lg":["https:\/\/lamostradevalencia.com\/wp-content\/uploads\/2021\/09\/ellodo.jpg",600,400,false]},"uagb_author_info":{"display_name":"contenidos","author_link":"https:\/\/lamostradevalencia.com\/ca\/author\/contenidos\/"},"uagb_comment_info":0,"uagb_excerpt":"Una reserva natural assotada per una implacable sequera. Un bi\u00f2leg conservador que arriba amb la seua fam\u00edlia a un entorn bell i hostil per a [&hellip;]","_links":{"self":[{"href":"https:\/\/lamostradevalencia.com\/ca\/wp-json\/wp\/v2\/posts\/12699","targetHints":{"allow":["GET"]}}],"collection":[{"href":"https:\/\/lamostradevalencia.com\/ca\/wp-json\/wp\/v2\/posts"}],"about":[{"href":"https:\/\/lamostradevalencia.com\/ca\/wp-json\/wp\/v2\/types\/post"}],"author":[{"embeddable":true,"href":"https:\/\/lamostradevalencia.com\/ca\/wp-json\/wp\/v2\/users\/3"}],"replies":[{"embeddable":true,"href":"https:\/\/lamostradevalencia.com\/ca\/wp-json\/wp\/v2\/comments?post=12699"}],"version-history":[{"count":2,"href":"https:\/\/lamostradevalencia.com\/ca\/wp-json\/wp\/v2\/posts\/12699\/revisions"}],"predecessor-version":[{"id":12701,"href":"https:\/\/lamostradevalencia.com\/ca\/wp-json\/wp\/v2\/posts\/12699\/revisions\/12701"}],"wp:featuredmedia":[{"embeddable":true,"href":"https:\/\/lamostradevalencia.com\/ca\/wp-json\/wp\/v2\/media\/11015"}],"wp:attachment":[{"href":"https:\/\/lamostradevalencia.com\/ca\/wp-json\/wp\/v2\/media?parent=12699"}],"wp:term":[{"taxonomy":"category","embeddable":true,"href":"https:\/\/lamostradevalencia.com\/ca\/wp-json\/wp\/v2\/categories?post=12699"},{"taxonomy":"post_tag","embeddable":true,"href":"https:\/\/lamostradevalencia.com\/ca\/wp-json\/wp\/v2\/tags?post=12699"}],"curies":[{"name":"wp","href":"https:\/\/api.w.org\/{rel}","templated":true}]}}