{"id":12693,"date":"2021-10-04T16:38:39","date_gmt":"2021-10-04T14:38:39","guid":{"rendered":"https:\/\/lamostradevalencia.com\/?p=12693"},"modified":"2021-10-04T16:38:39","modified_gmt":"2021-10-04T14:38:39","slug":"le-monde-apres-nous-agut-retrat-generacional","status":"publish","type":"post","link":"https:\/\/lamostradevalencia.com\/ca\/le-monde-apres-nous-agut-retrat-generacional\/","title":{"rendered":"\u201cLE MONDE APR\u00c8S NOUS\u201d: AGUT RETRAT GENERACIONAL"},"content":{"rendered":"<p>En una entrevista concedida a la web especialitzada Cineuropa, Louda Ben Salah-Cazanas confessava que, quasi al mateix temps que rebia la not\u00edcia que la seua \u00f2pera prima, &#8220;Le monde apr\u00e8s nous&#8221;, havia sigut seleccionada pel Festival de Berl\u00edn per a participar dins de la secci\u00f3 Panorama, aconseguia un treball en el departament de log\u00edstica de Leroy Merlin: \u201cEls meus pares es van alegrar m\u00e9s pel treball\u201d. Eixa an\u00e8cdota personal servix per a explicar els dilemes als quals s&#8217;enfronta Labidi (Aur\u00e9lien Gabrielli), aspirant a escriptor que viu en un pis diminut juntament amb el seu company Alekse\u00ef (Le\u00f3n Cunha Da Costa) i que treballa com a repartidor per poder fer front a les seues despeses. Quan inicia una relaci\u00f3 amb \u00c9lise (Louise Chevillotte), una jove estudiant de teatre, les seues expectatives vitals comen\u00e7aran a canviar i les exig\u00e8ncies econ\u00f2miques que ell mateix s&#8217;imposa xocaran amb una realitat marcada per la precarietat i la inestabilitat. Res que Ben Salah-Cazanas no conega de primera m\u00e0: \u201cel punt de partida t\u00e9 una mica d&#8217;autoficci\u00f3, perqu\u00e8 jo mateix vaig passar per una situaci\u00f3 similar. Ja dirigia curtmetratges que tenien m\u00e9s o menys \u00e8xit, subsistia en el m\u00f3n del cinema i feia xicotets treballs fins que vaig con\u00e9ixer a qui hui \u00e9s la meua esposa. Despr\u00e9s, se&#8217;ns va plantejar una esp\u00e8cie de sacrifici: ella era estudiant i un dels dos havia de respondre econ\u00f2micament per ambd\u00f3s. Vaig decidir fer un par\u00e8ntesi i dedicar-me a exercir xicotets treballs, amb la sensaci\u00f3 que abandonava el que realment volia fer\u201d.<\/p>\n<p>&nbsp;<\/p>\n<p><iframe loading=\"lazy\" title=\"The World After Us (Le Monde Apr\u00e8s Nous) new clip official from Berlin Film Festival 2021 - 1\/4\" width=\"1100\" height=\"619\" src=\"https:\/\/www.youtube.com\/embed\/XvIH9ny8Wec?feature=oembed\" frameborder=\"0\" allow=\"accelerometer; autoplay; clipboard-write; encrypted-media; gyroscope; picture-in-picture\" allowfullscreen><\/iframe><\/p>\n<p>&nbsp;<\/p>\n<p>Tragicom\u00e8dia rom\u00e0ntica, relat d&#8217;iniciaci\u00f3 i agut retrat social, el debut del director lion\u00e9s capta les derives d&#8217;una generaci\u00f3 de joves que es mouen entre la superviv\u00e8ncia i una promesa d&#8217;\u00e8xit i felicitat que mai arriba. Ben Salah-Cazanas aprofita el temperament, entre l\u00e0nguid i inexpressiu, de l&#8217;actor Auri\u00e9lien Gabrielli -ha declarat que va escriure la pel\u00b7l\u00edcula per a ell- per a afegir elements de com\u00e8dia al que, en mans d&#8217;un altre realitzador, s&#8217;haguera convertit en un drama social a l&#8217;\u00fas. Eixa mescla de tons respon, tamb\u00e9, a la pr\u00f2pia realitat del protagonista, un jove mest\u00eds a mig cam\u00ed de tot arreu i de cap lloc: alg\u00fa que \u00e9s franc\u00e9s i tunisi\u00e0, que procedix d&#8217;una classe humil per\u00f2 que ha rebut una bona educaci\u00f3 gr\u00e0cies al treball dels pares; alg\u00fa que es debat entre escriure la novel\u00b7la que l&#8217;editorial espera i la que ell, de veritat, vol escriure.<\/p>\n<p>Tal com va destacar el cr\u00edtic Fabian Lemercier, en Cineuropa, la pel\u00b7l\u00edcula sorpr\u00e9n pel tractament, gens afectat, que aplica sobre algunes q\u00fcestions \u00e0mpliament tractades per determinada corrent del cinema franc\u00e9s independent de la Nouvelle Vague fins als nostres dies: \u201cel tema del pas a la vida adulta \u00e9s un cl\u00e0ssic mil vegades revisitat, per\u00f2 \u00e9s precisament en este terreny gens ostent\u00f3s on Louda Ben Salah-Cazanas demostra una profunda sensibilitat, agudesa i bondat, ja que aconseguix fer riure i commoure amb els esfor\u00e7os i els deures del seu personatge, sense caure mai en l&#8217;exc\u00e9s de drama ni desviar-se del seu reflex social implacable\u201d.<\/p>\n","protected":false},"excerpt":{"rendered":"<p>En una entrevista concedida a la web especialitzada Cineuropa, Louda Ben Salah-Cazanas confessava que, quasi al mateix temps que rebia la not\u00edcia que la seua [&hellip;]<\/p>\n","protected":false},"author":3,"featured_media":11215,"comment_status":"open","ping_status":"open","sticky":false,"template":"","format":"standard","meta":{"_uag_custom_page_level_css":"","_jet_sm_ready_style":"","_jet_sm_style":"","_jet_sm_controls_values":"","_jet_sm_fonts_collection":"","_jet_sm_fonts_links":"","footnotes":""},"categories":[455],"tags":[],"class_list":["post-12693","post","type-post","status-publish","format-standard","has-post-thumbnail","hentry","category-noticies"],"yoast_head":"<!-- This site is optimized with the Yoast SEO plugin v27.5 - https:\/\/yoast.com\/product\/yoast-seo-wordpress\/ -->\n<title>\u201cLE MONDE APR\u00c8S NOUS\u201d: AGUT RETRAT GENERACIONAL<\/title>\n<meta name=\"description\" content=\"Louda Ben Salah-Cazanas posa al dia la Nouvelle Vague\" \/>\n<meta name=\"robots\" content=\"index, follow, max-snippet:-1, max-image-preview:large, max-video-preview:-1\" \/>\n<link rel=\"canonical\" href=\"https:\/\/lamostradevalencia.com\/ca\/le-monde-apres-nous-agut-retrat-generacional\/\" \/>\n<meta property=\"og:locale\" content=\"ca_ES\" \/>\n<meta property=\"og:type\" content=\"article\" \/>\n<meta property=\"og:title\" content=\"\u201cLE MONDE APR\u00c8S NOUS\u201d: AGUT RETRAT GENERACIONAL\" \/>\n<meta property=\"og:description\" content=\"Louda Ben Salah-Cazanas posa al dia la Nouvelle Vague\" \/>\n<meta property=\"og:url\" content=\"https:\/\/lamostradevalencia.com\/ca\/le-monde-apres-nous-agut-retrat-generacional\/\" \/>\n<meta property=\"og:site_name\" content=\"Mostra de Val\u00e8ncia\" \/>\n<meta property=\"article:published_time\" content=\"2021-10-04T14:38:39+00:00\" \/>\n<meta property=\"og:image\" content=\"https:\/\/lamostradevalencia.com\/wp-content\/uploads\/2021\/09\/Le-Monde1-1024x576.jpg\" \/>\n\t<meta property=\"og:image:width\" content=\"1024\" \/>\n\t<meta property=\"og:image:height\" content=\"576\" \/>\n\t<meta property=\"og:image:type\" content=\"image\/jpeg\" \/>\n<meta name=\"author\" content=\"contenidos\" \/>\n<meta name=\"twitter:card\" content=\"summary_large_image\" \/>\n<meta name=\"twitter:label1\" content=\"Escrit per\" \/>\n\t<meta name=\"twitter:data1\" content=\"contenidos\" \/>\n\t<meta name=\"twitter:label2\" content=\"Temps estimat de lectura\" \/>\n\t<meta name=\"twitter:data2\" content=\"3 minuts\" \/>\n<script type=\"application\/ld+json\" class=\"yoast-schema-graph\">{\"@context\":\"https:\\\/\\\/schema.org\",\"@graph\":[{\"@type\":\"Article\",\"@id\":\"https:\\\/\\\/lamostradevalencia.com\\\/ca\\\/le-monde-apres-nous-agut-retrat-generacional\\\/#article\",\"isPartOf\":{\"@id\":\"https:\\\/\\\/lamostradevalencia.com\\\/ca\\\/le-monde-apres-nous-agut-retrat-generacional\\\/\"},\"author\":{\"name\":\"contenidos\",\"@id\":\"https:\\\/\\\/lamostradevalencia.com\\\/ca\\\/#\\\/schema\\\/person\\\/361c3c0dd5489e78ad78ee4f8332efac\"},\"headline\":\"\u201cLE MONDE APR\u00c8S NOUS\u201d: AGUT RETRAT GENERACIONAL\",\"datePublished\":\"2021-10-04T14:38:39+00:00\",\"mainEntityOfPage\":{\"@id\":\"https:\\\/\\\/lamostradevalencia.com\\\/ca\\\/le-monde-apres-nous-agut-retrat-generacional\\\/\"},\"wordCount\":575,\"commentCount\":0,\"image\":{\"@id\":\"https:\\\/\\\/lamostradevalencia.com\\\/ca\\\/le-monde-apres-nous-agut-retrat-generacional\\\/#primaryimage\"},\"thumbnailUrl\":\"https:\\\/\\\/lamostradevalencia.com\\\/wp-content\\\/uploads\\\/2021\\\/09\\\/Le-Monde1.jpg\",\"articleSection\":[\"Noticies\"],\"inLanguage\":\"ca\",\"potentialAction\":[{\"@type\":\"CommentAction\",\"name\":\"Comment\",\"target\":[\"https:\\\/\\\/lamostradevalencia.com\\\/ca\\\/le-monde-apres-nous-agut-retrat-generacional\\\/#respond\"]}]},{\"@type\":\"WebPage\",\"@id\":\"https:\\\/\\\/lamostradevalencia.com\\\/ca\\\/le-monde-apres-nous-agut-retrat-generacional\\\/\",\"url\":\"https:\\\/\\\/lamostradevalencia.com\\\/ca\\\/le-monde-apres-nous-agut-retrat-generacional\\\/\",\"name\":\"\u201cLE MONDE APR\u00c8S NOUS\u201d: AGUT RETRAT GENERACIONAL\",\"isPartOf\":{\"@id\":\"https:\\\/\\\/lamostradevalencia.com\\\/ca\\\/#website\"},\"primaryImageOfPage\":{\"@id\":\"https:\\\/\\\/lamostradevalencia.com\\\/ca\\\/le-monde-apres-nous-agut-retrat-generacional\\\/#primaryimage\"},\"image\":{\"@id\":\"https:\\\/\\\/lamostradevalencia.com\\\/ca\\\/le-monde-apres-nous-agut-retrat-generacional\\\/#primaryimage\"},\"thumbnailUrl\":\"https:\\\/\\\/lamostradevalencia.com\\\/wp-content\\\/uploads\\\/2021\\\/09\\\/Le-Monde1.jpg\",\"datePublished\":\"2021-10-04T14:38:39+00:00\",\"author\":{\"@id\":\"https:\\\/\\\/lamostradevalencia.com\\\/ca\\\/#\\\/schema\\\/person\\\/361c3c0dd5489e78ad78ee4f8332efac\"},\"description\":\"Louda Ben Salah-Cazanas posa al dia la Nouvelle Vague\",\"breadcrumb\":{\"@id\":\"https:\\\/\\\/lamostradevalencia.com\\\/ca\\\/le-monde-apres-nous-agut-retrat-generacional\\\/#breadcrumb\"},\"inLanguage\":\"ca\",\"potentialAction\":[{\"@type\":\"ReadAction\",\"target\":[\"https:\\\/\\\/lamostradevalencia.com\\\/ca\\\/le-monde-apres-nous-agut-retrat-generacional\\\/\"]}]},{\"@type\":\"ImageObject\",\"inLanguage\":\"ca\",\"@id\":\"https:\\\/\\\/lamostradevalencia.com\\\/ca\\\/le-monde-apres-nous-agut-retrat-generacional\\\/#primaryimage\",\"url\":\"https:\\\/\\\/lamostradevalencia.com\\\/wp-content\\\/uploads\\\/2021\\\/09\\\/Le-Monde1.jpg\",\"contentUrl\":\"https:\\\/\\\/lamostradevalencia.com\\\/wp-content\\\/uploads\\\/2021\\\/09\\\/Le-Monde1.jpg\",\"width\":2560,\"height\":1440},{\"@type\":\"BreadcrumbList\",\"@id\":\"https:\\\/\\\/lamostradevalencia.com\\\/ca\\\/le-monde-apres-nous-agut-retrat-generacional\\\/#breadcrumb\",\"itemListElement\":[{\"@type\":\"ListItem\",\"position\":1,\"name\":\"Portada\",\"item\":\"https:\\\/\\\/lamostradevalencia.com\\\/ca\\\/\"},{\"@type\":\"ListItem\",\"position\":2,\"name\":\"\u201cLE MONDE APR\u00c8S NOUS\u201d: AGUT RETRAT GENERACIONAL\"}]},{\"@type\":\"WebSite\",\"@id\":\"https:\\\/\\\/lamostradevalencia.com\\\/ca\\\/#website\",\"url\":\"https:\\\/\\\/lamostradevalencia.com\\\/ca\\\/\",\"name\":\"Mostra de Val\u00e8ncia\",\"description\":\"Cinema del Mediterrani\",\"potentialAction\":[{\"@type\":\"SearchAction\",\"target\":{\"@type\":\"EntryPoint\",\"urlTemplate\":\"https:\\\/\\\/lamostradevalencia.com\\\/ca\\\/?s={search_term_string}\"},\"query-input\":{\"@type\":\"PropertyValueSpecification\",\"valueRequired\":true,\"valueName\":\"search_term_string\"}}],\"inLanguage\":\"ca\"},{\"@type\":\"Person\",\"@id\":\"https:\\\/\\\/lamostradevalencia.com\\\/ca\\\/#\\\/schema\\\/person\\\/361c3c0dd5489e78ad78ee4f8332efac\",\"name\":\"contenidos\",\"image\":{\"@type\":\"ImageObject\",\"inLanguage\":\"ca\",\"@id\":\"https:\\\/\\\/secure.gravatar.com\\\/avatar\\\/a87eddc188a32d5a0371ff92ef616b5006a91e389296d49d081f8d424eef134c?s=96&d=mm&r=g\",\"url\":\"https:\\\/\\\/secure.gravatar.com\\\/avatar\\\/a87eddc188a32d5a0371ff92ef616b5006a91e389296d49d081f8d424eef134c?s=96&d=mm&r=g\",\"contentUrl\":\"https:\\\/\\\/secure.gravatar.com\\\/avatar\\\/a87eddc188a32d5a0371ff92ef616b5006a91e389296d49d081f8d424eef134c?s=96&d=mm&r=g\",\"caption\":\"contenidos\"}}]}<\/script>\n<!-- \/ Yoast SEO plugin. -->","yoast_head_json":{"title":"\u201cLE MONDE APR\u00c8S NOUS\u201d: AGUT RETRAT GENERACIONAL","description":"Louda Ben Salah-Cazanas posa al dia la Nouvelle Vague","robots":{"index":"index","follow":"follow","max-snippet":"max-snippet:-1","max-image-preview":"max-image-preview:large","max-video-preview":"max-video-preview:-1"},"canonical":"https:\/\/lamostradevalencia.com\/ca\/le-monde-apres-nous-agut-retrat-generacional\/","og_locale":"ca_ES","og_type":"article","og_title":"\u201cLE MONDE APR\u00c8S NOUS\u201d: AGUT RETRAT GENERACIONAL","og_description":"Louda Ben Salah-Cazanas posa al dia la Nouvelle Vague","og_url":"https:\/\/lamostradevalencia.com\/ca\/le-monde-apres-nous-agut-retrat-generacional\/","og_site_name":"Mostra de Val\u00e8ncia","article_published_time":"2021-10-04T14:38:39+00:00","og_image":[{"width":1024,"height":576,"url":"https:\/\/lamostradevalencia.com\/wp-content\/uploads\/2021\/09\/Le-Monde1-1024x576.jpg","type":"image\/jpeg"}],"author":"contenidos","twitter_card":"summary_large_image","twitter_misc":{"Escrit per":"contenidos","Temps estimat de lectura":"3 minuts"},"schema":{"@context":"https:\/\/schema.org","@graph":[{"@type":"Article","@id":"https:\/\/lamostradevalencia.com\/ca\/le-monde-apres-nous-agut-retrat-generacional\/#article","isPartOf":{"@id":"https:\/\/lamostradevalencia.com\/ca\/le-monde-apres-nous-agut-retrat-generacional\/"},"author":{"name":"contenidos","@id":"https:\/\/lamostradevalencia.com\/ca\/#\/schema\/person\/361c3c0dd5489e78ad78ee4f8332efac"},"headline":"\u201cLE MONDE APR\u00c8S NOUS\u201d: AGUT RETRAT GENERACIONAL","datePublished":"2021-10-04T14:38:39+00:00","mainEntityOfPage":{"@id":"https:\/\/lamostradevalencia.com\/ca\/le-monde-apres-nous-agut-retrat-generacional\/"},"wordCount":575,"commentCount":0,"image":{"@id":"https:\/\/lamostradevalencia.com\/ca\/le-monde-apres-nous-agut-retrat-generacional\/#primaryimage"},"thumbnailUrl":"https:\/\/lamostradevalencia.com\/wp-content\/uploads\/2021\/09\/Le-Monde1.jpg","articleSection":["Noticies"],"inLanguage":"ca","potentialAction":[{"@type":"CommentAction","name":"Comment","target":["https:\/\/lamostradevalencia.com\/ca\/le-monde-apres-nous-agut-retrat-generacional\/#respond"]}]},{"@type":"WebPage","@id":"https:\/\/lamostradevalencia.com\/ca\/le-monde-apres-nous-agut-retrat-generacional\/","url":"https:\/\/lamostradevalencia.com\/ca\/le-monde-apres-nous-agut-retrat-generacional\/","name":"\u201cLE MONDE APR\u00c8S NOUS\u201d: AGUT RETRAT GENERACIONAL","isPartOf":{"@id":"https:\/\/lamostradevalencia.com\/ca\/#website"},"primaryImageOfPage":{"@id":"https:\/\/lamostradevalencia.com\/ca\/le-monde-apres-nous-agut-retrat-generacional\/#primaryimage"},"image":{"@id":"https:\/\/lamostradevalencia.com\/ca\/le-monde-apres-nous-agut-retrat-generacional\/#primaryimage"},"thumbnailUrl":"https:\/\/lamostradevalencia.com\/wp-content\/uploads\/2021\/09\/Le-Monde1.jpg","datePublished":"2021-10-04T14:38:39+00:00","author":{"@id":"https:\/\/lamostradevalencia.com\/ca\/#\/schema\/person\/361c3c0dd5489e78ad78ee4f8332efac"},"description":"Louda Ben Salah-Cazanas posa al dia la Nouvelle Vague","breadcrumb":{"@id":"https:\/\/lamostradevalencia.com\/ca\/le-monde-apres-nous-agut-retrat-generacional\/#breadcrumb"},"inLanguage":"ca","potentialAction":[{"@type":"ReadAction","target":["https:\/\/lamostradevalencia.com\/ca\/le-monde-apres-nous-agut-retrat-generacional\/"]}]},{"@type":"ImageObject","inLanguage":"ca","@id":"https:\/\/lamostradevalencia.com\/ca\/le-monde-apres-nous-agut-retrat-generacional\/#primaryimage","url":"https:\/\/lamostradevalencia.com\/wp-content\/uploads\/2021\/09\/Le-Monde1.jpg","contentUrl":"https:\/\/lamostradevalencia.com\/wp-content\/uploads\/2021\/09\/Le-Monde1.jpg","width":2560,"height":1440},{"@type":"BreadcrumbList","@id":"https:\/\/lamostradevalencia.com\/ca\/le-monde-apres-nous-agut-retrat-generacional\/#breadcrumb","itemListElement":[{"@type":"ListItem","position":1,"name":"Portada","item":"https:\/\/lamostradevalencia.com\/ca\/"},{"@type":"ListItem","position":2,"name":"\u201cLE MONDE APR\u00c8S NOUS\u201d: AGUT RETRAT GENERACIONAL"}]},{"@type":"WebSite","@id":"https:\/\/lamostradevalencia.com\/ca\/#website","url":"https:\/\/lamostradevalencia.com\/ca\/","name":"Mostra de Val\u00e8ncia","description":"Cinema del Mediterrani","potentialAction":[{"@type":"SearchAction","target":{"@type":"EntryPoint","urlTemplate":"https:\/\/lamostradevalencia.com\/ca\/?s={search_term_string}"},"query-input":{"@type":"PropertyValueSpecification","valueRequired":true,"valueName":"search_term_string"}}],"inLanguage":"ca"},{"@type":"Person","@id":"https:\/\/lamostradevalencia.com\/ca\/#\/schema\/person\/361c3c0dd5489e78ad78ee4f8332efac","name":"contenidos","image":{"@type":"ImageObject","inLanguage":"ca","@id":"https:\/\/secure.gravatar.com\/avatar\/a87eddc188a32d5a0371ff92ef616b5006a91e389296d49d081f8d424eef134c?s=96&d=mm&r=g","url":"https:\/\/secure.gravatar.com\/avatar\/a87eddc188a32d5a0371ff92ef616b5006a91e389296d49d081f8d424eef134c?s=96&d=mm&r=g","contentUrl":"https:\/\/secure.gravatar.com\/avatar\/a87eddc188a32d5a0371ff92ef616b5006a91e389296d49d081f8d424eef134c?s=96&d=mm&r=g","caption":"contenidos"}}]}},"uagb_featured_image_src":{"full":["https:\/\/lamostradevalencia.com\/wp-content\/uploads\/2021\/09\/Le-Monde1.jpg",2560,1440,false],"thumbnail":["https:\/\/lamostradevalencia.com\/wp-content\/uploads\/2021\/09\/Le-Monde1-150x150.jpg",150,150,true],"medium":["https:\/\/lamostradevalencia.com\/wp-content\/uploads\/2021\/09\/Le-Monde1-300x169.jpg",300,169,true],"medium_large":["https:\/\/lamostradevalencia.com\/wp-content\/uploads\/2021\/09\/Le-Monde1-768x432.jpg",768,432,true],"large":["https:\/\/lamostradevalencia.com\/wp-content\/uploads\/2021\/09\/Le-Monde1-1024x576.jpg",1024,576,true],"1536x1536":["https:\/\/lamostradevalencia.com\/wp-content\/uploads\/2021\/09\/Le-Monde1-1536x864.jpg",1536,864,true],"2048x2048":["https:\/\/lamostradevalencia.com\/wp-content\/uploads\/2021\/09\/Le-Monde1-2048x1152.jpg",2048,1152,true],"cinerama_edge_image_square":["https:\/\/lamostradevalencia.com\/wp-content\/uploads\/2021\/09\/Le-Monde1-550x550.jpg",550,550,true],"cinerama_edge_image_landscape":["https:\/\/lamostradevalencia.com\/wp-content\/uploads\/2021\/09\/Le-Monde1-1100x550.jpg",1100,550,true],"cinerama_edge_image_portrait":["https:\/\/lamostradevalencia.com\/wp-content\/uploads\/2021\/09\/Le-Monde1-550x1100.jpg",550,1100,true],"cinerama_edge_image_huge":["https:\/\/lamostradevalencia.com\/wp-content\/uploads\/2021\/09\/Le-Monde1-1100x1100.jpg",1100,1100,true],"gform-image-choice-sm":["https:\/\/lamostradevalencia.com\/wp-content\/uploads\/2021\/09\/Le-Monde1.jpg",300,169,false],"gform-image-choice-md":["https:\/\/lamostradevalencia.com\/wp-content\/uploads\/2021\/09\/Le-Monde1.jpg",400,225,false],"gform-image-choice-lg":["https:\/\/lamostradevalencia.com\/wp-content\/uploads\/2021\/09\/Le-Monde1.jpg",600,338,false]},"uagb_author_info":{"display_name":"contenidos","author_link":"https:\/\/lamostradevalencia.com\/ca\/author\/contenidos\/"},"uagb_comment_info":0,"uagb_excerpt":"En una entrevista concedida a la web especialitzada Cineuropa, Louda Ben Salah-Cazanas confessava que, quasi al mateix temps que rebia la not\u00edcia que la seua [&hellip;]","_links":{"self":[{"href":"https:\/\/lamostradevalencia.com\/ca\/wp-json\/wp\/v2\/posts\/12693","targetHints":{"allow":["GET"]}}],"collection":[{"href":"https:\/\/lamostradevalencia.com\/ca\/wp-json\/wp\/v2\/posts"}],"about":[{"href":"https:\/\/lamostradevalencia.com\/ca\/wp-json\/wp\/v2\/types\/post"}],"author":[{"embeddable":true,"href":"https:\/\/lamostradevalencia.com\/ca\/wp-json\/wp\/v2\/users\/3"}],"replies":[{"embeddable":true,"href":"https:\/\/lamostradevalencia.com\/ca\/wp-json\/wp\/v2\/comments?post=12693"}],"version-history":[{"count":2,"href":"https:\/\/lamostradevalencia.com\/ca\/wp-json\/wp\/v2\/posts\/12693\/revisions"}],"predecessor-version":[{"id":12695,"href":"https:\/\/lamostradevalencia.com\/ca\/wp-json\/wp\/v2\/posts\/12693\/revisions\/12695"}],"wp:featuredmedia":[{"embeddable":true,"href":"https:\/\/lamostradevalencia.com\/ca\/wp-json\/wp\/v2\/media\/11215"}],"wp:attachment":[{"href":"https:\/\/lamostradevalencia.com\/ca\/wp-json\/wp\/v2\/media?parent=12693"}],"wp:term":[{"taxonomy":"category","embeddable":true,"href":"https:\/\/lamostradevalencia.com\/ca\/wp-json\/wp\/v2\/categories?post=12693"},{"taxonomy":"post_tag","embeddable":true,"href":"https:\/\/lamostradevalencia.com\/ca\/wp-json\/wp\/v2\/tags?post=12693"}],"curies":[{"name":"wp","href":"https:\/\/api.w.org\/{rel}","templated":true}]}}