{"id":12683,"date":"2021-10-04T16:32:59","date_gmt":"2021-10-04T14:32:59","guid":{"rendered":"https:\/\/lamostradevalencia.com\/?p=12683"},"modified":"2021-10-04T16:32:59","modified_gmt":"2021-10-04T14:32:59","slug":"so-she-doesnt-live-una-historia-de-violencia","status":"publish","type":"post","link":"https:\/\/lamostradevalencia.com\/ca\/so-she-doesnt-live-una-historia-de-violencia\/","title":{"rendered":"\u201cSO SHE DOESN\u2019T LIVE\u201d: UNA HIST\u00d2RIA DE VIOL\u00c8NCIA"},"content":{"rendered":"<p>\u201cDes que em vaig assabentar del brutal assassinat d\u2019Arnela, una dona de 23 anys, en una xicoteta ciutat de prov\u00edncies de B\u00f2snia, em van intrigar no sols la viol\u00e8ncia i l&#8217;odi, sin\u00f3 sobretot el pur impuls destructiu dels dos joves que la van matar. All\u00f2 no va ser un crim passional o motivat per la gelosia, va ser un desig d&#8217;aniquilar. En la meua pel\u00b7l\u00edcula, Aida vol ser ama del seu propi dest\u00ed, per\u00f2 aix\u00f2 no sembla ser m\u00e9s que una il\u00b7lusi\u00f3. Encara vivim en un m\u00f3n en el qual el poder, la for\u00e7a i la resist\u00e8ncia s\u00f3n valors reals, sense importar que ens enfrontem a un virus, a un riu salvatge o a un oponent dominant\u201d. El realitzador bosni\u00e0 Faruk Loncarevic juga amb les cartes cap per amunt. De les seues declaracions, concedides al festival de Trieste, on va estrenar el seu tercer llargmetratge, \u201cSo She Doesn\u2019t Live\u201d, es despr\u00e9n que no sols no tem que el p\u00fablic conega el desenlla\u00e7 de la pel\u00b7l\u00edcula, sin\u00f3 tamb\u00e9 la seua confian\u00e7a en una posada en escena en extrem rigorosa que busca que l\u2019audi\u00e8ncia extraga les seues pr\u00f2pies conclusions despr\u00e9s de lluitar contra unes imatges tan mesurades com implacables.<\/p>\n<p>&nbsp;<\/p>\n<p><iframe loading=\"lazy\" title=\"Tako da ne ostane \u017eiva  - Trailer\" width=\"1100\" height=\"619\" src=\"https:\/\/www.youtube.com\/embed\/Tn7MSkFizbE?feature=oembed\" frameborder=\"0\" allow=\"accelerometer; autoplay; clipboard-write; encrypted-media; gyroscope; picture-in-picture\" allowfullscreen><\/iframe><\/p>\n<p>&nbsp;<\/p>\n<p>Loncarevic exposa els fets del cas amb precisi\u00f3 quir\u00fargica a partir de llargs plans seq\u00fcencia mil\u00b7lim\u00e8tricament dissenyats. La dist\u00e0ncia amb la qual la c\u00e0mera manejada pel director de fotografia Alen Alilovi\u0107 observa un entorn bell i, no obstant aix\u00f2, habitat per l&#8217;horror; el tan dolor\u00f3s com magistral \u00fas del fora de camp, el fred retrat de determinades conductes at\u00e0viques i la subtil comparaci\u00f3 entre el poder aparentment omn\u00edmode que continuen conservant els homes i el judici que va acabar amb la condemna de Radovan Karadzic, obrin un profund debat sobre els ressorts que activen la viol\u00e8ncia i les conseq\u00fc\u00e8ncies que del seu esclat es deriven. En eixe sentit, Vladan Petkovic, cr\u00edtic de Cineuropa, va apuntar que a pesar que \u201cSo She Doesn\u2019t Live\u201d es basa \u201cen un cas molt espec\u00edfic d&#8217;un pa\u00eds en particular, la pel\u00b7l\u00edcula se centra en l&#8217;instint primari, animal i depredador dels \u00e9ssers humans. Per tant, esta no \u00e9s una hist\u00f2ria sobre la societat bosniana, sin\u00f3 m\u00e9s aviat sobre la civilitzaci\u00f3 humana\u201d.<\/p>\n<p>Loncarevic, professor d&#8217;Hist\u00f2ria del Cinema, Est\u00e8tica i An\u00e0lisi en l&#8217;Acad\u00e8mia d&#8217;Arts Esc\u00e8niques de Sarajevo, s&#8217;ha encarregat no sols de les tasques de direcci\u00f3 i d&#8217;escriptura, sin\u00f3 tamb\u00e9 del muntatge del seu tercer llargmetratge, l&#8217;imponent acabat formal del qual contrasta amb les seues humils xifres de producci\u00f3: va ser rodada en tot just cinc dies i va comptar amb nom\u00e9s 20.000 euros de pressupost. L&#8217;esment especial que li va concedir el jurat del Festival Internacional de Trieste -en el qual figurava la productora de pel\u00b7l\u00edcules tan incontestables com ara \u201cIda\u201d o \u201cQuo vadis, Aida?\u201d, Ewa Puszczy\u0144ska; el productor itali\u00e0 Paolo Bertolin i la directora romanesa Adina Pintilie (\u201cTouch Me Not\u201d)- avala l&#8217;arriscada i controvertida proposta del realitzador bosni\u00e0, que ara arriba a la Mostra de Val\u00e8ncia-Cinema del Mediterrani.<\/p>\n","protected":false},"excerpt":{"rendered":"<p>\u201cDes que em vaig assabentar del brutal assassinat d\u2019Arnela, una dona de 23 anys, en una xicoteta ciutat de prov\u00edncies de B\u00f2snia, em van intrigar [&hellip;]<\/p>\n","protected":false},"author":3,"featured_media":11275,"comment_status":"open","ping_status":"open","sticky":false,"template":"","format":"standard","meta":{"_uag_custom_page_level_css":"","_jet_sm_ready_style":"","_jet_sm_style":"","_jet_sm_controls_values":"","_jet_sm_fonts_collection":"","_jet_sm_fonts_links":"","footnotes":""},"categories":[455],"tags":[],"class_list":["post-12683","post","type-post","status-publish","format-standard","has-post-thumbnail","hentry","category-noticies"],"yoast_head":"<!-- This site is optimized with the Yoast SEO plugin v27.5 - https:\/\/yoast.com\/product\/yoast-seo-wordpress\/ -->\n<title>\u201cSO SHE DOESN\u2019T LIVE\u201d: UNA HIST\u00d2RIA DE VIOL\u00c8NCIA<\/title>\n<meta name=\"description\" content=\"Faruk Loncarevic recrea un terrible cas real\" \/>\n<meta name=\"robots\" content=\"index, follow, max-snippet:-1, max-image-preview:large, max-video-preview:-1\" \/>\n<link rel=\"canonical\" href=\"https:\/\/lamostradevalencia.com\/ca\/so-she-doesnt-live-una-historia-de-violencia\/\" \/>\n<meta property=\"og:locale\" content=\"ca_ES\" \/>\n<meta property=\"og:type\" content=\"article\" \/>\n<meta property=\"og:title\" content=\"\u201cSO SHE DOESN\u2019T LIVE\u201d: UNA HIST\u00d2RIA DE VIOL\u00c8NCIA\" \/>\n<meta property=\"og:description\" content=\"Faruk Loncarevic recrea un terrible cas real\" \/>\n<meta property=\"og:url\" content=\"https:\/\/lamostradevalencia.com\/ca\/so-she-doesnt-live-una-historia-de-violencia\/\" \/>\n<meta property=\"og:site_name\" content=\"Mostra de Val\u00e8ncia\" \/>\n<meta property=\"article:published_time\" content=\"2021-10-04T14:32:59+00:00\" \/>\n<meta property=\"og:image\" content=\"https:\/\/lamostradevalencia.com\/wp-content\/uploads\/2021\/09\/Fabrika-1024x540.jpg\" \/>\n\t<meta property=\"og:image:width\" content=\"1024\" \/>\n\t<meta property=\"og:image:height\" content=\"540\" \/>\n\t<meta property=\"og:image:type\" content=\"image\/jpeg\" \/>\n<meta name=\"author\" content=\"contenidos\" \/>\n<meta name=\"twitter:card\" content=\"summary_large_image\" \/>\n<meta name=\"twitter:label1\" content=\"Escrit per\" \/>\n\t<meta name=\"twitter:data1\" content=\"contenidos\" \/>\n\t<meta name=\"twitter:label2\" content=\"Temps estimat de lectura\" \/>\n\t<meta name=\"twitter:data2\" content=\"3 minuts\" \/>\n<script type=\"application\/ld+json\" class=\"yoast-schema-graph\">{\"@context\":\"https:\\\/\\\/schema.org\",\"@graph\":[{\"@type\":\"Article\",\"@id\":\"https:\\\/\\\/lamostradevalencia.com\\\/ca\\\/so-she-doesnt-live-una-historia-de-violencia\\\/#article\",\"isPartOf\":{\"@id\":\"https:\\\/\\\/lamostradevalencia.com\\\/ca\\\/so-she-doesnt-live-una-historia-de-violencia\\\/\"},\"author\":{\"name\":\"contenidos\",\"@id\":\"https:\\\/\\\/lamostradevalencia.com\\\/ca\\\/#\\\/schema\\\/person\\\/361c3c0dd5489e78ad78ee4f8332efac\"},\"headline\":\"\u201cSO SHE DOESN\u2019T LIVE\u201d: UNA HIST\u00d2RIA DE VIOL\u00c8NCIA\",\"datePublished\":\"2021-10-04T14:32:59+00:00\",\"mainEntityOfPage\":{\"@id\":\"https:\\\/\\\/lamostradevalencia.com\\\/ca\\\/so-she-doesnt-live-una-historia-de-violencia\\\/\"},\"wordCount\":573,\"commentCount\":0,\"image\":{\"@id\":\"https:\\\/\\\/lamostradevalencia.com\\\/ca\\\/so-she-doesnt-live-una-historia-de-violencia\\\/#primaryimage\"},\"thumbnailUrl\":\"https:\\\/\\\/lamostradevalencia.com\\\/wp-content\\\/uploads\\\/2021\\\/09\\\/Fabrika.jpg\",\"articleSection\":[\"Noticies\"],\"inLanguage\":\"ca\",\"potentialAction\":[{\"@type\":\"CommentAction\",\"name\":\"Comment\",\"target\":[\"https:\\\/\\\/lamostradevalencia.com\\\/ca\\\/so-she-doesnt-live-una-historia-de-violencia\\\/#respond\"]}]},{\"@type\":\"WebPage\",\"@id\":\"https:\\\/\\\/lamostradevalencia.com\\\/ca\\\/so-she-doesnt-live-una-historia-de-violencia\\\/\",\"url\":\"https:\\\/\\\/lamostradevalencia.com\\\/ca\\\/so-she-doesnt-live-una-historia-de-violencia\\\/\",\"name\":\"\u201cSO SHE DOESN\u2019T LIVE\u201d: UNA HIST\u00d2RIA DE VIOL\u00c8NCIA\",\"isPartOf\":{\"@id\":\"https:\\\/\\\/lamostradevalencia.com\\\/ca\\\/#website\"},\"primaryImageOfPage\":{\"@id\":\"https:\\\/\\\/lamostradevalencia.com\\\/ca\\\/so-she-doesnt-live-una-historia-de-violencia\\\/#primaryimage\"},\"image\":{\"@id\":\"https:\\\/\\\/lamostradevalencia.com\\\/ca\\\/so-she-doesnt-live-una-historia-de-violencia\\\/#primaryimage\"},\"thumbnailUrl\":\"https:\\\/\\\/lamostradevalencia.com\\\/wp-content\\\/uploads\\\/2021\\\/09\\\/Fabrika.jpg\",\"datePublished\":\"2021-10-04T14:32:59+00:00\",\"author\":{\"@id\":\"https:\\\/\\\/lamostradevalencia.com\\\/ca\\\/#\\\/schema\\\/person\\\/361c3c0dd5489e78ad78ee4f8332efac\"},\"description\":\"Faruk Loncarevic recrea un terrible cas real\",\"breadcrumb\":{\"@id\":\"https:\\\/\\\/lamostradevalencia.com\\\/ca\\\/so-she-doesnt-live-una-historia-de-violencia\\\/#breadcrumb\"},\"inLanguage\":\"ca\",\"potentialAction\":[{\"@type\":\"ReadAction\",\"target\":[\"https:\\\/\\\/lamostradevalencia.com\\\/ca\\\/so-she-doesnt-live-una-historia-de-violencia\\\/\"]}]},{\"@type\":\"ImageObject\",\"inLanguage\":\"ca\",\"@id\":\"https:\\\/\\\/lamostradevalencia.com\\\/ca\\\/so-she-doesnt-live-una-historia-de-violencia\\\/#primaryimage\",\"url\":\"https:\\\/\\\/lamostradevalencia.com\\\/wp-content\\\/uploads\\\/2021\\\/09\\\/Fabrika.jpg\",\"contentUrl\":\"https:\\\/\\\/lamostradevalencia.com\\\/wp-content\\\/uploads\\\/2021\\\/09\\\/Fabrika.jpg\",\"width\":2048,\"height\":1080},{\"@type\":\"BreadcrumbList\",\"@id\":\"https:\\\/\\\/lamostradevalencia.com\\\/ca\\\/so-she-doesnt-live-una-historia-de-violencia\\\/#breadcrumb\",\"itemListElement\":[{\"@type\":\"ListItem\",\"position\":1,\"name\":\"Portada\",\"item\":\"https:\\\/\\\/lamostradevalencia.com\\\/ca\\\/\"},{\"@type\":\"ListItem\",\"position\":2,\"name\":\"\u201cSO SHE DOESN\u2019T LIVE\u201d: UNA HIST\u00d2RIA DE VIOL\u00c8NCIA\"}]},{\"@type\":\"WebSite\",\"@id\":\"https:\\\/\\\/lamostradevalencia.com\\\/ca\\\/#website\",\"url\":\"https:\\\/\\\/lamostradevalencia.com\\\/ca\\\/\",\"name\":\"Mostra de Val\u00e8ncia\",\"description\":\"Cinema del Mediterrani\",\"potentialAction\":[{\"@type\":\"SearchAction\",\"target\":{\"@type\":\"EntryPoint\",\"urlTemplate\":\"https:\\\/\\\/lamostradevalencia.com\\\/ca\\\/?s={search_term_string}\"},\"query-input\":{\"@type\":\"PropertyValueSpecification\",\"valueRequired\":true,\"valueName\":\"search_term_string\"}}],\"inLanguage\":\"ca\"},{\"@type\":\"Person\",\"@id\":\"https:\\\/\\\/lamostradevalencia.com\\\/ca\\\/#\\\/schema\\\/person\\\/361c3c0dd5489e78ad78ee4f8332efac\",\"name\":\"contenidos\",\"image\":{\"@type\":\"ImageObject\",\"inLanguage\":\"ca\",\"@id\":\"https:\\\/\\\/secure.gravatar.com\\\/avatar\\\/a87eddc188a32d5a0371ff92ef616b5006a91e389296d49d081f8d424eef134c?s=96&d=mm&r=g\",\"url\":\"https:\\\/\\\/secure.gravatar.com\\\/avatar\\\/a87eddc188a32d5a0371ff92ef616b5006a91e389296d49d081f8d424eef134c?s=96&d=mm&r=g\",\"contentUrl\":\"https:\\\/\\\/secure.gravatar.com\\\/avatar\\\/a87eddc188a32d5a0371ff92ef616b5006a91e389296d49d081f8d424eef134c?s=96&d=mm&r=g\",\"caption\":\"contenidos\"}}]}<\/script>\n<!-- \/ Yoast SEO plugin. -->","yoast_head_json":{"title":"\u201cSO SHE DOESN\u2019T LIVE\u201d: UNA HIST\u00d2RIA DE VIOL\u00c8NCIA","description":"Faruk Loncarevic recrea un terrible cas real","robots":{"index":"index","follow":"follow","max-snippet":"max-snippet:-1","max-image-preview":"max-image-preview:large","max-video-preview":"max-video-preview:-1"},"canonical":"https:\/\/lamostradevalencia.com\/ca\/so-she-doesnt-live-una-historia-de-violencia\/","og_locale":"ca_ES","og_type":"article","og_title":"\u201cSO SHE DOESN\u2019T LIVE\u201d: UNA HIST\u00d2RIA DE VIOL\u00c8NCIA","og_description":"Faruk Loncarevic recrea un terrible cas real","og_url":"https:\/\/lamostradevalencia.com\/ca\/so-she-doesnt-live-una-historia-de-violencia\/","og_site_name":"Mostra de Val\u00e8ncia","article_published_time":"2021-10-04T14:32:59+00:00","og_image":[{"width":1024,"height":540,"url":"https:\/\/lamostradevalencia.com\/wp-content\/uploads\/2021\/09\/Fabrika-1024x540.jpg","type":"image\/jpeg"}],"author":"contenidos","twitter_card":"summary_large_image","twitter_misc":{"Escrit per":"contenidos","Temps estimat de lectura":"3 minuts"},"schema":{"@context":"https:\/\/schema.org","@graph":[{"@type":"Article","@id":"https:\/\/lamostradevalencia.com\/ca\/so-she-doesnt-live-una-historia-de-violencia\/#article","isPartOf":{"@id":"https:\/\/lamostradevalencia.com\/ca\/so-she-doesnt-live-una-historia-de-violencia\/"},"author":{"name":"contenidos","@id":"https:\/\/lamostradevalencia.com\/ca\/#\/schema\/person\/361c3c0dd5489e78ad78ee4f8332efac"},"headline":"\u201cSO SHE DOESN\u2019T LIVE\u201d: UNA HIST\u00d2RIA DE VIOL\u00c8NCIA","datePublished":"2021-10-04T14:32:59+00:00","mainEntityOfPage":{"@id":"https:\/\/lamostradevalencia.com\/ca\/so-she-doesnt-live-una-historia-de-violencia\/"},"wordCount":573,"commentCount":0,"image":{"@id":"https:\/\/lamostradevalencia.com\/ca\/so-she-doesnt-live-una-historia-de-violencia\/#primaryimage"},"thumbnailUrl":"https:\/\/lamostradevalencia.com\/wp-content\/uploads\/2021\/09\/Fabrika.jpg","articleSection":["Noticies"],"inLanguage":"ca","potentialAction":[{"@type":"CommentAction","name":"Comment","target":["https:\/\/lamostradevalencia.com\/ca\/so-she-doesnt-live-una-historia-de-violencia\/#respond"]}]},{"@type":"WebPage","@id":"https:\/\/lamostradevalencia.com\/ca\/so-she-doesnt-live-una-historia-de-violencia\/","url":"https:\/\/lamostradevalencia.com\/ca\/so-she-doesnt-live-una-historia-de-violencia\/","name":"\u201cSO SHE DOESN\u2019T LIVE\u201d: UNA HIST\u00d2RIA DE VIOL\u00c8NCIA","isPartOf":{"@id":"https:\/\/lamostradevalencia.com\/ca\/#website"},"primaryImageOfPage":{"@id":"https:\/\/lamostradevalencia.com\/ca\/so-she-doesnt-live-una-historia-de-violencia\/#primaryimage"},"image":{"@id":"https:\/\/lamostradevalencia.com\/ca\/so-she-doesnt-live-una-historia-de-violencia\/#primaryimage"},"thumbnailUrl":"https:\/\/lamostradevalencia.com\/wp-content\/uploads\/2021\/09\/Fabrika.jpg","datePublished":"2021-10-04T14:32:59+00:00","author":{"@id":"https:\/\/lamostradevalencia.com\/ca\/#\/schema\/person\/361c3c0dd5489e78ad78ee4f8332efac"},"description":"Faruk Loncarevic recrea un terrible cas real","breadcrumb":{"@id":"https:\/\/lamostradevalencia.com\/ca\/so-she-doesnt-live-una-historia-de-violencia\/#breadcrumb"},"inLanguage":"ca","potentialAction":[{"@type":"ReadAction","target":["https:\/\/lamostradevalencia.com\/ca\/so-she-doesnt-live-una-historia-de-violencia\/"]}]},{"@type":"ImageObject","inLanguage":"ca","@id":"https:\/\/lamostradevalencia.com\/ca\/so-she-doesnt-live-una-historia-de-violencia\/#primaryimage","url":"https:\/\/lamostradevalencia.com\/wp-content\/uploads\/2021\/09\/Fabrika.jpg","contentUrl":"https:\/\/lamostradevalencia.com\/wp-content\/uploads\/2021\/09\/Fabrika.jpg","width":2048,"height":1080},{"@type":"BreadcrumbList","@id":"https:\/\/lamostradevalencia.com\/ca\/so-she-doesnt-live-una-historia-de-violencia\/#breadcrumb","itemListElement":[{"@type":"ListItem","position":1,"name":"Portada","item":"https:\/\/lamostradevalencia.com\/ca\/"},{"@type":"ListItem","position":2,"name":"\u201cSO SHE DOESN\u2019T LIVE\u201d: UNA HIST\u00d2RIA DE VIOL\u00c8NCIA"}]},{"@type":"WebSite","@id":"https:\/\/lamostradevalencia.com\/ca\/#website","url":"https:\/\/lamostradevalencia.com\/ca\/","name":"Mostra de Val\u00e8ncia","description":"Cinema del Mediterrani","potentialAction":[{"@type":"SearchAction","target":{"@type":"EntryPoint","urlTemplate":"https:\/\/lamostradevalencia.com\/ca\/?s={search_term_string}"},"query-input":{"@type":"PropertyValueSpecification","valueRequired":true,"valueName":"search_term_string"}}],"inLanguage":"ca"},{"@type":"Person","@id":"https:\/\/lamostradevalencia.com\/ca\/#\/schema\/person\/361c3c0dd5489e78ad78ee4f8332efac","name":"contenidos","image":{"@type":"ImageObject","inLanguage":"ca","@id":"https:\/\/secure.gravatar.com\/avatar\/a87eddc188a32d5a0371ff92ef616b5006a91e389296d49d081f8d424eef134c?s=96&d=mm&r=g","url":"https:\/\/secure.gravatar.com\/avatar\/a87eddc188a32d5a0371ff92ef616b5006a91e389296d49d081f8d424eef134c?s=96&d=mm&r=g","contentUrl":"https:\/\/secure.gravatar.com\/avatar\/a87eddc188a32d5a0371ff92ef616b5006a91e389296d49d081f8d424eef134c?s=96&d=mm&r=g","caption":"contenidos"}}]}},"uagb_featured_image_src":{"full":["https:\/\/lamostradevalencia.com\/wp-content\/uploads\/2021\/09\/Fabrika.jpg",2048,1080,false],"thumbnail":["https:\/\/lamostradevalencia.com\/wp-content\/uploads\/2021\/09\/Fabrika-150x150.jpg",150,150,true],"medium":["https:\/\/lamostradevalencia.com\/wp-content\/uploads\/2021\/09\/Fabrika-300x158.jpg",300,158,true],"medium_large":["https:\/\/lamostradevalencia.com\/wp-content\/uploads\/2021\/09\/Fabrika-768x405.jpg",768,405,true],"large":["https:\/\/lamostradevalencia.com\/wp-content\/uploads\/2021\/09\/Fabrika-1024x540.jpg",1024,540,true],"1536x1536":["https:\/\/lamostradevalencia.com\/wp-content\/uploads\/2021\/09\/Fabrika-1536x810.jpg",1536,810,true],"2048x2048":["https:\/\/lamostradevalencia.com\/wp-content\/uploads\/2021\/09\/Fabrika.jpg",2048,1080,false],"cinerama_edge_image_square":["https:\/\/lamostradevalencia.com\/wp-content\/uploads\/2021\/09\/Fabrika-550x550.jpg",550,550,true],"cinerama_edge_image_landscape":["https:\/\/lamostradevalencia.com\/wp-content\/uploads\/2021\/09\/Fabrika-1100x550.jpg",1100,550,true],"cinerama_edge_image_portrait":["https:\/\/lamostradevalencia.com\/wp-content\/uploads\/2021\/09\/Fabrika-550x1080.jpg",550,1080,true],"cinerama_edge_image_huge":["https:\/\/lamostradevalencia.com\/wp-content\/uploads\/2021\/09\/Fabrika-1100x1080.jpg",1100,1080,true],"gform-image-choice-sm":["https:\/\/lamostradevalencia.com\/wp-content\/uploads\/2021\/09\/Fabrika.jpg",300,158,false],"gform-image-choice-md":["https:\/\/lamostradevalencia.com\/wp-content\/uploads\/2021\/09\/Fabrika.jpg",400,211,false],"gform-image-choice-lg":["https:\/\/lamostradevalencia.com\/wp-content\/uploads\/2021\/09\/Fabrika.jpg",600,316,false]},"uagb_author_info":{"display_name":"contenidos","author_link":"https:\/\/lamostradevalencia.com\/ca\/author\/contenidos\/"},"uagb_comment_info":0,"uagb_excerpt":"\u201cDes que em vaig assabentar del brutal assassinat d\u2019Arnela, una dona de 23 anys, en una xicoteta ciutat de prov\u00edncies de B\u00f2snia, em van intrigar [&hellip;]","_links":{"self":[{"href":"https:\/\/lamostradevalencia.com\/ca\/wp-json\/wp\/v2\/posts\/12683","targetHints":{"allow":["GET"]}}],"collection":[{"href":"https:\/\/lamostradevalencia.com\/ca\/wp-json\/wp\/v2\/posts"}],"about":[{"href":"https:\/\/lamostradevalencia.com\/ca\/wp-json\/wp\/v2\/types\/post"}],"author":[{"embeddable":true,"href":"https:\/\/lamostradevalencia.com\/ca\/wp-json\/wp\/v2\/users\/3"}],"replies":[{"embeddable":true,"href":"https:\/\/lamostradevalencia.com\/ca\/wp-json\/wp\/v2\/comments?post=12683"}],"version-history":[{"count":2,"href":"https:\/\/lamostradevalencia.com\/ca\/wp-json\/wp\/v2\/posts\/12683\/revisions"}],"predecessor-version":[{"id":12685,"href":"https:\/\/lamostradevalencia.com\/ca\/wp-json\/wp\/v2\/posts\/12683\/revisions\/12685"}],"wp:featuredmedia":[{"embeddable":true,"href":"https:\/\/lamostradevalencia.com\/ca\/wp-json\/wp\/v2\/media\/11275"}],"wp:attachment":[{"href":"https:\/\/lamostradevalencia.com\/ca\/wp-json\/wp\/v2\/media?parent=12683"}],"wp:term":[{"taxonomy":"category","embeddable":true,"href":"https:\/\/lamostradevalencia.com\/ca\/wp-json\/wp\/v2\/categories?post=12683"},{"taxonomy":"post_tag","embeddable":true,"href":"https:\/\/lamostradevalencia.com\/ca\/wp-json\/wp\/v2\/tags?post=12683"}],"curies":[{"name":"wp","href":"https:\/\/api.w.org\/{rel}","templated":true}]}}