{"id":12674,"date":"2021-10-04T16:28:45","date_gmt":"2021-10-04T14:28:45","guid":{"rendered":"https:\/\/lamostradevalencia.com\/?p=12674"},"modified":"2021-10-04T16:28:45","modified_gmt":"2021-10-04T14:28:45","slug":"tailor-un-sastre-enfront-de-lausteritat","status":"publish","type":"post","link":"https:\/\/lamostradevalencia.com\/ca\/tailor-un-sastre-enfront-de-lausteritat\/","title":{"rendered":"\u201cTAILOR\u201d: UN SASTRE ENFRONT DE L&#8217;AUSTERITAT"},"content":{"rendered":"<p>Nikos (Dimitris Imellos) \u00e9s un sastre met\u00f2dic i escrupol\u00f3s. De tall prec\u00eds i ull entrenat per a seleccionar les millors teles. Els seus problemes res tenen a veure ni amb el seu talent ni amb la seua per\u00edcia. S\u00f3n ben b\u00e9 altres, perqu\u00e8 qui, a l&#8217;Atenes actual, pot costejar-se un vestit com els que ell fabrica? Acuitat pels deutes contrets amb el banc, que amena\u00e7a amb desnonar-lo del local que sempre va acollir el negoci familiar, i amb un pare malalt -el mentor l&#8217;autoritat del qual encara el domina-, este artista de la confecci\u00f3, circumspecte, moderat i mani\u00e0tic, traur\u00e0 el seu taller al carrer a la recerca d&#8217;eixos clients que van desertar de la seua botiga.<\/p>\n<p>Quan este home en la cinquantena, empindongat i habituat a tractar amb senyors d\u2019edat provecta, abandona les quatre parets de la sastreria, els somriures van obrint-se com un drap de caixmir travessat per unes tisores. \u201cLa com\u00e8dia sorgix del fet que Nikos siga tan diferent. Ha crescut envoltat d&#8217;idees antiquades sobre com han de vestir els homes i, de sobte, es veu obligat a deixar la seua botiga per a enfrontar-se a la realitat. Realment sembla un personatge d&#8217;una pel\u00b7l\u00edcula d&#8217;\u00e8poca. \u00c9s alg\u00fa que s&#8217;ha quedat sense clients, perqu\u00e8 ning\u00fa paga ja tants diners per un vestit, per\u00f2 aix\u00ed i tot \u00e9s un tipus un p\u00e8l somiador i molt infantil\u201d. Aix\u00ed descriu la realitzadora grecogerm\u00e0nica Sonia Liza Kenterman la seua primera incursi\u00f3 en l&#8217;\u00e0mbit del llargmetratge, una pel\u00b7l\u00edcula que viu, precisament, del xoc entre dos mons diferents, el microcosmos tancat i barrat on viu Nikos i la delicada realitat atenesa. \u201cTens un protagonista que carrega amb el pes de la com\u00e8dia, sobre el qual existix un enfocament propi d&#8217;un conte de fades, de manera que la seua entrada en el m\u00f3n \u2018real\u2019 assumix algunes qualitats l\u00edriques. Ara b\u00e9, eixe m\u00f3n no \u00e9s un altre que el de l&#8217;Atenes de hui i Nikos veu les coses de manera molt diferent als seus conciutadans. Per a ell, confeccionar una cosa bella exigix temps. No obstant aix\u00f2, una vegada que ix al carrer, s&#8217;adonar\u00e0 que el temps \u00e9s el que el separa dels seus clients potencials, acostumats a aconseguir-ho tot de manera r\u00e0pida i barata, mentre que ell ha apr\u00e9s una professi\u00f3 que valora el temps i la relaci\u00f3 entre el sastre i el client\u201d.<\/p>\n<p>&nbsp;<\/p>\n<p><iframe loading=\"lazy\" title=\"TAILOR Trailer | P\u00d6FF 2020\" width=\"1100\" height=\"619\" src=\"https:\/\/www.youtube.com\/embed\/-FFQJzDmSDU?feature=oembed\" frameborder=\"0\" allow=\"accelerometer; autoplay; clipboard-write; encrypted-media; gyroscope; picture-in-picture\" allowfullscreen><\/iframe><\/p>\n<p>&nbsp;<\/p>\n<p>Estes declaracions oferides per Kenterman a la web Cineuropa expliquen la mescla tonal que domina el seu debut, on eixa aproximaci\u00f3 fantasiosa contagiada de la mirada de Nikos no est\u00e0 renyida amb un subtil retrat de la devastaci\u00f3 econ\u00f2mica i les estretors que passa la gent del carrer a la Gr\u00e8cia actual. \u201cTailor\u201d \u00e9s com somiar amb un temps impossible on Balenciaga dissenyara roba per a Inditex.<\/p>\n<p>Estrenada en la competici\u00f3 d&#8217;\u00f2peres primes del festival Black Nights de Tallinn, esta coproducci\u00f3 entre Gr\u00e8cia, B\u00e8lgica i Alemanya tindr\u00e0 la seua estrena a Espanya en la Mostra de Val\u00e8ncia-Cinema del Mediterrani despr\u00e9s de guanyar el premi de la cr\u00edtica internacional (FIPRESCI) en el festival de Tessal\u00f2nica i passar per cert\u00e0mens com ara els de Jeonju (Corea del Sud), Xangai (Xina), Helsinki (Finl\u00e0ndia) o Cleveland (Estats Units).<\/p>\n","protected":false},"excerpt":{"rendered":"<p>Nikos (Dimitris Imellos) \u00e9s un sastre met\u00f2dic i escrupol\u00f3s. De tall prec\u00eds i ull entrenat per a seleccionar les millors teles. Els seus problemes res [&hellip;]<\/p>\n","protected":false},"author":3,"featured_media":11045,"comment_status":"open","ping_status":"open","sticky":false,"template":"","format":"standard","meta":{"_uag_custom_page_level_css":"","_jet_sm_ready_style":"","_jet_sm_style":"","_jet_sm_controls_values":"","_jet_sm_fonts_collection":"","_jet_sm_fonts_links":"","footnotes":""},"categories":[455],"tags":[],"class_list":["post-12674","post","type-post","status-publish","format-standard","has-post-thumbnail","hentry","category-noticies"],"yoast_head":"<!-- This site is optimized with the Yoast SEO plugin v27.5 - https:\/\/yoast.com\/product\/yoast-seo-wordpress\/ -->\n<title>\u201cTAILOR\u201d: UN SASTRE ENFRONT DE L&#039;AUSTERITAT<\/title>\n<meta name=\"description\" content=\"Sonia Liza Kenterman mescla com\u00e8dia fantasiosa i realisme\" \/>\n<meta name=\"robots\" content=\"index, follow, max-snippet:-1, max-image-preview:large, max-video-preview:-1\" \/>\n<link rel=\"canonical\" href=\"https:\/\/lamostradevalencia.com\/ca\/tailor-un-sastre-enfront-de-lausteritat\/\" \/>\n<meta property=\"og:locale\" content=\"ca_ES\" \/>\n<meta property=\"og:type\" content=\"article\" \/>\n<meta property=\"og:title\" content=\"\u201cTAILOR\u201d: UN SASTRE ENFRONT DE L&#039;AUSTERITAT\" \/>\n<meta property=\"og:description\" content=\"Sonia Liza Kenterman mescla com\u00e8dia fantasiosa i realisme\" \/>\n<meta property=\"og:url\" content=\"https:\/\/lamostradevalencia.com\/ca\/tailor-un-sastre-enfront-de-lausteritat\/\" \/>\n<meta property=\"og:site_name\" content=\"Mostra de Val\u00e8ncia\" \/>\n<meta property=\"article:published_time\" content=\"2021-10-04T14:28:45+00:00\" \/>\n<meta property=\"og:image\" content=\"https:\/\/lamostradevalencia.com\/wp-content\/uploads\/2021\/09\/Tailor.jpeg\" \/>\n\t<meta property=\"og:image:width\" content=\"1920\" \/>\n\t<meta property=\"og:image:height\" content=\"1080\" \/>\n\t<meta property=\"og:image:type\" content=\"image\/jpeg\" \/>\n<meta name=\"author\" content=\"contenidos\" \/>\n<meta name=\"twitter:card\" content=\"summary_large_image\" \/>\n<meta name=\"twitter:label1\" content=\"Escrit per\" \/>\n\t<meta name=\"twitter:data1\" content=\"contenidos\" \/>\n\t<meta name=\"twitter:label2\" content=\"Temps estimat de lectura\" \/>\n\t<meta name=\"twitter:data2\" content=\"3 minuts\" \/>\n<script type=\"application\/ld+json\" class=\"yoast-schema-graph\">{\"@context\":\"https:\\\/\\\/schema.org\",\"@graph\":[{\"@type\":\"Article\",\"@id\":\"https:\\\/\\\/lamostradevalencia.com\\\/ca\\\/tailor-un-sastre-enfront-de-lausteritat\\\/#article\",\"isPartOf\":{\"@id\":\"https:\\\/\\\/lamostradevalencia.com\\\/ca\\\/tailor-un-sastre-enfront-de-lausteritat\\\/\"},\"author\":{\"name\":\"contenidos\",\"@id\":\"https:\\\/\\\/lamostradevalencia.com\\\/ca\\\/#\\\/schema\\\/person\\\/361c3c0dd5489e78ad78ee4f8332efac\"},\"headline\":\"\u201cTAILOR\u201d: UN SASTRE ENFRONT DE L&#8217;AUSTERITAT\",\"datePublished\":\"2021-10-04T14:28:45+00:00\",\"mainEntityOfPage\":{\"@id\":\"https:\\\/\\\/lamostradevalencia.com\\\/ca\\\/tailor-un-sastre-enfront-de-lausteritat\\\/\"},\"wordCount\":581,\"commentCount\":0,\"image\":{\"@id\":\"https:\\\/\\\/lamostradevalencia.com\\\/ca\\\/tailor-un-sastre-enfront-de-lausteritat\\\/#primaryimage\"},\"thumbnailUrl\":\"https:\\\/\\\/lamostradevalencia.com\\\/wp-content\\\/uploads\\\/2021\\\/09\\\/Tailor.jpeg\",\"articleSection\":[\"Noticies\"],\"inLanguage\":\"ca\",\"potentialAction\":[{\"@type\":\"CommentAction\",\"name\":\"Comment\",\"target\":[\"https:\\\/\\\/lamostradevalencia.com\\\/ca\\\/tailor-un-sastre-enfront-de-lausteritat\\\/#respond\"]}]},{\"@type\":\"WebPage\",\"@id\":\"https:\\\/\\\/lamostradevalencia.com\\\/ca\\\/tailor-un-sastre-enfront-de-lausteritat\\\/\",\"url\":\"https:\\\/\\\/lamostradevalencia.com\\\/ca\\\/tailor-un-sastre-enfront-de-lausteritat\\\/\",\"name\":\"\u201cTAILOR\u201d: UN SASTRE ENFRONT DE L'AUSTERITAT\",\"isPartOf\":{\"@id\":\"https:\\\/\\\/lamostradevalencia.com\\\/ca\\\/#website\"},\"primaryImageOfPage\":{\"@id\":\"https:\\\/\\\/lamostradevalencia.com\\\/ca\\\/tailor-un-sastre-enfront-de-lausteritat\\\/#primaryimage\"},\"image\":{\"@id\":\"https:\\\/\\\/lamostradevalencia.com\\\/ca\\\/tailor-un-sastre-enfront-de-lausteritat\\\/#primaryimage\"},\"thumbnailUrl\":\"https:\\\/\\\/lamostradevalencia.com\\\/wp-content\\\/uploads\\\/2021\\\/09\\\/Tailor.jpeg\",\"datePublished\":\"2021-10-04T14:28:45+00:00\",\"author\":{\"@id\":\"https:\\\/\\\/lamostradevalencia.com\\\/ca\\\/#\\\/schema\\\/person\\\/361c3c0dd5489e78ad78ee4f8332efac\"},\"description\":\"Sonia Liza Kenterman mescla com\u00e8dia fantasiosa i realisme\",\"breadcrumb\":{\"@id\":\"https:\\\/\\\/lamostradevalencia.com\\\/ca\\\/tailor-un-sastre-enfront-de-lausteritat\\\/#breadcrumb\"},\"inLanguage\":\"ca\",\"potentialAction\":[{\"@type\":\"ReadAction\",\"target\":[\"https:\\\/\\\/lamostradevalencia.com\\\/ca\\\/tailor-un-sastre-enfront-de-lausteritat\\\/\"]}]},{\"@type\":\"ImageObject\",\"inLanguage\":\"ca\",\"@id\":\"https:\\\/\\\/lamostradevalencia.com\\\/ca\\\/tailor-un-sastre-enfront-de-lausteritat\\\/#primaryimage\",\"url\":\"https:\\\/\\\/lamostradevalencia.com\\\/wp-content\\\/uploads\\\/2021\\\/09\\\/Tailor.jpeg\",\"contentUrl\":\"https:\\\/\\\/lamostradevalencia.com\\\/wp-content\\\/uploads\\\/2021\\\/09\\\/Tailor.jpeg\",\"width\":1920,\"height\":1080},{\"@type\":\"BreadcrumbList\",\"@id\":\"https:\\\/\\\/lamostradevalencia.com\\\/ca\\\/tailor-un-sastre-enfront-de-lausteritat\\\/#breadcrumb\",\"itemListElement\":[{\"@type\":\"ListItem\",\"position\":1,\"name\":\"Portada\",\"item\":\"https:\\\/\\\/lamostradevalencia.com\\\/ca\\\/\"},{\"@type\":\"ListItem\",\"position\":2,\"name\":\"\u201cTAILOR\u201d: UN SASTRE ENFRONT DE L&#8217;AUSTERITAT\"}]},{\"@type\":\"WebSite\",\"@id\":\"https:\\\/\\\/lamostradevalencia.com\\\/ca\\\/#website\",\"url\":\"https:\\\/\\\/lamostradevalencia.com\\\/ca\\\/\",\"name\":\"Mostra de Val\u00e8ncia\",\"description\":\"Cinema del Mediterrani\",\"potentialAction\":[{\"@type\":\"SearchAction\",\"target\":{\"@type\":\"EntryPoint\",\"urlTemplate\":\"https:\\\/\\\/lamostradevalencia.com\\\/ca\\\/?s={search_term_string}\"},\"query-input\":{\"@type\":\"PropertyValueSpecification\",\"valueRequired\":true,\"valueName\":\"search_term_string\"}}],\"inLanguage\":\"ca\"},{\"@type\":\"Person\",\"@id\":\"https:\\\/\\\/lamostradevalencia.com\\\/ca\\\/#\\\/schema\\\/person\\\/361c3c0dd5489e78ad78ee4f8332efac\",\"name\":\"contenidos\",\"image\":{\"@type\":\"ImageObject\",\"inLanguage\":\"ca\",\"@id\":\"https:\\\/\\\/secure.gravatar.com\\\/avatar\\\/a87eddc188a32d5a0371ff92ef616b5006a91e389296d49d081f8d424eef134c?s=96&d=mm&r=g\",\"url\":\"https:\\\/\\\/secure.gravatar.com\\\/avatar\\\/a87eddc188a32d5a0371ff92ef616b5006a91e389296d49d081f8d424eef134c?s=96&d=mm&r=g\",\"contentUrl\":\"https:\\\/\\\/secure.gravatar.com\\\/avatar\\\/a87eddc188a32d5a0371ff92ef616b5006a91e389296d49d081f8d424eef134c?s=96&d=mm&r=g\",\"caption\":\"contenidos\"}}]}<\/script>\n<!-- \/ Yoast SEO plugin. -->","yoast_head_json":{"title":"\u201cTAILOR\u201d: UN SASTRE ENFRONT DE L'AUSTERITAT","description":"Sonia Liza Kenterman mescla com\u00e8dia fantasiosa i realisme","robots":{"index":"index","follow":"follow","max-snippet":"max-snippet:-1","max-image-preview":"max-image-preview:large","max-video-preview":"max-video-preview:-1"},"canonical":"https:\/\/lamostradevalencia.com\/ca\/tailor-un-sastre-enfront-de-lausteritat\/","og_locale":"ca_ES","og_type":"article","og_title":"\u201cTAILOR\u201d: UN SASTRE ENFRONT DE L'AUSTERITAT","og_description":"Sonia Liza Kenterman mescla com\u00e8dia fantasiosa i realisme","og_url":"https:\/\/lamostradevalencia.com\/ca\/tailor-un-sastre-enfront-de-lausteritat\/","og_site_name":"Mostra de Val\u00e8ncia","article_published_time":"2021-10-04T14:28:45+00:00","og_image":[{"width":1920,"height":1080,"url":"https:\/\/lamostradevalencia.com\/wp-content\/uploads\/2021\/09\/Tailor.jpeg","type":"image\/jpeg"}],"author":"contenidos","twitter_card":"summary_large_image","twitter_misc":{"Escrit per":"contenidos","Temps estimat de lectura":"3 minuts"},"schema":{"@context":"https:\/\/schema.org","@graph":[{"@type":"Article","@id":"https:\/\/lamostradevalencia.com\/ca\/tailor-un-sastre-enfront-de-lausteritat\/#article","isPartOf":{"@id":"https:\/\/lamostradevalencia.com\/ca\/tailor-un-sastre-enfront-de-lausteritat\/"},"author":{"name":"contenidos","@id":"https:\/\/lamostradevalencia.com\/ca\/#\/schema\/person\/361c3c0dd5489e78ad78ee4f8332efac"},"headline":"\u201cTAILOR\u201d: UN SASTRE ENFRONT DE L&#8217;AUSTERITAT","datePublished":"2021-10-04T14:28:45+00:00","mainEntityOfPage":{"@id":"https:\/\/lamostradevalencia.com\/ca\/tailor-un-sastre-enfront-de-lausteritat\/"},"wordCount":581,"commentCount":0,"image":{"@id":"https:\/\/lamostradevalencia.com\/ca\/tailor-un-sastre-enfront-de-lausteritat\/#primaryimage"},"thumbnailUrl":"https:\/\/lamostradevalencia.com\/wp-content\/uploads\/2021\/09\/Tailor.jpeg","articleSection":["Noticies"],"inLanguage":"ca","potentialAction":[{"@type":"CommentAction","name":"Comment","target":["https:\/\/lamostradevalencia.com\/ca\/tailor-un-sastre-enfront-de-lausteritat\/#respond"]}]},{"@type":"WebPage","@id":"https:\/\/lamostradevalencia.com\/ca\/tailor-un-sastre-enfront-de-lausteritat\/","url":"https:\/\/lamostradevalencia.com\/ca\/tailor-un-sastre-enfront-de-lausteritat\/","name":"\u201cTAILOR\u201d: UN SASTRE ENFRONT DE L'AUSTERITAT","isPartOf":{"@id":"https:\/\/lamostradevalencia.com\/ca\/#website"},"primaryImageOfPage":{"@id":"https:\/\/lamostradevalencia.com\/ca\/tailor-un-sastre-enfront-de-lausteritat\/#primaryimage"},"image":{"@id":"https:\/\/lamostradevalencia.com\/ca\/tailor-un-sastre-enfront-de-lausteritat\/#primaryimage"},"thumbnailUrl":"https:\/\/lamostradevalencia.com\/wp-content\/uploads\/2021\/09\/Tailor.jpeg","datePublished":"2021-10-04T14:28:45+00:00","author":{"@id":"https:\/\/lamostradevalencia.com\/ca\/#\/schema\/person\/361c3c0dd5489e78ad78ee4f8332efac"},"description":"Sonia Liza Kenterman mescla com\u00e8dia fantasiosa i realisme","breadcrumb":{"@id":"https:\/\/lamostradevalencia.com\/ca\/tailor-un-sastre-enfront-de-lausteritat\/#breadcrumb"},"inLanguage":"ca","potentialAction":[{"@type":"ReadAction","target":["https:\/\/lamostradevalencia.com\/ca\/tailor-un-sastre-enfront-de-lausteritat\/"]}]},{"@type":"ImageObject","inLanguage":"ca","@id":"https:\/\/lamostradevalencia.com\/ca\/tailor-un-sastre-enfront-de-lausteritat\/#primaryimage","url":"https:\/\/lamostradevalencia.com\/wp-content\/uploads\/2021\/09\/Tailor.jpeg","contentUrl":"https:\/\/lamostradevalencia.com\/wp-content\/uploads\/2021\/09\/Tailor.jpeg","width":1920,"height":1080},{"@type":"BreadcrumbList","@id":"https:\/\/lamostradevalencia.com\/ca\/tailor-un-sastre-enfront-de-lausteritat\/#breadcrumb","itemListElement":[{"@type":"ListItem","position":1,"name":"Portada","item":"https:\/\/lamostradevalencia.com\/ca\/"},{"@type":"ListItem","position":2,"name":"\u201cTAILOR\u201d: UN SASTRE ENFRONT DE L&#8217;AUSTERITAT"}]},{"@type":"WebSite","@id":"https:\/\/lamostradevalencia.com\/ca\/#website","url":"https:\/\/lamostradevalencia.com\/ca\/","name":"Mostra de Val\u00e8ncia","description":"Cinema del Mediterrani","potentialAction":[{"@type":"SearchAction","target":{"@type":"EntryPoint","urlTemplate":"https:\/\/lamostradevalencia.com\/ca\/?s={search_term_string}"},"query-input":{"@type":"PropertyValueSpecification","valueRequired":true,"valueName":"search_term_string"}}],"inLanguage":"ca"},{"@type":"Person","@id":"https:\/\/lamostradevalencia.com\/ca\/#\/schema\/person\/361c3c0dd5489e78ad78ee4f8332efac","name":"contenidos","image":{"@type":"ImageObject","inLanguage":"ca","@id":"https:\/\/secure.gravatar.com\/avatar\/a87eddc188a32d5a0371ff92ef616b5006a91e389296d49d081f8d424eef134c?s=96&d=mm&r=g","url":"https:\/\/secure.gravatar.com\/avatar\/a87eddc188a32d5a0371ff92ef616b5006a91e389296d49d081f8d424eef134c?s=96&d=mm&r=g","contentUrl":"https:\/\/secure.gravatar.com\/avatar\/a87eddc188a32d5a0371ff92ef616b5006a91e389296d49d081f8d424eef134c?s=96&d=mm&r=g","caption":"contenidos"}}]}},"uagb_featured_image_src":{"full":["https:\/\/lamostradevalencia.com\/wp-content\/uploads\/2021\/09\/Tailor.jpeg",1920,1080,false],"thumbnail":["https:\/\/lamostradevalencia.com\/wp-content\/uploads\/2021\/09\/Tailor-150x150.jpeg",150,150,true],"medium":["https:\/\/lamostradevalencia.com\/wp-content\/uploads\/2021\/09\/Tailor-300x169.jpeg",300,169,true],"medium_large":["https:\/\/lamostradevalencia.com\/wp-content\/uploads\/2021\/09\/Tailor-768x432.jpeg",768,432,true],"large":["https:\/\/lamostradevalencia.com\/wp-content\/uploads\/2021\/09\/Tailor-1024x576.jpeg",1024,576,true],"1536x1536":["https:\/\/lamostradevalencia.com\/wp-content\/uploads\/2021\/09\/Tailor-1536x864.jpeg",1536,864,true],"2048x2048":["https:\/\/lamostradevalencia.com\/wp-content\/uploads\/2021\/09\/Tailor.jpeg",1920,1080,false],"cinerama_edge_image_square":["https:\/\/lamostradevalencia.com\/wp-content\/uploads\/2021\/09\/Tailor-550x550.jpeg",550,550,true],"cinerama_edge_image_landscape":["https:\/\/lamostradevalencia.com\/wp-content\/uploads\/2021\/09\/Tailor-1100x550.jpeg",1100,550,true],"cinerama_edge_image_portrait":["https:\/\/lamostradevalencia.com\/wp-content\/uploads\/2021\/09\/Tailor-550x1080.jpeg",550,1080,true],"cinerama_edge_image_huge":["https:\/\/lamostradevalencia.com\/wp-content\/uploads\/2021\/09\/Tailor-1100x1080.jpeg",1100,1080,true],"gform-image-choice-sm":["https:\/\/lamostradevalencia.com\/wp-content\/uploads\/2021\/09\/Tailor.jpeg",300,169,false],"gform-image-choice-md":["https:\/\/lamostradevalencia.com\/wp-content\/uploads\/2021\/09\/Tailor.jpeg",400,225,false],"gform-image-choice-lg":["https:\/\/lamostradevalencia.com\/wp-content\/uploads\/2021\/09\/Tailor.jpeg",600,338,false]},"uagb_author_info":{"display_name":"contenidos","author_link":"https:\/\/lamostradevalencia.com\/ca\/author\/contenidos\/"},"uagb_comment_info":0,"uagb_excerpt":"Nikos (Dimitris Imellos) \u00e9s un sastre met\u00f2dic i escrupol\u00f3s. De tall prec\u00eds i ull entrenat per a seleccionar les millors teles. Els seus problemes res [&hellip;]","_links":{"self":[{"href":"https:\/\/lamostradevalencia.com\/ca\/wp-json\/wp\/v2\/posts\/12674","targetHints":{"allow":["GET"]}}],"collection":[{"href":"https:\/\/lamostradevalencia.com\/ca\/wp-json\/wp\/v2\/posts"}],"about":[{"href":"https:\/\/lamostradevalencia.com\/ca\/wp-json\/wp\/v2\/types\/post"}],"author":[{"embeddable":true,"href":"https:\/\/lamostradevalencia.com\/ca\/wp-json\/wp\/v2\/users\/3"}],"replies":[{"embeddable":true,"href":"https:\/\/lamostradevalencia.com\/ca\/wp-json\/wp\/v2\/comments?post=12674"}],"version-history":[{"count":2,"href":"https:\/\/lamostradevalencia.com\/ca\/wp-json\/wp\/v2\/posts\/12674\/revisions"}],"predecessor-version":[{"id":12676,"href":"https:\/\/lamostradevalencia.com\/ca\/wp-json\/wp\/v2\/posts\/12674\/revisions\/12676"}],"wp:featuredmedia":[{"embeddable":true,"href":"https:\/\/lamostradevalencia.com\/ca\/wp-json\/wp\/v2\/media\/11045"}],"wp:attachment":[{"href":"https:\/\/lamostradevalencia.com\/ca\/wp-json\/wp\/v2\/media?parent=12674"}],"wp:term":[{"taxonomy":"category","embeddable":true,"href":"https:\/\/lamostradevalencia.com\/ca\/wp-json\/wp\/v2\/categories?post=12674"},{"taxonomy":"post_tag","embeddable":true,"href":"https:\/\/lamostradevalencia.com\/ca\/wp-json\/wp\/v2\/tags?post=12674"}],"curies":[{"name":"wp","href":"https:\/\/api.w.org\/{rel}","templated":true}]}}