{"id":12671,"date":"2021-10-04T16:27:14","date_gmt":"2021-10-04T14:27:14","guid":{"rendered":"https:\/\/lamostradevalencia.com\/?p=12671"},"modified":"2021-10-04T16:27:14","modified_gmt":"2021-10-04T14:27:14","slug":"the-staffroom-posa-croacia-en-el-col%c2%b7legi","status":"publish","type":"post","link":"https:\/\/lamostradevalencia.com\/ca\/the-staffroom-posa-croacia-en-el-col%c2%b7legi\/","title":{"rendered":"\u201cTHE STAFFROOM\u201d POSA CRO\u00c0CIA EN EL COL\u00b7LEGI"},"content":{"rendered":"<p>M\u00e9s que solv\u00e8ncia t\u00e8cnica o pols narratiu, d&#8217;alg\u00fa que debuta en la realitzaci\u00f3 sempre s&#8217;exigix que posse\u00efsca una mirada pr\u00f2pia, que enfoque qualsevol que siga l&#8217;assumpte que desitge tractar des d&#8217;una \u00f2ptica personal, intransferible. Doncs b\u00e9, la directora croata Sonia Tarokic demostra, en el que suposa el seu debut en el camp del llargmetratge, una precisi\u00f3 per a compondre cada enquadrament que la situa com una cineasta a la qual caldr\u00e0 seguir la pista i que la Mostra de Val\u00e8ncia porta per primera vegada a Espanya despr\u00e9s que la seua \u00f2pera prima passara per la competici\u00f3 de Karlovy Vary, on va guanyar un esment especial.<\/p>\n<p>La per\u00edcia de Tarokic a l&#8217;hora de dissenyar cada pla no t\u00e9 res a veure amb el preciosisme, sin\u00f3 amb la intenci\u00f3 d&#8217;estr\u00e9nyer al m\u00e0xim la relaci\u00f3 entre les imatges i la hist\u00f2ria que conta. \u201cThe Staffroom\u201d narra l&#8217;arribada d\u2019Anamarija (Marina Red\u017eepovi\u0107) a una escola de prim\u00e0ria de Zagreb on exercir\u00e0 com a orientadora. De la seua m\u00e0, el p\u00fablic anir\u00e0 coneixent al professorat amb qui li toca bregar di\u00e0riament, els xicotets conflictes que es produ\u00efxen en el centre i les dificultats que planteja part de l&#8217;alumnat. No obstant aix\u00f2, seran les f\u00e8rries jerarquies i les din\u00e0miques de poder assentades al llarg dels anys les que portaran la protagonista a entaular una lluita contra el sistema de marcat car\u00e0cter \u00edntim i desprove\u00efda de grans gestos. Una lluita en la qual la preservaci\u00f3 de la integritat se&#8217;ns apareix com la conquesta final.<\/p>\n<p>&nbsp;<\/p>\n<p><iframe loading=\"lazy\" title=\"THE STAFFROOM (ZBORNICA) by Sonja Taroki\u0107 - International Trailer\" width=\"1100\" height=\"619\" src=\"https:\/\/www.youtube.com\/embed\/BLB6Ozs-e9o?feature=oembed\" frameborder=\"0\" allow=\"accelerometer; autoplay; clipboard-write; encrypted-media; gyroscope; picture-in-picture\" allowfullscreen><\/iframe><\/p>\n<p>&nbsp;<\/p>\n<p>L\u2019acurad\u00edssim tractament de l&#8217;espai i el molt particular disseny de so (atenci\u00f3 a l&#8217;\u00fas de la m\u00fasica composta pel grup folk Lado) fan d&#8217;este debut un film asfixiant en el qual, no obstant aix\u00f2, la realitzadora evita jutjar els seus personatges. Ning\u00fa millor per a explicar-ho que la mateixa Sonia Tarokic, en entrevista concedida al portal Cineuropa: \u201cEl major repte va ser assegurar-nos que el p\u00fablic poguera sentir empatia amb tots els que formen part d&#8217;eixe claustre de professors. \u00c9s claustrof\u00f2bic, per\u00f2 era necessari que s&#8217;entenguera per qu\u00e8 alg\u00fa t\u00e9 por dels pares o \u00e9s compassiu amb algun llun\u00e0tic amb qui treballa tots els dies. Al mateix temps, tamb\u00e9 calia aconseguir que es comprenguera als pares, a l&#8217;orientadora i a la directora. Tots tenen ra\u00f3 i estan equivocats al mateix temps. L&#8217;ansietat est\u00e0 ah\u00ed, per\u00f2 ning\u00fa \u00e9s ro\u00edn. Tots tenen les seues pr\u00f2pies raons\u201d.<\/p>\n<p>Eixe \u201ctots tenen les seues pr\u00f2pies raons\u201d d&#8217;inspiraci\u00f3 \u2018renoiriana\u2019 que pronuncia Tarokic ens avan\u00e7a que el que, en definitiva, &#8220;The Staffroom&#8221; ens presenta \u00e9s un complex estudi d&#8217;una instituci\u00f3 que, al seu torn, s&#8217;erigix com a met\u00e0fora del funcionament d&#8217;un pa\u00eds, d&#8217;ac\u00ed ve que Vladan Petkovic, cr\u00edtic de Cineuropa, l&#8217;haja definida com \u201cuna classe magistral de direcci\u00f3, amb un potent missatge social i poderoses emocions en un decorat que representa un microcosmos de la societat croata\u201d. No \u00e9s, doncs, casual, que la cineasta croata afirmara en Variety que \u201csempre he vist la sala de professors com un s\u00edmbol de la comunitat en general, i volia presentar-la com una entitat amb un funcionament c\u00edclic plagat de tensions. Per aix\u00f2 en esta pel\u00b7l\u00edcula ens movem quasi sempre en cercles pels mateixos espais escolars, cont\u00ednuament envoltats d&#8217;una bull\u00edcia de veus que mai es det\u00e9 realment i que fa que l&#8217;atmosfera siga cada vegada m\u00e9s febril i carregada d&#8217;emocions\u201d.<\/p>\n","protected":false},"excerpt":{"rendered":"<p>M\u00e9s que solv\u00e8ncia t\u00e8cnica o pols narratiu, d&#8217;alg\u00fa que debuta en la realitzaci\u00f3 sempre s&#8217;exigix que posse\u00efsca una mirada pr\u00f2pia, que enfoque qualsevol que siga [&hellip;]<\/p>\n","protected":false},"author":3,"featured_media":11040,"comment_status":"open","ping_status":"open","sticky":false,"template":"","format":"standard","meta":{"_uag_custom_page_level_css":"","_jet_sm_ready_style":"","_jet_sm_style":"","_jet_sm_controls_values":"","_jet_sm_fonts_collection":"","_jet_sm_fonts_links":"","footnotes":""},"categories":[455],"tags":[],"class_list":["post-12671","post","type-post","status-publish","format-standard","has-post-thumbnail","hentry","category-noticies"],"yoast_head":"<!-- This site is optimized with the Yoast SEO plugin v27.5 - https:\/\/yoast.com\/product\/yoast-seo-wordpress\/ -->\n<title>\u201cTHE STAFFROOM\u201d POSA CRO\u00c0CIA EN EL COL\u00b7LEGI<\/title>\n<meta name=\"description\" content=\"Claustrof\u00f2bic i prometedor debut de Sonia Tarokic\" \/>\n<meta name=\"robots\" content=\"index, follow, max-snippet:-1, max-image-preview:large, max-video-preview:-1\" \/>\n<link rel=\"canonical\" href=\"https:\/\/lamostradevalencia.com\/ca\/the-staffroom-posa-croacia-en-el-col%c2%b7legi\/\" \/>\n<meta property=\"og:locale\" content=\"ca_ES\" \/>\n<meta property=\"og:type\" content=\"article\" \/>\n<meta property=\"og:title\" content=\"\u201cTHE STAFFROOM\u201d POSA CRO\u00c0CIA EN EL COL\u00b7LEGI\" \/>\n<meta property=\"og:description\" content=\"Claustrof\u00f2bic i prometedor debut de Sonia Tarokic\" \/>\n<meta property=\"og:url\" content=\"https:\/\/lamostradevalencia.com\/ca\/the-staffroom-posa-croacia-en-el-col%c2%b7legi\/\" \/>\n<meta property=\"og:site_name\" content=\"Mostra de Val\u00e8ncia\" \/>\n<meta property=\"article:published_time\" content=\"2021-10-04T14:27:14+00:00\" \/>\n<meta property=\"og:image\" content=\"https:\/\/lamostradevalencia.com\/wp-content\/uploads\/2021\/09\/The-Staffroom.jpeg\" \/>\n\t<meta property=\"og:image:width\" content=\"2048\" \/>\n\t<meta property=\"og:image:height\" content=\"858\" \/>\n\t<meta property=\"og:image:type\" content=\"image\/jpeg\" \/>\n<meta name=\"author\" content=\"contenidos\" \/>\n<meta name=\"twitter:card\" content=\"summary_large_image\" \/>\n<meta name=\"twitter:label1\" content=\"Escrit per\" \/>\n\t<meta name=\"twitter:data1\" content=\"contenidos\" \/>\n\t<meta name=\"twitter:label2\" content=\"Temps estimat de lectura\" \/>\n\t<meta name=\"twitter:data2\" content=\"3 minuts\" \/>\n<script type=\"application\/ld+json\" class=\"yoast-schema-graph\">{\"@context\":\"https:\\\/\\\/schema.org\",\"@graph\":[{\"@type\":\"Article\",\"@id\":\"https:\\\/\\\/lamostradevalencia.com\\\/ca\\\/the-staffroom-posa-croacia-en-el-col%c2%b7legi\\\/#article\",\"isPartOf\":{\"@id\":\"https:\\\/\\\/lamostradevalencia.com\\\/ca\\\/the-staffroom-posa-croacia-en-el-col%c2%b7legi\\\/\"},\"author\":{\"name\":\"contenidos\",\"@id\":\"https:\\\/\\\/lamostradevalencia.com\\\/ca\\\/#\\\/schema\\\/person\\\/361c3c0dd5489e78ad78ee4f8332efac\"},\"headline\":\"\u201cTHE STAFFROOM\u201d POSA CRO\u00c0CIA EN EL COL\u00b7LEGI\",\"datePublished\":\"2021-10-04T14:27:14+00:00\",\"mainEntityOfPage\":{\"@id\":\"https:\\\/\\\/lamostradevalencia.com\\\/ca\\\/the-staffroom-posa-croacia-en-el-col%c2%b7legi\\\/\"},\"wordCount\":631,\"commentCount\":0,\"image\":{\"@id\":\"https:\\\/\\\/lamostradevalencia.com\\\/ca\\\/the-staffroom-posa-croacia-en-el-col%c2%b7legi\\\/#primaryimage\"},\"thumbnailUrl\":\"https:\\\/\\\/lamostradevalencia.com\\\/wp-content\\\/uploads\\\/2021\\\/09\\\/The-Staffroom.jpeg\",\"articleSection\":[\"Noticies\"],\"inLanguage\":\"ca\",\"potentialAction\":[{\"@type\":\"CommentAction\",\"name\":\"Comment\",\"target\":[\"https:\\\/\\\/lamostradevalencia.com\\\/ca\\\/the-staffroom-posa-croacia-en-el-col%c2%b7legi\\\/#respond\"]}]},{\"@type\":\"WebPage\",\"@id\":\"https:\\\/\\\/lamostradevalencia.com\\\/ca\\\/the-staffroom-posa-croacia-en-el-col%c2%b7legi\\\/\",\"url\":\"https:\\\/\\\/lamostradevalencia.com\\\/ca\\\/the-staffroom-posa-croacia-en-el-col%c2%b7legi\\\/\",\"name\":\"\u201cTHE STAFFROOM\u201d POSA CRO\u00c0CIA EN EL COL\u00b7LEGI\",\"isPartOf\":{\"@id\":\"https:\\\/\\\/lamostradevalencia.com\\\/ca\\\/#website\"},\"primaryImageOfPage\":{\"@id\":\"https:\\\/\\\/lamostradevalencia.com\\\/ca\\\/the-staffroom-posa-croacia-en-el-col%c2%b7legi\\\/#primaryimage\"},\"image\":{\"@id\":\"https:\\\/\\\/lamostradevalencia.com\\\/ca\\\/the-staffroom-posa-croacia-en-el-col%c2%b7legi\\\/#primaryimage\"},\"thumbnailUrl\":\"https:\\\/\\\/lamostradevalencia.com\\\/wp-content\\\/uploads\\\/2021\\\/09\\\/The-Staffroom.jpeg\",\"datePublished\":\"2021-10-04T14:27:14+00:00\",\"author\":{\"@id\":\"https:\\\/\\\/lamostradevalencia.com\\\/ca\\\/#\\\/schema\\\/person\\\/361c3c0dd5489e78ad78ee4f8332efac\"},\"description\":\"Claustrof\u00f2bic i prometedor debut de Sonia Tarokic\",\"breadcrumb\":{\"@id\":\"https:\\\/\\\/lamostradevalencia.com\\\/ca\\\/the-staffroom-posa-croacia-en-el-col%c2%b7legi\\\/#breadcrumb\"},\"inLanguage\":\"ca\",\"potentialAction\":[{\"@type\":\"ReadAction\",\"target\":[\"https:\\\/\\\/lamostradevalencia.com\\\/ca\\\/the-staffroom-posa-croacia-en-el-col%c2%b7legi\\\/\"]}]},{\"@type\":\"ImageObject\",\"inLanguage\":\"ca\",\"@id\":\"https:\\\/\\\/lamostradevalencia.com\\\/ca\\\/the-staffroom-posa-croacia-en-el-col%c2%b7legi\\\/#primaryimage\",\"url\":\"https:\\\/\\\/lamostradevalencia.com\\\/wp-content\\\/uploads\\\/2021\\\/09\\\/The-Staffroom.jpeg\",\"contentUrl\":\"https:\\\/\\\/lamostradevalencia.com\\\/wp-content\\\/uploads\\\/2021\\\/09\\\/The-Staffroom.jpeg\",\"width\":2048,\"height\":858},{\"@type\":\"BreadcrumbList\",\"@id\":\"https:\\\/\\\/lamostradevalencia.com\\\/ca\\\/the-staffroom-posa-croacia-en-el-col%c2%b7legi\\\/#breadcrumb\",\"itemListElement\":[{\"@type\":\"ListItem\",\"position\":1,\"name\":\"Portada\",\"item\":\"https:\\\/\\\/lamostradevalencia.com\\\/ca\\\/\"},{\"@type\":\"ListItem\",\"position\":2,\"name\":\"\u201cTHE STAFFROOM\u201d POSA CRO\u00c0CIA EN EL COL\u00b7LEGI\"}]},{\"@type\":\"WebSite\",\"@id\":\"https:\\\/\\\/lamostradevalencia.com\\\/ca\\\/#website\",\"url\":\"https:\\\/\\\/lamostradevalencia.com\\\/ca\\\/\",\"name\":\"Mostra de Val\u00e8ncia\",\"description\":\"Cinema del Mediterrani\",\"potentialAction\":[{\"@type\":\"SearchAction\",\"target\":{\"@type\":\"EntryPoint\",\"urlTemplate\":\"https:\\\/\\\/lamostradevalencia.com\\\/ca\\\/?s={search_term_string}\"},\"query-input\":{\"@type\":\"PropertyValueSpecification\",\"valueRequired\":true,\"valueName\":\"search_term_string\"}}],\"inLanguage\":\"ca\"},{\"@type\":\"Person\",\"@id\":\"https:\\\/\\\/lamostradevalencia.com\\\/ca\\\/#\\\/schema\\\/person\\\/361c3c0dd5489e78ad78ee4f8332efac\",\"name\":\"contenidos\",\"image\":{\"@type\":\"ImageObject\",\"inLanguage\":\"ca\",\"@id\":\"https:\\\/\\\/secure.gravatar.com\\\/avatar\\\/a87eddc188a32d5a0371ff92ef616b5006a91e389296d49d081f8d424eef134c?s=96&d=mm&r=g\",\"url\":\"https:\\\/\\\/secure.gravatar.com\\\/avatar\\\/a87eddc188a32d5a0371ff92ef616b5006a91e389296d49d081f8d424eef134c?s=96&d=mm&r=g\",\"contentUrl\":\"https:\\\/\\\/secure.gravatar.com\\\/avatar\\\/a87eddc188a32d5a0371ff92ef616b5006a91e389296d49d081f8d424eef134c?s=96&d=mm&r=g\",\"caption\":\"contenidos\"}}]}<\/script>\n<!-- \/ Yoast SEO plugin. -->","yoast_head_json":{"title":"\u201cTHE STAFFROOM\u201d POSA CRO\u00c0CIA EN EL COL\u00b7LEGI","description":"Claustrof\u00f2bic i prometedor debut de Sonia Tarokic","robots":{"index":"index","follow":"follow","max-snippet":"max-snippet:-1","max-image-preview":"max-image-preview:large","max-video-preview":"max-video-preview:-1"},"canonical":"https:\/\/lamostradevalencia.com\/ca\/the-staffroom-posa-croacia-en-el-col%c2%b7legi\/","og_locale":"ca_ES","og_type":"article","og_title":"\u201cTHE STAFFROOM\u201d POSA CRO\u00c0CIA EN EL COL\u00b7LEGI","og_description":"Claustrof\u00f2bic i prometedor debut de Sonia Tarokic","og_url":"https:\/\/lamostradevalencia.com\/ca\/the-staffroom-posa-croacia-en-el-col%c2%b7legi\/","og_site_name":"Mostra de Val\u00e8ncia","article_published_time":"2021-10-04T14:27:14+00:00","og_image":[{"width":2048,"height":858,"url":"https:\/\/lamostradevalencia.com\/wp-content\/uploads\/2021\/09\/The-Staffroom.jpeg","type":"image\/jpeg"}],"author":"contenidos","twitter_card":"summary_large_image","twitter_misc":{"Escrit per":"contenidos","Temps estimat de lectura":"3 minuts"},"schema":{"@context":"https:\/\/schema.org","@graph":[{"@type":"Article","@id":"https:\/\/lamostradevalencia.com\/ca\/the-staffroom-posa-croacia-en-el-col%c2%b7legi\/#article","isPartOf":{"@id":"https:\/\/lamostradevalencia.com\/ca\/the-staffroom-posa-croacia-en-el-col%c2%b7legi\/"},"author":{"name":"contenidos","@id":"https:\/\/lamostradevalencia.com\/ca\/#\/schema\/person\/361c3c0dd5489e78ad78ee4f8332efac"},"headline":"\u201cTHE STAFFROOM\u201d POSA CRO\u00c0CIA EN EL COL\u00b7LEGI","datePublished":"2021-10-04T14:27:14+00:00","mainEntityOfPage":{"@id":"https:\/\/lamostradevalencia.com\/ca\/the-staffroom-posa-croacia-en-el-col%c2%b7legi\/"},"wordCount":631,"commentCount":0,"image":{"@id":"https:\/\/lamostradevalencia.com\/ca\/the-staffroom-posa-croacia-en-el-col%c2%b7legi\/#primaryimage"},"thumbnailUrl":"https:\/\/lamostradevalencia.com\/wp-content\/uploads\/2021\/09\/The-Staffroom.jpeg","articleSection":["Noticies"],"inLanguage":"ca","potentialAction":[{"@type":"CommentAction","name":"Comment","target":["https:\/\/lamostradevalencia.com\/ca\/the-staffroom-posa-croacia-en-el-col%c2%b7legi\/#respond"]}]},{"@type":"WebPage","@id":"https:\/\/lamostradevalencia.com\/ca\/the-staffroom-posa-croacia-en-el-col%c2%b7legi\/","url":"https:\/\/lamostradevalencia.com\/ca\/the-staffroom-posa-croacia-en-el-col%c2%b7legi\/","name":"\u201cTHE STAFFROOM\u201d POSA CRO\u00c0CIA EN EL COL\u00b7LEGI","isPartOf":{"@id":"https:\/\/lamostradevalencia.com\/ca\/#website"},"primaryImageOfPage":{"@id":"https:\/\/lamostradevalencia.com\/ca\/the-staffroom-posa-croacia-en-el-col%c2%b7legi\/#primaryimage"},"image":{"@id":"https:\/\/lamostradevalencia.com\/ca\/the-staffroom-posa-croacia-en-el-col%c2%b7legi\/#primaryimage"},"thumbnailUrl":"https:\/\/lamostradevalencia.com\/wp-content\/uploads\/2021\/09\/The-Staffroom.jpeg","datePublished":"2021-10-04T14:27:14+00:00","author":{"@id":"https:\/\/lamostradevalencia.com\/ca\/#\/schema\/person\/361c3c0dd5489e78ad78ee4f8332efac"},"description":"Claustrof\u00f2bic i prometedor debut de Sonia Tarokic","breadcrumb":{"@id":"https:\/\/lamostradevalencia.com\/ca\/the-staffroom-posa-croacia-en-el-col%c2%b7legi\/#breadcrumb"},"inLanguage":"ca","potentialAction":[{"@type":"ReadAction","target":["https:\/\/lamostradevalencia.com\/ca\/the-staffroom-posa-croacia-en-el-col%c2%b7legi\/"]}]},{"@type":"ImageObject","inLanguage":"ca","@id":"https:\/\/lamostradevalencia.com\/ca\/the-staffroom-posa-croacia-en-el-col%c2%b7legi\/#primaryimage","url":"https:\/\/lamostradevalencia.com\/wp-content\/uploads\/2021\/09\/The-Staffroom.jpeg","contentUrl":"https:\/\/lamostradevalencia.com\/wp-content\/uploads\/2021\/09\/The-Staffroom.jpeg","width":2048,"height":858},{"@type":"BreadcrumbList","@id":"https:\/\/lamostradevalencia.com\/ca\/the-staffroom-posa-croacia-en-el-col%c2%b7legi\/#breadcrumb","itemListElement":[{"@type":"ListItem","position":1,"name":"Portada","item":"https:\/\/lamostradevalencia.com\/ca\/"},{"@type":"ListItem","position":2,"name":"\u201cTHE STAFFROOM\u201d POSA CRO\u00c0CIA EN EL COL\u00b7LEGI"}]},{"@type":"WebSite","@id":"https:\/\/lamostradevalencia.com\/ca\/#website","url":"https:\/\/lamostradevalencia.com\/ca\/","name":"Mostra de Val\u00e8ncia","description":"Cinema del Mediterrani","potentialAction":[{"@type":"SearchAction","target":{"@type":"EntryPoint","urlTemplate":"https:\/\/lamostradevalencia.com\/ca\/?s={search_term_string}"},"query-input":{"@type":"PropertyValueSpecification","valueRequired":true,"valueName":"search_term_string"}}],"inLanguage":"ca"},{"@type":"Person","@id":"https:\/\/lamostradevalencia.com\/ca\/#\/schema\/person\/361c3c0dd5489e78ad78ee4f8332efac","name":"contenidos","image":{"@type":"ImageObject","inLanguage":"ca","@id":"https:\/\/secure.gravatar.com\/avatar\/a87eddc188a32d5a0371ff92ef616b5006a91e389296d49d081f8d424eef134c?s=96&d=mm&r=g","url":"https:\/\/secure.gravatar.com\/avatar\/a87eddc188a32d5a0371ff92ef616b5006a91e389296d49d081f8d424eef134c?s=96&d=mm&r=g","contentUrl":"https:\/\/secure.gravatar.com\/avatar\/a87eddc188a32d5a0371ff92ef616b5006a91e389296d49d081f8d424eef134c?s=96&d=mm&r=g","caption":"contenidos"}}]}},"uagb_featured_image_src":{"full":["https:\/\/lamostradevalencia.com\/wp-content\/uploads\/2021\/09\/The-Staffroom.jpeg",2048,858,false],"thumbnail":["https:\/\/lamostradevalencia.com\/wp-content\/uploads\/2021\/09\/The-Staffroom-150x150.jpeg",150,150,true],"medium":["https:\/\/lamostradevalencia.com\/wp-content\/uploads\/2021\/09\/The-Staffroom-300x126.jpeg",300,126,true],"medium_large":["https:\/\/lamostradevalencia.com\/wp-content\/uploads\/2021\/09\/The-Staffroom-768x322.jpeg",768,322,true],"large":["https:\/\/lamostradevalencia.com\/wp-content\/uploads\/2021\/09\/The-Staffroom-1024x429.jpeg",1024,429,true],"1536x1536":["https:\/\/lamostradevalencia.com\/wp-content\/uploads\/2021\/09\/The-Staffroom-1536x644.jpeg",1536,644,true],"2048x2048":["https:\/\/lamostradevalencia.com\/wp-content\/uploads\/2021\/09\/The-Staffroom.jpeg",2048,858,false],"cinerama_edge_image_square":["https:\/\/lamostradevalencia.com\/wp-content\/uploads\/2021\/09\/The-Staffroom-550x550.jpeg",550,550,true],"cinerama_edge_image_landscape":["https:\/\/lamostradevalencia.com\/wp-content\/uploads\/2021\/09\/The-Staffroom-1100x550.jpeg",1100,550,true],"cinerama_edge_image_portrait":["https:\/\/lamostradevalencia.com\/wp-content\/uploads\/2021\/09\/The-Staffroom-550x858.jpeg",550,858,true],"cinerama_edge_image_huge":["https:\/\/lamostradevalencia.com\/wp-content\/uploads\/2021\/09\/The-Staffroom-1100x858.jpeg",1100,858,true],"gform-image-choice-sm":["https:\/\/lamostradevalencia.com\/wp-content\/uploads\/2021\/09\/The-Staffroom.jpeg",300,126,false],"gform-image-choice-md":["https:\/\/lamostradevalencia.com\/wp-content\/uploads\/2021\/09\/The-Staffroom.jpeg",400,168,false],"gform-image-choice-lg":["https:\/\/lamostradevalencia.com\/wp-content\/uploads\/2021\/09\/The-Staffroom.jpeg",600,251,false]},"uagb_author_info":{"display_name":"contenidos","author_link":"https:\/\/lamostradevalencia.com\/ca\/author\/contenidos\/"},"uagb_comment_info":0,"uagb_excerpt":"M\u00e9s que solv\u00e8ncia t\u00e8cnica o pols narratiu, d&#8217;alg\u00fa que debuta en la realitzaci\u00f3 sempre s&#8217;exigix que posse\u00efsca una mirada pr\u00f2pia, que enfoque qualsevol que siga [&hellip;]","_links":{"self":[{"href":"https:\/\/lamostradevalencia.com\/ca\/wp-json\/wp\/v2\/posts\/12671","targetHints":{"allow":["GET"]}}],"collection":[{"href":"https:\/\/lamostradevalencia.com\/ca\/wp-json\/wp\/v2\/posts"}],"about":[{"href":"https:\/\/lamostradevalencia.com\/ca\/wp-json\/wp\/v2\/types\/post"}],"author":[{"embeddable":true,"href":"https:\/\/lamostradevalencia.com\/ca\/wp-json\/wp\/v2\/users\/3"}],"replies":[{"embeddable":true,"href":"https:\/\/lamostradevalencia.com\/ca\/wp-json\/wp\/v2\/comments?post=12671"}],"version-history":[{"count":2,"href":"https:\/\/lamostradevalencia.com\/ca\/wp-json\/wp\/v2\/posts\/12671\/revisions"}],"predecessor-version":[{"id":12673,"href":"https:\/\/lamostradevalencia.com\/ca\/wp-json\/wp\/v2\/posts\/12671\/revisions\/12673"}],"wp:featuredmedia":[{"embeddable":true,"href":"https:\/\/lamostradevalencia.com\/ca\/wp-json\/wp\/v2\/media\/11040"}],"wp:attachment":[{"href":"https:\/\/lamostradevalencia.com\/ca\/wp-json\/wp\/v2\/media?parent=12671"}],"wp:term":[{"taxonomy":"category","embeddable":true,"href":"https:\/\/lamostradevalencia.com\/ca\/wp-json\/wp\/v2\/categories?post=12671"},{"taxonomy":"post_tag","embeddable":true,"href":"https:\/\/lamostradevalencia.com\/ca\/wp-json\/wp\/v2\/tags?post=12671"}],"curies":[{"name":"wp","href":"https:\/\/api.w.org\/{rel}","templated":true}]}}