{"id":12668,"date":"2021-10-04T16:25:43","date_gmt":"2021-10-04T14:25:43","guid":{"rendered":"https:\/\/lamostradevalencia.com\/?p=12668"},"modified":"2021-10-04T16:25:43","modified_gmt":"2021-10-04T14:25:43","slug":"the-translator-viatge-al-cor-obscur-de-siria","status":"publish","type":"post","link":"https:\/\/lamostradevalencia.com\/ca\/the-translator-viatge-al-cor-obscur-de-siria\/","title":{"rendered":"&#8220;THE TRANSLATOR&#8221;:  VIATGE AL COR OBSCUR DE S\u00cdRIA"},"content":{"rendered":"<p>Sidney. Any 2000. Jocs Ol\u00edmpics. Sami (Ziad Bakri) treballa com a int\u00e8rpret per a la delegaci\u00f3 siriana. Durant una compareixen\u00e7a davant dels mitjans, un periodista li pregunta a un dels boxadors de l&#8217;equip nacional la seua opini\u00f3 sobre l&#8217;arribada al poder de Bashar al-\u00c1ssad com a successor del seu pare, el president H\u00e1fez al-\u00c1sad. El p\u00fagil, que seguix les consignes de l\u2019entrenador, repetix sense vacil\u00b7lar el mantra institucional de suport al r\u00e8gim. No obstant aix\u00f2, la traducci\u00f3 de Sami \u00e9s inexacta i la seua xicoteta incorrecci\u00f3, que suposa introduir un mat\u00eds significatiu en el missatge, li costa haver de quedar-se exiliat a Austr\u00e0lia.<\/p>\n<p>A partir d&#8217;esta premissa, els realitzadors Rana Kazkaz i Anas Khalaf constru\u00efxen un vibrant thriller pol\u00edtic, amb Sami, que es veu obligat a tornar al seu pa\u00eds natal deu anys despr\u00e9s, en plena Primavera \u00c0rab, per a intentar trobar al seu germ\u00e0, un activista que ha desaparegut despr\u00e9s de participar en unes protestes contra al-\u00c1ssad. El malestar que li provoca haver abandonat la seua fam\u00edlia i els desitjos de redempci\u00f3 portaran a Sami a embarcar-se en una odissea esguitada per la corrupci\u00f3 i la viol\u00e8ncia, per\u00f2 tamb\u00e9 per la tenacitat i la bondat d&#8217;aquells que resistixen enfront de la tirania. Igual que el protagonista, els dos cineastes s\u00f3n sirians exiliats, de manera que els paral\u00b7lelismes s&#8217;imposen: \u201cestem intentant reparar la culpa que sentim i que compartim amb Sami. Compartim la seua culpa per haver deixat a la fam\u00edlia arrere\u201d, va assenyalar Khalaf en una entrevista realitzada per Kaleem Aftab, cr\u00edtic de Cineuropa.<\/p>\n<p>&nbsp;<\/p>\n<p><iframe loading=\"lazy\" title=\"The Translator \/ Le Traducteur (2021) - Trailer (French subs)\" width=\"1100\" height=\"619\" src=\"https:\/\/www.youtube.com\/embed\/QBDBkEmE8wQ?feature=oembed\" frameborder=\"0\" allow=\"accelerometer; autoplay; clipboard-write; encrypted-media; gyroscope; picture-in-picture\" allowfullscreen><\/iframe><\/p>\n<p>&nbsp;<\/p>\n<p>El periple de Sami a la cerca del seu germ\u00e0 el conduir\u00e0 per una S\u00edria d&#8217;ambient opressiu en la qual, com assenyala Aftab, \u201cels sentiments de confusi\u00f3, por i esperan\u00e7a de l&#8217;\u00e8poca\u201d estan directament relacionats amb el treball de direcci\u00f3 de fotografia d\u2019\u00c9ric Devin, qui ja va estar darrere de la c\u00e0mera en una altra pel\u00b7l\u00edcula siriana de grat record per a la Mostra, &#8220;The Day I Lost My Shadow&#8221; (Soudade Kaadan, 2018), Palmera de Plata de la 34a edici\u00f3 del festival. La sensaci\u00f3 de pressi\u00f3 creixent i de desesperaci\u00f3 que transmet el film entronca amb les dificultats per a trobar la veritat amb les quals es topa el protagonista, per\u00f2 tamb\u00e9 amb la manipulaci\u00f3 informativa per part del r\u00e8gim de les protestes contra al-\u00c1ssad: \u201ccada vegada que veig com es retrata als manifestants pac\u00edfics en les not\u00edcies i la successi\u00f3 d&#8217;esdeveniments, em sembla que el govern seguix una esp\u00e8cie de manual. Primer, t\u00e9 lloc una protesta, despr\u00e9s comencen els saquejos i despr\u00e9s els danys\u2026 M\u00e9s tard, la hist\u00f2ria pega un gir: \u2018Ah, no s\u00f3n tan pac\u00edfics despr\u00e9s de tot; hi ha alguns terroristes i no podem confiar en ells\u2019. Sembla que tots els governs han apr\u00e9s este manual, una manera de deslegitimar al manifestant pac\u00edfic\u201d, apunta Khalaf.<\/p>\n<p>Amb &#8220;The Translator&#8221;, Rana Kazkaz i Anas Khalaf debuten en el terreny del llargmetratge despr\u00e9s de llaurar-se una reeixida carrera internacional en el m\u00f3n del curt. De fet, el seu anterior treball, &#8220;Mare Nostrum&#8221; (2016), va estar nominat als premis C\u00e9sar i va collir nombrosos guardons en festivals de tot el m\u00f3n. La seua primera obra de llarga duraci\u00f3 arriba a la Mostra despr\u00e9s d&#8217;estrenar-se en la competici\u00f3 d&#8217;\u00f2peres primes del Festival Black Nights de Tallinn i de passar per fins a quinze cert\u00e0mens, entre els quals figuren els de Toronto o Seattle.<\/p>\n","protected":false},"excerpt":{"rendered":"<p>Sidney. Any 2000. Jocs Ol\u00edmpics. Sami (Ziad Bakri) treballa com a int\u00e8rpret per a la delegaci\u00f3 siriana. Durant una compareixen\u00e7a davant dels mitjans, un periodista [&hellip;]<\/p>\n","protected":false},"author":3,"featured_media":11235,"comment_status":"open","ping_status":"open","sticky":false,"template":"","format":"standard","meta":{"_uag_custom_page_level_css":"","_jet_sm_ready_style":"","_jet_sm_style":"","_jet_sm_controls_values":"","_jet_sm_fonts_collection":"","_jet_sm_fonts_links":"","footnotes":""},"categories":[455],"tags":[],"class_list":["post-12668","post","type-post","status-publish","format-standard","has-post-thumbnail","hentry","category-noticies"],"yoast_head":"<!-- This site is optimized with the Yoast SEO plugin v27.5 - https:\/\/yoast.com\/product\/yoast-seo-wordpress\/ -->\n<title>&quot;THE TRANSLATOR&quot;: VIATGE AL COR OBSCUR DE S\u00cdRIA<\/title>\n<meta name=\"description\" content=\"Un vibrant thriller pol\u00edtic\" \/>\n<meta name=\"robots\" content=\"index, follow, max-snippet:-1, max-image-preview:large, max-video-preview:-1\" \/>\n<link rel=\"canonical\" href=\"https:\/\/lamostradevalencia.com\/ca\/the-translator-viatge-al-cor-obscur-de-siria\/\" \/>\n<meta property=\"og:locale\" content=\"ca_ES\" \/>\n<meta property=\"og:type\" content=\"article\" \/>\n<meta property=\"og:title\" content=\"&quot;THE TRANSLATOR&quot;: VIATGE AL COR OBSCUR DE S\u00cdRIA\" \/>\n<meta property=\"og:description\" content=\"Un vibrant thriller pol\u00edtic\" \/>\n<meta property=\"og:url\" content=\"https:\/\/lamostradevalencia.com\/ca\/the-translator-viatge-al-cor-obscur-de-siria\/\" \/>\n<meta property=\"og:site_name\" content=\"Mostra de Val\u00e8ncia\" \/>\n<meta property=\"article:published_time\" content=\"2021-10-04T14:25:43+00:00\" \/>\n<meta property=\"og:image\" content=\"https:\/\/lamostradevalencia.com\/wp-content\/uploads\/2021\/09\/The-Translator2-scaled.jpg\" \/>\n\t<meta property=\"og:image:width\" content=\"2560\" \/>\n\t<meta property=\"og:image:height\" content=\"1440\" \/>\n\t<meta property=\"og:image:type\" content=\"image\/jpeg\" \/>\n<meta name=\"author\" content=\"contenidos\" \/>\n<meta name=\"twitter:card\" content=\"summary_large_image\" \/>\n<meta name=\"twitter:label1\" content=\"Escrit per\" \/>\n\t<meta name=\"twitter:data1\" content=\"contenidos\" \/>\n\t<meta name=\"twitter:label2\" content=\"Temps estimat de lectura\" \/>\n\t<meta name=\"twitter:data2\" content=\"3 minuts\" \/>\n<script type=\"application\/ld+json\" class=\"yoast-schema-graph\">{\"@context\":\"https:\\\/\\\/schema.org\",\"@graph\":[{\"@type\":\"Article\",\"@id\":\"https:\\\/\\\/lamostradevalencia.com\\\/ca\\\/the-translator-viatge-al-cor-obscur-de-siria\\\/#article\",\"isPartOf\":{\"@id\":\"https:\\\/\\\/lamostradevalencia.com\\\/ca\\\/the-translator-viatge-al-cor-obscur-de-siria\\\/\"},\"author\":{\"name\":\"contenidos\",\"@id\":\"https:\\\/\\\/lamostradevalencia.com\\\/ca\\\/#\\\/schema\\\/person\\\/361c3c0dd5489e78ad78ee4f8332efac\"},\"headline\":\"&#8220;THE TRANSLATOR&#8221;: VIATGE AL COR OBSCUR DE S\u00cdRIA\",\"datePublished\":\"2021-10-04T14:25:43+00:00\",\"mainEntityOfPage\":{\"@id\":\"https:\\\/\\\/lamostradevalencia.com\\\/ca\\\/the-translator-viatge-al-cor-obscur-de-siria\\\/\"},\"wordCount\":632,\"commentCount\":0,\"image\":{\"@id\":\"https:\\\/\\\/lamostradevalencia.com\\\/ca\\\/the-translator-viatge-al-cor-obscur-de-siria\\\/#primaryimage\"},\"thumbnailUrl\":\"https:\\\/\\\/lamostradevalencia.com\\\/wp-content\\\/uploads\\\/2021\\\/09\\\/The-Translator2-scaled.jpg\",\"articleSection\":[\"Noticies\"],\"inLanguage\":\"ca\",\"potentialAction\":[{\"@type\":\"CommentAction\",\"name\":\"Comment\",\"target\":[\"https:\\\/\\\/lamostradevalencia.com\\\/ca\\\/the-translator-viatge-al-cor-obscur-de-siria\\\/#respond\"]}]},{\"@type\":\"WebPage\",\"@id\":\"https:\\\/\\\/lamostradevalencia.com\\\/ca\\\/the-translator-viatge-al-cor-obscur-de-siria\\\/\",\"url\":\"https:\\\/\\\/lamostradevalencia.com\\\/ca\\\/the-translator-viatge-al-cor-obscur-de-siria\\\/\",\"name\":\"\\\"THE TRANSLATOR\\\": VIATGE AL COR OBSCUR DE S\u00cdRIA\",\"isPartOf\":{\"@id\":\"https:\\\/\\\/lamostradevalencia.com\\\/ca\\\/#website\"},\"primaryImageOfPage\":{\"@id\":\"https:\\\/\\\/lamostradevalencia.com\\\/ca\\\/the-translator-viatge-al-cor-obscur-de-siria\\\/#primaryimage\"},\"image\":{\"@id\":\"https:\\\/\\\/lamostradevalencia.com\\\/ca\\\/the-translator-viatge-al-cor-obscur-de-siria\\\/#primaryimage\"},\"thumbnailUrl\":\"https:\\\/\\\/lamostradevalencia.com\\\/wp-content\\\/uploads\\\/2021\\\/09\\\/The-Translator2-scaled.jpg\",\"datePublished\":\"2021-10-04T14:25:43+00:00\",\"author\":{\"@id\":\"https:\\\/\\\/lamostradevalencia.com\\\/ca\\\/#\\\/schema\\\/person\\\/361c3c0dd5489e78ad78ee4f8332efac\"},\"description\":\"Un vibrant thriller pol\u00edtic\",\"breadcrumb\":{\"@id\":\"https:\\\/\\\/lamostradevalencia.com\\\/ca\\\/the-translator-viatge-al-cor-obscur-de-siria\\\/#breadcrumb\"},\"inLanguage\":\"ca\",\"potentialAction\":[{\"@type\":\"ReadAction\",\"target\":[\"https:\\\/\\\/lamostradevalencia.com\\\/ca\\\/the-translator-viatge-al-cor-obscur-de-siria\\\/\"]}]},{\"@type\":\"ImageObject\",\"inLanguage\":\"ca\",\"@id\":\"https:\\\/\\\/lamostradevalencia.com\\\/ca\\\/the-translator-viatge-al-cor-obscur-de-siria\\\/#primaryimage\",\"url\":\"https:\\\/\\\/lamostradevalencia.com\\\/wp-content\\\/uploads\\\/2021\\\/09\\\/The-Translator2-scaled.jpg\",\"contentUrl\":\"https:\\\/\\\/lamostradevalencia.com\\\/wp-content\\\/uploads\\\/2021\\\/09\\\/The-Translator2-scaled.jpg\",\"width\":2560,\"height\":1440},{\"@type\":\"BreadcrumbList\",\"@id\":\"https:\\\/\\\/lamostradevalencia.com\\\/ca\\\/the-translator-viatge-al-cor-obscur-de-siria\\\/#breadcrumb\",\"itemListElement\":[{\"@type\":\"ListItem\",\"position\":1,\"name\":\"Portada\",\"item\":\"https:\\\/\\\/lamostradevalencia.com\\\/ca\\\/\"},{\"@type\":\"ListItem\",\"position\":2,\"name\":\"\u00abTHE TRANSLATOR\u00bb: VIATGE AL COR OBSCUR DE S\u00cdRIA\"}]},{\"@type\":\"WebSite\",\"@id\":\"https:\\\/\\\/lamostradevalencia.com\\\/ca\\\/#website\",\"url\":\"https:\\\/\\\/lamostradevalencia.com\\\/ca\\\/\",\"name\":\"Mostra de Val\u00e8ncia\",\"description\":\"Cinema del Mediterrani\",\"potentialAction\":[{\"@type\":\"SearchAction\",\"target\":{\"@type\":\"EntryPoint\",\"urlTemplate\":\"https:\\\/\\\/lamostradevalencia.com\\\/ca\\\/?s={search_term_string}\"},\"query-input\":{\"@type\":\"PropertyValueSpecification\",\"valueRequired\":true,\"valueName\":\"search_term_string\"}}],\"inLanguage\":\"ca\"},{\"@type\":\"Person\",\"@id\":\"https:\\\/\\\/lamostradevalencia.com\\\/ca\\\/#\\\/schema\\\/person\\\/361c3c0dd5489e78ad78ee4f8332efac\",\"name\":\"contenidos\",\"image\":{\"@type\":\"ImageObject\",\"inLanguage\":\"ca\",\"@id\":\"https:\\\/\\\/secure.gravatar.com\\\/avatar\\\/a87eddc188a32d5a0371ff92ef616b5006a91e389296d49d081f8d424eef134c?s=96&d=mm&r=g\",\"url\":\"https:\\\/\\\/secure.gravatar.com\\\/avatar\\\/a87eddc188a32d5a0371ff92ef616b5006a91e389296d49d081f8d424eef134c?s=96&d=mm&r=g\",\"contentUrl\":\"https:\\\/\\\/secure.gravatar.com\\\/avatar\\\/a87eddc188a32d5a0371ff92ef616b5006a91e389296d49d081f8d424eef134c?s=96&d=mm&r=g\",\"caption\":\"contenidos\"}}]}<\/script>\n<!-- \/ Yoast SEO plugin. -->","yoast_head_json":{"title":"\"THE TRANSLATOR\": VIATGE AL COR OBSCUR DE S\u00cdRIA","description":"Un vibrant thriller pol\u00edtic","robots":{"index":"index","follow":"follow","max-snippet":"max-snippet:-1","max-image-preview":"max-image-preview:large","max-video-preview":"max-video-preview:-1"},"canonical":"https:\/\/lamostradevalencia.com\/ca\/the-translator-viatge-al-cor-obscur-de-siria\/","og_locale":"ca_ES","og_type":"article","og_title":"\"THE TRANSLATOR\": VIATGE AL COR OBSCUR DE S\u00cdRIA","og_description":"Un vibrant thriller pol\u00edtic","og_url":"https:\/\/lamostradevalencia.com\/ca\/the-translator-viatge-al-cor-obscur-de-siria\/","og_site_name":"Mostra de Val\u00e8ncia","article_published_time":"2021-10-04T14:25:43+00:00","og_image":[{"width":2560,"height":1440,"url":"https:\/\/lamostradevalencia.com\/wp-content\/uploads\/2021\/09\/The-Translator2-scaled.jpg","type":"image\/jpeg"}],"author":"contenidos","twitter_card":"summary_large_image","twitter_misc":{"Escrit per":"contenidos","Temps estimat de lectura":"3 minuts"},"schema":{"@context":"https:\/\/schema.org","@graph":[{"@type":"Article","@id":"https:\/\/lamostradevalencia.com\/ca\/the-translator-viatge-al-cor-obscur-de-siria\/#article","isPartOf":{"@id":"https:\/\/lamostradevalencia.com\/ca\/the-translator-viatge-al-cor-obscur-de-siria\/"},"author":{"name":"contenidos","@id":"https:\/\/lamostradevalencia.com\/ca\/#\/schema\/person\/361c3c0dd5489e78ad78ee4f8332efac"},"headline":"&#8220;THE TRANSLATOR&#8221;: VIATGE AL COR OBSCUR DE S\u00cdRIA","datePublished":"2021-10-04T14:25:43+00:00","mainEntityOfPage":{"@id":"https:\/\/lamostradevalencia.com\/ca\/the-translator-viatge-al-cor-obscur-de-siria\/"},"wordCount":632,"commentCount":0,"image":{"@id":"https:\/\/lamostradevalencia.com\/ca\/the-translator-viatge-al-cor-obscur-de-siria\/#primaryimage"},"thumbnailUrl":"https:\/\/lamostradevalencia.com\/wp-content\/uploads\/2021\/09\/The-Translator2-scaled.jpg","articleSection":["Noticies"],"inLanguage":"ca","potentialAction":[{"@type":"CommentAction","name":"Comment","target":["https:\/\/lamostradevalencia.com\/ca\/the-translator-viatge-al-cor-obscur-de-siria\/#respond"]}]},{"@type":"WebPage","@id":"https:\/\/lamostradevalencia.com\/ca\/the-translator-viatge-al-cor-obscur-de-siria\/","url":"https:\/\/lamostradevalencia.com\/ca\/the-translator-viatge-al-cor-obscur-de-siria\/","name":"\"THE TRANSLATOR\": VIATGE AL COR OBSCUR DE S\u00cdRIA","isPartOf":{"@id":"https:\/\/lamostradevalencia.com\/ca\/#website"},"primaryImageOfPage":{"@id":"https:\/\/lamostradevalencia.com\/ca\/the-translator-viatge-al-cor-obscur-de-siria\/#primaryimage"},"image":{"@id":"https:\/\/lamostradevalencia.com\/ca\/the-translator-viatge-al-cor-obscur-de-siria\/#primaryimage"},"thumbnailUrl":"https:\/\/lamostradevalencia.com\/wp-content\/uploads\/2021\/09\/The-Translator2-scaled.jpg","datePublished":"2021-10-04T14:25:43+00:00","author":{"@id":"https:\/\/lamostradevalencia.com\/ca\/#\/schema\/person\/361c3c0dd5489e78ad78ee4f8332efac"},"description":"Un vibrant thriller pol\u00edtic","breadcrumb":{"@id":"https:\/\/lamostradevalencia.com\/ca\/the-translator-viatge-al-cor-obscur-de-siria\/#breadcrumb"},"inLanguage":"ca","potentialAction":[{"@type":"ReadAction","target":["https:\/\/lamostradevalencia.com\/ca\/the-translator-viatge-al-cor-obscur-de-siria\/"]}]},{"@type":"ImageObject","inLanguage":"ca","@id":"https:\/\/lamostradevalencia.com\/ca\/the-translator-viatge-al-cor-obscur-de-siria\/#primaryimage","url":"https:\/\/lamostradevalencia.com\/wp-content\/uploads\/2021\/09\/The-Translator2-scaled.jpg","contentUrl":"https:\/\/lamostradevalencia.com\/wp-content\/uploads\/2021\/09\/The-Translator2-scaled.jpg","width":2560,"height":1440},{"@type":"BreadcrumbList","@id":"https:\/\/lamostradevalencia.com\/ca\/the-translator-viatge-al-cor-obscur-de-siria\/#breadcrumb","itemListElement":[{"@type":"ListItem","position":1,"name":"Portada","item":"https:\/\/lamostradevalencia.com\/ca\/"},{"@type":"ListItem","position":2,"name":"\u00abTHE TRANSLATOR\u00bb: VIATGE AL COR OBSCUR DE S\u00cdRIA"}]},{"@type":"WebSite","@id":"https:\/\/lamostradevalencia.com\/ca\/#website","url":"https:\/\/lamostradevalencia.com\/ca\/","name":"Mostra de Val\u00e8ncia","description":"Cinema del Mediterrani","potentialAction":[{"@type":"SearchAction","target":{"@type":"EntryPoint","urlTemplate":"https:\/\/lamostradevalencia.com\/ca\/?s={search_term_string}"},"query-input":{"@type":"PropertyValueSpecification","valueRequired":true,"valueName":"search_term_string"}}],"inLanguage":"ca"},{"@type":"Person","@id":"https:\/\/lamostradevalencia.com\/ca\/#\/schema\/person\/361c3c0dd5489e78ad78ee4f8332efac","name":"contenidos","image":{"@type":"ImageObject","inLanguage":"ca","@id":"https:\/\/secure.gravatar.com\/avatar\/a87eddc188a32d5a0371ff92ef616b5006a91e389296d49d081f8d424eef134c?s=96&d=mm&r=g","url":"https:\/\/secure.gravatar.com\/avatar\/a87eddc188a32d5a0371ff92ef616b5006a91e389296d49d081f8d424eef134c?s=96&d=mm&r=g","contentUrl":"https:\/\/secure.gravatar.com\/avatar\/a87eddc188a32d5a0371ff92ef616b5006a91e389296d49d081f8d424eef134c?s=96&d=mm&r=g","caption":"contenidos"}}]}},"uagb_featured_image_src":{"full":["https:\/\/lamostradevalencia.com\/wp-content\/uploads\/2021\/09\/The-Translator2-scaled.jpg",2560,1440,false],"thumbnail":["https:\/\/lamostradevalencia.com\/wp-content\/uploads\/2021\/09\/The-Translator2-150x150.jpg",150,150,true],"medium":["https:\/\/lamostradevalencia.com\/wp-content\/uploads\/2021\/09\/The-Translator2-300x169.jpg",300,169,true],"medium_large":["https:\/\/lamostradevalencia.com\/wp-content\/uploads\/2021\/09\/The-Translator2-768x432.jpg",768,432,true],"large":["https:\/\/lamostradevalencia.com\/wp-content\/uploads\/2021\/09\/The-Translator2-1024x576.jpg",1024,576,true],"1536x1536":["https:\/\/lamostradevalencia.com\/wp-content\/uploads\/2021\/09\/The-Translator2-1536x864.jpg",1536,864,true],"2048x2048":["https:\/\/lamostradevalencia.com\/wp-content\/uploads\/2021\/09\/The-Translator2-2048x1152.jpg",2048,1152,true],"cinerama_edge_image_square":["https:\/\/lamostradevalencia.com\/wp-content\/uploads\/2021\/09\/The-Translator2-550x550.jpg",550,550,true],"cinerama_edge_image_landscape":["https:\/\/lamostradevalencia.com\/wp-content\/uploads\/2021\/09\/The-Translator2-1100x550.jpg",1100,550,true],"cinerama_edge_image_portrait":["https:\/\/lamostradevalencia.com\/wp-content\/uploads\/2021\/09\/The-Translator2-550x1100.jpg",550,1100,true],"cinerama_edge_image_huge":["https:\/\/lamostradevalencia.com\/wp-content\/uploads\/2021\/09\/The-Translator2-1100x1100.jpg",1100,1100,true],"gform-image-choice-sm":["https:\/\/lamostradevalencia.com\/wp-content\/uploads\/2021\/09\/The-Translator2-scaled.jpg",300,169,false],"gform-image-choice-md":["https:\/\/lamostradevalencia.com\/wp-content\/uploads\/2021\/09\/The-Translator2-scaled.jpg",400,225,false],"gform-image-choice-lg":["https:\/\/lamostradevalencia.com\/wp-content\/uploads\/2021\/09\/The-Translator2-scaled.jpg",600,338,false]},"uagb_author_info":{"display_name":"contenidos","author_link":"https:\/\/lamostradevalencia.com\/ca\/author\/contenidos\/"},"uagb_comment_info":0,"uagb_excerpt":"Sidney. Any 2000. Jocs Ol\u00edmpics. Sami (Ziad Bakri) treballa com a int\u00e8rpret per a la delegaci\u00f3 siriana. Durant una compareixen\u00e7a davant dels mitjans, un periodista [&hellip;]","_links":{"self":[{"href":"https:\/\/lamostradevalencia.com\/ca\/wp-json\/wp\/v2\/posts\/12668","targetHints":{"allow":["GET"]}}],"collection":[{"href":"https:\/\/lamostradevalencia.com\/ca\/wp-json\/wp\/v2\/posts"}],"about":[{"href":"https:\/\/lamostradevalencia.com\/ca\/wp-json\/wp\/v2\/types\/post"}],"author":[{"embeddable":true,"href":"https:\/\/lamostradevalencia.com\/ca\/wp-json\/wp\/v2\/users\/3"}],"replies":[{"embeddable":true,"href":"https:\/\/lamostradevalencia.com\/ca\/wp-json\/wp\/v2\/comments?post=12668"}],"version-history":[{"count":2,"href":"https:\/\/lamostradevalencia.com\/ca\/wp-json\/wp\/v2\/posts\/12668\/revisions"}],"predecessor-version":[{"id":12670,"href":"https:\/\/lamostradevalencia.com\/ca\/wp-json\/wp\/v2\/posts\/12668\/revisions\/12670"}],"wp:featuredmedia":[{"embeddable":true,"href":"https:\/\/lamostradevalencia.com\/ca\/wp-json\/wp\/v2\/media\/11235"}],"wp:attachment":[{"href":"https:\/\/lamostradevalencia.com\/ca\/wp-json\/wp\/v2\/media?parent=12668"}],"wp:term":[{"taxonomy":"category","embeddable":true,"href":"https:\/\/lamostradevalencia.com\/ca\/wp-json\/wp\/v2\/categories?post=12668"},{"taxonomy":"post_tag","embeddable":true,"href":"https:\/\/lamostradevalencia.com\/ca\/wp-json\/wp\/v2\/tags?post=12668"}],"curies":[{"name":"wp","href":"https:\/\/api.w.org\/{rel}","templated":true}]}}