{"id":12665,"date":"2021-10-04T16:23:53","date_gmt":"2021-10-04T14:23:53","guid":{"rendered":"https:\/\/lamostradevalencia.com\/?p=12665"},"modified":"2021-10-04T16:23:53","modified_gmt":"2021-10-04T14:23:53","slug":"vencidos-da-vida-lart-del-collage","status":"publish","type":"post","link":"https:\/\/lamostradevalencia.com\/ca\/vencidos-da-vida-lart-del-collage\/","title":{"rendered":"\u201cVENCIDOS DA VIDA\u201d: L\u2019ART DEL COLLAGE"},"content":{"rendered":"<p>Pot adquirir la consideraci\u00f3 de llargmetratge una col\u00b7lecci\u00f3 de peces curtes, filmades al llarg d&#8217;una d\u00e8cada, que ara es presenten unides sota un mateix t\u00edtol? Eixe \u00e9s el repte que ens planteja Rodrigo Areias en la seua magn\u00e8tica \u201cVencidos de vida\u201d, collage cinematogr\u00e0fic que va m\u00e9s enll\u00e0 del simple entroncament de treballs previs per a proposar una reflexi\u00f3 sobre les derrotes. \u201cCinema\u201d (2014), un curtmetratge rodat en 35mm en el qual un vell projeccionista tracta de celebrar la lit\u00fargia il\u00b7lus\u00f2ria del cinema en una vella sala desgavellada i \u00f2rfena d&#8217;espectadors, servix com a ressort i fil conductor perqu\u00e8 Areias encadelle la resta de peces que se succe\u00efxen com a espectres invocats pel t\u00e8cnic de la sala, no per casualitat interpretat per Acacio d&#8217;Almeida, director de fotografia de cineastes com ara Rita Azevedo Gomes, Joao C\u00e9sar Monteiro o Ra\u00fal Ruiz.<\/p>\n<p>Si la desgavellada sala de cinema que D&#8217;Almeida tracta de ressuscitar amb les sessions d\u2019electroxoc de llums i ombres posse\u00efx un to mortuori, la resta d&#8217;espais tamb\u00e9 estan envoltats per un vel ombr\u00edvol. En \u201cCorrent\u201d, rodat en 2008 en 16mm, el ritme imposat per la cadena de muntatge de la mina en la qual treballa el protagonista s&#8217;apoderar\u00e0 de la narraci\u00f3. Cada dia, despr\u00e9s de la dura jornada laboral, l&#8217;operari baixar\u00e0 al riu a pegar-se un bany. All\u00ed observar\u00e0 a una dona que es fica al llit amb diferents homes, incapa\u00e7 de fugir del seu dest\u00ed. Els dos tractaran de trobar una soluci\u00f3 enfront de la monotonia atro\u00e7 que els ofega.<\/p>\n<p>&nbsp;<\/p>\n<p><iframe loading=\"lazy\" title=\"VENCIDOS DA VIDA de Rodrigo Areias (2020) \u2013 trailer\" width=\"1100\" height=\"619\" src=\"https:\/\/www.youtube.com\/embed\/Pq1_fylc9K0?feature=oembed\" frameborder=\"0\" allow=\"accelerometer; autoplay; clipboard-write; encrypted-media; gyroscope; picture-in-picture\" allowfullscreen><\/iframe><\/p>\n<p>&nbsp;<\/p>\n<p>Si el cinema se&#8217;ns mostra com un lloc ru\u00efn\u00f3s i la mina com un forat on no es pot viure, el museu t\u00e8xtil en el qual treballa Constantino (Valdemar Santos) tamb\u00e9 t\u00e9 un poc de purgatori, de parada en el cam\u00ed cap a enlloc. Este conserge del torn de nit, lac\u00f2nic com els personatges que sol perfilar Areias, \u00e9s el protagonista de \u201cO guardador\u201d, filmat en digital en 2015. De dia guarda ovelles i de nit el museu, perqu\u00e8 no t\u00e9 on viure. All\u00ed es creua di\u00e0riament amb la seua substituta del torn matinal, Aurora (Carmen Teixeira), amb qui a penes intercanvia una breu salutaci\u00f3. Carregada d&#8217;ironia, esta pel\u00b7l\u00edcula m\u00ednima parla d&#8217;un amor impossibilitat per la pr\u00f2pia din\u00e0mica laboral.<\/p>\n<p>Eixes dissensions entre entorn i personatges marquen tamb\u00e9 \u201cGolias\u201d, rodat en S\u00faper 8 en 2016, amb un buf\u00f3 cansat de fer riure -i que, per tant, vol fugir de l&#8217;espai on ha d&#8217;estar \u2013 i el roman\u00e7 performatiu que captura \u201cPixel fr\u00edo\u201d (2018), en el qual les diferents concepcions d&#8217;amor i art que t\u00e9 un videoartista i la seua model els separen. Hi ha, doncs, una col\u00b7lisi\u00f3 constant entre la realitat i els anhels que quasi mai acaba b\u00e9 per a la pl\u00e8iade de protagonistes de \u201cVencidos da vida\u201d, potser perqu\u00e8, com resa la frase d\u2019E\u00e7a de Queir\u00f3s que obri la pel\u00b7l\u00edcula, la derrota no dep\u00e9n \u201cde l&#8217;aparent realitat a la qual ha arribat (l&#8217;home), sin\u00f3 de l&#8217;ideal \u00edntim al qual aspirava\u201d.<\/p>\n<p>En esta pel\u00b7l\u00edcula cosida amb el fil del metallenguatge, el realitzador portugu\u00e9s encapsula la dicotomia que es deriva de mostrar algunes pr\u00e0ctiques a la vora de l&#8217;extinci\u00f3 que, no obstant aix\u00f2, estan a un bufit de ser ressuscitades, un dilema que val per al cinema, el pasturatge, la vella ind\u00fastria t\u00e8xtil o les relacions sentimentals. Malgrat el punt agredol\u00e7 dels seus treballs, a esta esp\u00e8cie d&#8217;home del renaixement que \u00e9s Rodrigo Areias, qui, a m\u00e9s de dirigir, ha produ\u00eft 150 pel\u00b7l\u00edcules d&#8217;autors com ara Edgar Pera, Gabe Klinger, Joao Canijo o FJ Ossang, all\u00f2 que no se li pot negar \u00e9s la seua fe en el futur del cinema: com a productor t\u00e9 cinc treballs en fase de postproducci\u00f3 i com a realitzador t\u00e9 en marxa un documental (\u201cArte da mem\u00f3ria\u201d) i dos llargmetratges (\u201cA pedra espera dar flor\u201d i \u201cO pior homem de Londres\u201d).<\/p>\n","protected":false},"excerpt":{"rendered":"<p>Pot adquirir la consideraci\u00f3 de llargmetratge una col\u00b7lecci\u00f3 de peces curtes, filmades al llarg d&#8217;una d\u00e8cada, que ara es presenten unides sota un mateix t\u00edtol? [&hellip;]<\/p>\n","protected":false},"author":3,"featured_media":10809,"comment_status":"open","ping_status":"open","sticky":false,"template":"","format":"standard","meta":{"_uag_custom_page_level_css":"","_jet_sm_ready_style":"","_jet_sm_style":"","_jet_sm_controls_values":"","_jet_sm_fonts_collection":"","_jet_sm_fonts_links":"","footnotes":""},"categories":[455],"tags":[],"class_list":["post-12665","post","type-post","status-publish","format-standard","has-post-thumbnail","hentry","category-noticies"],"yoast_head":"<!-- This site is optimized with the Yoast SEO plugin v27.5 - https:\/\/yoast.com\/product\/yoast-seo-wordpress\/ -->\n<title>\u201cVENCIDOS DA VIDA\u201d: L\u2019ART DEL COLLAGE<\/title>\n<meta name=\"description\" content=\"Una reflexi\u00f3 metacinematogr\u00e1fica sobre la derrota\" \/>\n<meta name=\"robots\" content=\"index, follow, max-snippet:-1, max-image-preview:large, max-video-preview:-1\" \/>\n<link rel=\"canonical\" href=\"https:\/\/lamostradevalencia.com\/ca\/vencidos-da-vida-lart-del-collage\/\" \/>\n<meta property=\"og:locale\" content=\"ca_ES\" \/>\n<meta property=\"og:type\" content=\"article\" \/>\n<meta property=\"og:title\" content=\"\u201cVENCIDOS DA VIDA\u201d: L\u2019ART DEL COLLAGE\" \/>\n<meta property=\"og:description\" content=\"Una reflexi\u00f3 metacinematogr\u00e1fica sobre la derrota\" \/>\n<meta property=\"og:url\" content=\"https:\/\/lamostradevalencia.com\/ca\/vencidos-da-vida-lart-del-collage\/\" \/>\n<meta property=\"og:site_name\" content=\"Mostra de Val\u00e8ncia\" \/>\n<meta property=\"article:published_time\" content=\"2021-10-04T14:23:53+00:00\" \/>\n<meta property=\"og:image\" content=\"https:\/\/lamostradevalencia.com\/wp-content\/uploads\/2021\/09\/Vencidos-da-Vida-1024x576.jpg\" \/>\n\t<meta property=\"og:image:width\" content=\"1024\" \/>\n\t<meta property=\"og:image:height\" content=\"576\" \/>\n\t<meta property=\"og:image:type\" content=\"image\/jpeg\" \/>\n<meta name=\"author\" content=\"contenidos\" \/>\n<meta name=\"twitter:card\" content=\"summary_large_image\" \/>\n<meta name=\"twitter:label1\" content=\"Escrit per\" \/>\n\t<meta name=\"twitter:data1\" content=\"contenidos\" \/>\n\t<meta name=\"twitter:label2\" content=\"Temps estimat de lectura\" \/>\n\t<meta name=\"twitter:data2\" content=\"3 minuts\" \/>\n<script type=\"application\/ld+json\" class=\"yoast-schema-graph\">{\"@context\":\"https:\\\/\\\/schema.org\",\"@graph\":[{\"@type\":\"Article\",\"@id\":\"https:\\\/\\\/lamostradevalencia.com\\\/ca\\\/vencidos-da-vida-lart-del-collage\\\/#article\",\"isPartOf\":{\"@id\":\"https:\\\/\\\/lamostradevalencia.com\\\/ca\\\/vencidos-da-vida-lart-del-collage\\\/\"},\"author\":{\"name\":\"contenidos\",\"@id\":\"https:\\\/\\\/lamostradevalencia.com\\\/ca\\\/#\\\/schema\\\/person\\\/361c3c0dd5489e78ad78ee4f8332efac\"},\"headline\":\"\u201cVENCIDOS DA VIDA\u201d: L\u2019ART DEL COLLAGE\",\"datePublished\":\"2021-10-04T14:23:53+00:00\",\"mainEntityOfPage\":{\"@id\":\"https:\\\/\\\/lamostradevalencia.com\\\/ca\\\/vencidos-da-vida-lart-del-collage\\\/\"},\"wordCount\":714,\"commentCount\":0,\"image\":{\"@id\":\"https:\\\/\\\/lamostradevalencia.com\\\/ca\\\/vencidos-da-vida-lart-del-collage\\\/#primaryimage\"},\"thumbnailUrl\":\"https:\\\/\\\/lamostradevalencia.com\\\/wp-content\\\/uploads\\\/2021\\\/09\\\/Vencidos-da-Vida.jpg\",\"articleSection\":[\"Noticies\"],\"inLanguage\":\"ca\",\"potentialAction\":[{\"@type\":\"CommentAction\",\"name\":\"Comment\",\"target\":[\"https:\\\/\\\/lamostradevalencia.com\\\/ca\\\/vencidos-da-vida-lart-del-collage\\\/#respond\"]}]},{\"@type\":\"WebPage\",\"@id\":\"https:\\\/\\\/lamostradevalencia.com\\\/ca\\\/vencidos-da-vida-lart-del-collage\\\/\",\"url\":\"https:\\\/\\\/lamostradevalencia.com\\\/ca\\\/vencidos-da-vida-lart-del-collage\\\/\",\"name\":\"\u201cVENCIDOS DA VIDA\u201d: L\u2019ART DEL COLLAGE\",\"isPartOf\":{\"@id\":\"https:\\\/\\\/lamostradevalencia.com\\\/ca\\\/#website\"},\"primaryImageOfPage\":{\"@id\":\"https:\\\/\\\/lamostradevalencia.com\\\/ca\\\/vencidos-da-vida-lart-del-collage\\\/#primaryimage\"},\"image\":{\"@id\":\"https:\\\/\\\/lamostradevalencia.com\\\/ca\\\/vencidos-da-vida-lart-del-collage\\\/#primaryimage\"},\"thumbnailUrl\":\"https:\\\/\\\/lamostradevalencia.com\\\/wp-content\\\/uploads\\\/2021\\\/09\\\/Vencidos-da-Vida.jpg\",\"datePublished\":\"2021-10-04T14:23:53+00:00\",\"author\":{\"@id\":\"https:\\\/\\\/lamostradevalencia.com\\\/ca\\\/#\\\/schema\\\/person\\\/361c3c0dd5489e78ad78ee4f8332efac\"},\"description\":\"Una reflexi\u00f3 metacinematogr\u00e1fica sobre la derrota\",\"breadcrumb\":{\"@id\":\"https:\\\/\\\/lamostradevalencia.com\\\/ca\\\/vencidos-da-vida-lart-del-collage\\\/#breadcrumb\"},\"inLanguage\":\"ca\",\"potentialAction\":[{\"@type\":\"ReadAction\",\"target\":[\"https:\\\/\\\/lamostradevalencia.com\\\/ca\\\/vencidos-da-vida-lart-del-collage\\\/\"]}]},{\"@type\":\"ImageObject\",\"inLanguage\":\"ca\",\"@id\":\"https:\\\/\\\/lamostradevalencia.com\\\/ca\\\/vencidos-da-vida-lart-del-collage\\\/#primaryimage\",\"url\":\"https:\\\/\\\/lamostradevalencia.com\\\/wp-content\\\/uploads\\\/2021\\\/09\\\/Vencidos-da-Vida.jpg\",\"contentUrl\":\"https:\\\/\\\/lamostradevalencia.com\\\/wp-content\\\/uploads\\\/2021\\\/09\\\/Vencidos-da-Vida.jpg\",\"width\":1920,\"height\":1080},{\"@type\":\"BreadcrumbList\",\"@id\":\"https:\\\/\\\/lamostradevalencia.com\\\/ca\\\/vencidos-da-vida-lart-del-collage\\\/#breadcrumb\",\"itemListElement\":[{\"@type\":\"ListItem\",\"position\":1,\"name\":\"Portada\",\"item\":\"https:\\\/\\\/lamostradevalencia.com\\\/ca\\\/\"},{\"@type\":\"ListItem\",\"position\":2,\"name\":\"\u201cVENCIDOS DA VIDA\u201d: L\u2019ART DEL COLLAGE\"}]},{\"@type\":\"WebSite\",\"@id\":\"https:\\\/\\\/lamostradevalencia.com\\\/ca\\\/#website\",\"url\":\"https:\\\/\\\/lamostradevalencia.com\\\/ca\\\/\",\"name\":\"Mostra de Val\u00e8ncia\",\"description\":\"Cinema del Mediterrani\",\"potentialAction\":[{\"@type\":\"SearchAction\",\"target\":{\"@type\":\"EntryPoint\",\"urlTemplate\":\"https:\\\/\\\/lamostradevalencia.com\\\/ca\\\/?s={search_term_string}\"},\"query-input\":{\"@type\":\"PropertyValueSpecification\",\"valueRequired\":true,\"valueName\":\"search_term_string\"}}],\"inLanguage\":\"ca\"},{\"@type\":\"Person\",\"@id\":\"https:\\\/\\\/lamostradevalencia.com\\\/ca\\\/#\\\/schema\\\/person\\\/361c3c0dd5489e78ad78ee4f8332efac\",\"name\":\"contenidos\",\"image\":{\"@type\":\"ImageObject\",\"inLanguage\":\"ca\",\"@id\":\"https:\\\/\\\/secure.gravatar.com\\\/avatar\\\/a87eddc188a32d5a0371ff92ef616b5006a91e389296d49d081f8d424eef134c?s=96&d=mm&r=g\",\"url\":\"https:\\\/\\\/secure.gravatar.com\\\/avatar\\\/a87eddc188a32d5a0371ff92ef616b5006a91e389296d49d081f8d424eef134c?s=96&d=mm&r=g\",\"contentUrl\":\"https:\\\/\\\/secure.gravatar.com\\\/avatar\\\/a87eddc188a32d5a0371ff92ef616b5006a91e389296d49d081f8d424eef134c?s=96&d=mm&r=g\",\"caption\":\"contenidos\"}}]}<\/script>\n<!-- \/ Yoast SEO plugin. -->","yoast_head_json":{"title":"\u201cVENCIDOS DA VIDA\u201d: L\u2019ART DEL COLLAGE","description":"Una reflexi\u00f3 metacinematogr\u00e1fica sobre la derrota","robots":{"index":"index","follow":"follow","max-snippet":"max-snippet:-1","max-image-preview":"max-image-preview:large","max-video-preview":"max-video-preview:-1"},"canonical":"https:\/\/lamostradevalencia.com\/ca\/vencidos-da-vida-lart-del-collage\/","og_locale":"ca_ES","og_type":"article","og_title":"\u201cVENCIDOS DA VIDA\u201d: L\u2019ART DEL COLLAGE","og_description":"Una reflexi\u00f3 metacinematogr\u00e1fica sobre la derrota","og_url":"https:\/\/lamostradevalencia.com\/ca\/vencidos-da-vida-lart-del-collage\/","og_site_name":"Mostra de Val\u00e8ncia","article_published_time":"2021-10-04T14:23:53+00:00","og_image":[{"width":1024,"height":576,"url":"https:\/\/lamostradevalencia.com\/wp-content\/uploads\/2021\/09\/Vencidos-da-Vida-1024x576.jpg","type":"image\/jpeg"}],"author":"contenidos","twitter_card":"summary_large_image","twitter_misc":{"Escrit per":"contenidos","Temps estimat de lectura":"3 minuts"},"schema":{"@context":"https:\/\/schema.org","@graph":[{"@type":"Article","@id":"https:\/\/lamostradevalencia.com\/ca\/vencidos-da-vida-lart-del-collage\/#article","isPartOf":{"@id":"https:\/\/lamostradevalencia.com\/ca\/vencidos-da-vida-lart-del-collage\/"},"author":{"name":"contenidos","@id":"https:\/\/lamostradevalencia.com\/ca\/#\/schema\/person\/361c3c0dd5489e78ad78ee4f8332efac"},"headline":"\u201cVENCIDOS DA VIDA\u201d: L\u2019ART DEL COLLAGE","datePublished":"2021-10-04T14:23:53+00:00","mainEntityOfPage":{"@id":"https:\/\/lamostradevalencia.com\/ca\/vencidos-da-vida-lart-del-collage\/"},"wordCount":714,"commentCount":0,"image":{"@id":"https:\/\/lamostradevalencia.com\/ca\/vencidos-da-vida-lart-del-collage\/#primaryimage"},"thumbnailUrl":"https:\/\/lamostradevalencia.com\/wp-content\/uploads\/2021\/09\/Vencidos-da-Vida.jpg","articleSection":["Noticies"],"inLanguage":"ca","potentialAction":[{"@type":"CommentAction","name":"Comment","target":["https:\/\/lamostradevalencia.com\/ca\/vencidos-da-vida-lart-del-collage\/#respond"]}]},{"@type":"WebPage","@id":"https:\/\/lamostradevalencia.com\/ca\/vencidos-da-vida-lart-del-collage\/","url":"https:\/\/lamostradevalencia.com\/ca\/vencidos-da-vida-lart-del-collage\/","name":"\u201cVENCIDOS DA VIDA\u201d: L\u2019ART DEL COLLAGE","isPartOf":{"@id":"https:\/\/lamostradevalencia.com\/ca\/#website"},"primaryImageOfPage":{"@id":"https:\/\/lamostradevalencia.com\/ca\/vencidos-da-vida-lart-del-collage\/#primaryimage"},"image":{"@id":"https:\/\/lamostradevalencia.com\/ca\/vencidos-da-vida-lart-del-collage\/#primaryimage"},"thumbnailUrl":"https:\/\/lamostradevalencia.com\/wp-content\/uploads\/2021\/09\/Vencidos-da-Vida.jpg","datePublished":"2021-10-04T14:23:53+00:00","author":{"@id":"https:\/\/lamostradevalencia.com\/ca\/#\/schema\/person\/361c3c0dd5489e78ad78ee4f8332efac"},"description":"Una reflexi\u00f3 metacinematogr\u00e1fica sobre la derrota","breadcrumb":{"@id":"https:\/\/lamostradevalencia.com\/ca\/vencidos-da-vida-lart-del-collage\/#breadcrumb"},"inLanguage":"ca","potentialAction":[{"@type":"ReadAction","target":["https:\/\/lamostradevalencia.com\/ca\/vencidos-da-vida-lart-del-collage\/"]}]},{"@type":"ImageObject","inLanguage":"ca","@id":"https:\/\/lamostradevalencia.com\/ca\/vencidos-da-vida-lart-del-collage\/#primaryimage","url":"https:\/\/lamostradevalencia.com\/wp-content\/uploads\/2021\/09\/Vencidos-da-Vida.jpg","contentUrl":"https:\/\/lamostradevalencia.com\/wp-content\/uploads\/2021\/09\/Vencidos-da-Vida.jpg","width":1920,"height":1080},{"@type":"BreadcrumbList","@id":"https:\/\/lamostradevalencia.com\/ca\/vencidos-da-vida-lart-del-collage\/#breadcrumb","itemListElement":[{"@type":"ListItem","position":1,"name":"Portada","item":"https:\/\/lamostradevalencia.com\/ca\/"},{"@type":"ListItem","position":2,"name":"\u201cVENCIDOS DA VIDA\u201d: L\u2019ART DEL COLLAGE"}]},{"@type":"WebSite","@id":"https:\/\/lamostradevalencia.com\/ca\/#website","url":"https:\/\/lamostradevalencia.com\/ca\/","name":"Mostra de Val\u00e8ncia","description":"Cinema del Mediterrani","potentialAction":[{"@type":"SearchAction","target":{"@type":"EntryPoint","urlTemplate":"https:\/\/lamostradevalencia.com\/ca\/?s={search_term_string}"},"query-input":{"@type":"PropertyValueSpecification","valueRequired":true,"valueName":"search_term_string"}}],"inLanguage":"ca"},{"@type":"Person","@id":"https:\/\/lamostradevalencia.com\/ca\/#\/schema\/person\/361c3c0dd5489e78ad78ee4f8332efac","name":"contenidos","image":{"@type":"ImageObject","inLanguage":"ca","@id":"https:\/\/secure.gravatar.com\/avatar\/a87eddc188a32d5a0371ff92ef616b5006a91e389296d49d081f8d424eef134c?s=96&d=mm&r=g","url":"https:\/\/secure.gravatar.com\/avatar\/a87eddc188a32d5a0371ff92ef616b5006a91e389296d49d081f8d424eef134c?s=96&d=mm&r=g","contentUrl":"https:\/\/secure.gravatar.com\/avatar\/a87eddc188a32d5a0371ff92ef616b5006a91e389296d49d081f8d424eef134c?s=96&d=mm&r=g","caption":"contenidos"}}]}},"uagb_featured_image_src":{"full":["https:\/\/lamostradevalencia.com\/wp-content\/uploads\/2021\/09\/Vencidos-da-Vida.jpg",1920,1080,false],"thumbnail":["https:\/\/lamostradevalencia.com\/wp-content\/uploads\/2021\/09\/Vencidos-da-Vida-150x150.jpg",150,150,true],"medium":["https:\/\/lamostradevalencia.com\/wp-content\/uploads\/2021\/09\/Vencidos-da-Vida-300x169.jpg",300,169,true],"medium_large":["https:\/\/lamostradevalencia.com\/wp-content\/uploads\/2021\/09\/Vencidos-da-Vida-768x432.jpg",768,432,true],"large":["https:\/\/lamostradevalencia.com\/wp-content\/uploads\/2021\/09\/Vencidos-da-Vida-1024x576.jpg",1024,576,true],"1536x1536":["https:\/\/lamostradevalencia.com\/wp-content\/uploads\/2021\/09\/Vencidos-da-Vida-1536x864.jpg",1536,864,true],"2048x2048":["https:\/\/lamostradevalencia.com\/wp-content\/uploads\/2021\/09\/Vencidos-da-Vida.jpg",1920,1080,false],"cinerama_edge_image_square":["https:\/\/lamostradevalencia.com\/wp-content\/uploads\/2021\/09\/Vencidos-da-Vida-550x550.jpg",550,550,true],"cinerama_edge_image_landscape":["https:\/\/lamostradevalencia.com\/wp-content\/uploads\/2021\/09\/Vencidos-da-Vida-1100x550.jpg",1100,550,true],"cinerama_edge_image_portrait":["https:\/\/lamostradevalencia.com\/wp-content\/uploads\/2021\/09\/Vencidos-da-Vida-550x1080.jpg",550,1080,true],"cinerama_edge_image_huge":["https:\/\/lamostradevalencia.com\/wp-content\/uploads\/2021\/09\/Vencidos-da-Vida-1100x1080.jpg",1100,1080,true],"gform-image-choice-sm":["https:\/\/lamostradevalencia.com\/wp-content\/uploads\/2021\/09\/Vencidos-da-Vida.jpg",300,169,false],"gform-image-choice-md":["https:\/\/lamostradevalencia.com\/wp-content\/uploads\/2021\/09\/Vencidos-da-Vida.jpg",400,225,false],"gform-image-choice-lg":["https:\/\/lamostradevalencia.com\/wp-content\/uploads\/2021\/09\/Vencidos-da-Vida.jpg",600,338,false]},"uagb_author_info":{"display_name":"contenidos","author_link":"https:\/\/lamostradevalencia.com\/ca\/author\/contenidos\/"},"uagb_comment_info":0,"uagb_excerpt":"Pot adquirir la consideraci\u00f3 de llargmetratge una col\u00b7lecci\u00f3 de peces curtes, filmades al llarg d&#8217;una d\u00e8cada, que ara es presenten unides sota un mateix t\u00edtol? [&hellip;]","_links":{"self":[{"href":"https:\/\/lamostradevalencia.com\/ca\/wp-json\/wp\/v2\/posts\/12665","targetHints":{"allow":["GET"]}}],"collection":[{"href":"https:\/\/lamostradevalencia.com\/ca\/wp-json\/wp\/v2\/posts"}],"about":[{"href":"https:\/\/lamostradevalencia.com\/ca\/wp-json\/wp\/v2\/types\/post"}],"author":[{"embeddable":true,"href":"https:\/\/lamostradevalencia.com\/ca\/wp-json\/wp\/v2\/users\/3"}],"replies":[{"embeddable":true,"href":"https:\/\/lamostradevalencia.com\/ca\/wp-json\/wp\/v2\/comments?post=12665"}],"version-history":[{"count":2,"href":"https:\/\/lamostradevalencia.com\/ca\/wp-json\/wp\/v2\/posts\/12665\/revisions"}],"predecessor-version":[{"id":12667,"href":"https:\/\/lamostradevalencia.com\/ca\/wp-json\/wp\/v2\/posts\/12665\/revisions\/12667"}],"wp:featuredmedia":[{"embeddable":true,"href":"https:\/\/lamostradevalencia.com\/ca\/wp-json\/wp\/v2\/media\/10809"}],"wp:attachment":[{"href":"https:\/\/lamostradevalencia.com\/ca\/wp-json\/wp\/v2\/media?parent=12665"}],"wp:term":[{"taxonomy":"category","embeddable":true,"href":"https:\/\/lamostradevalencia.com\/ca\/wp-json\/wp\/v2\/categories?post=12665"},{"taxonomy":"post_tag","embeddable":true,"href":"https:\/\/lamostradevalencia.com\/ca\/wp-json\/wp\/v2\/tags?post=12665"}],"curies":[{"name":"wp","href":"https:\/\/api.w.org\/{rel}","templated":true}]}}