{"id":12498,"date":"2021-09-30T08:57:15","date_gmt":"2021-09-30T06:57:15","guid":{"rendered":"https:\/\/lamostradevalencia.com\/?p=12498"},"modified":"2021-09-30T08:57:15","modified_gmt":"2021-09-30T06:57:15","slug":"el-sustituto-nazis-en-la-costa-blanca","status":"publish","type":"post","link":"https:\/\/lamostradevalencia.com\/ca\/el-sustituto-nazis-en-la-costa-blanca\/","title":{"rendered":"\u201cEL SUSTITUTO\u201d: NAZIS EN LA COSTA BLANCA"},"content":{"rendered":"<p>El sext llargmetratge del director barcelon\u00ed \u00d3scar Aibar no necessita d&#8217;additius per a captar l&#8217;atenci\u00f3. En t\u00e9 prou amb els fets reals que li han servit com a mat\u00e8ria primera per a compondre un polic\u00edac en el qual es donen la m\u00e0 la mem\u00f2ria hist\u00f2rica, la revisi\u00f3 de la Transici\u00f3 i els excessos immobiliaris. El m\u00e9s curi\u00f3s \u00e9s que tot aix\u00f2 va succeir en la nostra terra. A la D\u00e9nia del per\u00edode desenvolupista i dels primers anys de la democr\u00e0cia, lloc de retir triat per un grup de dirigents nazis, fugits d&#8217;Alemanya despr\u00e9s de la derrota en la Segona Guerra Mundial. L&#8217;origen del projecte va sorgir dotze anys arrere, i el director de \u201cPlatillos volantes\u201d ho explicava aix\u00ed en la web de l&#8217;Acad\u00e8mia de Cinema: \u201cFa anys, una foto em va cridar l&#8217;atenci\u00f3 des de la paret d&#8217;un restaurant de platja. En la imatge podien distingir-se alguns homes asseguts alegrement a una taula, vestits amb uniformes alemanys de la Segona Guerra Mundial. La imatge havia sigut presa en aquell mateix lloc no feia m\u00e9s de vint anys. Vaig iniciar llavors una investigaci\u00f3 que em va portar a descobrir centenars de detalls sobre els nazis refugiats en la Costa Blanca, una pr\u00f2spera comunitat que va viure un pl\u00e0cid retir al nostre pa\u00eds fins a ben entrada la transici\u00f3\u201d. Obsessionat per eixa imatge, l&#8217;autor d\u2019\u201cEl gran V\u00e1zquez\u201d es va topar gr\u00e0cies a les seues indagacions amb una realitat perfectament coneguda pels qui habitaven la zona, per\u00f2 escassament divulgada: Gerhard Bremer, antic oficial de la SS, va emigrar a D\u00e9nia en 1955 i es va convertir en un important dinamitzador del turisme en la zona, on va arribar a crear els Bremer Park Bungalows que, al seu torn, van servir com a retir vacacional per a alguns dels seus companys de files.<\/p>\n<p>&nbsp;<\/p>\n<p><img loading=\"lazy\" decoding=\"async\" class=\" wp-image-12432 aligncenter\" src=\"https:\/\/lamostradevalencia.com\/wp-content\/uploads\/2021\/09\/00259-EL-SUSTITUTO\u00a9LAIALLUCH-1024x683-1-300x200.jpeg\" alt=\"\" width=\"1060\" height=\"706\" srcset=\"https:\/\/lamostradevalencia.com\/wp-content\/uploads\/2021\/09\/00259-EL-SUSTITUTO\u00a9LAIALLUCH-1024x683-1-300x200.jpeg 300w, https:\/\/lamostradevalencia.com\/wp-content\/uploads\/2021\/09\/00259-EL-SUSTITUTO\u00a9LAIALLUCH-1024x683-1-768x512.jpeg 768w, https:\/\/lamostradevalencia.com\/wp-content\/uploads\/2021\/09\/00259-EL-SUSTITUTO\u00a9LAIALLUCH-1024x683-1.jpeg 1024w\" sizes=\"auto, (max-width: 1060px) 100vw, 1060px\" \/><\/p>\n<p>&nbsp;<\/p>\n<p>A partir d&#8217;estos fets i de la const\u00e0ncia documental de l&#8217;exist\u00e8ncia de dos missions fallides impulsades pel Mosad per a assassinar els nazis residents a Espanya, el director de \u201cAtolladero\u201d, en col\u00b7laboraci\u00f3 amb la guionista Mar\u00eda Luisa Calder\u00f3n, constru\u00efx este thriller ambientat en 1982 en el qual Andr\u00e9s Exp\u00f3sito (Ricardo G\u00f3mez), un policia de tot just 27 anys, arriba a un xicotet poble costaner per a substituir un inspector que ha sigut assassinat en estranyes circumst\u00e0ncies. Malgrat la seua curta edat, Exp\u00f3sito ha forjat la seua carrera en els barris m\u00e9s durs de Madrid i, en el seu nou dest\u00ed, nom\u00e9s aspira a conquistar una certa pau d&#8217;esperit i a aconseguir que la malaltia de la seua filla remeta en un entorn m\u00e9s saludable. No obstant aix\u00f2, durant una rutin\u00e0ria operaci\u00f3 de vigil\u00e0ncia es veur\u00e0 embolicat en un tiroteig enfront d&#8217;un edifici residencial en el qual viuen pl\u00e0cidament uns quants turistes alemanys. Arranca aix\u00ed una trama en la qual l&#8217;ocultaci\u00f3 dels nazis perseguits per la just\u00edcia internacional, la corrupci\u00f3 policial i l&#8217;especulaci\u00f3 es creuen en un film d\u2019\u201cimpressionant factura t\u00e8cnica\u201d i \u201cbrillant disseny de producci\u00f3\u201d, segons Mat\u00edas G. Rebolledo, periodista de La Raz\u00f3n.<\/p>\n<p>Igual que altres t\u00edtols recents, la nova pel\u00b7l\u00edcula del realitzador catal\u00e0, que clausurar\u00e0 la 36a Mostra de Val\u00e8ncia-Cinema del Mediterrani, posa en solfa una data simb\u00f2lica dins de la historiografia espanyola com \u00e9s 1982, any en qu\u00e8 Espanya va acollir el Mundial de futbol i en el qual es van celebrar les eleccions que el Partit Socialista de Felipe Gonz\u00e1lez guanyaria per majoria absoluta, dos esdeveniments que, a priori, es llegien com a indicis de l&#8217;evoluci\u00f3 del pa\u00eds i d&#8217;una renovaci\u00f3 que potser no va ser tan profunda com es va creure en aquell moment.<\/p>\n","protected":false},"excerpt":{"rendered":"<p>El sext llargmetratge del director barcelon\u00ed \u00d3scar Aibar no necessita d&#8217;additius per a captar l&#8217;atenci\u00f3. En t\u00e9 prou amb els fets reals que li han [&hellip;]<\/p>\n","protected":false},"author":3,"featured_media":12437,"comment_status":"open","ping_status":"open","sticky":false,"template":"","format":"standard","meta":{"_uag_custom_page_level_css":"","_jet_sm_ready_style":"","_jet_sm_style":"","_jet_sm_controls_values":"","_jet_sm_fonts_collection":"","_jet_sm_fonts_links":"","footnotes":""},"categories":[455],"tags":[1029,2853],"class_list":["post-12498","post","type-post","status-publish","format-standard","has-post-thumbnail","hentry","category-noticies","tag-mostra-de-valencia-2","tag-oscar-aibar-ca"],"yoast_head":"<!-- This site is optimized with the Yoast SEO plugin v27.5 - https:\/\/yoast.com\/product\/yoast-seo-wordpress\/ -->\n<title>\u201cEL SUSTITUTO\u201d: NAZIS EN LA COSTA BLANCA<\/title>\n<meta name=\"description\" content=\"\u00d3scar Aibar firma un tens polic\u00edac ambientat en 1982\" \/>\n<meta name=\"robots\" content=\"index, follow, max-snippet:-1, max-image-preview:large, max-video-preview:-1\" \/>\n<link rel=\"canonical\" href=\"https:\/\/lamostradevalencia.com\/ca\/el-sustituto-nazis-en-la-costa-blanca\/\" \/>\n<meta property=\"og:locale\" content=\"ca_ES\" \/>\n<meta property=\"og:type\" content=\"article\" \/>\n<meta property=\"og:title\" content=\"\u201cEL SUSTITUTO\u201d: NAZIS EN LA COSTA BLANCA\" \/>\n<meta property=\"og:description\" content=\"\u00d3scar Aibar firma un tens polic\u00edac ambientat en 1982\" \/>\n<meta property=\"og:url\" content=\"https:\/\/lamostradevalencia.com\/ca\/el-sustituto-nazis-en-la-costa-blanca\/\" \/>\n<meta property=\"og:site_name\" content=\"Mostra de Val\u00e8ncia\" \/>\n<meta property=\"article:published_time\" content=\"2021-09-30T06:57:15+00:00\" \/>\n<meta property=\"og:image\" content=\"https:\/\/lamostradevalencia.com\/wp-content\/uploads\/2021\/09\/00683-EL-SUSTITUTO\u00a9LAIALLUCH-1-1024x685-1.jpeg\" \/>\n\t<meta property=\"og:image:width\" content=\"1024\" \/>\n\t<meta property=\"og:image:height\" content=\"685\" \/>\n\t<meta property=\"og:image:type\" content=\"image\/jpeg\" \/>\n<meta name=\"author\" content=\"contenidos\" \/>\n<meta name=\"twitter:card\" content=\"summary_large_image\" \/>\n<meta name=\"twitter:label1\" content=\"Escrit per\" \/>\n\t<meta name=\"twitter:data1\" content=\"contenidos\" \/>\n\t<meta name=\"twitter:label2\" content=\"Temps estimat de lectura\" \/>\n\t<meta name=\"twitter:data2\" content=\"3 minuts\" \/>\n<script type=\"application\/ld+json\" class=\"yoast-schema-graph\">{\"@context\":\"https:\\\/\\\/schema.org\",\"@graph\":[{\"@type\":\"Article\",\"@id\":\"https:\\\/\\\/lamostradevalencia.com\\\/ca\\\/el-sustituto-nazis-en-la-costa-blanca\\\/#article\",\"isPartOf\":{\"@id\":\"https:\\\/\\\/lamostradevalencia.com\\\/ca\\\/el-sustituto-nazis-en-la-costa-blanca\\\/\"},\"author\":{\"name\":\"contenidos\",\"@id\":\"https:\\\/\\\/lamostradevalencia.com\\\/ca\\\/#\\\/schema\\\/person\\\/361c3c0dd5489e78ad78ee4f8332efac\"},\"headline\":\"\u201cEL SUSTITUTO\u201d: NAZIS EN LA COSTA BLANCA\",\"datePublished\":\"2021-09-30T06:57:15+00:00\",\"mainEntityOfPage\":{\"@id\":\"https:\\\/\\\/lamostradevalencia.com\\\/ca\\\/el-sustituto-nazis-en-la-costa-blanca\\\/\"},\"wordCount\":656,\"commentCount\":0,\"image\":{\"@id\":\"https:\\\/\\\/lamostradevalencia.com\\\/ca\\\/el-sustituto-nazis-en-la-costa-blanca\\\/#primaryimage\"},\"thumbnailUrl\":\"https:\\\/\\\/lamostradevalencia.com\\\/wp-content\\\/uploads\\\/2021\\\/09\\\/00683-EL-SUSTITUTO\u00a9LAIALLUCH-1-1024x685-1.jpeg\",\"keywords\":[\"Mostra de Val\u00e8ncia\",\"\u00d3scar Aibar\"],\"articleSection\":[\"Noticies\"],\"inLanguage\":\"ca\",\"potentialAction\":[{\"@type\":\"CommentAction\",\"name\":\"Comment\",\"target\":[\"https:\\\/\\\/lamostradevalencia.com\\\/ca\\\/el-sustituto-nazis-en-la-costa-blanca\\\/#respond\"]}]},{\"@type\":\"WebPage\",\"@id\":\"https:\\\/\\\/lamostradevalencia.com\\\/ca\\\/el-sustituto-nazis-en-la-costa-blanca\\\/\",\"url\":\"https:\\\/\\\/lamostradevalencia.com\\\/ca\\\/el-sustituto-nazis-en-la-costa-blanca\\\/\",\"name\":\"\u201cEL SUSTITUTO\u201d: NAZIS EN LA COSTA BLANCA\",\"isPartOf\":{\"@id\":\"https:\\\/\\\/lamostradevalencia.com\\\/ca\\\/#website\"},\"primaryImageOfPage\":{\"@id\":\"https:\\\/\\\/lamostradevalencia.com\\\/ca\\\/el-sustituto-nazis-en-la-costa-blanca\\\/#primaryimage\"},\"image\":{\"@id\":\"https:\\\/\\\/lamostradevalencia.com\\\/ca\\\/el-sustituto-nazis-en-la-costa-blanca\\\/#primaryimage\"},\"thumbnailUrl\":\"https:\\\/\\\/lamostradevalencia.com\\\/wp-content\\\/uploads\\\/2021\\\/09\\\/00683-EL-SUSTITUTO\u00a9LAIALLUCH-1-1024x685-1.jpeg\",\"datePublished\":\"2021-09-30T06:57:15+00:00\",\"author\":{\"@id\":\"https:\\\/\\\/lamostradevalencia.com\\\/ca\\\/#\\\/schema\\\/person\\\/361c3c0dd5489e78ad78ee4f8332efac\"},\"description\":\"\u00d3scar Aibar firma un tens polic\u00edac ambientat en 1982\",\"breadcrumb\":{\"@id\":\"https:\\\/\\\/lamostradevalencia.com\\\/ca\\\/el-sustituto-nazis-en-la-costa-blanca\\\/#breadcrumb\"},\"inLanguage\":\"ca\",\"potentialAction\":[{\"@type\":\"ReadAction\",\"target\":[\"https:\\\/\\\/lamostradevalencia.com\\\/ca\\\/el-sustituto-nazis-en-la-costa-blanca\\\/\"]}]},{\"@type\":\"ImageObject\",\"inLanguage\":\"ca\",\"@id\":\"https:\\\/\\\/lamostradevalencia.com\\\/ca\\\/el-sustituto-nazis-en-la-costa-blanca\\\/#primaryimage\",\"url\":\"https:\\\/\\\/lamostradevalencia.com\\\/wp-content\\\/uploads\\\/2021\\\/09\\\/00683-EL-SUSTITUTO\u00a9LAIALLUCH-1-1024x685-1.jpeg\",\"contentUrl\":\"https:\\\/\\\/lamostradevalencia.com\\\/wp-content\\\/uploads\\\/2021\\\/09\\\/00683-EL-SUSTITUTO\u00a9LAIALLUCH-1-1024x685-1.jpeg\",\"width\":1024,\"height\":685},{\"@type\":\"BreadcrumbList\",\"@id\":\"https:\\\/\\\/lamostradevalencia.com\\\/ca\\\/el-sustituto-nazis-en-la-costa-blanca\\\/#breadcrumb\",\"itemListElement\":[{\"@type\":\"ListItem\",\"position\":1,\"name\":\"Portada\",\"item\":\"https:\\\/\\\/lamostradevalencia.com\\\/ca\\\/\"},{\"@type\":\"ListItem\",\"position\":2,\"name\":\"\u201cEL SUSTITUTO\u201d: NAZIS EN LA COSTA BLANCA\"}]},{\"@type\":\"WebSite\",\"@id\":\"https:\\\/\\\/lamostradevalencia.com\\\/ca\\\/#website\",\"url\":\"https:\\\/\\\/lamostradevalencia.com\\\/ca\\\/\",\"name\":\"Mostra de Val\u00e8ncia\",\"description\":\"Cinema del Mediterrani\",\"potentialAction\":[{\"@type\":\"SearchAction\",\"target\":{\"@type\":\"EntryPoint\",\"urlTemplate\":\"https:\\\/\\\/lamostradevalencia.com\\\/ca\\\/?s={search_term_string}\"},\"query-input\":{\"@type\":\"PropertyValueSpecification\",\"valueRequired\":true,\"valueName\":\"search_term_string\"}}],\"inLanguage\":\"ca\"},{\"@type\":\"Person\",\"@id\":\"https:\\\/\\\/lamostradevalencia.com\\\/ca\\\/#\\\/schema\\\/person\\\/361c3c0dd5489e78ad78ee4f8332efac\",\"name\":\"contenidos\",\"image\":{\"@type\":\"ImageObject\",\"inLanguage\":\"ca\",\"@id\":\"https:\\\/\\\/secure.gravatar.com\\\/avatar\\\/a87eddc188a32d5a0371ff92ef616b5006a91e389296d49d081f8d424eef134c?s=96&d=mm&r=g\",\"url\":\"https:\\\/\\\/secure.gravatar.com\\\/avatar\\\/a87eddc188a32d5a0371ff92ef616b5006a91e389296d49d081f8d424eef134c?s=96&d=mm&r=g\",\"contentUrl\":\"https:\\\/\\\/secure.gravatar.com\\\/avatar\\\/a87eddc188a32d5a0371ff92ef616b5006a91e389296d49d081f8d424eef134c?s=96&d=mm&r=g\",\"caption\":\"contenidos\"}}]}<\/script>\n<!-- \/ Yoast SEO plugin. -->","yoast_head_json":{"title":"\u201cEL SUSTITUTO\u201d: NAZIS EN LA COSTA BLANCA","description":"\u00d3scar Aibar firma un tens polic\u00edac ambientat en 1982","robots":{"index":"index","follow":"follow","max-snippet":"max-snippet:-1","max-image-preview":"max-image-preview:large","max-video-preview":"max-video-preview:-1"},"canonical":"https:\/\/lamostradevalencia.com\/ca\/el-sustituto-nazis-en-la-costa-blanca\/","og_locale":"ca_ES","og_type":"article","og_title":"\u201cEL SUSTITUTO\u201d: NAZIS EN LA COSTA BLANCA","og_description":"\u00d3scar Aibar firma un tens polic\u00edac ambientat en 1982","og_url":"https:\/\/lamostradevalencia.com\/ca\/el-sustituto-nazis-en-la-costa-blanca\/","og_site_name":"Mostra de Val\u00e8ncia","article_published_time":"2021-09-30T06:57:15+00:00","og_image":[{"width":1024,"height":685,"url":"https:\/\/lamostradevalencia.com\/wp-content\/uploads\/2021\/09\/00683-EL-SUSTITUTO\u00a9LAIALLUCH-1-1024x685-1.jpeg","type":"image\/jpeg"}],"author":"contenidos","twitter_card":"summary_large_image","twitter_misc":{"Escrit per":"contenidos","Temps estimat de lectura":"3 minuts"},"schema":{"@context":"https:\/\/schema.org","@graph":[{"@type":"Article","@id":"https:\/\/lamostradevalencia.com\/ca\/el-sustituto-nazis-en-la-costa-blanca\/#article","isPartOf":{"@id":"https:\/\/lamostradevalencia.com\/ca\/el-sustituto-nazis-en-la-costa-blanca\/"},"author":{"name":"contenidos","@id":"https:\/\/lamostradevalencia.com\/ca\/#\/schema\/person\/361c3c0dd5489e78ad78ee4f8332efac"},"headline":"\u201cEL SUSTITUTO\u201d: NAZIS EN LA COSTA BLANCA","datePublished":"2021-09-30T06:57:15+00:00","mainEntityOfPage":{"@id":"https:\/\/lamostradevalencia.com\/ca\/el-sustituto-nazis-en-la-costa-blanca\/"},"wordCount":656,"commentCount":0,"image":{"@id":"https:\/\/lamostradevalencia.com\/ca\/el-sustituto-nazis-en-la-costa-blanca\/#primaryimage"},"thumbnailUrl":"https:\/\/lamostradevalencia.com\/wp-content\/uploads\/2021\/09\/00683-EL-SUSTITUTO\u00a9LAIALLUCH-1-1024x685-1.jpeg","keywords":["Mostra de Val\u00e8ncia","\u00d3scar Aibar"],"articleSection":["Noticies"],"inLanguage":"ca","potentialAction":[{"@type":"CommentAction","name":"Comment","target":["https:\/\/lamostradevalencia.com\/ca\/el-sustituto-nazis-en-la-costa-blanca\/#respond"]}]},{"@type":"WebPage","@id":"https:\/\/lamostradevalencia.com\/ca\/el-sustituto-nazis-en-la-costa-blanca\/","url":"https:\/\/lamostradevalencia.com\/ca\/el-sustituto-nazis-en-la-costa-blanca\/","name":"\u201cEL SUSTITUTO\u201d: NAZIS EN LA COSTA BLANCA","isPartOf":{"@id":"https:\/\/lamostradevalencia.com\/ca\/#website"},"primaryImageOfPage":{"@id":"https:\/\/lamostradevalencia.com\/ca\/el-sustituto-nazis-en-la-costa-blanca\/#primaryimage"},"image":{"@id":"https:\/\/lamostradevalencia.com\/ca\/el-sustituto-nazis-en-la-costa-blanca\/#primaryimage"},"thumbnailUrl":"https:\/\/lamostradevalencia.com\/wp-content\/uploads\/2021\/09\/00683-EL-SUSTITUTO\u00a9LAIALLUCH-1-1024x685-1.jpeg","datePublished":"2021-09-30T06:57:15+00:00","author":{"@id":"https:\/\/lamostradevalencia.com\/ca\/#\/schema\/person\/361c3c0dd5489e78ad78ee4f8332efac"},"description":"\u00d3scar Aibar firma un tens polic\u00edac ambientat en 1982","breadcrumb":{"@id":"https:\/\/lamostradevalencia.com\/ca\/el-sustituto-nazis-en-la-costa-blanca\/#breadcrumb"},"inLanguage":"ca","potentialAction":[{"@type":"ReadAction","target":["https:\/\/lamostradevalencia.com\/ca\/el-sustituto-nazis-en-la-costa-blanca\/"]}]},{"@type":"ImageObject","inLanguage":"ca","@id":"https:\/\/lamostradevalencia.com\/ca\/el-sustituto-nazis-en-la-costa-blanca\/#primaryimage","url":"https:\/\/lamostradevalencia.com\/wp-content\/uploads\/2021\/09\/00683-EL-SUSTITUTO\u00a9LAIALLUCH-1-1024x685-1.jpeg","contentUrl":"https:\/\/lamostradevalencia.com\/wp-content\/uploads\/2021\/09\/00683-EL-SUSTITUTO\u00a9LAIALLUCH-1-1024x685-1.jpeg","width":1024,"height":685},{"@type":"BreadcrumbList","@id":"https:\/\/lamostradevalencia.com\/ca\/el-sustituto-nazis-en-la-costa-blanca\/#breadcrumb","itemListElement":[{"@type":"ListItem","position":1,"name":"Portada","item":"https:\/\/lamostradevalencia.com\/ca\/"},{"@type":"ListItem","position":2,"name":"\u201cEL SUSTITUTO\u201d: NAZIS EN LA COSTA BLANCA"}]},{"@type":"WebSite","@id":"https:\/\/lamostradevalencia.com\/ca\/#website","url":"https:\/\/lamostradevalencia.com\/ca\/","name":"Mostra de Val\u00e8ncia","description":"Cinema del Mediterrani","potentialAction":[{"@type":"SearchAction","target":{"@type":"EntryPoint","urlTemplate":"https:\/\/lamostradevalencia.com\/ca\/?s={search_term_string}"},"query-input":{"@type":"PropertyValueSpecification","valueRequired":true,"valueName":"search_term_string"}}],"inLanguage":"ca"},{"@type":"Person","@id":"https:\/\/lamostradevalencia.com\/ca\/#\/schema\/person\/361c3c0dd5489e78ad78ee4f8332efac","name":"contenidos","image":{"@type":"ImageObject","inLanguage":"ca","@id":"https:\/\/secure.gravatar.com\/avatar\/a87eddc188a32d5a0371ff92ef616b5006a91e389296d49d081f8d424eef134c?s=96&d=mm&r=g","url":"https:\/\/secure.gravatar.com\/avatar\/a87eddc188a32d5a0371ff92ef616b5006a91e389296d49d081f8d424eef134c?s=96&d=mm&r=g","contentUrl":"https:\/\/secure.gravatar.com\/avatar\/a87eddc188a32d5a0371ff92ef616b5006a91e389296d49d081f8d424eef134c?s=96&d=mm&r=g","caption":"contenidos"}}]}},"uagb_featured_image_src":{"full":["https:\/\/lamostradevalencia.com\/wp-content\/uploads\/2021\/09\/00683-EL-SUSTITUTO\u00a9LAIALLUCH-1-1024x685-1.jpeg",1024,685,false],"thumbnail":["https:\/\/lamostradevalencia.com\/wp-content\/uploads\/2021\/09\/00683-EL-SUSTITUTO\u00a9LAIALLUCH-1-1024x685-1-150x150.jpeg",150,150,true],"medium":["https:\/\/lamostradevalencia.com\/wp-content\/uploads\/2021\/09\/00683-EL-SUSTITUTO\u00a9LAIALLUCH-1-1024x685-1-300x201.jpeg",300,201,true],"medium_large":["https:\/\/lamostradevalencia.com\/wp-content\/uploads\/2021\/09\/00683-EL-SUSTITUTO\u00a9LAIALLUCH-1-1024x685-1-768x514.jpeg",768,514,true],"large":["https:\/\/lamostradevalencia.com\/wp-content\/uploads\/2021\/09\/00683-EL-SUSTITUTO\u00a9LAIALLUCH-1-1024x685-1.jpeg",1024,685,false],"1536x1536":["https:\/\/lamostradevalencia.com\/wp-content\/uploads\/2021\/09\/00683-EL-SUSTITUTO\u00a9LAIALLUCH-1-1024x685-1.jpeg",1024,685,false],"2048x2048":["https:\/\/lamostradevalencia.com\/wp-content\/uploads\/2021\/09\/00683-EL-SUSTITUTO\u00a9LAIALLUCH-1-1024x685-1.jpeg",1024,685,false],"cinerama_edge_image_square":["https:\/\/lamostradevalencia.com\/wp-content\/uploads\/2021\/09\/00683-EL-SUSTITUTO\u00a9LAIALLUCH-1-1024x685-1-550x550.jpeg",550,550,true],"cinerama_edge_image_landscape":["https:\/\/lamostradevalencia.com\/wp-content\/uploads\/2021\/09\/00683-EL-SUSTITUTO\u00a9LAIALLUCH-1-1024x685-1-1024x550.jpeg",1024,550,true],"cinerama_edge_image_portrait":["https:\/\/lamostradevalencia.com\/wp-content\/uploads\/2021\/09\/00683-EL-SUSTITUTO\u00a9LAIALLUCH-1-1024x685-1-550x685.jpeg",550,685,true],"cinerama_edge_image_huge":["https:\/\/lamostradevalencia.com\/wp-content\/uploads\/2021\/09\/00683-EL-SUSTITUTO\u00a9LAIALLUCH-1-1024x685-1.jpeg",1024,685,false],"gform-image-choice-sm":["https:\/\/lamostradevalencia.com\/wp-content\/uploads\/2021\/09\/00683-EL-SUSTITUTO\u00a9LAIALLUCH-1-1024x685-1.jpeg",300,201,false],"gform-image-choice-md":["https:\/\/lamostradevalencia.com\/wp-content\/uploads\/2021\/09\/00683-EL-SUSTITUTO\u00a9LAIALLUCH-1-1024x685-1.jpeg",400,268,false],"gform-image-choice-lg":["https:\/\/lamostradevalencia.com\/wp-content\/uploads\/2021\/09\/00683-EL-SUSTITUTO\u00a9LAIALLUCH-1-1024x685-1.jpeg",600,401,false]},"uagb_author_info":{"display_name":"contenidos","author_link":"https:\/\/lamostradevalencia.com\/ca\/author\/contenidos\/"},"uagb_comment_info":0,"uagb_excerpt":"El sext llargmetratge del director barcelon\u00ed \u00d3scar Aibar no necessita d&#8217;additius per a captar l&#8217;atenci\u00f3. En t\u00e9 prou amb els fets reals que li han [&hellip;]","_links":{"self":[{"href":"https:\/\/lamostradevalencia.com\/ca\/wp-json\/wp\/v2\/posts\/12498","targetHints":{"allow":["GET"]}}],"collection":[{"href":"https:\/\/lamostradevalencia.com\/ca\/wp-json\/wp\/v2\/posts"}],"about":[{"href":"https:\/\/lamostradevalencia.com\/ca\/wp-json\/wp\/v2\/types\/post"}],"author":[{"embeddable":true,"href":"https:\/\/lamostradevalencia.com\/ca\/wp-json\/wp\/v2\/users\/3"}],"replies":[{"embeddable":true,"href":"https:\/\/lamostradevalencia.com\/ca\/wp-json\/wp\/v2\/comments?post=12498"}],"version-history":[{"count":2,"href":"https:\/\/lamostradevalencia.com\/ca\/wp-json\/wp\/v2\/posts\/12498\/revisions"}],"predecessor-version":[{"id":12500,"href":"https:\/\/lamostradevalencia.com\/ca\/wp-json\/wp\/v2\/posts\/12498\/revisions\/12500"}],"wp:featuredmedia":[{"embeddable":true,"href":"https:\/\/lamostradevalencia.com\/ca\/wp-json\/wp\/v2\/media\/12437"}],"wp:attachment":[{"href":"https:\/\/lamostradevalencia.com\/ca\/wp-json\/wp\/v2\/media?parent=12498"}],"wp:term":[{"taxonomy":"category","embeddable":true,"href":"https:\/\/lamostradevalencia.com\/ca\/wp-json\/wp\/v2\/categories?post=12498"},{"taxonomy":"post_tag","embeddable":true,"href":"https:\/\/lamostradevalencia.com\/ca\/wp-json\/wp\/v2\/tags?post=12498"}],"curies":[{"name":"wp","href":"https:\/\/api.w.org\/{rel}","templated":true}]}}