{"id":12420,"date":"2021-09-28T16:40:52","date_gmt":"2021-09-28T14:40:52","guid":{"rendered":"https:\/\/lamostradevalencia.com\/?p=12420"},"modified":"2021-09-28T16:40:52","modified_gmt":"2021-09-28T14:40:52","slug":"only-human-sis-personatges-en-busca-dautor","status":"publish","type":"post","link":"https:\/\/lamostradevalencia.com\/ca\/only-human-sis-personatges-en-busca-dautor\/","title":{"rendered":"&#8220;ONLY HUMAN&#8221;: SIS PERSONATGES EN BUSCA D\u2019AUTOR"},"content":{"rendered":"<p>Si l&#8217;any passat va visitar el festival Milcho Manchevski, amb la seua pel\u00b7l\u00edcula &#8220;Willow\u201d, en la present edici\u00f3 un altre il\u00b7lustre director macedoni presenta el seu \u00faltim treball en la Mostra. Es tracta d&#8217;Igor Ivanov, que en 2007 va obtindre el guard\u00f3 a Millor Director pel seu film &#8220;*Prevrteno&#8221;. Un dels molts premis que ha collit al llarg de la seua extensa traject\u00f2ria, reconeguda tamb\u00e9 en els festivals de Sant Petersburg, Locarno, Houston o Belgrad.<\/p>\n<p>En esta ocasi\u00f3 torna a Val\u00e8ncia amb &#8220;Only Human&#8221;, una ambiciosa pel\u00b7l\u00edcula que es fa la gran pregunta: &#8220;Qu\u00e8 \u00e9s l&#8217;\u00e9sser hum\u00e0?&#8221; Per a intentar contestar-la, Ivanov es llan\u00e7a sense x\u00e0rcia en un viatge coral en el qual sis personatges molt diferents es van succeint com a protagonistes per a contar altres tantes hist\u00f2ries marcades pel dest\u00ed i l&#8217;humor negre. A poc a poc, el p\u00fablic anir\u00e0 descobrint que existix una connexi\u00f3 entre ells, i que la cerca dels mitjans per a sobreviure i trobar l&#8217;amor en una metr\u00f2polis moderna \u00e9s molt similar en tots els casos, malgrat les diferents circumst\u00e0ncies que afecten cada personatge. D&#8217;esta manera, un llicenciat desocupat es convertir\u00e0 en enterramorts i una v\u00eddua afligida en monja. Tamb\u00e9 coneixerem a uns sacerdots addictes al joc i uns g\u00e0ngsters que manegen els tribunals al seu antull. Nom\u00e9s un xiquet solitari sembla estar capacitat per a trobar una mica d&#8217;afecte i mantindre d&#8217;esta manera l&#8217;esperan\u00e7a en la societat actual.<\/p>\n<p>&nbsp;<\/p>\n<p><iframe loading=\"lazy\" title=\"\u0425\u041e\u041c\u041e (2020)\" width=\"1100\" height=\"619\" src=\"https:\/\/www.youtube.com\/embed\/hINCj01pILg?start=27&#038;feature=oembed\" frameborder=\"0\" allow=\"accelerometer; autoplay; clipboard-write; encrypted-media; gyroscope; picture-in-picture\" allowfullscreen><\/iframe><\/p>\n<p>&nbsp;<\/p>\n<p>En paraules del seu director, &#8220;Only Human&#8221; \u00e9s una pel\u00b7l\u00edcula que, essencialment, &#8220;intenta reexaminar els valors humans primaris. Comen\u00e7a com una com\u00e8dia, per\u00f2 despr\u00e9s del primer ter\u00e7 abandonat eixe to per a anar convertint-se en un drama social, mentre que al final, amb l\u2019\u00fas de recursos propis del documental, tracta de donar una galtada en la cara de l&#8217;audi\u00e8ncia per a enfrontar-la amb la deshumanitzaci\u00f3, la brutalitat i la cobd\u00edcia que subjauen en la societat que tots constru\u00efm i desenvolupem&#8221;.<\/p>\n<p>Ivanov entretix amb gran habilitat les hist\u00f2ries que integren la pel\u00b7l\u00edcula, i oferix un retrat poli\u00e8dric del present, elaborat a partir del respecte als seus personatges. &#8220;A pesar que la pel\u00b7l\u00edcula s&#8217;estructura a partir d&#8217;una construcci\u00f3 determinada de la narraci\u00f3, la intenci\u00f3 era deixar clar que els i les protagonistes s\u00f3n persones a les quals veiem di\u00e0riament a la nostra ciutat o el nostre ve\u00efnat&#8221;, explica. &#8220;El c\u00e0sting va tamb\u00e9 en eixa direcci\u00f3, aix\u00ed com la concepci\u00f3 de les actuacions, on es busca un grau total de credibilitat. Per exemple, el protagonista de l&#8217;\u00faltima hist\u00f2ria \u00e9s un xiquet amb s\u00edndrome de Down. No sols rod\u00e0rem amb una persona real, sin\u00f3 que el context en el qual es troba el personatge amb dificultats en el seu desenvolupament no t\u00e9 res a veure amb la inclusi\u00f3 social, m\u00e9s b\u00e9 al contrari. Se sent a soles perqu\u00e8 pot estimar, mentre que els altres poden odiar. \u00c9s aix\u00ed perqu\u00e8 \u00e9s la societat la que est\u00e0 retardada&#8221;.<\/p>\n<p>Una pel\u00b7l\u00edcula que \u00e9s una aut\u00e8ntica declaraci\u00f3 de principis i cerca la mirada realista fins i tot en detalls com ara la il\u00b7luminaci\u00f3, sempre procedent de fonts naturals.<\/p>\n<p>&#8220;Only Human&#8221; tindr\u00e0 la seua estrena a Espanya en el marc de la Mostra de Val\u00e8ncia-Cinema del Mediterrani i, com tots els t\u00edtols que integren la Secci\u00f3 Informativa, opta al Premi del P\u00fablic, promogut per \u00c0 Punt M\u00e8dia i consistent en l&#8217;adquisici\u00f3 dels drets de la pel\u00b7l\u00edcula per a la seua emissi\u00f3 en la plataforma auton\u00f2mica.<\/p>\n","protected":false},"excerpt":{"rendered":"<p>Si l&#8217;any passat va visitar el festival Milcho Manchevski, amb la seua pel\u00b7l\u00edcula &#8220;Willow\u201d, en la present edici\u00f3 un altre il\u00b7lustre director macedoni presenta el [&hellip;]<\/p>\n","protected":false},"author":3,"featured_media":12323,"comment_status":"open","ping_status":"open","sticky":false,"template":"","format":"standard","meta":{"_uag_custom_page_level_css":"","_jet_sm_ready_style":"","_jet_sm_style":"","_jet_sm_controls_values":"","_jet_sm_fonts_collection":"","_jet_sm_fonts_links":"","footnotes":""},"categories":[455],"tags":[2840],"class_list":["post-12420","post","type-post","status-publish","format-standard","has-post-thumbnail","hentry","category-noticies","tag-seccio-informativa"],"yoast_head":"<!-- This site is optimized with the Yoast SEO plugin v27.5 - https:\/\/yoast.com\/product\/yoast-seo-wordpress\/ -->\n<title>&quot;ONLY HUMAN&quot;: SIS PERSONATGES EN BUSCA D\u2019AUTOR<\/title>\n<meta name=\"description\" content=\"Igor Ivanov torna a la Mostra de Val\u00e8ncia\" \/>\n<meta name=\"robots\" content=\"index, follow, max-snippet:-1, max-image-preview:large, max-video-preview:-1\" \/>\n<link rel=\"canonical\" href=\"https:\/\/lamostradevalencia.com\/ca\/only-human-sis-personatges-en-busca-dautor\/\" \/>\n<meta property=\"og:locale\" content=\"ca_ES\" \/>\n<meta property=\"og:type\" content=\"article\" \/>\n<meta property=\"og:title\" content=\"&quot;ONLY HUMAN&quot;: SIS PERSONATGES EN BUSCA D\u2019AUTOR\" \/>\n<meta property=\"og:description\" content=\"Igor Ivanov torna a la Mostra de Val\u00e8ncia\" \/>\n<meta property=\"og:url\" content=\"https:\/\/lamostradevalencia.com\/ca\/only-human-sis-personatges-en-busca-dautor\/\" \/>\n<meta property=\"og:site_name\" content=\"Mostra de Val\u00e8ncia\" \/>\n<meta property=\"article:published_time\" content=\"2021-09-28T14:40:52+00:00\" \/>\n<meta property=\"og:image\" content=\"https:\/\/lamostradevalencia.com\/wp-content\/uploads\/2021\/09\/onlyhuman.jpeg\" \/>\n\t<meta property=\"og:image:width\" content=\"2048\" \/>\n\t<meta property=\"og:image:height\" content=\"858\" \/>\n\t<meta property=\"og:image:type\" content=\"image\/jpeg\" \/>\n<meta name=\"author\" content=\"contenidos\" \/>\n<meta name=\"twitter:card\" content=\"summary_large_image\" \/>\n<meta name=\"twitter:label1\" content=\"Escrit per\" \/>\n\t<meta name=\"twitter:data1\" content=\"contenidos\" \/>\n\t<meta name=\"twitter:label2\" content=\"Temps estimat de lectura\" \/>\n\t<meta name=\"twitter:data2\" content=\"3 minuts\" \/>\n<script type=\"application\/ld+json\" class=\"yoast-schema-graph\">{\"@context\":\"https:\\\/\\\/schema.org\",\"@graph\":[{\"@type\":\"Article\",\"@id\":\"https:\\\/\\\/lamostradevalencia.com\\\/ca\\\/only-human-sis-personatges-en-busca-dautor\\\/#article\",\"isPartOf\":{\"@id\":\"https:\\\/\\\/lamostradevalencia.com\\\/ca\\\/only-human-sis-personatges-en-busca-dautor\\\/\"},\"author\":{\"name\":\"contenidos\",\"@id\":\"https:\\\/\\\/lamostradevalencia.com\\\/ca\\\/#\\\/schema\\\/person\\\/361c3c0dd5489e78ad78ee4f8332efac\"},\"headline\":\"&#8220;ONLY HUMAN&#8221;: SIS PERSONATGES EN BUSCA D\u2019AUTOR\",\"datePublished\":\"2021-09-28T14:40:52+00:00\",\"mainEntityOfPage\":{\"@id\":\"https:\\\/\\\/lamostradevalencia.com\\\/ca\\\/only-human-sis-personatges-en-busca-dautor\\\/\"},\"wordCount\":645,\"commentCount\":0,\"image\":{\"@id\":\"https:\\\/\\\/lamostradevalencia.com\\\/ca\\\/only-human-sis-personatges-en-busca-dautor\\\/#primaryimage\"},\"thumbnailUrl\":\"https:\\\/\\\/lamostradevalencia.com\\\/wp-content\\\/uploads\\\/2021\\\/09\\\/onlyhuman.jpeg\",\"keywords\":[\"secci\u00f3 informativa\"],\"articleSection\":[\"Noticies\"],\"inLanguage\":\"ca\",\"potentialAction\":[{\"@type\":\"CommentAction\",\"name\":\"Comment\",\"target\":[\"https:\\\/\\\/lamostradevalencia.com\\\/ca\\\/only-human-sis-personatges-en-busca-dautor\\\/#respond\"]}]},{\"@type\":\"WebPage\",\"@id\":\"https:\\\/\\\/lamostradevalencia.com\\\/ca\\\/only-human-sis-personatges-en-busca-dautor\\\/\",\"url\":\"https:\\\/\\\/lamostradevalencia.com\\\/ca\\\/only-human-sis-personatges-en-busca-dautor\\\/\",\"name\":\"\\\"ONLY HUMAN\\\": SIS PERSONATGES EN BUSCA D\u2019AUTOR\",\"isPartOf\":{\"@id\":\"https:\\\/\\\/lamostradevalencia.com\\\/ca\\\/#website\"},\"primaryImageOfPage\":{\"@id\":\"https:\\\/\\\/lamostradevalencia.com\\\/ca\\\/only-human-sis-personatges-en-busca-dautor\\\/#primaryimage\"},\"image\":{\"@id\":\"https:\\\/\\\/lamostradevalencia.com\\\/ca\\\/only-human-sis-personatges-en-busca-dautor\\\/#primaryimage\"},\"thumbnailUrl\":\"https:\\\/\\\/lamostradevalencia.com\\\/wp-content\\\/uploads\\\/2021\\\/09\\\/onlyhuman.jpeg\",\"datePublished\":\"2021-09-28T14:40:52+00:00\",\"author\":{\"@id\":\"https:\\\/\\\/lamostradevalencia.com\\\/ca\\\/#\\\/schema\\\/person\\\/361c3c0dd5489e78ad78ee4f8332efac\"},\"description\":\"Igor Ivanov torna a la Mostra de Val\u00e8ncia\",\"breadcrumb\":{\"@id\":\"https:\\\/\\\/lamostradevalencia.com\\\/ca\\\/only-human-sis-personatges-en-busca-dautor\\\/#breadcrumb\"},\"inLanguage\":\"ca\",\"potentialAction\":[{\"@type\":\"ReadAction\",\"target\":[\"https:\\\/\\\/lamostradevalencia.com\\\/ca\\\/only-human-sis-personatges-en-busca-dautor\\\/\"]}]},{\"@type\":\"ImageObject\",\"inLanguage\":\"ca\",\"@id\":\"https:\\\/\\\/lamostradevalencia.com\\\/ca\\\/only-human-sis-personatges-en-busca-dautor\\\/#primaryimage\",\"url\":\"https:\\\/\\\/lamostradevalencia.com\\\/wp-content\\\/uploads\\\/2021\\\/09\\\/onlyhuman.jpeg\",\"contentUrl\":\"https:\\\/\\\/lamostradevalencia.com\\\/wp-content\\\/uploads\\\/2021\\\/09\\\/onlyhuman.jpeg\",\"width\":2048,\"height\":858},{\"@type\":\"BreadcrumbList\",\"@id\":\"https:\\\/\\\/lamostradevalencia.com\\\/ca\\\/only-human-sis-personatges-en-busca-dautor\\\/#breadcrumb\",\"itemListElement\":[{\"@type\":\"ListItem\",\"position\":1,\"name\":\"Portada\",\"item\":\"https:\\\/\\\/lamostradevalencia.com\\\/ca\\\/\"},{\"@type\":\"ListItem\",\"position\":2,\"name\":\"\u00abONLY HUMAN\u00bb: SIS PERSONATGES EN BUSCA D\u2019AUTOR\"}]},{\"@type\":\"WebSite\",\"@id\":\"https:\\\/\\\/lamostradevalencia.com\\\/ca\\\/#website\",\"url\":\"https:\\\/\\\/lamostradevalencia.com\\\/ca\\\/\",\"name\":\"Mostra de Val\u00e8ncia\",\"description\":\"Cinema del Mediterrani\",\"potentialAction\":[{\"@type\":\"SearchAction\",\"target\":{\"@type\":\"EntryPoint\",\"urlTemplate\":\"https:\\\/\\\/lamostradevalencia.com\\\/ca\\\/?s={search_term_string}\"},\"query-input\":{\"@type\":\"PropertyValueSpecification\",\"valueRequired\":true,\"valueName\":\"search_term_string\"}}],\"inLanguage\":\"ca\"},{\"@type\":\"Person\",\"@id\":\"https:\\\/\\\/lamostradevalencia.com\\\/ca\\\/#\\\/schema\\\/person\\\/361c3c0dd5489e78ad78ee4f8332efac\",\"name\":\"contenidos\",\"image\":{\"@type\":\"ImageObject\",\"inLanguage\":\"ca\",\"@id\":\"https:\\\/\\\/secure.gravatar.com\\\/avatar\\\/a87eddc188a32d5a0371ff92ef616b5006a91e389296d49d081f8d424eef134c?s=96&d=mm&r=g\",\"url\":\"https:\\\/\\\/secure.gravatar.com\\\/avatar\\\/a87eddc188a32d5a0371ff92ef616b5006a91e389296d49d081f8d424eef134c?s=96&d=mm&r=g\",\"contentUrl\":\"https:\\\/\\\/secure.gravatar.com\\\/avatar\\\/a87eddc188a32d5a0371ff92ef616b5006a91e389296d49d081f8d424eef134c?s=96&d=mm&r=g\",\"caption\":\"contenidos\"}}]}<\/script>\n<!-- \/ Yoast SEO plugin. -->","yoast_head_json":{"title":"\"ONLY HUMAN\": SIS PERSONATGES EN BUSCA D\u2019AUTOR","description":"Igor Ivanov torna a la Mostra de Val\u00e8ncia","robots":{"index":"index","follow":"follow","max-snippet":"max-snippet:-1","max-image-preview":"max-image-preview:large","max-video-preview":"max-video-preview:-1"},"canonical":"https:\/\/lamostradevalencia.com\/ca\/only-human-sis-personatges-en-busca-dautor\/","og_locale":"ca_ES","og_type":"article","og_title":"\"ONLY HUMAN\": SIS PERSONATGES EN BUSCA D\u2019AUTOR","og_description":"Igor Ivanov torna a la Mostra de Val\u00e8ncia","og_url":"https:\/\/lamostradevalencia.com\/ca\/only-human-sis-personatges-en-busca-dautor\/","og_site_name":"Mostra de Val\u00e8ncia","article_published_time":"2021-09-28T14:40:52+00:00","og_image":[{"width":2048,"height":858,"url":"https:\/\/lamostradevalencia.com\/wp-content\/uploads\/2021\/09\/onlyhuman.jpeg","type":"image\/jpeg"}],"author":"contenidos","twitter_card":"summary_large_image","twitter_misc":{"Escrit per":"contenidos","Temps estimat de lectura":"3 minuts"},"schema":{"@context":"https:\/\/schema.org","@graph":[{"@type":"Article","@id":"https:\/\/lamostradevalencia.com\/ca\/only-human-sis-personatges-en-busca-dautor\/#article","isPartOf":{"@id":"https:\/\/lamostradevalencia.com\/ca\/only-human-sis-personatges-en-busca-dautor\/"},"author":{"name":"contenidos","@id":"https:\/\/lamostradevalencia.com\/ca\/#\/schema\/person\/361c3c0dd5489e78ad78ee4f8332efac"},"headline":"&#8220;ONLY HUMAN&#8221;: SIS PERSONATGES EN BUSCA D\u2019AUTOR","datePublished":"2021-09-28T14:40:52+00:00","mainEntityOfPage":{"@id":"https:\/\/lamostradevalencia.com\/ca\/only-human-sis-personatges-en-busca-dautor\/"},"wordCount":645,"commentCount":0,"image":{"@id":"https:\/\/lamostradevalencia.com\/ca\/only-human-sis-personatges-en-busca-dautor\/#primaryimage"},"thumbnailUrl":"https:\/\/lamostradevalencia.com\/wp-content\/uploads\/2021\/09\/onlyhuman.jpeg","keywords":["secci\u00f3 informativa"],"articleSection":["Noticies"],"inLanguage":"ca","potentialAction":[{"@type":"CommentAction","name":"Comment","target":["https:\/\/lamostradevalencia.com\/ca\/only-human-sis-personatges-en-busca-dautor\/#respond"]}]},{"@type":"WebPage","@id":"https:\/\/lamostradevalencia.com\/ca\/only-human-sis-personatges-en-busca-dautor\/","url":"https:\/\/lamostradevalencia.com\/ca\/only-human-sis-personatges-en-busca-dautor\/","name":"\"ONLY HUMAN\": SIS PERSONATGES EN BUSCA D\u2019AUTOR","isPartOf":{"@id":"https:\/\/lamostradevalencia.com\/ca\/#website"},"primaryImageOfPage":{"@id":"https:\/\/lamostradevalencia.com\/ca\/only-human-sis-personatges-en-busca-dautor\/#primaryimage"},"image":{"@id":"https:\/\/lamostradevalencia.com\/ca\/only-human-sis-personatges-en-busca-dautor\/#primaryimage"},"thumbnailUrl":"https:\/\/lamostradevalencia.com\/wp-content\/uploads\/2021\/09\/onlyhuman.jpeg","datePublished":"2021-09-28T14:40:52+00:00","author":{"@id":"https:\/\/lamostradevalencia.com\/ca\/#\/schema\/person\/361c3c0dd5489e78ad78ee4f8332efac"},"description":"Igor Ivanov torna a la Mostra de Val\u00e8ncia","breadcrumb":{"@id":"https:\/\/lamostradevalencia.com\/ca\/only-human-sis-personatges-en-busca-dautor\/#breadcrumb"},"inLanguage":"ca","potentialAction":[{"@type":"ReadAction","target":["https:\/\/lamostradevalencia.com\/ca\/only-human-sis-personatges-en-busca-dautor\/"]}]},{"@type":"ImageObject","inLanguage":"ca","@id":"https:\/\/lamostradevalencia.com\/ca\/only-human-sis-personatges-en-busca-dautor\/#primaryimage","url":"https:\/\/lamostradevalencia.com\/wp-content\/uploads\/2021\/09\/onlyhuman.jpeg","contentUrl":"https:\/\/lamostradevalencia.com\/wp-content\/uploads\/2021\/09\/onlyhuman.jpeg","width":2048,"height":858},{"@type":"BreadcrumbList","@id":"https:\/\/lamostradevalencia.com\/ca\/only-human-sis-personatges-en-busca-dautor\/#breadcrumb","itemListElement":[{"@type":"ListItem","position":1,"name":"Portada","item":"https:\/\/lamostradevalencia.com\/ca\/"},{"@type":"ListItem","position":2,"name":"\u00abONLY HUMAN\u00bb: SIS PERSONATGES EN BUSCA D\u2019AUTOR"}]},{"@type":"WebSite","@id":"https:\/\/lamostradevalencia.com\/ca\/#website","url":"https:\/\/lamostradevalencia.com\/ca\/","name":"Mostra de Val\u00e8ncia","description":"Cinema del Mediterrani","potentialAction":[{"@type":"SearchAction","target":{"@type":"EntryPoint","urlTemplate":"https:\/\/lamostradevalencia.com\/ca\/?s={search_term_string}"},"query-input":{"@type":"PropertyValueSpecification","valueRequired":true,"valueName":"search_term_string"}}],"inLanguage":"ca"},{"@type":"Person","@id":"https:\/\/lamostradevalencia.com\/ca\/#\/schema\/person\/361c3c0dd5489e78ad78ee4f8332efac","name":"contenidos","image":{"@type":"ImageObject","inLanguage":"ca","@id":"https:\/\/secure.gravatar.com\/avatar\/a87eddc188a32d5a0371ff92ef616b5006a91e389296d49d081f8d424eef134c?s=96&d=mm&r=g","url":"https:\/\/secure.gravatar.com\/avatar\/a87eddc188a32d5a0371ff92ef616b5006a91e389296d49d081f8d424eef134c?s=96&d=mm&r=g","contentUrl":"https:\/\/secure.gravatar.com\/avatar\/a87eddc188a32d5a0371ff92ef616b5006a91e389296d49d081f8d424eef134c?s=96&d=mm&r=g","caption":"contenidos"}}]}},"uagb_featured_image_src":{"full":["https:\/\/lamostradevalencia.com\/wp-content\/uploads\/2021\/09\/onlyhuman.jpeg",2048,858,false],"thumbnail":["https:\/\/lamostradevalencia.com\/wp-content\/uploads\/2021\/09\/onlyhuman-150x150.jpeg",150,150,true],"medium":["https:\/\/lamostradevalencia.com\/wp-content\/uploads\/2021\/09\/onlyhuman-300x126.jpeg",300,126,true],"medium_large":["https:\/\/lamostradevalencia.com\/wp-content\/uploads\/2021\/09\/onlyhuman-768x322.jpeg",768,322,true],"large":["https:\/\/lamostradevalencia.com\/wp-content\/uploads\/2021\/09\/onlyhuman-1024x429.jpeg",1024,429,true],"1536x1536":["https:\/\/lamostradevalencia.com\/wp-content\/uploads\/2021\/09\/onlyhuman-1536x644.jpeg",1536,644,true],"2048x2048":["https:\/\/lamostradevalencia.com\/wp-content\/uploads\/2021\/09\/onlyhuman.jpeg",2048,858,false],"cinerama_edge_image_square":["https:\/\/lamostradevalencia.com\/wp-content\/uploads\/2021\/09\/onlyhuman-550x550.jpeg",550,550,true],"cinerama_edge_image_landscape":["https:\/\/lamostradevalencia.com\/wp-content\/uploads\/2021\/09\/onlyhuman-1100x550.jpeg",1100,550,true],"cinerama_edge_image_portrait":["https:\/\/lamostradevalencia.com\/wp-content\/uploads\/2021\/09\/onlyhuman-550x858.jpeg",550,858,true],"cinerama_edge_image_huge":["https:\/\/lamostradevalencia.com\/wp-content\/uploads\/2021\/09\/onlyhuman-1100x858.jpeg",1100,858,true],"gform-image-choice-sm":["https:\/\/lamostradevalencia.com\/wp-content\/uploads\/2021\/09\/onlyhuman.jpeg",300,126,false],"gform-image-choice-md":["https:\/\/lamostradevalencia.com\/wp-content\/uploads\/2021\/09\/onlyhuman.jpeg",400,168,false],"gform-image-choice-lg":["https:\/\/lamostradevalencia.com\/wp-content\/uploads\/2021\/09\/onlyhuman.jpeg",600,251,false]},"uagb_author_info":{"display_name":"contenidos","author_link":"https:\/\/lamostradevalencia.com\/ca\/author\/contenidos\/"},"uagb_comment_info":0,"uagb_excerpt":"Si l&#8217;any passat va visitar el festival Milcho Manchevski, amb la seua pel\u00b7l\u00edcula &#8220;Willow\u201d, en la present edici\u00f3 un altre il\u00b7lustre director macedoni presenta el [&hellip;]","_links":{"self":[{"href":"https:\/\/lamostradevalencia.com\/ca\/wp-json\/wp\/v2\/posts\/12420","targetHints":{"allow":["GET"]}}],"collection":[{"href":"https:\/\/lamostradevalencia.com\/ca\/wp-json\/wp\/v2\/posts"}],"about":[{"href":"https:\/\/lamostradevalencia.com\/ca\/wp-json\/wp\/v2\/types\/post"}],"author":[{"embeddable":true,"href":"https:\/\/lamostradevalencia.com\/ca\/wp-json\/wp\/v2\/users\/3"}],"replies":[{"embeddable":true,"href":"https:\/\/lamostradevalencia.com\/ca\/wp-json\/wp\/v2\/comments?post=12420"}],"version-history":[{"count":2,"href":"https:\/\/lamostradevalencia.com\/ca\/wp-json\/wp\/v2\/posts\/12420\/revisions"}],"predecessor-version":[{"id":12422,"href":"https:\/\/lamostradevalencia.com\/ca\/wp-json\/wp\/v2\/posts\/12420\/revisions\/12422"}],"wp:featuredmedia":[{"embeddable":true,"href":"https:\/\/lamostradevalencia.com\/ca\/wp-json\/wp\/v2\/media\/12323"}],"wp:attachment":[{"href":"https:\/\/lamostradevalencia.com\/ca\/wp-json\/wp\/v2\/media?parent=12420"}],"wp:term":[{"taxonomy":"category","embeddable":true,"href":"https:\/\/lamostradevalencia.com\/ca\/wp-json\/wp\/v2\/categories?post=12420"},{"taxonomy":"post_tag","embeddable":true,"href":"https:\/\/lamostradevalencia.com\/ca\/wp-json\/wp\/v2\/tags?post=12420"}],"curies":[{"name":"wp","href":"https:\/\/api.w.org\/{rel}","templated":true}]}}