{"id":12417,"date":"2021-09-28T16:32:41","date_gmt":"2021-09-28T14:32:41","guid":{"rendered":"https:\/\/lamostradevalencia.com\/?p=12417"},"modified":"2021-09-28T16:32:41","modified_gmt":"2021-09-28T14:32:41","slug":"trapped-mujeres-al-borde-un-ataque-de-nervios","status":"publish","type":"post","link":"https:\/\/lamostradevalencia.com\/ca\/trapped-mujeres-al-borde-un-ataque-de-nervios\/","title":{"rendered":"&#8220;TRAPPED&#8221;: MUJERES AL BORDE UN ATAQUE DE NERVIOS"},"content":{"rendered":"<p>El Caire, any 2011. Els carrers s\u00f3n un formiguer de gent. Milers de persones es dirigixen a la pla\u00e7a Tahrir, epicentre de les revoltes contra el govern. Comen\u00e7a la Primavera \u00c0rab. Per\u00f2, m\u00e9s enll\u00e0 del tumult, altres hist\u00f2ries succe\u00efxen a la ciutat. Al marge dels esdeveniments que canviaran la hist\u00f2ria d&#8217;Egipte, per\u00f2 al mateix temps afectades per ells, diverses dones de diferents or\u00edgens socials es troben atrapades en un edifici. La seua reclusi\u00f3 no es limita necess\u00e0riament als murs de formig\u00f3 i les portes tancades, sin\u00f3 que tamb\u00e9 ve imposada per les maneres de pensar i els conflictes interns. Encara que totes compartixen somnis semblants, que passen per alliberar-se de les limitacions que imposen les normes i les condicions socials, cadascuna lliura la seua pr\u00f2pia batalla.<\/p>\n<p>Esta \u00e9s, a grans trets, la hist\u00f2ria que conta &#8220;Trapped&#8221;, \u00f2pera prima de l&#8217;eg\u00edpcia Manal Khaled, basada en hist\u00f2ries reals i portada a terme gr\u00e0cies a una campanya de micromecenatge en la plataforma Indiegogo. Els seus esfor\u00e7os van donar resultat: Ha sigut la primera pel\u00b7l\u00edcula eg\u00edpcia seleccionada pel festival estatunidenc South by SouthWest en els \u00faltims deu anys, i l&#8217;\u00fanic film \u00e0rab en tota la seua programaci\u00f3 de 2021.<\/p>\n<p>&nbsp;<\/p>\n<p><iframe loading=\"lazy\" title=\"Hammam Sokhn Trailer - \u0625\u0639\u0644\u0627\u0646 \u0641\u064a\u0644\u0645 \u062d\u0645\u0651\u064e\u0627\u0645 \u0633\u062e\u0646\" width=\"1100\" height=\"619\" src=\"https:\/\/www.youtube.com\/embed\/dDjYdcEew9U?feature=oembed\" frameborder=\"0\" allow=\"accelerometer; autoplay; clipboard-write; encrypted-media; gyroscope; picture-in-picture\" allowfullscreen><\/iframe><\/p>\n<p>&nbsp;<\/p>\n<p>La pel\u00b7l\u00edcula justifica amb escreix el seu \u00e8xit, i la cr\u00edtica ha sigut un\u00e0nime. D\u00e9cio Gon\u00e7alves, en Cineaddiction, la va qualificar com &#8220;una poderosa hist\u00f2ria de dones que intenten lluitar per la llibertat i trobar esperan\u00e7a en la persona que est\u00e0 al seu costat\u201d. Peter Sobczynski, en The Spool, parla d\u2019&#8221; un treball poder\u00f3s, inspirador i radical, que fa que un s&#8217;emocione al pensar qu\u00e8 se li ocorrer\u00e0 a Manal Khaled a continuaci\u00f3\u201d. I Jay Weissberg, en Variety, subratllava que &#8220;en cadascuna de les hist\u00f2ries que integren la pel\u00b7l\u00edcula, les persones que inicialment se senten atrapades descobrixen els vincles que les unixen a altres persones amb diferents idees i or\u00edgens socioecon\u00f2mics&#8221;.<\/p>\n<p>La clau de la pel\u00b7l\u00edcula, segons la directora, \u00e9s que &#8220;planteja una s\u00e8rie de q\u00fcestions de rellev\u00e0ncia amb la intenci\u00f3 d&#8217;iniciar un debat, per\u00f2 mai pret\u00e9n conv\u00e9ncer ni enviar un missatge espec\u00edfic. Cada espectador en trobar\u00e0 el seu. S\u00f3n hist\u00f2ries que poden semblar banals per a altres cultures, per\u00f2 en el context egipci, considerar\u00edem el que succe\u00efx com una vict\u00f2ria per a estes dones que romanen marginades del panorama pol\u00edtic per culpa de la por, el terror i l&#8217;assetjament. Decid\u00edrem fer esta pel\u00b7l\u00edcula perqu\u00e8 els mitjans de comunicaci\u00f3 s&#8217;havien convertit en una eina molt important en la guerra contra les dones a Egipte&#8221;.<\/p>\n<p>Aix\u00ed, &#8220;Trapped&#8221; es pot interpretar com una resposta audiovisual per part de les dones a la situaci\u00f3 de marginaci\u00f3 que patixen. Tant davant com darrere de la c\u00e0mera, elles s\u00f3n les protagonistes d&#8217;una pel\u00b7l\u00edcula en la qual Manal Khaled utilitza de manera magistral l&#8217;espai, tant l&#8217;interior, on les dones es troben a\u00efllades, com l&#8217;exterior, que nom\u00e9s coneixem a trav\u00e9s del so o de les imatges de la televisi\u00f3.<\/p>\n<p>&#8220;Trapped&#8221; tindr\u00e0 la seua estrena a Espanya en el marc de la Mostra de Val\u00e8ncia-Cinema del Mediterrani i, com tots els t\u00edtols que integren la Secci\u00f3 Informativa, opta al Premi del P\u00fablic, promogut per \u00c0 Punt M\u00e8dia i consistent en l&#8217;adquisici\u00f3 dels drets de la pel\u00b7l\u00edcula per a la seua emissi\u00f3 en la plataforma auton\u00f2mica.<\/p>\n","protected":false},"excerpt":{"rendered":"<p>El Caire, any 2011. Els carrers s\u00f3n un formiguer de gent. Milers de persones es dirigixen a la pla\u00e7a Tahrir, epicentre de les revoltes contra [&hellip;]<\/p>\n","protected":false},"author":3,"featured_media":10804,"comment_status":"open","ping_status":"open","sticky":false,"template":"","format":"standard","meta":{"_uag_custom_page_level_css":"","_jet_sm_ready_style":"","_jet_sm_style":"","_jet_sm_controls_values":"","_jet_sm_fonts_collection":"","_jet_sm_fonts_links":"","footnotes":""},"categories":[455],"tags":[2840],"class_list":["post-12417","post","type-post","status-publish","format-standard","has-post-thumbnail","hentry","category-noticies","tag-seccio-informativa"],"yoast_head":"<!-- This site is optimized with the Yoast SEO plugin v27.5 - https:\/\/yoast.com\/product\/yoast-seo-wordpress\/ -->\n<title>&quot;TRAPPED&quot;: MUJERES AL BORDE UN ATAQUE DE NERVIOS<\/title>\n<meta name=\"description\" content=\"L\u2019\u00fanica pel\u00b7l\u00edcula \u00e0rab de South by SouthWest 2021\" \/>\n<meta name=\"robots\" content=\"index, follow, max-snippet:-1, max-image-preview:large, max-video-preview:-1\" \/>\n<link rel=\"canonical\" href=\"https:\/\/lamostradevalencia.com\/ca\/trapped-mujeres-al-borde-un-ataque-de-nervios\/\" \/>\n<meta property=\"og:locale\" content=\"ca_ES\" \/>\n<meta property=\"og:type\" content=\"article\" \/>\n<meta property=\"og:title\" content=\"&quot;TRAPPED&quot;: MUJERES AL BORDE UN ATAQUE DE NERVIOS\" \/>\n<meta property=\"og:description\" content=\"L\u2019\u00fanica pel\u00b7l\u00edcula \u00e0rab de South by SouthWest 2021\" \/>\n<meta property=\"og:url\" content=\"https:\/\/lamostradevalencia.com\/ca\/trapped-mujeres-al-borde-un-ataque-de-nervios\/\" \/>\n<meta property=\"og:site_name\" content=\"Mostra de Val\u00e8ncia\" \/>\n<meta property=\"article:published_time\" content=\"2021-09-28T14:32:41+00:00\" \/>\n<meta property=\"og:image\" content=\"https:\/\/lamostradevalencia.com\/wp-content\/uploads\/2021\/09\/Trapped-1024x576.jpg\" \/>\n\t<meta property=\"og:image:width\" content=\"1024\" \/>\n\t<meta property=\"og:image:height\" content=\"576\" \/>\n\t<meta property=\"og:image:type\" content=\"image\/jpeg\" \/>\n<meta name=\"author\" content=\"contenidos\" \/>\n<meta name=\"twitter:card\" content=\"summary_large_image\" \/>\n<meta name=\"twitter:label1\" content=\"Escrit per\" \/>\n\t<meta name=\"twitter:data1\" content=\"contenidos\" \/>\n\t<meta name=\"twitter:label2\" content=\"Temps estimat de lectura\" \/>\n\t<meta name=\"twitter:data2\" content=\"3 minuts\" \/>\n<script type=\"application\/ld+json\" class=\"yoast-schema-graph\">{\"@context\":\"https:\\\/\\\/schema.org\",\"@graph\":[{\"@type\":\"Article\",\"@id\":\"https:\\\/\\\/lamostradevalencia.com\\\/ca\\\/trapped-mujeres-al-borde-un-ataque-de-nervios\\\/#article\",\"isPartOf\":{\"@id\":\"https:\\\/\\\/lamostradevalencia.com\\\/ca\\\/trapped-mujeres-al-borde-un-ataque-de-nervios\\\/\"},\"author\":{\"name\":\"contenidos\",\"@id\":\"https:\\\/\\\/lamostradevalencia.com\\\/ca\\\/#\\\/schema\\\/person\\\/361c3c0dd5489e78ad78ee4f8332efac\"},\"headline\":\"&#8220;TRAPPED&#8221;: MUJERES AL BORDE UN ATAQUE DE NERVIOS\",\"datePublished\":\"2021-09-28T14:32:41+00:00\",\"mainEntityOfPage\":{\"@id\":\"https:\\\/\\\/lamostradevalencia.com\\\/ca\\\/trapped-mujeres-al-borde-un-ataque-de-nervios\\\/\"},\"wordCount\":622,\"commentCount\":0,\"image\":{\"@id\":\"https:\\\/\\\/lamostradevalencia.com\\\/ca\\\/trapped-mujeres-al-borde-un-ataque-de-nervios\\\/#primaryimage\"},\"thumbnailUrl\":\"https:\\\/\\\/lamostradevalencia.com\\\/wp-content\\\/uploads\\\/2021\\\/09\\\/Trapped.jpg\",\"keywords\":[\"secci\u00f3 informativa\"],\"articleSection\":[\"Noticies\"],\"inLanguage\":\"ca\",\"potentialAction\":[{\"@type\":\"CommentAction\",\"name\":\"Comment\",\"target\":[\"https:\\\/\\\/lamostradevalencia.com\\\/ca\\\/trapped-mujeres-al-borde-un-ataque-de-nervios\\\/#respond\"]}]},{\"@type\":\"WebPage\",\"@id\":\"https:\\\/\\\/lamostradevalencia.com\\\/ca\\\/trapped-mujeres-al-borde-un-ataque-de-nervios\\\/\",\"url\":\"https:\\\/\\\/lamostradevalencia.com\\\/ca\\\/trapped-mujeres-al-borde-un-ataque-de-nervios\\\/\",\"name\":\"\\\"TRAPPED\\\": MUJERES AL BORDE UN ATAQUE DE NERVIOS\",\"isPartOf\":{\"@id\":\"https:\\\/\\\/lamostradevalencia.com\\\/ca\\\/#website\"},\"primaryImageOfPage\":{\"@id\":\"https:\\\/\\\/lamostradevalencia.com\\\/ca\\\/trapped-mujeres-al-borde-un-ataque-de-nervios\\\/#primaryimage\"},\"image\":{\"@id\":\"https:\\\/\\\/lamostradevalencia.com\\\/ca\\\/trapped-mujeres-al-borde-un-ataque-de-nervios\\\/#primaryimage\"},\"thumbnailUrl\":\"https:\\\/\\\/lamostradevalencia.com\\\/wp-content\\\/uploads\\\/2021\\\/09\\\/Trapped.jpg\",\"datePublished\":\"2021-09-28T14:32:41+00:00\",\"author\":{\"@id\":\"https:\\\/\\\/lamostradevalencia.com\\\/ca\\\/#\\\/schema\\\/person\\\/361c3c0dd5489e78ad78ee4f8332efac\"},\"description\":\"L\u2019\u00fanica pel\u00b7l\u00edcula \u00e0rab de South by SouthWest 2021\",\"breadcrumb\":{\"@id\":\"https:\\\/\\\/lamostradevalencia.com\\\/ca\\\/trapped-mujeres-al-borde-un-ataque-de-nervios\\\/#breadcrumb\"},\"inLanguage\":\"ca\",\"potentialAction\":[{\"@type\":\"ReadAction\",\"target\":[\"https:\\\/\\\/lamostradevalencia.com\\\/ca\\\/trapped-mujeres-al-borde-un-ataque-de-nervios\\\/\"]}]},{\"@type\":\"ImageObject\",\"inLanguage\":\"ca\",\"@id\":\"https:\\\/\\\/lamostradevalencia.com\\\/ca\\\/trapped-mujeres-al-borde-un-ataque-de-nervios\\\/#primaryimage\",\"url\":\"https:\\\/\\\/lamostradevalencia.com\\\/wp-content\\\/uploads\\\/2021\\\/09\\\/Trapped.jpg\",\"contentUrl\":\"https:\\\/\\\/lamostradevalencia.com\\\/wp-content\\\/uploads\\\/2021\\\/09\\\/Trapped.jpg\",\"width\":1920,\"height\":1080},{\"@type\":\"BreadcrumbList\",\"@id\":\"https:\\\/\\\/lamostradevalencia.com\\\/ca\\\/trapped-mujeres-al-borde-un-ataque-de-nervios\\\/#breadcrumb\",\"itemListElement\":[{\"@type\":\"ListItem\",\"position\":1,\"name\":\"Portada\",\"item\":\"https:\\\/\\\/lamostradevalencia.com\\\/ca\\\/\"},{\"@type\":\"ListItem\",\"position\":2,\"name\":\"\u00abTRAPPED\u00bb: MUJERES AL BORDE UN ATAQUE DE NERVIOS\"}]},{\"@type\":\"WebSite\",\"@id\":\"https:\\\/\\\/lamostradevalencia.com\\\/ca\\\/#website\",\"url\":\"https:\\\/\\\/lamostradevalencia.com\\\/ca\\\/\",\"name\":\"Mostra de Val\u00e8ncia\",\"description\":\"Cinema del Mediterrani\",\"potentialAction\":[{\"@type\":\"SearchAction\",\"target\":{\"@type\":\"EntryPoint\",\"urlTemplate\":\"https:\\\/\\\/lamostradevalencia.com\\\/ca\\\/?s={search_term_string}\"},\"query-input\":{\"@type\":\"PropertyValueSpecification\",\"valueRequired\":true,\"valueName\":\"search_term_string\"}}],\"inLanguage\":\"ca\"},{\"@type\":\"Person\",\"@id\":\"https:\\\/\\\/lamostradevalencia.com\\\/ca\\\/#\\\/schema\\\/person\\\/361c3c0dd5489e78ad78ee4f8332efac\",\"name\":\"contenidos\",\"image\":{\"@type\":\"ImageObject\",\"inLanguage\":\"ca\",\"@id\":\"https:\\\/\\\/secure.gravatar.com\\\/avatar\\\/a87eddc188a32d5a0371ff92ef616b5006a91e389296d49d081f8d424eef134c?s=96&d=mm&r=g\",\"url\":\"https:\\\/\\\/secure.gravatar.com\\\/avatar\\\/a87eddc188a32d5a0371ff92ef616b5006a91e389296d49d081f8d424eef134c?s=96&d=mm&r=g\",\"contentUrl\":\"https:\\\/\\\/secure.gravatar.com\\\/avatar\\\/a87eddc188a32d5a0371ff92ef616b5006a91e389296d49d081f8d424eef134c?s=96&d=mm&r=g\",\"caption\":\"contenidos\"}}]}<\/script>\n<!-- \/ Yoast SEO plugin. -->","yoast_head_json":{"title":"\"TRAPPED\": MUJERES AL BORDE UN ATAQUE DE NERVIOS","description":"L\u2019\u00fanica pel\u00b7l\u00edcula \u00e0rab de South by SouthWest 2021","robots":{"index":"index","follow":"follow","max-snippet":"max-snippet:-1","max-image-preview":"max-image-preview:large","max-video-preview":"max-video-preview:-1"},"canonical":"https:\/\/lamostradevalencia.com\/ca\/trapped-mujeres-al-borde-un-ataque-de-nervios\/","og_locale":"ca_ES","og_type":"article","og_title":"\"TRAPPED\": MUJERES AL BORDE UN ATAQUE DE NERVIOS","og_description":"L\u2019\u00fanica pel\u00b7l\u00edcula \u00e0rab de South by SouthWest 2021","og_url":"https:\/\/lamostradevalencia.com\/ca\/trapped-mujeres-al-borde-un-ataque-de-nervios\/","og_site_name":"Mostra de Val\u00e8ncia","article_published_time":"2021-09-28T14:32:41+00:00","og_image":[{"width":1024,"height":576,"url":"https:\/\/lamostradevalencia.com\/wp-content\/uploads\/2021\/09\/Trapped-1024x576.jpg","type":"image\/jpeg"}],"author":"contenidos","twitter_card":"summary_large_image","twitter_misc":{"Escrit per":"contenidos","Temps estimat de lectura":"3 minuts"},"schema":{"@context":"https:\/\/schema.org","@graph":[{"@type":"Article","@id":"https:\/\/lamostradevalencia.com\/ca\/trapped-mujeres-al-borde-un-ataque-de-nervios\/#article","isPartOf":{"@id":"https:\/\/lamostradevalencia.com\/ca\/trapped-mujeres-al-borde-un-ataque-de-nervios\/"},"author":{"name":"contenidos","@id":"https:\/\/lamostradevalencia.com\/ca\/#\/schema\/person\/361c3c0dd5489e78ad78ee4f8332efac"},"headline":"&#8220;TRAPPED&#8221;: MUJERES AL BORDE UN ATAQUE DE NERVIOS","datePublished":"2021-09-28T14:32:41+00:00","mainEntityOfPage":{"@id":"https:\/\/lamostradevalencia.com\/ca\/trapped-mujeres-al-borde-un-ataque-de-nervios\/"},"wordCount":622,"commentCount":0,"image":{"@id":"https:\/\/lamostradevalencia.com\/ca\/trapped-mujeres-al-borde-un-ataque-de-nervios\/#primaryimage"},"thumbnailUrl":"https:\/\/lamostradevalencia.com\/wp-content\/uploads\/2021\/09\/Trapped.jpg","keywords":["secci\u00f3 informativa"],"articleSection":["Noticies"],"inLanguage":"ca","potentialAction":[{"@type":"CommentAction","name":"Comment","target":["https:\/\/lamostradevalencia.com\/ca\/trapped-mujeres-al-borde-un-ataque-de-nervios\/#respond"]}]},{"@type":"WebPage","@id":"https:\/\/lamostradevalencia.com\/ca\/trapped-mujeres-al-borde-un-ataque-de-nervios\/","url":"https:\/\/lamostradevalencia.com\/ca\/trapped-mujeres-al-borde-un-ataque-de-nervios\/","name":"\"TRAPPED\": MUJERES AL BORDE UN ATAQUE DE NERVIOS","isPartOf":{"@id":"https:\/\/lamostradevalencia.com\/ca\/#website"},"primaryImageOfPage":{"@id":"https:\/\/lamostradevalencia.com\/ca\/trapped-mujeres-al-borde-un-ataque-de-nervios\/#primaryimage"},"image":{"@id":"https:\/\/lamostradevalencia.com\/ca\/trapped-mujeres-al-borde-un-ataque-de-nervios\/#primaryimage"},"thumbnailUrl":"https:\/\/lamostradevalencia.com\/wp-content\/uploads\/2021\/09\/Trapped.jpg","datePublished":"2021-09-28T14:32:41+00:00","author":{"@id":"https:\/\/lamostradevalencia.com\/ca\/#\/schema\/person\/361c3c0dd5489e78ad78ee4f8332efac"},"description":"L\u2019\u00fanica pel\u00b7l\u00edcula \u00e0rab de South by SouthWest 2021","breadcrumb":{"@id":"https:\/\/lamostradevalencia.com\/ca\/trapped-mujeres-al-borde-un-ataque-de-nervios\/#breadcrumb"},"inLanguage":"ca","potentialAction":[{"@type":"ReadAction","target":["https:\/\/lamostradevalencia.com\/ca\/trapped-mujeres-al-borde-un-ataque-de-nervios\/"]}]},{"@type":"ImageObject","inLanguage":"ca","@id":"https:\/\/lamostradevalencia.com\/ca\/trapped-mujeres-al-borde-un-ataque-de-nervios\/#primaryimage","url":"https:\/\/lamostradevalencia.com\/wp-content\/uploads\/2021\/09\/Trapped.jpg","contentUrl":"https:\/\/lamostradevalencia.com\/wp-content\/uploads\/2021\/09\/Trapped.jpg","width":1920,"height":1080},{"@type":"BreadcrumbList","@id":"https:\/\/lamostradevalencia.com\/ca\/trapped-mujeres-al-borde-un-ataque-de-nervios\/#breadcrumb","itemListElement":[{"@type":"ListItem","position":1,"name":"Portada","item":"https:\/\/lamostradevalencia.com\/ca\/"},{"@type":"ListItem","position":2,"name":"\u00abTRAPPED\u00bb: MUJERES AL BORDE UN ATAQUE DE NERVIOS"}]},{"@type":"WebSite","@id":"https:\/\/lamostradevalencia.com\/ca\/#website","url":"https:\/\/lamostradevalencia.com\/ca\/","name":"Mostra de Val\u00e8ncia","description":"Cinema del Mediterrani","potentialAction":[{"@type":"SearchAction","target":{"@type":"EntryPoint","urlTemplate":"https:\/\/lamostradevalencia.com\/ca\/?s={search_term_string}"},"query-input":{"@type":"PropertyValueSpecification","valueRequired":true,"valueName":"search_term_string"}}],"inLanguage":"ca"},{"@type":"Person","@id":"https:\/\/lamostradevalencia.com\/ca\/#\/schema\/person\/361c3c0dd5489e78ad78ee4f8332efac","name":"contenidos","image":{"@type":"ImageObject","inLanguage":"ca","@id":"https:\/\/secure.gravatar.com\/avatar\/a87eddc188a32d5a0371ff92ef616b5006a91e389296d49d081f8d424eef134c?s=96&d=mm&r=g","url":"https:\/\/secure.gravatar.com\/avatar\/a87eddc188a32d5a0371ff92ef616b5006a91e389296d49d081f8d424eef134c?s=96&d=mm&r=g","contentUrl":"https:\/\/secure.gravatar.com\/avatar\/a87eddc188a32d5a0371ff92ef616b5006a91e389296d49d081f8d424eef134c?s=96&d=mm&r=g","caption":"contenidos"}}]}},"uagb_featured_image_src":{"full":["https:\/\/lamostradevalencia.com\/wp-content\/uploads\/2021\/09\/Trapped.jpg",1920,1080,false],"thumbnail":["https:\/\/lamostradevalencia.com\/wp-content\/uploads\/2021\/09\/Trapped-150x150.jpg",150,150,true],"medium":["https:\/\/lamostradevalencia.com\/wp-content\/uploads\/2021\/09\/Trapped-300x169.jpg",300,169,true],"medium_large":["https:\/\/lamostradevalencia.com\/wp-content\/uploads\/2021\/09\/Trapped-768x432.jpg",768,432,true],"large":["https:\/\/lamostradevalencia.com\/wp-content\/uploads\/2021\/09\/Trapped-1024x576.jpg",1024,576,true],"1536x1536":["https:\/\/lamostradevalencia.com\/wp-content\/uploads\/2021\/09\/Trapped-1536x864.jpg",1536,864,true],"2048x2048":["https:\/\/lamostradevalencia.com\/wp-content\/uploads\/2021\/09\/Trapped.jpg",1920,1080,false],"cinerama_edge_image_square":["https:\/\/lamostradevalencia.com\/wp-content\/uploads\/2021\/09\/Trapped-550x550.jpg",550,550,true],"cinerama_edge_image_landscape":["https:\/\/lamostradevalencia.com\/wp-content\/uploads\/2021\/09\/Trapped-1100x550.jpg",1100,550,true],"cinerama_edge_image_portrait":["https:\/\/lamostradevalencia.com\/wp-content\/uploads\/2021\/09\/Trapped-550x1080.jpg",550,1080,true],"cinerama_edge_image_huge":["https:\/\/lamostradevalencia.com\/wp-content\/uploads\/2021\/09\/Trapped-1100x1080.jpg",1100,1080,true],"gform-image-choice-sm":["https:\/\/lamostradevalencia.com\/wp-content\/uploads\/2021\/09\/Trapped.jpg",300,169,false],"gform-image-choice-md":["https:\/\/lamostradevalencia.com\/wp-content\/uploads\/2021\/09\/Trapped.jpg",400,225,false],"gform-image-choice-lg":["https:\/\/lamostradevalencia.com\/wp-content\/uploads\/2021\/09\/Trapped.jpg",600,338,false]},"uagb_author_info":{"display_name":"contenidos","author_link":"https:\/\/lamostradevalencia.com\/ca\/author\/contenidos\/"},"uagb_comment_info":0,"uagb_excerpt":"El Caire, any 2011. Els carrers s\u00f3n un formiguer de gent. Milers de persones es dirigixen a la pla\u00e7a Tahrir, epicentre de les revoltes contra [&hellip;]","_links":{"self":[{"href":"https:\/\/lamostradevalencia.com\/ca\/wp-json\/wp\/v2\/posts\/12417","targetHints":{"allow":["GET"]}}],"collection":[{"href":"https:\/\/lamostradevalencia.com\/ca\/wp-json\/wp\/v2\/posts"}],"about":[{"href":"https:\/\/lamostradevalencia.com\/ca\/wp-json\/wp\/v2\/types\/post"}],"author":[{"embeddable":true,"href":"https:\/\/lamostradevalencia.com\/ca\/wp-json\/wp\/v2\/users\/3"}],"replies":[{"embeddable":true,"href":"https:\/\/lamostradevalencia.com\/ca\/wp-json\/wp\/v2\/comments?post=12417"}],"version-history":[{"count":2,"href":"https:\/\/lamostradevalencia.com\/ca\/wp-json\/wp\/v2\/posts\/12417\/revisions"}],"predecessor-version":[{"id":12419,"href":"https:\/\/lamostradevalencia.com\/ca\/wp-json\/wp\/v2\/posts\/12417\/revisions\/12419"}],"wp:featuredmedia":[{"embeddable":true,"href":"https:\/\/lamostradevalencia.com\/ca\/wp-json\/wp\/v2\/media\/10804"}],"wp:attachment":[{"href":"https:\/\/lamostradevalencia.com\/ca\/wp-json\/wp\/v2\/media?parent=12417"}],"wp:term":[{"taxonomy":"category","embeddable":true,"href":"https:\/\/lamostradevalencia.com\/ca\/wp-json\/wp\/v2\/categories?post=12417"},{"taxonomy":"post_tag","embeddable":true,"href":"https:\/\/lamostradevalencia.com\/ca\/wp-json\/wp\/v2\/tags?post=12417"}],"curies":[{"name":"wp","href":"https:\/\/api.w.org\/{rel}","templated":true}]}}