{"id":12387,"date":"2021-09-28T16:13:40","date_gmt":"2021-09-28T14:13:40","guid":{"rendered":"https:\/\/lamostradevalencia.com\/?p=12387"},"modified":"2021-09-28T16:13:40","modified_gmt":"2021-09-28T14:13:40","slug":"broken-keys-sota-el-malson-de-lisis","status":"publish","type":"post","link":"https:\/\/lamostradevalencia.com\/ca\/broken-keys-sota-el-malson-de-lisis\/","title":{"rendered":"&#8220;BROKEN KEYS&#8221;: SOTA EL MALSON DE L\u2019ISIS"},"content":{"rendered":"<p>Els recents successos esdevinguts a l&#8217;Afganistan han retornat a primera l\u00ednia d&#8217;actualitat les condicions de vida dels pa\u00efsos sota r\u00e8gims talibans. Una situaci\u00f3 que s&#8217;est\u00e9n a altres latituds i que aborda obertament &#8220;Broken Keys&#8221;, producci\u00f3 libanesa dirigida per Jimmy Keyrouz. La pel\u00b7l\u00edcula est\u00e0 ambientada en 2014, en una ciutat d&#8217;Orient Mitj\u00e0 assetjada per un grup extremista de l\u2019ISIS que ha prohibit les formes de vida i la m\u00fasica modernes. All\u00ed, un jove pianista tracta d&#8217;escapar de l&#8217;assetjament constant que patix di\u00e0riament per a emprendre un viatge a la recerca d&#8217;una pe\u00e7a que li permeta reparar el seu instrument.Seleccionada en el Festival de Cannes i triada per L\u00edban com a candidata a l&#8217;Oscar, &#8220;Broken Keys&#8221; t\u00e9 un dels seus majors atractius en la seua magn\u00edfica banda sonora, composta pel prestigi\u00f3s Gabriel Yared, guanyador del Premi de l&#8217;Acad\u00e8mia per la seua partitura per a &#8220;El pacient angl\u00e9s&#8221; i nominat dos vegades m\u00e9s per &#8220;El talent de Mr. Ripley&#8221; i &#8220;Cold Mountain&#8221;.<\/p>\n<p>Al valorar el film, la cr\u00edtica Alissa Simon, de la revista Variety, destacava &#8220;un gui\u00f3 que posa l&#8217;accent en la necessitat d&#8217;esperan\u00e7a i en el respir, el coratge i la inspiraci\u00f3 que els i les artistes poden brindar en temps foscos&#8221;. A m\u00e9s, subratllava el talent de Keyrouz &#8220;per a dirigir les seq\u00fc\u00e8ncies d&#8217;acci\u00f3 i generar tensi\u00f3&#8221;. Finalment, cridava l&#8217;atenci\u00f3 sobre els aspectes t\u00e8cnics de la pel\u00b7l\u00edcula, i ponderava el treball del director de fotografia Joe Saade, &#8220;l&#8217;habilitat del qual contribu\u00efx a dimensionar les escenes gr\u00e0cies a sinuosos moviments de c\u00e0mera a trav\u00e9s de les ru\u00efnes dels edificis, t\u00fanels i soterranis en ombres&#8221;.<\/p>\n<p>&nbsp;<\/p>\n<p><iframe loading=\"lazy\" title=\"BROKEN KEYS TAILER\" width=\"1100\" height=\"619\" src=\"https:\/\/www.youtube.com\/embed\/ZUCMZBtD7F0?feature=oembed\" frameborder=\"0\" allow=\"accelerometer; autoplay; clipboard-write; encrypted-media; gyroscope; picture-in-picture\" allowfullscreen><\/iframe><\/p>\n<p>&nbsp;<\/p>\n<p>Per la seua banda, Keyrouz ha explicat que &#8220;els personatges estan inspirats en els de la hist\u00f2ria real en qu\u00e8 es basa la pel\u00b7l\u00edcula. ISIS va seduir molts homes joves amb diners, armes, autoritat i dones, per\u00f2 tamb\u00e9 hi va haver uns altres que realment van creure en la ideologia gihadista i que tenien com a major motivaci\u00f3 el seu odi contra Occident. Per aix\u00f2 quan vaig escriure el personatge antagonista del protagonista principal volia que fora complex, no un simple vil\u00e0 sense dubtes ni conflictes interns. Despr\u00e9s de tot, ell no \u00e9s un extraterrestre, t\u00e9 una mare, tenia una vida normal, per\u00f2 va prendre la decisi\u00f3 equivocada i va perdre la seua humanitat&#8221;.<\/p>\n<p>L&#8217;origen de la pel\u00b7l\u00edcula es remunta a 2016, quan Keyrouz va rodar el curtmetratge de 23 minuts &#8220;Nocturne in Black&#8221;, aut\u00e8ntic embri\u00f3 de &#8220;Broken Keys&#8221;, que tamb\u00e9 va protagonitzar Tarek Yaacoub. Convertir la hist\u00f2ria en un llargmetratge va resultar complicat, especialment pel context en qu\u00e8 es desenvolupa l&#8217;acci\u00f3. &#8220;Rod\u00e0rem 38 dies al L\u00edban, on solucion\u00e0rem les escenes dels interiors i l&#8217;entorn del ve\u00efnat, i altres sis dies a Mossul (l&#8217;Iraq), on concentr\u00e0rem les escenes de guerra, perqu\u00e8 el lloc acabava de ser alliberat de l\u2019ISIS i encara estava en ru\u00efnes&#8221;, afirma. &#8220;Pod\u00edem sentir l\u2019olor dels morts i veure el p\u00e8l rapat dels combatents de l\u2019ISIS, que intentaven confondre&#8217;s entre els civils. No pod\u00edem permetre&#8217;ns efectes digitals, aix\u00ed que tot el que es pot veure en pantalla \u00e9s real. Va ser una aventura perillosa, per\u00f2 tamb\u00e9 divertida&#8221;, conclou.<\/p>\n<p>&#8220;Broken Keys&#8221; tindr\u00e0 la seua estrena a Espanya en el marc de la Mostra de Val\u00e8ncia-Cinema del Mediterrani i, com tots els t\u00edtols que integren la Secci\u00f3 Informativa, opta al Premi del P\u00fablic, promogut per \u00c0 Punt M\u00e8dia i consistent en l&#8217;adquisici\u00f3 dels drets de la pel\u00b7l\u00edcula per a la seua emissi\u00f3 en la plataforma auton\u00f2mica.<\/p>\n","protected":false},"excerpt":{"rendered":"<p>Els recents successos esdevinguts a l&#8217;Afganistan han retornat a primera l\u00ednia d&#8217;actualitat les condicions de vida dels pa\u00efsos sota r\u00e8gims talibans. Una situaci\u00f3 que s&#8217;est\u00e9n [&hellip;]<\/p>\n","protected":false},"author":3,"featured_media":12283,"comment_status":"open","ping_status":"open","sticky":false,"template":"","format":"standard","meta":{"_uag_custom_page_level_css":"","_jet_sm_ready_style":"","_jet_sm_style":"","_jet_sm_controls_values":"","_jet_sm_fonts_collection":"","_jet_sm_fonts_links":"","footnotes":""},"categories":[455],"tags":[2840],"class_list":["post-12387","post","type-post","status-publish","format-standard","has-post-thumbnail","hentry","category-noticies","tag-seccio-informativa"],"yoast_head":"<!-- This site is optimized with the Yoast SEO plugin v27.5 - https:\/\/yoast.com\/product\/yoast-seo-wordpress\/ -->\n<title>&quot;BROKEN KEYS&quot;: SOTA EL MALSON DE L\u2019ISIS<\/title>\n<meta name=\"description\" content=\"La pel\u00b7l\u00edcula fou la candidata libanesa a l\u2019Oscar\" \/>\n<meta name=\"robots\" content=\"index, follow, max-snippet:-1, max-image-preview:large, max-video-preview:-1\" \/>\n<link rel=\"canonical\" href=\"https:\/\/lamostradevalencia.com\/ca\/broken-keys-sota-el-malson-de-lisis\/\" \/>\n<meta property=\"og:locale\" content=\"ca_ES\" \/>\n<meta property=\"og:type\" content=\"article\" \/>\n<meta property=\"og:title\" content=\"&quot;BROKEN KEYS&quot;: SOTA EL MALSON DE L\u2019ISIS\" \/>\n<meta property=\"og:description\" content=\"La pel\u00b7l\u00edcula fou la candidata libanesa a l\u2019Oscar\" \/>\n<meta property=\"og:url\" content=\"https:\/\/lamostradevalencia.com\/ca\/broken-keys-sota-el-malson-de-lisis\/\" \/>\n<meta property=\"og:site_name\" content=\"Mostra de Val\u00e8ncia\" \/>\n<meta property=\"article:published_time\" content=\"2021-09-28T14:13:40+00:00\" \/>\n<meta property=\"og:image\" content=\"https:\/\/lamostradevalencia.com\/wp-content\/uploads\/2021\/09\/Broken-Keys_-Ezekiel-scaled.jpeg\" \/>\n\t<meta property=\"og:image:width\" content=\"2560\" \/>\n\t<meta property=\"og:image:height\" content=\"1707\" \/>\n\t<meta property=\"og:image:type\" content=\"image\/jpeg\" \/>\n<meta name=\"author\" content=\"contenidos\" \/>\n<meta name=\"twitter:card\" content=\"summary_large_image\" \/>\n<meta name=\"twitter:label1\" content=\"Escrit per\" \/>\n\t<meta name=\"twitter:data1\" content=\"contenidos\" \/>\n\t<meta name=\"twitter:label2\" content=\"Temps estimat de lectura\" \/>\n\t<meta name=\"twitter:data2\" content=\"3 minuts\" \/>\n<script type=\"application\/ld+json\" class=\"yoast-schema-graph\">{\"@context\":\"https:\\\/\\\/schema.org\",\"@graph\":[{\"@type\":\"Article\",\"@id\":\"https:\\\/\\\/lamostradevalencia.com\\\/ca\\\/broken-keys-sota-el-malson-de-lisis\\\/#article\",\"isPartOf\":{\"@id\":\"https:\\\/\\\/lamostradevalencia.com\\\/ca\\\/broken-keys-sota-el-malson-de-lisis\\\/\"},\"author\":{\"name\":\"contenidos\",\"@id\":\"https:\\\/\\\/lamostradevalencia.com\\\/ca\\\/#\\\/schema\\\/person\\\/361c3c0dd5489e78ad78ee4f8332efac\"},\"headline\":\"&#8220;BROKEN KEYS&#8221;: SOTA EL MALSON DE L\u2019ISIS\",\"datePublished\":\"2021-09-28T14:13:40+00:00\",\"mainEntityOfPage\":{\"@id\":\"https:\\\/\\\/lamostradevalencia.com\\\/ca\\\/broken-keys-sota-el-malson-de-lisis\\\/\"},\"wordCount\":660,\"commentCount\":0,\"image\":{\"@id\":\"https:\\\/\\\/lamostradevalencia.com\\\/ca\\\/broken-keys-sota-el-malson-de-lisis\\\/#primaryimage\"},\"thumbnailUrl\":\"https:\\\/\\\/lamostradevalencia.com\\\/wp-content\\\/uploads\\\/2021\\\/09\\\/Broken-Keys_-Ezekiel-scaled.jpeg\",\"keywords\":[\"secci\u00f3 informativa\"],\"articleSection\":[\"Noticies\"],\"inLanguage\":\"ca\",\"potentialAction\":[{\"@type\":\"CommentAction\",\"name\":\"Comment\",\"target\":[\"https:\\\/\\\/lamostradevalencia.com\\\/ca\\\/broken-keys-sota-el-malson-de-lisis\\\/#respond\"]}]},{\"@type\":\"WebPage\",\"@id\":\"https:\\\/\\\/lamostradevalencia.com\\\/ca\\\/broken-keys-sota-el-malson-de-lisis\\\/\",\"url\":\"https:\\\/\\\/lamostradevalencia.com\\\/ca\\\/broken-keys-sota-el-malson-de-lisis\\\/\",\"name\":\"\\\"BROKEN KEYS\\\": SOTA EL MALSON DE L\u2019ISIS\",\"isPartOf\":{\"@id\":\"https:\\\/\\\/lamostradevalencia.com\\\/ca\\\/#website\"},\"primaryImageOfPage\":{\"@id\":\"https:\\\/\\\/lamostradevalencia.com\\\/ca\\\/broken-keys-sota-el-malson-de-lisis\\\/#primaryimage\"},\"image\":{\"@id\":\"https:\\\/\\\/lamostradevalencia.com\\\/ca\\\/broken-keys-sota-el-malson-de-lisis\\\/#primaryimage\"},\"thumbnailUrl\":\"https:\\\/\\\/lamostradevalencia.com\\\/wp-content\\\/uploads\\\/2021\\\/09\\\/Broken-Keys_-Ezekiel-scaled.jpeg\",\"datePublished\":\"2021-09-28T14:13:40+00:00\",\"author\":{\"@id\":\"https:\\\/\\\/lamostradevalencia.com\\\/ca\\\/#\\\/schema\\\/person\\\/361c3c0dd5489e78ad78ee4f8332efac\"},\"description\":\"La pel\u00b7l\u00edcula fou la candidata libanesa a l\u2019Oscar\",\"breadcrumb\":{\"@id\":\"https:\\\/\\\/lamostradevalencia.com\\\/ca\\\/broken-keys-sota-el-malson-de-lisis\\\/#breadcrumb\"},\"inLanguage\":\"ca\",\"potentialAction\":[{\"@type\":\"ReadAction\",\"target\":[\"https:\\\/\\\/lamostradevalencia.com\\\/ca\\\/broken-keys-sota-el-malson-de-lisis\\\/\"]}]},{\"@type\":\"ImageObject\",\"inLanguage\":\"ca\",\"@id\":\"https:\\\/\\\/lamostradevalencia.com\\\/ca\\\/broken-keys-sota-el-malson-de-lisis\\\/#primaryimage\",\"url\":\"https:\\\/\\\/lamostradevalencia.com\\\/wp-content\\\/uploads\\\/2021\\\/09\\\/Broken-Keys_-Ezekiel-scaled.jpeg\",\"contentUrl\":\"https:\\\/\\\/lamostradevalencia.com\\\/wp-content\\\/uploads\\\/2021\\\/09\\\/Broken-Keys_-Ezekiel-scaled.jpeg\",\"width\":2560,\"height\":1707},{\"@type\":\"BreadcrumbList\",\"@id\":\"https:\\\/\\\/lamostradevalencia.com\\\/ca\\\/broken-keys-sota-el-malson-de-lisis\\\/#breadcrumb\",\"itemListElement\":[{\"@type\":\"ListItem\",\"position\":1,\"name\":\"Portada\",\"item\":\"https:\\\/\\\/lamostradevalencia.com\\\/ca\\\/\"},{\"@type\":\"ListItem\",\"position\":2,\"name\":\"\u00abBROKEN KEYS\u00bb: SOTA EL MALSON DE L\u2019ISIS\"}]},{\"@type\":\"WebSite\",\"@id\":\"https:\\\/\\\/lamostradevalencia.com\\\/ca\\\/#website\",\"url\":\"https:\\\/\\\/lamostradevalencia.com\\\/ca\\\/\",\"name\":\"Mostra de Val\u00e8ncia\",\"description\":\"Cinema del Mediterrani\",\"potentialAction\":[{\"@type\":\"SearchAction\",\"target\":{\"@type\":\"EntryPoint\",\"urlTemplate\":\"https:\\\/\\\/lamostradevalencia.com\\\/ca\\\/?s={search_term_string}\"},\"query-input\":{\"@type\":\"PropertyValueSpecification\",\"valueRequired\":true,\"valueName\":\"search_term_string\"}}],\"inLanguage\":\"ca\"},{\"@type\":\"Person\",\"@id\":\"https:\\\/\\\/lamostradevalencia.com\\\/ca\\\/#\\\/schema\\\/person\\\/361c3c0dd5489e78ad78ee4f8332efac\",\"name\":\"contenidos\",\"image\":{\"@type\":\"ImageObject\",\"inLanguage\":\"ca\",\"@id\":\"https:\\\/\\\/secure.gravatar.com\\\/avatar\\\/a87eddc188a32d5a0371ff92ef616b5006a91e389296d49d081f8d424eef134c?s=96&d=mm&r=g\",\"url\":\"https:\\\/\\\/secure.gravatar.com\\\/avatar\\\/a87eddc188a32d5a0371ff92ef616b5006a91e389296d49d081f8d424eef134c?s=96&d=mm&r=g\",\"contentUrl\":\"https:\\\/\\\/secure.gravatar.com\\\/avatar\\\/a87eddc188a32d5a0371ff92ef616b5006a91e389296d49d081f8d424eef134c?s=96&d=mm&r=g\",\"caption\":\"contenidos\"}}]}<\/script>\n<!-- \/ Yoast SEO plugin. -->","yoast_head_json":{"title":"\"BROKEN KEYS\": SOTA EL MALSON DE L\u2019ISIS","description":"La pel\u00b7l\u00edcula fou la candidata libanesa a l\u2019Oscar","robots":{"index":"index","follow":"follow","max-snippet":"max-snippet:-1","max-image-preview":"max-image-preview:large","max-video-preview":"max-video-preview:-1"},"canonical":"https:\/\/lamostradevalencia.com\/ca\/broken-keys-sota-el-malson-de-lisis\/","og_locale":"ca_ES","og_type":"article","og_title":"\"BROKEN KEYS\": SOTA EL MALSON DE L\u2019ISIS","og_description":"La pel\u00b7l\u00edcula fou la candidata libanesa a l\u2019Oscar","og_url":"https:\/\/lamostradevalencia.com\/ca\/broken-keys-sota-el-malson-de-lisis\/","og_site_name":"Mostra de Val\u00e8ncia","article_published_time":"2021-09-28T14:13:40+00:00","og_image":[{"width":2560,"height":1707,"url":"https:\/\/lamostradevalencia.com\/wp-content\/uploads\/2021\/09\/Broken-Keys_-Ezekiel-scaled.jpeg","type":"image\/jpeg"}],"author":"contenidos","twitter_card":"summary_large_image","twitter_misc":{"Escrit per":"contenidos","Temps estimat de lectura":"3 minuts"},"schema":{"@context":"https:\/\/schema.org","@graph":[{"@type":"Article","@id":"https:\/\/lamostradevalencia.com\/ca\/broken-keys-sota-el-malson-de-lisis\/#article","isPartOf":{"@id":"https:\/\/lamostradevalencia.com\/ca\/broken-keys-sota-el-malson-de-lisis\/"},"author":{"name":"contenidos","@id":"https:\/\/lamostradevalencia.com\/ca\/#\/schema\/person\/361c3c0dd5489e78ad78ee4f8332efac"},"headline":"&#8220;BROKEN KEYS&#8221;: SOTA EL MALSON DE L\u2019ISIS","datePublished":"2021-09-28T14:13:40+00:00","mainEntityOfPage":{"@id":"https:\/\/lamostradevalencia.com\/ca\/broken-keys-sota-el-malson-de-lisis\/"},"wordCount":660,"commentCount":0,"image":{"@id":"https:\/\/lamostradevalencia.com\/ca\/broken-keys-sota-el-malson-de-lisis\/#primaryimage"},"thumbnailUrl":"https:\/\/lamostradevalencia.com\/wp-content\/uploads\/2021\/09\/Broken-Keys_-Ezekiel-scaled.jpeg","keywords":["secci\u00f3 informativa"],"articleSection":["Noticies"],"inLanguage":"ca","potentialAction":[{"@type":"CommentAction","name":"Comment","target":["https:\/\/lamostradevalencia.com\/ca\/broken-keys-sota-el-malson-de-lisis\/#respond"]}]},{"@type":"WebPage","@id":"https:\/\/lamostradevalencia.com\/ca\/broken-keys-sota-el-malson-de-lisis\/","url":"https:\/\/lamostradevalencia.com\/ca\/broken-keys-sota-el-malson-de-lisis\/","name":"\"BROKEN KEYS\": SOTA EL MALSON DE L\u2019ISIS","isPartOf":{"@id":"https:\/\/lamostradevalencia.com\/ca\/#website"},"primaryImageOfPage":{"@id":"https:\/\/lamostradevalencia.com\/ca\/broken-keys-sota-el-malson-de-lisis\/#primaryimage"},"image":{"@id":"https:\/\/lamostradevalencia.com\/ca\/broken-keys-sota-el-malson-de-lisis\/#primaryimage"},"thumbnailUrl":"https:\/\/lamostradevalencia.com\/wp-content\/uploads\/2021\/09\/Broken-Keys_-Ezekiel-scaled.jpeg","datePublished":"2021-09-28T14:13:40+00:00","author":{"@id":"https:\/\/lamostradevalencia.com\/ca\/#\/schema\/person\/361c3c0dd5489e78ad78ee4f8332efac"},"description":"La pel\u00b7l\u00edcula fou la candidata libanesa a l\u2019Oscar","breadcrumb":{"@id":"https:\/\/lamostradevalencia.com\/ca\/broken-keys-sota-el-malson-de-lisis\/#breadcrumb"},"inLanguage":"ca","potentialAction":[{"@type":"ReadAction","target":["https:\/\/lamostradevalencia.com\/ca\/broken-keys-sota-el-malson-de-lisis\/"]}]},{"@type":"ImageObject","inLanguage":"ca","@id":"https:\/\/lamostradevalencia.com\/ca\/broken-keys-sota-el-malson-de-lisis\/#primaryimage","url":"https:\/\/lamostradevalencia.com\/wp-content\/uploads\/2021\/09\/Broken-Keys_-Ezekiel-scaled.jpeg","contentUrl":"https:\/\/lamostradevalencia.com\/wp-content\/uploads\/2021\/09\/Broken-Keys_-Ezekiel-scaled.jpeg","width":2560,"height":1707},{"@type":"BreadcrumbList","@id":"https:\/\/lamostradevalencia.com\/ca\/broken-keys-sota-el-malson-de-lisis\/#breadcrumb","itemListElement":[{"@type":"ListItem","position":1,"name":"Portada","item":"https:\/\/lamostradevalencia.com\/ca\/"},{"@type":"ListItem","position":2,"name":"\u00abBROKEN KEYS\u00bb: SOTA EL MALSON DE L\u2019ISIS"}]},{"@type":"WebSite","@id":"https:\/\/lamostradevalencia.com\/ca\/#website","url":"https:\/\/lamostradevalencia.com\/ca\/","name":"Mostra de Val\u00e8ncia","description":"Cinema del Mediterrani","potentialAction":[{"@type":"SearchAction","target":{"@type":"EntryPoint","urlTemplate":"https:\/\/lamostradevalencia.com\/ca\/?s={search_term_string}"},"query-input":{"@type":"PropertyValueSpecification","valueRequired":true,"valueName":"search_term_string"}}],"inLanguage":"ca"},{"@type":"Person","@id":"https:\/\/lamostradevalencia.com\/ca\/#\/schema\/person\/361c3c0dd5489e78ad78ee4f8332efac","name":"contenidos","image":{"@type":"ImageObject","inLanguage":"ca","@id":"https:\/\/secure.gravatar.com\/avatar\/a87eddc188a32d5a0371ff92ef616b5006a91e389296d49d081f8d424eef134c?s=96&d=mm&r=g","url":"https:\/\/secure.gravatar.com\/avatar\/a87eddc188a32d5a0371ff92ef616b5006a91e389296d49d081f8d424eef134c?s=96&d=mm&r=g","contentUrl":"https:\/\/secure.gravatar.com\/avatar\/a87eddc188a32d5a0371ff92ef616b5006a91e389296d49d081f8d424eef134c?s=96&d=mm&r=g","caption":"contenidos"}}]}},"uagb_featured_image_src":{"full":["https:\/\/lamostradevalencia.com\/wp-content\/uploads\/2021\/09\/Broken-Keys_-Ezekiel-scaled.jpeg",2560,1707,false],"thumbnail":["https:\/\/lamostradevalencia.com\/wp-content\/uploads\/2021\/09\/Broken-Keys_-Ezekiel-150x150.jpeg",150,150,true],"medium":["https:\/\/lamostradevalencia.com\/wp-content\/uploads\/2021\/09\/Broken-Keys_-Ezekiel-300x200.jpeg",300,200,true],"medium_large":["https:\/\/lamostradevalencia.com\/wp-content\/uploads\/2021\/09\/Broken-Keys_-Ezekiel-768x512.jpeg",768,512,true],"large":["https:\/\/lamostradevalencia.com\/wp-content\/uploads\/2021\/09\/Broken-Keys_-Ezekiel-1024x683.jpeg",1024,683,true],"1536x1536":["https:\/\/lamostradevalencia.com\/wp-content\/uploads\/2021\/09\/Broken-Keys_-Ezekiel-1536x1024.jpeg",1536,1024,true],"2048x2048":["https:\/\/lamostradevalencia.com\/wp-content\/uploads\/2021\/09\/Broken-Keys_-Ezekiel-2048x1365.jpeg",2048,1365,true],"cinerama_edge_image_square":["https:\/\/lamostradevalencia.com\/wp-content\/uploads\/2021\/09\/Broken-Keys_-Ezekiel-550x550.jpeg",550,550,true],"cinerama_edge_image_landscape":["https:\/\/lamostradevalencia.com\/wp-content\/uploads\/2021\/09\/Broken-Keys_-Ezekiel-1100x550.jpeg",1100,550,true],"cinerama_edge_image_portrait":["https:\/\/lamostradevalencia.com\/wp-content\/uploads\/2021\/09\/Broken-Keys_-Ezekiel-550x1100.jpeg",550,1100,true],"cinerama_edge_image_huge":["https:\/\/lamostradevalencia.com\/wp-content\/uploads\/2021\/09\/Broken-Keys_-Ezekiel-1100x1100.jpeg",1100,1100,true],"gform-image-choice-sm":["https:\/\/lamostradevalencia.com\/wp-content\/uploads\/2021\/09\/Broken-Keys_-Ezekiel-scaled.jpeg",300,200,false],"gform-image-choice-md":["https:\/\/lamostradevalencia.com\/wp-content\/uploads\/2021\/09\/Broken-Keys_-Ezekiel-scaled.jpeg",400,267,false],"gform-image-choice-lg":["https:\/\/lamostradevalencia.com\/wp-content\/uploads\/2021\/09\/Broken-Keys_-Ezekiel-scaled.jpeg",600,400,false]},"uagb_author_info":{"display_name":"contenidos","author_link":"https:\/\/lamostradevalencia.com\/ca\/author\/contenidos\/"},"uagb_comment_info":0,"uagb_excerpt":"Els recents successos esdevinguts a l&#8217;Afganistan han retornat a primera l\u00ednia d&#8217;actualitat les condicions de vida dels pa\u00efsos sota r\u00e8gims talibans. Una situaci\u00f3 que s&#8217;est\u00e9n [&hellip;]","_links":{"self":[{"href":"https:\/\/lamostradevalencia.com\/ca\/wp-json\/wp\/v2\/posts\/12387","targetHints":{"allow":["GET"]}}],"collection":[{"href":"https:\/\/lamostradevalencia.com\/ca\/wp-json\/wp\/v2\/posts"}],"about":[{"href":"https:\/\/lamostradevalencia.com\/ca\/wp-json\/wp\/v2\/types\/post"}],"author":[{"embeddable":true,"href":"https:\/\/lamostradevalencia.com\/ca\/wp-json\/wp\/v2\/users\/3"}],"replies":[{"embeddable":true,"href":"https:\/\/lamostradevalencia.com\/ca\/wp-json\/wp\/v2\/comments?post=12387"}],"version-history":[{"count":2,"href":"https:\/\/lamostradevalencia.com\/ca\/wp-json\/wp\/v2\/posts\/12387\/revisions"}],"predecessor-version":[{"id":12389,"href":"https:\/\/lamostradevalencia.com\/ca\/wp-json\/wp\/v2\/posts\/12387\/revisions\/12389"}],"wp:featuredmedia":[{"embeddable":true,"href":"https:\/\/lamostradevalencia.com\/ca\/wp-json\/wp\/v2\/media\/12283"}],"wp:attachment":[{"href":"https:\/\/lamostradevalencia.com\/ca\/wp-json\/wp\/v2\/media?parent=12387"}],"wp:term":[{"taxonomy":"category","embeddable":true,"href":"https:\/\/lamostradevalencia.com\/ca\/wp-json\/wp\/v2\/categories?post=12387"},{"taxonomy":"post_tag","embeddable":true,"href":"https:\/\/lamostradevalencia.com\/ca\/wp-json\/wp\/v2\/tags?post=12387"}],"curies":[{"name":"wp","href":"https:\/\/api.w.org\/{rel}","templated":true}]}}