{"id":12378,"date":"2021-09-28T16:04:07","date_gmt":"2021-09-28T14:04:07","guid":{"rendered":"https:\/\/lamostradevalencia.com\/?p=12378"},"modified":"2021-09-28T16:04:07","modified_gmt":"2021-09-28T14:04:07","slug":"si-le-vent-tombe-viatge-enlloc","status":"publish","type":"post","link":"https:\/\/lamostradevalencia.com\/ca\/si-le-vent-tombe-viatge-enlloc\/","title":{"rendered":"&#8220;SI LE VENT TOMBE&#8221;: VIATGE ENLLOC"},"content":{"rendered":"<p>Existixen algunes pel\u00b7l\u00edcules en les quals nom\u00e9s \u00e9s possible involucrar-se si es deixa arrere all\u00f2 en qu\u00e8 creiem fermament i que conforma la nostra her\u00e8ncia cultural. En &#8220;Si le vent tombe&#8221;, el p\u00fablic, de la m\u00e0 del protagonista principal del film, rep una invitaci\u00f3 per a con\u00e9ixer un diminut aeroport en el qual mai aterra ni s\u2019enlaira cap avi\u00f3. Est\u00e0 en Nagorno Karabj, una conflictiva regi\u00f3 de la Transcauc\u00e0sia, pertanyent a l&#8217;Azerbaidjan a nivell jur\u00eddic, per\u00f2 controlada de facto i en la seua major part pel govern de la Rep\u00fablica d\u2019Artsaj. O el que \u00e9s el mateix, un lloc enmig d\u2019enlloc. I, tamb\u00e9, el dest\u00ed d&#8217;Alain, un auditor internacional franc\u00e9s, que ha sigut enviat all\u00ed amb la missi\u00f3 d&#8217;avaluar si les infraestructures reunixen les condicions requerides per a la seua reobertura.<\/p>\n<p>En el seu deambular per la zona haur\u00e0 d&#8217;eludir les pressions de les autoritats, que intentaran obtindre un informe favorable, per\u00f2 tamb\u00e9 s&#8217;anir\u00e0 submergint en la peculiar atmosfera del lloc, on es troba sovint amb un xic que t\u00e9 un estrany negoci relacionat amb l&#8217;aigua.<\/p>\n<p>El debut de Nora Martirosyan, seleccionat en la secci\u00f3 Acid Cannes i premiat a Tallinn i Ginebra, demostra que un territori nom\u00e9s existix si decidim creure en la seua exist\u00e8ncia. El seu prec\u00eds estil visual transforma el paisatge en un protagonista m\u00e9s, i la pel\u00b7l\u00edcula en un estat d&#8217;\u00e0nim. En el m\u00f3n creat per la directora, les emocions dels personatges s\u00f3n el principal motiu que forja els lla\u00e7os d&#8217;amistat. Des del periodista fins a l&#8217;ex soldat i des del director de l&#8217;aeroport fins al xofer, tots compartixen una aura de misteri quasi surrealista. De manera similar, la guerra, les armes i el foc, sempre semblen estar molt a prop, per\u00f2 es tracta d&#8217;una guerra que no t\u00e9 nom, ni rostre, ni temporalitat. Sembla ser nom\u00e9s una part m\u00e9s de l&#8217;escenari i diluir-se en un context que b\u00e9 es podria qualificar de \u201crealisme m\u00e0gic\u201d, si el terme no estiguera ja tan gastat.<\/p>\n<p>&nbsp;<\/p>\n<p><iframe loading=\"lazy\" title=\"[Film] Si le vent tombe (2020) - Bande annonce VF (trailer)\" width=\"1100\" height=\"619\" src=\"https:\/\/www.youtube.com\/embed\/-J_UELhKFJA?feature=oembed\" frameborder=\"0\" allow=\"accelerometer; autoplay; clipboard-write; encrypted-media; gyroscope; picture-in-picture\" allowfullscreen><\/iframe><\/p>\n<p>&nbsp;<\/p>\n<p>Alain ha de fer un treball molt concret, per\u00f2 en realitat el seu objectiu final \u00e9s provar l&#8217;exist\u00e8ncia real del min\u00fascul pa\u00eds cauc\u00e0sic on es troba l&#8217;aeroport, deixar const\u00e0ncia de qu\u00e8 no es tracta d&#8217;un miratge, una il\u00b7lusi\u00f3 col\u00b7lectiva, un lloc en una altra dimensi\u00f3.<\/p>\n<p>De manera molt subtil, cada element de la pel\u00b7l\u00edcula troba el seu lloc en una hist\u00f2ria que funciona com una xarxa en la qual tot est\u00e0 connectat. Les imatges conviden a seguir les anades i vingudes d&#8217;un jove portador d&#8217;aigua que t\u00e9 la capacitat de sanar miraculosament a qui la beu. Una al\u00b7legoria de l&#8217;esperan\u00e7a que, en realitat, \u00e9s una demostraci\u00f3 del poder de la imaginaci\u00f3.<\/p>\n<p>Com va apuntar Fabien Lemercier en la seua cr\u00edtica per a Cineuropa, &#8220;la pel\u00b7l\u00edcula constru\u00efx un microcosmos que li servix per a reflexionar sobre q\u00fcestions com ara la geopol\u00edtica internacional, la identitat i les fronteres nacionals, i mant\u00e9 sempre un equilibri perfecte entre la mirada d&#8217;inspiraci\u00f3 documental i la narraci\u00f3 dram\u00e0tica, amb el qual crea una tensi\u00f3 que relaciona el film amb el present hist\u00f2ric&#8221;.<\/p>\n<p>&#8220;Si le vent tombe&#8221; tindr\u00e0 la seua estrena a Espanya en el marc de la Mostra de Val\u00e8ncia-Cinema del Mediterrani i, com tots els t\u00edtols que integren la Secci\u00f3 Informativa, opta al Premi del P\u00fablic, promogut per \u00c0 Punt M\u00e8dia i consistent en l&#8217;adquisici\u00f3 dels drets de la pel\u00b7l\u00edcula per a la seua emissi\u00f3 en la plataforma auton\u00f2mica.<\/p>\n","protected":false},"excerpt":{"rendered":"<p>Existixen algunes pel\u00b7l\u00edcules en les quals nom\u00e9s \u00e9s possible involucrar-se si es deixa arrere all\u00f2 en qu\u00e8 creiem fermament i que conforma la nostra her\u00e8ncia [&hellip;]<\/p>\n","protected":false},"author":3,"featured_media":11898,"comment_status":"open","ping_status":"open","sticky":false,"template":"","format":"standard","meta":{"_uag_custom_page_level_css":"","_jet_sm_ready_style":"","_jet_sm_style":"","_jet_sm_controls_values":"","_jet_sm_fonts_collection":"","_jet_sm_fonts_links":"","footnotes":""},"categories":[455],"tags":[2840],"class_list":["post-12378","post","type-post","status-publish","format-standard","has-post-thumbnail","hentry","category-noticies","tag-seccio-informativa"],"yoast_head":"<!-- This site is optimized with the Yoast SEO plugin v27.5 - https:\/\/yoast.com\/product\/yoast-seo-wordpress\/ -->\n<title>&quot;SI LE VENT TOMBE&quot;: VIATGE ENLLOC<\/title>\n<meta name=\"description\" content=\"Notable \u00f2pera prima de Nora Martirosyan\" \/>\n<meta name=\"robots\" content=\"index, follow, max-snippet:-1, max-image-preview:large, max-video-preview:-1\" \/>\n<link rel=\"canonical\" href=\"https:\/\/lamostradevalencia.com\/ca\/si-le-vent-tombe-viatge-enlloc\/\" \/>\n<meta property=\"og:locale\" content=\"ca_ES\" \/>\n<meta property=\"og:type\" content=\"article\" \/>\n<meta property=\"og:title\" content=\"&quot;SI LE VENT TOMBE&quot;: VIATGE ENLLOC\" \/>\n<meta property=\"og:description\" content=\"Notable \u00f2pera prima de Nora Martirosyan\" \/>\n<meta property=\"og:url\" content=\"https:\/\/lamostradevalencia.com\/ca\/si-le-vent-tombe-viatge-enlloc\/\" \/>\n<meta property=\"og:site_name\" content=\"Mostra de Val\u00e8ncia\" \/>\n<meta property=\"article:published_time\" content=\"2021-09-28T14:04:07+00:00\" \/>\n<meta property=\"og:image\" content=\"https:\/\/lamostradevalencia.com\/wp-content\/uploads\/2021\/09\/si-le-vent-tombe-1.jpg\" \/>\n\t<meta property=\"og:image:width\" content=\"1024\" \/>\n\t<meta property=\"og:image:height\" content=\"659\" \/>\n\t<meta property=\"og:image:type\" content=\"image\/jpeg\" \/>\n<meta name=\"author\" content=\"contenidos\" \/>\n<meta name=\"twitter:card\" content=\"summary_large_image\" \/>\n<meta name=\"twitter:label1\" content=\"Escrit per\" \/>\n\t<meta name=\"twitter:data1\" content=\"contenidos\" \/>\n\t<meta name=\"twitter:label2\" content=\"Temps estimat de lectura\" \/>\n\t<meta name=\"twitter:data2\" content=\"3 minuts\" \/>\n<script type=\"application\/ld+json\" class=\"yoast-schema-graph\">{\"@context\":\"https:\\\/\\\/schema.org\",\"@graph\":[{\"@type\":\"Article\",\"@id\":\"https:\\\/\\\/lamostradevalencia.com\\\/ca\\\/si-le-vent-tombe-viatge-enlloc\\\/#article\",\"isPartOf\":{\"@id\":\"https:\\\/\\\/lamostradevalencia.com\\\/ca\\\/si-le-vent-tombe-viatge-enlloc\\\/\"},\"author\":{\"name\":\"contenidos\",\"@id\":\"https:\\\/\\\/lamostradevalencia.com\\\/ca\\\/#\\\/schema\\\/person\\\/361c3c0dd5489e78ad78ee4f8332efac\"},\"headline\":\"&#8220;SI LE VENT TOMBE&#8221;: VIATGE ENLLOC\",\"datePublished\":\"2021-09-28T14:04:07+00:00\",\"mainEntityOfPage\":{\"@id\":\"https:\\\/\\\/lamostradevalencia.com\\\/ca\\\/si-le-vent-tombe-viatge-enlloc\\\/\"},\"wordCount\":648,\"commentCount\":0,\"image\":{\"@id\":\"https:\\\/\\\/lamostradevalencia.com\\\/ca\\\/si-le-vent-tombe-viatge-enlloc\\\/#primaryimage\"},\"thumbnailUrl\":\"https:\\\/\\\/lamostradevalencia.com\\\/wp-content\\\/uploads\\\/2021\\\/09\\\/si-le-vent-tombe-1.jpg\",\"keywords\":[\"secci\u00f3 informativa\"],\"articleSection\":[\"Noticies\"],\"inLanguage\":\"ca\",\"potentialAction\":[{\"@type\":\"CommentAction\",\"name\":\"Comment\",\"target\":[\"https:\\\/\\\/lamostradevalencia.com\\\/ca\\\/si-le-vent-tombe-viatge-enlloc\\\/#respond\"]}]},{\"@type\":\"WebPage\",\"@id\":\"https:\\\/\\\/lamostradevalencia.com\\\/ca\\\/si-le-vent-tombe-viatge-enlloc\\\/\",\"url\":\"https:\\\/\\\/lamostradevalencia.com\\\/ca\\\/si-le-vent-tombe-viatge-enlloc\\\/\",\"name\":\"\\\"SI LE VENT TOMBE\\\": VIATGE ENLLOC\",\"isPartOf\":{\"@id\":\"https:\\\/\\\/lamostradevalencia.com\\\/ca\\\/#website\"},\"primaryImageOfPage\":{\"@id\":\"https:\\\/\\\/lamostradevalencia.com\\\/ca\\\/si-le-vent-tombe-viatge-enlloc\\\/#primaryimage\"},\"image\":{\"@id\":\"https:\\\/\\\/lamostradevalencia.com\\\/ca\\\/si-le-vent-tombe-viatge-enlloc\\\/#primaryimage\"},\"thumbnailUrl\":\"https:\\\/\\\/lamostradevalencia.com\\\/wp-content\\\/uploads\\\/2021\\\/09\\\/si-le-vent-tombe-1.jpg\",\"datePublished\":\"2021-09-28T14:04:07+00:00\",\"author\":{\"@id\":\"https:\\\/\\\/lamostradevalencia.com\\\/ca\\\/#\\\/schema\\\/person\\\/361c3c0dd5489e78ad78ee4f8332efac\"},\"description\":\"Notable \u00f2pera prima de Nora Martirosyan\",\"breadcrumb\":{\"@id\":\"https:\\\/\\\/lamostradevalencia.com\\\/ca\\\/si-le-vent-tombe-viatge-enlloc\\\/#breadcrumb\"},\"inLanguage\":\"ca\",\"potentialAction\":[{\"@type\":\"ReadAction\",\"target\":[\"https:\\\/\\\/lamostradevalencia.com\\\/ca\\\/si-le-vent-tombe-viatge-enlloc\\\/\"]}]},{\"@type\":\"ImageObject\",\"inLanguage\":\"ca\",\"@id\":\"https:\\\/\\\/lamostradevalencia.com\\\/ca\\\/si-le-vent-tombe-viatge-enlloc\\\/#primaryimage\",\"url\":\"https:\\\/\\\/lamostradevalencia.com\\\/wp-content\\\/uploads\\\/2021\\\/09\\\/si-le-vent-tombe-1.jpg\",\"contentUrl\":\"https:\\\/\\\/lamostradevalencia.com\\\/wp-content\\\/uploads\\\/2021\\\/09\\\/si-le-vent-tombe-1.jpg\",\"width\":1024,\"height\":659},{\"@type\":\"BreadcrumbList\",\"@id\":\"https:\\\/\\\/lamostradevalencia.com\\\/ca\\\/si-le-vent-tombe-viatge-enlloc\\\/#breadcrumb\",\"itemListElement\":[{\"@type\":\"ListItem\",\"position\":1,\"name\":\"Portada\",\"item\":\"https:\\\/\\\/lamostradevalencia.com\\\/ca\\\/\"},{\"@type\":\"ListItem\",\"position\":2,\"name\":\"\u00abSI LE VENT TOMBE\u00bb: VIATGE ENLLOC\"}]},{\"@type\":\"WebSite\",\"@id\":\"https:\\\/\\\/lamostradevalencia.com\\\/ca\\\/#website\",\"url\":\"https:\\\/\\\/lamostradevalencia.com\\\/ca\\\/\",\"name\":\"Mostra de Val\u00e8ncia\",\"description\":\"Cinema del Mediterrani\",\"potentialAction\":[{\"@type\":\"SearchAction\",\"target\":{\"@type\":\"EntryPoint\",\"urlTemplate\":\"https:\\\/\\\/lamostradevalencia.com\\\/ca\\\/?s={search_term_string}\"},\"query-input\":{\"@type\":\"PropertyValueSpecification\",\"valueRequired\":true,\"valueName\":\"search_term_string\"}}],\"inLanguage\":\"ca\"},{\"@type\":\"Person\",\"@id\":\"https:\\\/\\\/lamostradevalencia.com\\\/ca\\\/#\\\/schema\\\/person\\\/361c3c0dd5489e78ad78ee4f8332efac\",\"name\":\"contenidos\",\"image\":{\"@type\":\"ImageObject\",\"inLanguage\":\"ca\",\"@id\":\"https:\\\/\\\/secure.gravatar.com\\\/avatar\\\/a87eddc188a32d5a0371ff92ef616b5006a91e389296d49d081f8d424eef134c?s=96&d=mm&r=g\",\"url\":\"https:\\\/\\\/secure.gravatar.com\\\/avatar\\\/a87eddc188a32d5a0371ff92ef616b5006a91e389296d49d081f8d424eef134c?s=96&d=mm&r=g\",\"contentUrl\":\"https:\\\/\\\/secure.gravatar.com\\\/avatar\\\/a87eddc188a32d5a0371ff92ef616b5006a91e389296d49d081f8d424eef134c?s=96&d=mm&r=g\",\"caption\":\"contenidos\"}}]}<\/script>\n<!-- \/ Yoast SEO plugin. -->","yoast_head_json":{"title":"\"SI LE VENT TOMBE\": VIATGE ENLLOC","description":"Notable \u00f2pera prima de Nora Martirosyan","robots":{"index":"index","follow":"follow","max-snippet":"max-snippet:-1","max-image-preview":"max-image-preview:large","max-video-preview":"max-video-preview:-1"},"canonical":"https:\/\/lamostradevalencia.com\/ca\/si-le-vent-tombe-viatge-enlloc\/","og_locale":"ca_ES","og_type":"article","og_title":"\"SI LE VENT TOMBE\": VIATGE ENLLOC","og_description":"Notable \u00f2pera prima de Nora Martirosyan","og_url":"https:\/\/lamostradevalencia.com\/ca\/si-le-vent-tombe-viatge-enlloc\/","og_site_name":"Mostra de Val\u00e8ncia","article_published_time":"2021-09-28T14:04:07+00:00","og_image":[{"width":1024,"height":659,"url":"https:\/\/lamostradevalencia.com\/wp-content\/uploads\/2021\/09\/si-le-vent-tombe-1.jpg","type":"image\/jpeg"}],"author":"contenidos","twitter_card":"summary_large_image","twitter_misc":{"Escrit per":"contenidos","Temps estimat de lectura":"3 minuts"},"schema":{"@context":"https:\/\/schema.org","@graph":[{"@type":"Article","@id":"https:\/\/lamostradevalencia.com\/ca\/si-le-vent-tombe-viatge-enlloc\/#article","isPartOf":{"@id":"https:\/\/lamostradevalencia.com\/ca\/si-le-vent-tombe-viatge-enlloc\/"},"author":{"name":"contenidos","@id":"https:\/\/lamostradevalencia.com\/ca\/#\/schema\/person\/361c3c0dd5489e78ad78ee4f8332efac"},"headline":"&#8220;SI LE VENT TOMBE&#8221;: VIATGE ENLLOC","datePublished":"2021-09-28T14:04:07+00:00","mainEntityOfPage":{"@id":"https:\/\/lamostradevalencia.com\/ca\/si-le-vent-tombe-viatge-enlloc\/"},"wordCount":648,"commentCount":0,"image":{"@id":"https:\/\/lamostradevalencia.com\/ca\/si-le-vent-tombe-viatge-enlloc\/#primaryimage"},"thumbnailUrl":"https:\/\/lamostradevalencia.com\/wp-content\/uploads\/2021\/09\/si-le-vent-tombe-1.jpg","keywords":["secci\u00f3 informativa"],"articleSection":["Noticies"],"inLanguage":"ca","potentialAction":[{"@type":"CommentAction","name":"Comment","target":["https:\/\/lamostradevalencia.com\/ca\/si-le-vent-tombe-viatge-enlloc\/#respond"]}]},{"@type":"WebPage","@id":"https:\/\/lamostradevalencia.com\/ca\/si-le-vent-tombe-viatge-enlloc\/","url":"https:\/\/lamostradevalencia.com\/ca\/si-le-vent-tombe-viatge-enlloc\/","name":"\"SI LE VENT TOMBE\": VIATGE ENLLOC","isPartOf":{"@id":"https:\/\/lamostradevalencia.com\/ca\/#website"},"primaryImageOfPage":{"@id":"https:\/\/lamostradevalencia.com\/ca\/si-le-vent-tombe-viatge-enlloc\/#primaryimage"},"image":{"@id":"https:\/\/lamostradevalencia.com\/ca\/si-le-vent-tombe-viatge-enlloc\/#primaryimage"},"thumbnailUrl":"https:\/\/lamostradevalencia.com\/wp-content\/uploads\/2021\/09\/si-le-vent-tombe-1.jpg","datePublished":"2021-09-28T14:04:07+00:00","author":{"@id":"https:\/\/lamostradevalencia.com\/ca\/#\/schema\/person\/361c3c0dd5489e78ad78ee4f8332efac"},"description":"Notable \u00f2pera prima de Nora Martirosyan","breadcrumb":{"@id":"https:\/\/lamostradevalencia.com\/ca\/si-le-vent-tombe-viatge-enlloc\/#breadcrumb"},"inLanguage":"ca","potentialAction":[{"@type":"ReadAction","target":["https:\/\/lamostradevalencia.com\/ca\/si-le-vent-tombe-viatge-enlloc\/"]}]},{"@type":"ImageObject","inLanguage":"ca","@id":"https:\/\/lamostradevalencia.com\/ca\/si-le-vent-tombe-viatge-enlloc\/#primaryimage","url":"https:\/\/lamostradevalencia.com\/wp-content\/uploads\/2021\/09\/si-le-vent-tombe-1.jpg","contentUrl":"https:\/\/lamostradevalencia.com\/wp-content\/uploads\/2021\/09\/si-le-vent-tombe-1.jpg","width":1024,"height":659},{"@type":"BreadcrumbList","@id":"https:\/\/lamostradevalencia.com\/ca\/si-le-vent-tombe-viatge-enlloc\/#breadcrumb","itemListElement":[{"@type":"ListItem","position":1,"name":"Portada","item":"https:\/\/lamostradevalencia.com\/ca\/"},{"@type":"ListItem","position":2,"name":"\u00abSI LE VENT TOMBE\u00bb: VIATGE ENLLOC"}]},{"@type":"WebSite","@id":"https:\/\/lamostradevalencia.com\/ca\/#website","url":"https:\/\/lamostradevalencia.com\/ca\/","name":"Mostra de Val\u00e8ncia","description":"Cinema del Mediterrani","potentialAction":[{"@type":"SearchAction","target":{"@type":"EntryPoint","urlTemplate":"https:\/\/lamostradevalencia.com\/ca\/?s={search_term_string}"},"query-input":{"@type":"PropertyValueSpecification","valueRequired":true,"valueName":"search_term_string"}}],"inLanguage":"ca"},{"@type":"Person","@id":"https:\/\/lamostradevalencia.com\/ca\/#\/schema\/person\/361c3c0dd5489e78ad78ee4f8332efac","name":"contenidos","image":{"@type":"ImageObject","inLanguage":"ca","@id":"https:\/\/secure.gravatar.com\/avatar\/a87eddc188a32d5a0371ff92ef616b5006a91e389296d49d081f8d424eef134c?s=96&d=mm&r=g","url":"https:\/\/secure.gravatar.com\/avatar\/a87eddc188a32d5a0371ff92ef616b5006a91e389296d49d081f8d424eef134c?s=96&d=mm&r=g","contentUrl":"https:\/\/secure.gravatar.com\/avatar\/a87eddc188a32d5a0371ff92ef616b5006a91e389296d49d081f8d424eef134c?s=96&d=mm&r=g","caption":"contenidos"}}]}},"uagb_featured_image_src":{"full":["https:\/\/lamostradevalencia.com\/wp-content\/uploads\/2021\/09\/si-le-vent-tombe-1.jpg",1024,659,false],"thumbnail":["https:\/\/lamostradevalencia.com\/wp-content\/uploads\/2021\/09\/si-le-vent-tombe-1-150x150.jpg",150,150,true],"medium":["https:\/\/lamostradevalencia.com\/wp-content\/uploads\/2021\/09\/si-le-vent-tombe-1-300x193.jpg",300,193,true],"medium_large":["https:\/\/lamostradevalencia.com\/wp-content\/uploads\/2021\/09\/si-le-vent-tombe-1-768x494.jpg",768,494,true],"large":["https:\/\/lamostradevalencia.com\/wp-content\/uploads\/2021\/09\/si-le-vent-tombe-1.jpg",1024,659,false],"1536x1536":["https:\/\/lamostradevalencia.com\/wp-content\/uploads\/2021\/09\/si-le-vent-tombe-1.jpg",1024,659,false],"2048x2048":["https:\/\/lamostradevalencia.com\/wp-content\/uploads\/2021\/09\/si-le-vent-tombe-1.jpg",1024,659,false],"cinerama_edge_image_square":["https:\/\/lamostradevalencia.com\/wp-content\/uploads\/2021\/09\/si-le-vent-tombe-1-550x550.jpg",550,550,true],"cinerama_edge_image_landscape":["https:\/\/lamostradevalencia.com\/wp-content\/uploads\/2021\/09\/si-le-vent-tombe-1-1024x550.jpg",1024,550,true],"cinerama_edge_image_portrait":["https:\/\/lamostradevalencia.com\/wp-content\/uploads\/2021\/09\/si-le-vent-tombe-1-550x659.jpg",550,659,true],"cinerama_edge_image_huge":["https:\/\/lamostradevalencia.com\/wp-content\/uploads\/2021\/09\/si-le-vent-tombe-1.jpg",1024,659,false],"gform-image-choice-sm":["https:\/\/lamostradevalencia.com\/wp-content\/uploads\/2021\/09\/si-le-vent-tombe-1.jpg",300,193,false],"gform-image-choice-md":["https:\/\/lamostradevalencia.com\/wp-content\/uploads\/2021\/09\/si-le-vent-tombe-1.jpg",400,257,false],"gform-image-choice-lg":["https:\/\/lamostradevalencia.com\/wp-content\/uploads\/2021\/09\/si-le-vent-tombe-1.jpg",600,386,false]},"uagb_author_info":{"display_name":"contenidos","author_link":"https:\/\/lamostradevalencia.com\/ca\/author\/contenidos\/"},"uagb_comment_info":0,"uagb_excerpt":"Existixen algunes pel\u00b7l\u00edcules en les quals nom\u00e9s \u00e9s possible involucrar-se si es deixa arrere all\u00f2 en qu\u00e8 creiem fermament i que conforma la nostra her\u00e8ncia [&hellip;]","_links":{"self":[{"href":"https:\/\/lamostradevalencia.com\/ca\/wp-json\/wp\/v2\/posts\/12378","targetHints":{"allow":["GET"]}}],"collection":[{"href":"https:\/\/lamostradevalencia.com\/ca\/wp-json\/wp\/v2\/posts"}],"about":[{"href":"https:\/\/lamostradevalencia.com\/ca\/wp-json\/wp\/v2\/types\/post"}],"author":[{"embeddable":true,"href":"https:\/\/lamostradevalencia.com\/ca\/wp-json\/wp\/v2\/users\/3"}],"replies":[{"embeddable":true,"href":"https:\/\/lamostradevalencia.com\/ca\/wp-json\/wp\/v2\/comments?post=12378"}],"version-history":[{"count":2,"href":"https:\/\/lamostradevalencia.com\/ca\/wp-json\/wp\/v2\/posts\/12378\/revisions"}],"predecessor-version":[{"id":12380,"href":"https:\/\/lamostradevalencia.com\/ca\/wp-json\/wp\/v2\/posts\/12378\/revisions\/12380"}],"wp:featuredmedia":[{"embeddable":true,"href":"https:\/\/lamostradevalencia.com\/ca\/wp-json\/wp\/v2\/media\/11898"}],"wp:attachment":[{"href":"https:\/\/lamostradevalencia.com\/ca\/wp-json\/wp\/v2\/media?parent=12378"}],"wp:term":[{"taxonomy":"category","embeddable":true,"href":"https:\/\/lamostradevalencia.com\/ca\/wp-json\/wp\/v2\/categories?post=12378"},{"taxonomy":"post_tag","embeddable":true,"href":"https:\/\/lamostradevalencia.com\/ca\/wp-json\/wp\/v2\/tags?post=12378"}],"curies":[{"name":"wp","href":"https:\/\/api.w.org\/{rel}","templated":true}]}}