{"id":12360,"date":"2021-09-28T15:48:57","date_gmt":"2021-09-28T13:48:57","guid":{"rendered":"https:\/\/lamostradevalencia.com\/?p=12360"},"modified":"2021-09-28T15:48:57","modified_gmt":"2021-09-28T13:48:57","slug":"blackberry-season-la-lluita-kurda-continua","status":"publish","type":"post","link":"https:\/\/lamostradevalencia.com\/ca\/blackberry-season-la-lluita-kurda-continua\/","title":{"rendered":"&#8220;BLACKBERRY SEASON&#8221;: LA LLUITA KURDA CONTINUA"},"content":{"rendered":"<p>De segur que molts espectadors de la Mostra de Val\u00e8ncia recorden la pel\u00b7l\u00edcula &#8220;Per la llibertat&#8221;, projectada en l&#8217;edici\u00f3 2020 del festival i guardonada amb la Palmera de Bronze. Es tractava de la primera producci\u00f3 de ficci\u00f3 de la Rojava Film Comune, un projecte iniciat en 2015 per diversos cineastes kurds amb l&#8217;objectiu de contar les seues pr\u00f2pies hist\u00f2ries i contribuir a la lluita per la llibertat del Kurdistan.<\/p>\n<p>Nom\u00e9s un any despr\u00e9s, la Secci\u00f3 Informativa de la Mostra acull l&#8217;estrena mundial de &#8220;Blackberry Season&#8221;, la nova pel\u00b7l\u00edcula de la comuna f\u00edlmica, basada en la novel\u00b7la &#8220;Bog\u00fcrtlen Zamani&#8221; (&#8220;Temporada de mores&#8221;), on Murat Turk, que porta 30 anys en la pres\u00f3, comptava les seues experi\u00e8ncies com a guerriller. El director Ha\u0219\u00eem Aydem\u00eer explica els motius que el van portar a realitzar-la. &#8220;La geografia del Kurdistan va ser testimoni d&#8217;un per\u00edode extrem de guerra i viol\u00e8ncia durant la d\u00e8cada dels noranta. Desenes de milers de persones van perdre la vida, milers de llogarets van ser destru\u00efts i milions es van veure obligats a emigrar durant uns enfrontaments que duren m\u00e9s de 40 anys en tot Kurdistan&#8221;, assegura. &#8220;La novel\u00b7la \u00e9s important perqu\u00e8 expressa la realitat d&#8217;este per\u00edode des dels primers dies. I encara que ha atret l&#8217;atenci\u00f3 mundial per repel\u00b7lir els recents atacs d\u2019ISIS i generar una certa esperan\u00e7a a l\u2019Orient Mitj\u00e0, la guerrilla kurda no gaudix encara d&#8217;una representaci\u00f3 significativa al cinema&#8221;.<\/p>\n<p>&nbsp;<\/p>\n<p><img loading=\"lazy\" decoding=\"async\" class=\" wp-image-10834 aligncenter\" src=\"https:\/\/lamostradevalencia.com\/wp-content\/uploads\/2021\/09\/Blackberry-Season-300x135.jpg\" alt=\"\" width=\"573\" height=\"258\" srcset=\"https:\/\/lamostradevalencia.com\/wp-content\/uploads\/2021\/09\/Blackberry-Season-300x135.jpg 300w, https:\/\/lamostradevalencia.com\/wp-content\/uploads\/2021\/09\/Blackberry-Season-1024x462.jpg 1024w, https:\/\/lamostradevalencia.com\/wp-content\/uploads\/2021\/09\/Blackberry-Season-768x346.jpg 768w, https:\/\/lamostradevalencia.com\/wp-content\/uploads\/2021\/09\/Blackberry-Season.jpg 1146w\" sizes=\"auto, (max-width: 573px) 100vw, 573px\" \/><\/p>\n<p>&nbsp;<\/p>\n<p>Per aix\u00f2 des de Rojava es treballa actualment amb l&#8217;objectiu de crear un relat des de l&#8217;audiovisual que puga arribar a tots els racons del m\u00f3n. En el cas de &#8220;Blackberry Season&#8221;, a trav\u00e9s de la hist\u00f2ria de Servan, un jove que torna a la seua ciutat natal despr\u00e9s d&#8217;acabar els estudis universitaris per a ser testimoni de l&#8217;incendi del seu llogaret i d\u2019altres atrocitats que el porten a unir-se a la resist\u00e8ncia kurda. Quan resulta greument ferit en un enfrontament amb l&#8217;ex\u00e8rcit turc, insistix als seus companys a quedar-se arrere per a no frenar la seua fugida. Per\u00f2, contra tot pron\u00f2stic, aconseguix sobreviure, i tractar\u00e0 de reunir-se de nou amb la guerrilla, en un viatge en el qual trobar\u00e0 la solidaritat dels vilatans kurds, per\u00f2 tamb\u00e9 l&#8217;assetjament dels esquadrons de la mort.<\/p>\n<p>Aydem\u00eer reconeix que quan va llegir la novel\u00b7la de Turk es va sentir molt commogut, &#8220;perqu\u00e8 la meua fam\u00edlia es trobava entre les que es van veure obligades a emigrar. Em preguntava per qu\u00e8 el llibre mai havia sigut adaptat al cinema. La hist\u00f2ria de Servan personificava, de manera literal, la de milions de joves kurds com jo mateix. En la d\u00e8cada dels 90, m\u00e9s de tres milions de kurds van haver de marxar dels seus pobles a les ciutats i els guetos urbans. Molts d&#8217;ells es van unir a la guerrilla per a posar de manifest la seua resist\u00e8ncia i contraatacar d&#8217;alguna manera. Tots els kurds poden identificar-se d&#8217;una manera o un altre amb Servan. El seu esperit de lluita i la seua relaci\u00f3 amb la naturalesa van despertar en mi el desig de convertir la seua hist\u00f2ria en una pel\u00b7l\u00edcula&#8221;.<\/p>\n<p>&#8220;Blackberry Season&#8221; tindr\u00e0 la seua estrena mundial en el marc de la Mostra de Val\u00e8ncia-Cinema del Mediterrani i, com tots els t\u00edtols que integren la Secci\u00f3 Informativa, opta al Premi del P\u00fablic, promogut per \u00c0 Punt M\u00e8dia i consistent en l&#8217;adquisici\u00f3 dels drets de la pel\u00b7l\u00edcula per a la seua emissi\u00f3 en la plataforma auton\u00f2mica.<\/p>\n","protected":false},"excerpt":{"rendered":"<p>De segur que molts espectadors de la Mostra de Val\u00e8ncia recorden la pel\u00b7l\u00edcula &#8220;Per la llibertat&#8221;, projectada en l&#8217;edici\u00f3 2020 del festival i guardonada amb [&hellip;]<\/p>\n","protected":false},"author":3,"featured_media":12362,"comment_status":"open","ping_status":"open","sticky":false,"template":"","format":"standard","meta":{"_uag_custom_page_level_css":"","_jet_sm_ready_style":"","_jet_sm_style":"","_jet_sm_controls_values":"","_jet_sm_fonts_collection":"","_jet_sm_fonts_links":"","footnotes":""},"categories":[455],"tags":[2840],"class_list":["post-12360","post","type-post","status-publish","format-standard","has-post-thumbnail","hentry","category-noticies","tag-seccio-informativa"],"yoast_head":"<!-- This site is optimized with the Yoast SEO plugin v27.5 - https:\/\/yoast.com\/product\/yoast-seo-wordpress\/ -->\n<title>&quot;BLACKBERRY SEASON&quot;: LA LLUITA KURDA CONTINUA<\/title>\n<meta name=\"description\" content=\"Estrena mundial del nou film de la Rojava Film Commune\" \/>\n<meta name=\"robots\" content=\"index, follow, max-snippet:-1, max-image-preview:large, max-video-preview:-1\" \/>\n<link rel=\"canonical\" href=\"https:\/\/lamostradevalencia.com\/ca\/blackberry-season-la-lluita-kurda-continua\/\" \/>\n<meta property=\"og:locale\" content=\"ca_ES\" \/>\n<meta property=\"og:type\" content=\"article\" \/>\n<meta property=\"og:title\" content=\"&quot;BLACKBERRY SEASON&quot;: LA LLUITA KURDA CONTINUA\" \/>\n<meta property=\"og:description\" content=\"Estrena mundial del nou film de la Rojava Film Commune\" \/>\n<meta property=\"og:url\" content=\"https:\/\/lamostradevalencia.com\/ca\/blackberry-season-la-lluita-kurda-continua\/\" \/>\n<meta property=\"og:site_name\" content=\"Mostra de Val\u00e8ncia\" \/>\n<meta property=\"article:published_time\" content=\"2021-09-28T13:48:57+00:00\" \/>\n<meta property=\"og:image\" content=\"https:\/\/lamostradevalencia.com\/wp-content\/uploads\/2021\/09\/Blackberry-Season.png\" \/>\n\t<meta property=\"og:image:width\" content=\"1188\" \/>\n\t<meta property=\"og:image:height\" content=\"613\" \/>\n\t<meta property=\"og:image:type\" content=\"image\/png\" \/>\n<meta name=\"author\" content=\"contenidos\" \/>\n<meta name=\"twitter:card\" content=\"summary_large_image\" \/>\n<meta name=\"twitter:label1\" content=\"Escrit per\" \/>\n\t<meta name=\"twitter:data1\" content=\"contenidos\" \/>\n\t<meta name=\"twitter:label2\" content=\"Temps estimat de lectura\" \/>\n\t<meta name=\"twitter:data2\" content=\"3 minuts\" \/>\n<script type=\"application\/ld+json\" class=\"yoast-schema-graph\">{\"@context\":\"https:\\\/\\\/schema.org\",\"@graph\":[{\"@type\":\"Article\",\"@id\":\"https:\\\/\\\/lamostradevalencia.com\\\/ca\\\/blackberry-season-la-lluita-kurda-continua\\\/#article\",\"isPartOf\":{\"@id\":\"https:\\\/\\\/lamostradevalencia.com\\\/ca\\\/blackberry-season-la-lluita-kurda-continua\\\/\"},\"author\":{\"name\":\"contenidos\",\"@id\":\"https:\\\/\\\/lamostradevalencia.com\\\/ca\\\/#\\\/schema\\\/person\\\/361c3c0dd5489e78ad78ee4f8332efac\"},\"headline\":\"&#8220;BLACKBERRY SEASON&#8221;: LA LLUITA KURDA CONTINUA\",\"datePublished\":\"2021-09-28T13:48:57+00:00\",\"mainEntityOfPage\":{\"@id\":\"https:\\\/\\\/lamostradevalencia.com\\\/ca\\\/blackberry-season-la-lluita-kurda-continua\\\/\"},\"wordCount\":632,\"commentCount\":0,\"image\":{\"@id\":\"https:\\\/\\\/lamostradevalencia.com\\\/ca\\\/blackberry-season-la-lluita-kurda-continua\\\/#primaryimage\"},\"thumbnailUrl\":\"https:\\\/\\\/lamostradevalencia.com\\\/wp-content\\\/uploads\\\/2021\\\/09\\\/Blackberry-Season.png\",\"keywords\":[\"secci\u00f3 informativa\"],\"articleSection\":[\"Noticies\"],\"inLanguage\":\"ca\",\"potentialAction\":[{\"@type\":\"CommentAction\",\"name\":\"Comment\",\"target\":[\"https:\\\/\\\/lamostradevalencia.com\\\/ca\\\/blackberry-season-la-lluita-kurda-continua\\\/#respond\"]}]},{\"@type\":\"WebPage\",\"@id\":\"https:\\\/\\\/lamostradevalencia.com\\\/ca\\\/blackberry-season-la-lluita-kurda-continua\\\/\",\"url\":\"https:\\\/\\\/lamostradevalencia.com\\\/ca\\\/blackberry-season-la-lluita-kurda-continua\\\/\",\"name\":\"\\\"BLACKBERRY SEASON\\\": LA LLUITA KURDA CONTINUA\",\"isPartOf\":{\"@id\":\"https:\\\/\\\/lamostradevalencia.com\\\/ca\\\/#website\"},\"primaryImageOfPage\":{\"@id\":\"https:\\\/\\\/lamostradevalencia.com\\\/ca\\\/blackberry-season-la-lluita-kurda-continua\\\/#primaryimage\"},\"image\":{\"@id\":\"https:\\\/\\\/lamostradevalencia.com\\\/ca\\\/blackberry-season-la-lluita-kurda-continua\\\/#primaryimage\"},\"thumbnailUrl\":\"https:\\\/\\\/lamostradevalencia.com\\\/wp-content\\\/uploads\\\/2021\\\/09\\\/Blackberry-Season.png\",\"datePublished\":\"2021-09-28T13:48:57+00:00\",\"author\":{\"@id\":\"https:\\\/\\\/lamostradevalencia.com\\\/ca\\\/#\\\/schema\\\/person\\\/361c3c0dd5489e78ad78ee4f8332efac\"},\"description\":\"Estrena mundial del nou film de la Rojava Film Commune\",\"breadcrumb\":{\"@id\":\"https:\\\/\\\/lamostradevalencia.com\\\/ca\\\/blackberry-season-la-lluita-kurda-continua\\\/#breadcrumb\"},\"inLanguage\":\"ca\",\"potentialAction\":[{\"@type\":\"ReadAction\",\"target\":[\"https:\\\/\\\/lamostradevalencia.com\\\/ca\\\/blackberry-season-la-lluita-kurda-continua\\\/\"]}]},{\"@type\":\"ImageObject\",\"inLanguage\":\"ca\",\"@id\":\"https:\\\/\\\/lamostradevalencia.com\\\/ca\\\/blackberry-season-la-lluita-kurda-continua\\\/#primaryimage\",\"url\":\"https:\\\/\\\/lamostradevalencia.com\\\/wp-content\\\/uploads\\\/2021\\\/09\\\/Blackberry-Season.png\",\"contentUrl\":\"https:\\\/\\\/lamostradevalencia.com\\\/wp-content\\\/uploads\\\/2021\\\/09\\\/Blackberry-Season.png\",\"width\":1188,\"height\":613},{\"@type\":\"BreadcrumbList\",\"@id\":\"https:\\\/\\\/lamostradevalencia.com\\\/ca\\\/blackberry-season-la-lluita-kurda-continua\\\/#breadcrumb\",\"itemListElement\":[{\"@type\":\"ListItem\",\"position\":1,\"name\":\"Portada\",\"item\":\"https:\\\/\\\/lamostradevalencia.com\\\/ca\\\/\"},{\"@type\":\"ListItem\",\"position\":2,\"name\":\"\u00abBLACKBERRY SEASON\u00bb: LA LLUITA KURDA CONTINUA\"}]},{\"@type\":\"WebSite\",\"@id\":\"https:\\\/\\\/lamostradevalencia.com\\\/ca\\\/#website\",\"url\":\"https:\\\/\\\/lamostradevalencia.com\\\/ca\\\/\",\"name\":\"Mostra de Val\u00e8ncia\",\"description\":\"Cinema del Mediterrani\",\"potentialAction\":[{\"@type\":\"SearchAction\",\"target\":{\"@type\":\"EntryPoint\",\"urlTemplate\":\"https:\\\/\\\/lamostradevalencia.com\\\/ca\\\/?s={search_term_string}\"},\"query-input\":{\"@type\":\"PropertyValueSpecification\",\"valueRequired\":true,\"valueName\":\"search_term_string\"}}],\"inLanguage\":\"ca\"},{\"@type\":\"Person\",\"@id\":\"https:\\\/\\\/lamostradevalencia.com\\\/ca\\\/#\\\/schema\\\/person\\\/361c3c0dd5489e78ad78ee4f8332efac\",\"name\":\"contenidos\",\"image\":{\"@type\":\"ImageObject\",\"inLanguage\":\"ca\",\"@id\":\"https:\\\/\\\/secure.gravatar.com\\\/avatar\\\/a87eddc188a32d5a0371ff92ef616b5006a91e389296d49d081f8d424eef134c?s=96&d=mm&r=g\",\"url\":\"https:\\\/\\\/secure.gravatar.com\\\/avatar\\\/a87eddc188a32d5a0371ff92ef616b5006a91e389296d49d081f8d424eef134c?s=96&d=mm&r=g\",\"contentUrl\":\"https:\\\/\\\/secure.gravatar.com\\\/avatar\\\/a87eddc188a32d5a0371ff92ef616b5006a91e389296d49d081f8d424eef134c?s=96&d=mm&r=g\",\"caption\":\"contenidos\"}}]}<\/script>\n<!-- \/ Yoast SEO plugin. -->","yoast_head_json":{"title":"\"BLACKBERRY SEASON\": LA LLUITA KURDA CONTINUA","description":"Estrena mundial del nou film de la Rojava Film Commune","robots":{"index":"index","follow":"follow","max-snippet":"max-snippet:-1","max-image-preview":"max-image-preview:large","max-video-preview":"max-video-preview:-1"},"canonical":"https:\/\/lamostradevalencia.com\/ca\/blackberry-season-la-lluita-kurda-continua\/","og_locale":"ca_ES","og_type":"article","og_title":"\"BLACKBERRY SEASON\": LA LLUITA KURDA CONTINUA","og_description":"Estrena mundial del nou film de la Rojava Film Commune","og_url":"https:\/\/lamostradevalencia.com\/ca\/blackberry-season-la-lluita-kurda-continua\/","og_site_name":"Mostra de Val\u00e8ncia","article_published_time":"2021-09-28T13:48:57+00:00","og_image":[{"width":1188,"height":613,"url":"https:\/\/lamostradevalencia.com\/wp-content\/uploads\/2021\/09\/Blackberry-Season.png","type":"image\/png"}],"author":"contenidos","twitter_card":"summary_large_image","twitter_misc":{"Escrit per":"contenidos","Temps estimat de lectura":"3 minuts"},"schema":{"@context":"https:\/\/schema.org","@graph":[{"@type":"Article","@id":"https:\/\/lamostradevalencia.com\/ca\/blackberry-season-la-lluita-kurda-continua\/#article","isPartOf":{"@id":"https:\/\/lamostradevalencia.com\/ca\/blackberry-season-la-lluita-kurda-continua\/"},"author":{"name":"contenidos","@id":"https:\/\/lamostradevalencia.com\/ca\/#\/schema\/person\/361c3c0dd5489e78ad78ee4f8332efac"},"headline":"&#8220;BLACKBERRY SEASON&#8221;: LA LLUITA KURDA CONTINUA","datePublished":"2021-09-28T13:48:57+00:00","mainEntityOfPage":{"@id":"https:\/\/lamostradevalencia.com\/ca\/blackberry-season-la-lluita-kurda-continua\/"},"wordCount":632,"commentCount":0,"image":{"@id":"https:\/\/lamostradevalencia.com\/ca\/blackberry-season-la-lluita-kurda-continua\/#primaryimage"},"thumbnailUrl":"https:\/\/lamostradevalencia.com\/wp-content\/uploads\/2021\/09\/Blackberry-Season.png","keywords":["secci\u00f3 informativa"],"articleSection":["Noticies"],"inLanguage":"ca","potentialAction":[{"@type":"CommentAction","name":"Comment","target":["https:\/\/lamostradevalencia.com\/ca\/blackberry-season-la-lluita-kurda-continua\/#respond"]}]},{"@type":"WebPage","@id":"https:\/\/lamostradevalencia.com\/ca\/blackberry-season-la-lluita-kurda-continua\/","url":"https:\/\/lamostradevalencia.com\/ca\/blackberry-season-la-lluita-kurda-continua\/","name":"\"BLACKBERRY SEASON\": LA LLUITA KURDA CONTINUA","isPartOf":{"@id":"https:\/\/lamostradevalencia.com\/ca\/#website"},"primaryImageOfPage":{"@id":"https:\/\/lamostradevalencia.com\/ca\/blackberry-season-la-lluita-kurda-continua\/#primaryimage"},"image":{"@id":"https:\/\/lamostradevalencia.com\/ca\/blackberry-season-la-lluita-kurda-continua\/#primaryimage"},"thumbnailUrl":"https:\/\/lamostradevalencia.com\/wp-content\/uploads\/2021\/09\/Blackberry-Season.png","datePublished":"2021-09-28T13:48:57+00:00","author":{"@id":"https:\/\/lamostradevalencia.com\/ca\/#\/schema\/person\/361c3c0dd5489e78ad78ee4f8332efac"},"description":"Estrena mundial del nou film de la Rojava Film Commune","breadcrumb":{"@id":"https:\/\/lamostradevalencia.com\/ca\/blackberry-season-la-lluita-kurda-continua\/#breadcrumb"},"inLanguage":"ca","potentialAction":[{"@type":"ReadAction","target":["https:\/\/lamostradevalencia.com\/ca\/blackberry-season-la-lluita-kurda-continua\/"]}]},{"@type":"ImageObject","inLanguage":"ca","@id":"https:\/\/lamostradevalencia.com\/ca\/blackberry-season-la-lluita-kurda-continua\/#primaryimage","url":"https:\/\/lamostradevalencia.com\/wp-content\/uploads\/2021\/09\/Blackberry-Season.png","contentUrl":"https:\/\/lamostradevalencia.com\/wp-content\/uploads\/2021\/09\/Blackberry-Season.png","width":1188,"height":613},{"@type":"BreadcrumbList","@id":"https:\/\/lamostradevalencia.com\/ca\/blackberry-season-la-lluita-kurda-continua\/#breadcrumb","itemListElement":[{"@type":"ListItem","position":1,"name":"Portada","item":"https:\/\/lamostradevalencia.com\/ca\/"},{"@type":"ListItem","position":2,"name":"\u00abBLACKBERRY SEASON\u00bb: LA LLUITA KURDA CONTINUA"}]},{"@type":"WebSite","@id":"https:\/\/lamostradevalencia.com\/ca\/#website","url":"https:\/\/lamostradevalencia.com\/ca\/","name":"Mostra de Val\u00e8ncia","description":"Cinema del Mediterrani","potentialAction":[{"@type":"SearchAction","target":{"@type":"EntryPoint","urlTemplate":"https:\/\/lamostradevalencia.com\/ca\/?s={search_term_string}"},"query-input":{"@type":"PropertyValueSpecification","valueRequired":true,"valueName":"search_term_string"}}],"inLanguage":"ca"},{"@type":"Person","@id":"https:\/\/lamostradevalencia.com\/ca\/#\/schema\/person\/361c3c0dd5489e78ad78ee4f8332efac","name":"contenidos","image":{"@type":"ImageObject","inLanguage":"ca","@id":"https:\/\/secure.gravatar.com\/avatar\/a87eddc188a32d5a0371ff92ef616b5006a91e389296d49d081f8d424eef134c?s=96&d=mm&r=g","url":"https:\/\/secure.gravatar.com\/avatar\/a87eddc188a32d5a0371ff92ef616b5006a91e389296d49d081f8d424eef134c?s=96&d=mm&r=g","contentUrl":"https:\/\/secure.gravatar.com\/avatar\/a87eddc188a32d5a0371ff92ef616b5006a91e389296d49d081f8d424eef134c?s=96&d=mm&r=g","caption":"contenidos"}}]}},"uagb_featured_image_src":{"full":["https:\/\/lamostradevalencia.com\/wp-content\/uploads\/2021\/09\/Blackberry-Season.png",1188,613,false],"thumbnail":["https:\/\/lamostradevalencia.com\/wp-content\/uploads\/2021\/09\/Blackberry-Season-150x150.png",150,150,true],"medium":["https:\/\/lamostradevalencia.com\/wp-content\/uploads\/2021\/09\/Blackberry-Season-300x155.png",300,155,true],"medium_large":["https:\/\/lamostradevalencia.com\/wp-content\/uploads\/2021\/09\/Blackberry-Season-768x396.png",768,396,true],"large":["https:\/\/lamostradevalencia.com\/wp-content\/uploads\/2021\/09\/Blackberry-Season-1024x528.png",1024,528,true],"1536x1536":["https:\/\/lamostradevalencia.com\/wp-content\/uploads\/2021\/09\/Blackberry-Season.png",1188,613,false],"2048x2048":["https:\/\/lamostradevalencia.com\/wp-content\/uploads\/2021\/09\/Blackberry-Season.png",1188,613,false],"cinerama_edge_image_square":["https:\/\/lamostradevalencia.com\/wp-content\/uploads\/2021\/09\/Blackberry-Season-550x550.png",550,550,true],"cinerama_edge_image_landscape":["https:\/\/lamostradevalencia.com\/wp-content\/uploads\/2021\/09\/Blackberry-Season-1100x550.png",1100,550,true],"cinerama_edge_image_portrait":["https:\/\/lamostradevalencia.com\/wp-content\/uploads\/2021\/09\/Blackberry-Season-550x613.png",550,613,true],"cinerama_edge_image_huge":["https:\/\/lamostradevalencia.com\/wp-content\/uploads\/2021\/09\/Blackberry-Season-1100x613.png",1100,613,true],"gform-image-choice-sm":["https:\/\/lamostradevalencia.com\/wp-content\/uploads\/2021\/09\/Blackberry-Season.png",300,155,false],"gform-image-choice-md":["https:\/\/lamostradevalencia.com\/wp-content\/uploads\/2021\/09\/Blackberry-Season.png",400,206,false],"gform-image-choice-lg":["https:\/\/lamostradevalencia.com\/wp-content\/uploads\/2021\/09\/Blackberry-Season.png",600,310,false]},"uagb_author_info":{"display_name":"contenidos","author_link":"https:\/\/lamostradevalencia.com\/ca\/author\/contenidos\/"},"uagb_comment_info":0,"uagb_excerpt":"De segur que molts espectadors de la Mostra de Val\u00e8ncia recorden la pel\u00b7l\u00edcula &#8220;Per la llibertat&#8221;, projectada en l&#8217;edici\u00f3 2020 del festival i guardonada amb [&hellip;]","_links":{"self":[{"href":"https:\/\/lamostradevalencia.com\/ca\/wp-json\/wp\/v2\/posts\/12360","targetHints":{"allow":["GET"]}}],"collection":[{"href":"https:\/\/lamostradevalencia.com\/ca\/wp-json\/wp\/v2\/posts"}],"about":[{"href":"https:\/\/lamostradevalencia.com\/ca\/wp-json\/wp\/v2\/types\/post"}],"author":[{"embeddable":true,"href":"https:\/\/lamostradevalencia.com\/ca\/wp-json\/wp\/v2\/users\/3"}],"replies":[{"embeddable":true,"href":"https:\/\/lamostradevalencia.com\/ca\/wp-json\/wp\/v2\/comments?post=12360"}],"version-history":[{"count":2,"href":"https:\/\/lamostradevalencia.com\/ca\/wp-json\/wp\/v2\/posts\/12360\/revisions"}],"predecessor-version":[{"id":12367,"href":"https:\/\/lamostradevalencia.com\/ca\/wp-json\/wp\/v2\/posts\/12360\/revisions\/12367"}],"wp:featuredmedia":[{"embeddable":true,"href":"https:\/\/lamostradevalencia.com\/ca\/wp-json\/wp\/v2\/media\/12362"}],"wp:attachment":[{"href":"https:\/\/lamostradevalencia.com\/ca\/wp-json\/wp\/v2\/media?parent=12360"}],"wp:term":[{"taxonomy":"category","embeddable":true,"href":"https:\/\/lamostradevalencia.com\/ca\/wp-json\/wp\/v2\/categories?post=12360"},{"taxonomy":"post_tag","embeddable":true,"href":"https:\/\/lamostradevalencia.com\/ca\/wp-json\/wp\/v2\/tags?post=12360"}],"curies":[{"name":"wp","href":"https:\/\/api.w.org\/{rel}","templated":true}]}}