{"id":12357,"date":"2021-09-28T15:44:42","date_gmt":"2021-09-28T13:44:42","guid":{"rendered":"https:\/\/lamostradevalencia.com\/?p=12357"},"modified":"2021-09-28T15:44:42","modified_gmt":"2021-09-28T13:44:42","slug":"alephia-2053-cine-danimacio-contra-la-tirania","status":"publish","type":"post","link":"https:\/\/lamostradevalencia.com\/ca\/alephia-2053-cine-danimacio-contra-la-tirania\/","title":{"rendered":"&#8220;ALEPHIA 2053&#8221;: CINE D\u2019ANIMACI\u00d3 CONTRA LA TIRANIA"},"content":{"rendered":"<p>Any 2053. Ens trobem a Alephia, un pa\u00eds imaginari on el tir\u00e0 Alef II governa sense oposici\u00f3 i imposa la seua llei. La seua dinastia es mant\u00e9 en el poder des de fa quaranta anys, despr\u00e9s de fer-se amb ell despr\u00e9s d&#8217;una insurrecci\u00f3 popular reprimida de manera sagnant. Per\u00f2 el r\u00e8gim pot tindre els dies comptats: un grup de joves dissidents planeja enderrocar-lo i obrir la possibilitat d&#8217;un futur democr\u00e0tic per a la naci\u00f3. Si, malgrat tractar-se d&#8217;un film d&#8217;animaci\u00f3 liban\u00e9s ambientat en el futur, l&#8217;argument resulta familiar, \u00e9s perqu\u00e8 la pel\u00b7l\u00edcula est\u00e0 inspirada en les manifestacions de la Primavera \u00c0rab. No podia encaixar millor en la programaci\u00f3 de la Mostra de Val\u00e8ncia, que este any inclou una exposici\u00f3 dedicada al tema en la Galeria del *Tossal.<\/p>\n<p>&#8220;Alephia 2053&#8221; ha marcat una fita als pa\u00efsos \u00e0rabs. La seua projecci\u00f3 a Val\u00e8ncia ser\u00e0 la primera del film en el marc d&#8217;un festival europeu, per\u00f2 en el seu \u00e0mbit geogr\u00e0fic d&#8217;acci\u00f3 va ser difosa a trav\u00e9s d&#8217;un lloc web i va aconseguir m\u00e9s de huit milions de visionats. La seua popularitat \u00e9s l\u00f2gica: Retrata en clau dist\u00f2pica la realitat de molts pa\u00efsos del seu entorn. \u201cCada persona veu la pel\u00b7l\u00edcula des de la seua pr\u00f2pia perspectiva, tot enfocant-la a a la seua pr\u00f2pia societat,\u201d va declarar a France-Presse Rabi Sweidan, productor executiu de la pel\u00b7l\u00edcula.<\/p>\n<p>A part de reflectir una realitat molt pr\u00f2xima per al p\u00fablic \u00e0rab, una altra de les grans virtuts del film \u00e9s que es tracta d&#8217;un magn\u00edfic treball d&#8217;animaci\u00f3, coordinat sota la batuta del cineasta i il\u00b7lustrador Jorj Abu Mhaya i produ\u00eft per Spring Entertainment (L\u00edban), amb suport puntual de l&#8217;estudi d&#8217;animaci\u00f3 Malil\u2019Art d\u2019Angulema (Fran\u00e7a).<\/p>\n<p>&nbsp;<\/p>\n<p><iframe loading=\"lazy\" title=\"Alephia 2053 Trailer\" width=\"1100\" height=\"619\" src=\"https:\/\/www.youtube.com\/embed\/heXzVuu_E9w?start=16&#038;feature=oembed\" frameborder=\"0\" allow=\"accelerometer; autoplay; clipboard-write; encrypted-media; gyroscope; picture-in-picture\" allowfullscreen><\/iframe><\/p>\n<p>&nbsp;<\/p>\n<p>En paraules del cr\u00edtic de cinema liban\u00e9s Elias Doummar, el film constitu\u00efx un \u201cpas molt important en la hist\u00f2ria de l&#8217;animaci\u00f3 \u00e0rab. La seua difusi\u00f3 gratu\u00efta en internet ha contribu\u00eft al seu \u00e8xit, per\u00f2 la ra\u00f3 principal \u00e9s la hist\u00f2ria: reflectix la realitat \u00e0rab\u201d. Tamb\u00e9 ajuda que la trama siga trepidant i estiga poblada d&#8217;agents infiltrats, conspiracions, personatges de doble tall i escenes d&#8217;acci\u00f3 que no tenen res a envejar a altres mostres del g\u00e8nere procedents d&#8217;Europa o dels Estats Units.<\/p>\n<p>A m\u00e9s, la pel\u00b7l\u00edcula aposta pels personatges femenins. Tres dels m\u00e9s importants s\u00f3n dones: una hacker de 17 anys, una funcion\u00e0ria encarregada de l&#8217;adoctrinament ideol\u00f2gic -que en realitat treballa per a la rebeli\u00f3-, i una responsable dels serveis d&#8217;intel\u00b7lig\u00e8ncia, el pare de la qual, alt militar, la vol casar amb el fill del dictador.<\/p>\n<p>&#8220;Alephia 2053&#8221; vehicula una cr\u00edtica al poder absolut que \u00e9s impossible desvincular de molts pa\u00efsos \u00e0rabs, per\u00f2 la validesa de la qual \u00e9s universal. Com afirma Rabi Sweidan, &#8220;la pel\u00b7l\u00edcula convida a l&#8217;espectador a formular-se una pregunta: com ser\u00e0 el m\u00f3n \u00e0rab dins de vint o trenta anys? El que busquem \u00e9s un futur que no siga pitjor que el passat o el present&#8221;.<\/p>\n<p>&#8220;Alephia 2053&#8221; tindr\u00e0 la seua estrena a Espanya en el marc de la Mostra de Val\u00e8ncia-Cinema del Mediterrani i, com tots els t\u00edtols que integren la Secci\u00f3 Informativa, opta al Premi del P\u00fablic, promogut per \u00c0 Punt M\u00e8dia i consistent en l&#8217;adquisici\u00f3 dels drets de la pel\u00b7l\u00edcula per a la seua emissi\u00f3 en la plataforma auton\u00f3mica.<\/p>\n","protected":false},"excerpt":{"rendered":"<p>Any 2053. Ens trobem a Alephia, un pa\u00eds imaginari on el tir\u00e0 Alef II governa sense oposici\u00f3 i imposa la seua llei. La seua dinastia [&hellip;]<\/p>\n","protected":false},"author":3,"featured_media":12353,"comment_status":"open","ping_status":"open","sticky":false,"template":"","format":"standard","meta":{"_uag_custom_page_level_css":"","_jet_sm_ready_style":"","_jet_sm_style":"","_jet_sm_controls_values":"","_jet_sm_fonts_collection":"","_jet_sm_fonts_links":"","footnotes":""},"categories":[455],"tags":[2840],"class_list":["post-12357","post","type-post","status-publish","format-standard","has-post-thumbnail","hentry","category-noticies","tag-seccio-informativa"],"yoast_head":"<!-- This site is optimized with the Yoast SEO plugin v27.5 - https:\/\/yoast.com\/product\/yoast-seo-wordpress\/ -->\n<title>&quot;ALEPHIA 2053&quot;: CINE D\u2019ANIMACI\u00d3 CONTRA LA TIRANIA<\/title>\n<meta name=\"description\" content=\"La distopia libanesa que ha arrasat en el m\u00f3n \u00e0rab\" \/>\n<meta name=\"robots\" content=\"index, follow, max-snippet:-1, max-image-preview:large, max-video-preview:-1\" \/>\n<link rel=\"canonical\" href=\"https:\/\/lamostradevalencia.com\/ca\/alephia-2053-cine-danimacio-contra-la-tirania\/\" \/>\n<meta property=\"og:locale\" content=\"ca_ES\" \/>\n<meta property=\"og:type\" content=\"article\" \/>\n<meta property=\"og:title\" content=\"&quot;ALEPHIA 2053&quot;: CINE D\u2019ANIMACI\u00d3 CONTRA LA TIRANIA\" \/>\n<meta property=\"og:description\" content=\"La distopia libanesa que ha arrasat en el m\u00f3n \u00e0rab\" \/>\n<meta property=\"og:url\" content=\"https:\/\/lamostradevalencia.com\/ca\/alephia-2053-cine-danimacio-contra-la-tirania\/\" \/>\n<meta property=\"og:site_name\" content=\"Mostra de Val\u00e8ncia\" \/>\n<meta property=\"article:published_time\" content=\"2021-09-28T13:44:42+00:00\" \/>\n<meta property=\"og:image\" content=\"https:\/\/lamostradevalencia.com\/wp-content\/uploads\/2021\/09\/ALEPHIA-2053.jpg\" \/>\n\t<meta property=\"og:image:width\" content=\"1440\" \/>\n\t<meta property=\"og:image:height\" content=\"812\" \/>\n\t<meta property=\"og:image:type\" content=\"image\/jpeg\" \/>\n<meta name=\"author\" content=\"contenidos\" \/>\n<meta name=\"twitter:card\" content=\"summary_large_image\" \/>\n<meta name=\"twitter:label1\" content=\"Escrit per\" \/>\n\t<meta name=\"twitter:data1\" content=\"contenidos\" \/>\n\t<meta name=\"twitter:label2\" content=\"Temps estimat de lectura\" \/>\n\t<meta name=\"twitter:data2\" content=\"3 minuts\" \/>\n<script type=\"application\/ld+json\" class=\"yoast-schema-graph\">{\"@context\":\"https:\\\/\\\/schema.org\",\"@graph\":[{\"@type\":\"Article\",\"@id\":\"https:\\\/\\\/lamostradevalencia.com\\\/ca\\\/alephia-2053-cine-danimacio-contra-la-tirania\\\/#article\",\"isPartOf\":{\"@id\":\"https:\\\/\\\/lamostradevalencia.com\\\/ca\\\/alephia-2053-cine-danimacio-contra-la-tirania\\\/\"},\"author\":{\"name\":\"contenidos\",\"@id\":\"https:\\\/\\\/lamostradevalencia.com\\\/ca\\\/#\\\/schema\\\/person\\\/361c3c0dd5489e78ad78ee4f8332efac\"},\"headline\":\"&#8220;ALEPHIA 2053&#8221;: CINE D\u2019ANIMACI\u00d3 CONTRA LA TIRANIA\",\"datePublished\":\"2021-09-28T13:44:42+00:00\",\"mainEntityOfPage\":{\"@id\":\"https:\\\/\\\/lamostradevalencia.com\\\/ca\\\/alephia-2053-cine-danimacio-contra-la-tirania\\\/\"},\"wordCount\":629,\"commentCount\":0,\"image\":{\"@id\":\"https:\\\/\\\/lamostradevalencia.com\\\/ca\\\/alephia-2053-cine-danimacio-contra-la-tirania\\\/#primaryimage\"},\"thumbnailUrl\":\"https:\\\/\\\/lamostradevalencia.com\\\/wp-content\\\/uploads\\\/2021\\\/09\\\/ALEPHIA-2053.jpg\",\"keywords\":[\"secci\u00f3 informativa\"],\"articleSection\":[\"Noticies\"],\"inLanguage\":\"ca\",\"potentialAction\":[{\"@type\":\"CommentAction\",\"name\":\"Comment\",\"target\":[\"https:\\\/\\\/lamostradevalencia.com\\\/ca\\\/alephia-2053-cine-danimacio-contra-la-tirania\\\/#respond\"]}]},{\"@type\":\"WebPage\",\"@id\":\"https:\\\/\\\/lamostradevalencia.com\\\/ca\\\/alephia-2053-cine-danimacio-contra-la-tirania\\\/\",\"url\":\"https:\\\/\\\/lamostradevalencia.com\\\/ca\\\/alephia-2053-cine-danimacio-contra-la-tirania\\\/\",\"name\":\"\\\"ALEPHIA 2053\\\": CINE D\u2019ANIMACI\u00d3 CONTRA LA TIRANIA\",\"isPartOf\":{\"@id\":\"https:\\\/\\\/lamostradevalencia.com\\\/ca\\\/#website\"},\"primaryImageOfPage\":{\"@id\":\"https:\\\/\\\/lamostradevalencia.com\\\/ca\\\/alephia-2053-cine-danimacio-contra-la-tirania\\\/#primaryimage\"},\"image\":{\"@id\":\"https:\\\/\\\/lamostradevalencia.com\\\/ca\\\/alephia-2053-cine-danimacio-contra-la-tirania\\\/#primaryimage\"},\"thumbnailUrl\":\"https:\\\/\\\/lamostradevalencia.com\\\/wp-content\\\/uploads\\\/2021\\\/09\\\/ALEPHIA-2053.jpg\",\"datePublished\":\"2021-09-28T13:44:42+00:00\",\"author\":{\"@id\":\"https:\\\/\\\/lamostradevalencia.com\\\/ca\\\/#\\\/schema\\\/person\\\/361c3c0dd5489e78ad78ee4f8332efac\"},\"description\":\"La distopia libanesa que ha arrasat en el m\u00f3n \u00e0rab\",\"breadcrumb\":{\"@id\":\"https:\\\/\\\/lamostradevalencia.com\\\/ca\\\/alephia-2053-cine-danimacio-contra-la-tirania\\\/#breadcrumb\"},\"inLanguage\":\"ca\",\"potentialAction\":[{\"@type\":\"ReadAction\",\"target\":[\"https:\\\/\\\/lamostradevalencia.com\\\/ca\\\/alephia-2053-cine-danimacio-contra-la-tirania\\\/\"]}]},{\"@type\":\"ImageObject\",\"inLanguage\":\"ca\",\"@id\":\"https:\\\/\\\/lamostradevalencia.com\\\/ca\\\/alephia-2053-cine-danimacio-contra-la-tirania\\\/#primaryimage\",\"url\":\"https:\\\/\\\/lamostradevalencia.com\\\/wp-content\\\/uploads\\\/2021\\\/09\\\/ALEPHIA-2053.jpg\",\"contentUrl\":\"https:\\\/\\\/lamostradevalencia.com\\\/wp-content\\\/uploads\\\/2021\\\/09\\\/ALEPHIA-2053.jpg\",\"width\":1440,\"height\":812},{\"@type\":\"BreadcrumbList\",\"@id\":\"https:\\\/\\\/lamostradevalencia.com\\\/ca\\\/alephia-2053-cine-danimacio-contra-la-tirania\\\/#breadcrumb\",\"itemListElement\":[{\"@type\":\"ListItem\",\"position\":1,\"name\":\"Portada\",\"item\":\"https:\\\/\\\/lamostradevalencia.com\\\/ca\\\/\"},{\"@type\":\"ListItem\",\"position\":2,\"name\":\"\u00abALEPHIA 2053\u00bb: CINE D\u2019ANIMACI\u00d3 CONTRA LA TIRANIA\"}]},{\"@type\":\"WebSite\",\"@id\":\"https:\\\/\\\/lamostradevalencia.com\\\/ca\\\/#website\",\"url\":\"https:\\\/\\\/lamostradevalencia.com\\\/ca\\\/\",\"name\":\"Mostra de Val\u00e8ncia\",\"description\":\"Cinema del Mediterrani\",\"potentialAction\":[{\"@type\":\"SearchAction\",\"target\":{\"@type\":\"EntryPoint\",\"urlTemplate\":\"https:\\\/\\\/lamostradevalencia.com\\\/ca\\\/?s={search_term_string}\"},\"query-input\":{\"@type\":\"PropertyValueSpecification\",\"valueRequired\":true,\"valueName\":\"search_term_string\"}}],\"inLanguage\":\"ca\"},{\"@type\":\"Person\",\"@id\":\"https:\\\/\\\/lamostradevalencia.com\\\/ca\\\/#\\\/schema\\\/person\\\/361c3c0dd5489e78ad78ee4f8332efac\",\"name\":\"contenidos\",\"image\":{\"@type\":\"ImageObject\",\"inLanguage\":\"ca\",\"@id\":\"https:\\\/\\\/secure.gravatar.com\\\/avatar\\\/a87eddc188a32d5a0371ff92ef616b5006a91e389296d49d081f8d424eef134c?s=96&d=mm&r=g\",\"url\":\"https:\\\/\\\/secure.gravatar.com\\\/avatar\\\/a87eddc188a32d5a0371ff92ef616b5006a91e389296d49d081f8d424eef134c?s=96&d=mm&r=g\",\"contentUrl\":\"https:\\\/\\\/secure.gravatar.com\\\/avatar\\\/a87eddc188a32d5a0371ff92ef616b5006a91e389296d49d081f8d424eef134c?s=96&d=mm&r=g\",\"caption\":\"contenidos\"}}]}<\/script>\n<!-- \/ Yoast SEO plugin. -->","yoast_head_json":{"title":"\"ALEPHIA 2053\": CINE D\u2019ANIMACI\u00d3 CONTRA LA TIRANIA","description":"La distopia libanesa que ha arrasat en el m\u00f3n \u00e0rab","robots":{"index":"index","follow":"follow","max-snippet":"max-snippet:-1","max-image-preview":"max-image-preview:large","max-video-preview":"max-video-preview:-1"},"canonical":"https:\/\/lamostradevalencia.com\/ca\/alephia-2053-cine-danimacio-contra-la-tirania\/","og_locale":"ca_ES","og_type":"article","og_title":"\"ALEPHIA 2053\": CINE D\u2019ANIMACI\u00d3 CONTRA LA TIRANIA","og_description":"La distopia libanesa que ha arrasat en el m\u00f3n \u00e0rab","og_url":"https:\/\/lamostradevalencia.com\/ca\/alephia-2053-cine-danimacio-contra-la-tirania\/","og_site_name":"Mostra de Val\u00e8ncia","article_published_time":"2021-09-28T13:44:42+00:00","og_image":[{"width":1440,"height":812,"url":"https:\/\/lamostradevalencia.com\/wp-content\/uploads\/2021\/09\/ALEPHIA-2053.jpg","type":"image\/jpeg"}],"author":"contenidos","twitter_card":"summary_large_image","twitter_misc":{"Escrit per":"contenidos","Temps estimat de lectura":"3 minuts"},"schema":{"@context":"https:\/\/schema.org","@graph":[{"@type":"Article","@id":"https:\/\/lamostradevalencia.com\/ca\/alephia-2053-cine-danimacio-contra-la-tirania\/#article","isPartOf":{"@id":"https:\/\/lamostradevalencia.com\/ca\/alephia-2053-cine-danimacio-contra-la-tirania\/"},"author":{"name":"contenidos","@id":"https:\/\/lamostradevalencia.com\/ca\/#\/schema\/person\/361c3c0dd5489e78ad78ee4f8332efac"},"headline":"&#8220;ALEPHIA 2053&#8221;: CINE D\u2019ANIMACI\u00d3 CONTRA LA TIRANIA","datePublished":"2021-09-28T13:44:42+00:00","mainEntityOfPage":{"@id":"https:\/\/lamostradevalencia.com\/ca\/alephia-2053-cine-danimacio-contra-la-tirania\/"},"wordCount":629,"commentCount":0,"image":{"@id":"https:\/\/lamostradevalencia.com\/ca\/alephia-2053-cine-danimacio-contra-la-tirania\/#primaryimage"},"thumbnailUrl":"https:\/\/lamostradevalencia.com\/wp-content\/uploads\/2021\/09\/ALEPHIA-2053.jpg","keywords":["secci\u00f3 informativa"],"articleSection":["Noticies"],"inLanguage":"ca","potentialAction":[{"@type":"CommentAction","name":"Comment","target":["https:\/\/lamostradevalencia.com\/ca\/alephia-2053-cine-danimacio-contra-la-tirania\/#respond"]}]},{"@type":"WebPage","@id":"https:\/\/lamostradevalencia.com\/ca\/alephia-2053-cine-danimacio-contra-la-tirania\/","url":"https:\/\/lamostradevalencia.com\/ca\/alephia-2053-cine-danimacio-contra-la-tirania\/","name":"\"ALEPHIA 2053\": CINE D\u2019ANIMACI\u00d3 CONTRA LA TIRANIA","isPartOf":{"@id":"https:\/\/lamostradevalencia.com\/ca\/#website"},"primaryImageOfPage":{"@id":"https:\/\/lamostradevalencia.com\/ca\/alephia-2053-cine-danimacio-contra-la-tirania\/#primaryimage"},"image":{"@id":"https:\/\/lamostradevalencia.com\/ca\/alephia-2053-cine-danimacio-contra-la-tirania\/#primaryimage"},"thumbnailUrl":"https:\/\/lamostradevalencia.com\/wp-content\/uploads\/2021\/09\/ALEPHIA-2053.jpg","datePublished":"2021-09-28T13:44:42+00:00","author":{"@id":"https:\/\/lamostradevalencia.com\/ca\/#\/schema\/person\/361c3c0dd5489e78ad78ee4f8332efac"},"description":"La distopia libanesa que ha arrasat en el m\u00f3n \u00e0rab","breadcrumb":{"@id":"https:\/\/lamostradevalencia.com\/ca\/alephia-2053-cine-danimacio-contra-la-tirania\/#breadcrumb"},"inLanguage":"ca","potentialAction":[{"@type":"ReadAction","target":["https:\/\/lamostradevalencia.com\/ca\/alephia-2053-cine-danimacio-contra-la-tirania\/"]}]},{"@type":"ImageObject","inLanguage":"ca","@id":"https:\/\/lamostradevalencia.com\/ca\/alephia-2053-cine-danimacio-contra-la-tirania\/#primaryimage","url":"https:\/\/lamostradevalencia.com\/wp-content\/uploads\/2021\/09\/ALEPHIA-2053.jpg","contentUrl":"https:\/\/lamostradevalencia.com\/wp-content\/uploads\/2021\/09\/ALEPHIA-2053.jpg","width":1440,"height":812},{"@type":"BreadcrumbList","@id":"https:\/\/lamostradevalencia.com\/ca\/alephia-2053-cine-danimacio-contra-la-tirania\/#breadcrumb","itemListElement":[{"@type":"ListItem","position":1,"name":"Portada","item":"https:\/\/lamostradevalencia.com\/ca\/"},{"@type":"ListItem","position":2,"name":"\u00abALEPHIA 2053\u00bb: CINE D\u2019ANIMACI\u00d3 CONTRA LA TIRANIA"}]},{"@type":"WebSite","@id":"https:\/\/lamostradevalencia.com\/ca\/#website","url":"https:\/\/lamostradevalencia.com\/ca\/","name":"Mostra de Val\u00e8ncia","description":"Cinema del Mediterrani","potentialAction":[{"@type":"SearchAction","target":{"@type":"EntryPoint","urlTemplate":"https:\/\/lamostradevalencia.com\/ca\/?s={search_term_string}"},"query-input":{"@type":"PropertyValueSpecification","valueRequired":true,"valueName":"search_term_string"}}],"inLanguage":"ca"},{"@type":"Person","@id":"https:\/\/lamostradevalencia.com\/ca\/#\/schema\/person\/361c3c0dd5489e78ad78ee4f8332efac","name":"contenidos","image":{"@type":"ImageObject","inLanguage":"ca","@id":"https:\/\/secure.gravatar.com\/avatar\/a87eddc188a32d5a0371ff92ef616b5006a91e389296d49d081f8d424eef134c?s=96&d=mm&r=g","url":"https:\/\/secure.gravatar.com\/avatar\/a87eddc188a32d5a0371ff92ef616b5006a91e389296d49d081f8d424eef134c?s=96&d=mm&r=g","contentUrl":"https:\/\/secure.gravatar.com\/avatar\/a87eddc188a32d5a0371ff92ef616b5006a91e389296d49d081f8d424eef134c?s=96&d=mm&r=g","caption":"contenidos"}}]}},"uagb_featured_image_src":{"full":["https:\/\/lamostradevalencia.com\/wp-content\/uploads\/2021\/09\/ALEPHIA-2053.jpg",1440,812,false],"thumbnail":["https:\/\/lamostradevalencia.com\/wp-content\/uploads\/2021\/09\/ALEPHIA-2053-150x150.jpg",150,150,true],"medium":["https:\/\/lamostradevalencia.com\/wp-content\/uploads\/2021\/09\/ALEPHIA-2053-300x169.jpg",300,169,true],"medium_large":["https:\/\/lamostradevalencia.com\/wp-content\/uploads\/2021\/09\/ALEPHIA-2053-768x433.jpg",768,433,true],"large":["https:\/\/lamostradevalencia.com\/wp-content\/uploads\/2021\/09\/ALEPHIA-2053-1024x577.jpg",1024,577,true],"1536x1536":["https:\/\/lamostradevalencia.com\/wp-content\/uploads\/2021\/09\/ALEPHIA-2053.jpg",1440,812,false],"2048x2048":["https:\/\/lamostradevalencia.com\/wp-content\/uploads\/2021\/09\/ALEPHIA-2053.jpg",1440,812,false],"cinerama_edge_image_square":["https:\/\/lamostradevalencia.com\/wp-content\/uploads\/2021\/09\/ALEPHIA-2053-550x550.jpg",550,550,true],"cinerama_edge_image_landscape":["https:\/\/lamostradevalencia.com\/wp-content\/uploads\/2021\/09\/ALEPHIA-2053-1100x550.jpg",1100,550,true],"cinerama_edge_image_portrait":["https:\/\/lamostradevalencia.com\/wp-content\/uploads\/2021\/09\/ALEPHIA-2053-550x812.jpg",550,812,true],"cinerama_edge_image_huge":["https:\/\/lamostradevalencia.com\/wp-content\/uploads\/2021\/09\/ALEPHIA-2053-1100x812.jpg",1100,812,true],"gform-image-choice-sm":["https:\/\/lamostradevalencia.com\/wp-content\/uploads\/2021\/09\/ALEPHIA-2053.jpg",300,169,false],"gform-image-choice-md":["https:\/\/lamostradevalencia.com\/wp-content\/uploads\/2021\/09\/ALEPHIA-2053.jpg",400,226,false],"gform-image-choice-lg":["https:\/\/lamostradevalencia.com\/wp-content\/uploads\/2021\/09\/ALEPHIA-2053.jpg",600,338,false]},"uagb_author_info":{"display_name":"contenidos","author_link":"https:\/\/lamostradevalencia.com\/ca\/author\/contenidos\/"},"uagb_comment_info":0,"uagb_excerpt":"Any 2053. Ens trobem a Alephia, un pa\u00eds imaginari on el tir\u00e0 Alef II governa sense oposici\u00f3 i imposa la seua llei. La seua dinastia [&hellip;]","_links":{"self":[{"href":"https:\/\/lamostradevalencia.com\/ca\/wp-json\/wp\/v2\/posts\/12357","targetHints":{"allow":["GET"]}}],"collection":[{"href":"https:\/\/lamostradevalencia.com\/ca\/wp-json\/wp\/v2\/posts"}],"about":[{"href":"https:\/\/lamostradevalencia.com\/ca\/wp-json\/wp\/v2\/types\/post"}],"author":[{"embeddable":true,"href":"https:\/\/lamostradevalencia.com\/ca\/wp-json\/wp\/v2\/users\/3"}],"replies":[{"embeddable":true,"href":"https:\/\/lamostradevalencia.com\/ca\/wp-json\/wp\/v2\/comments?post=12357"}],"version-history":[{"count":2,"href":"https:\/\/lamostradevalencia.com\/ca\/wp-json\/wp\/v2\/posts\/12357\/revisions"}],"predecessor-version":[{"id":12359,"href":"https:\/\/lamostradevalencia.com\/ca\/wp-json\/wp\/v2\/posts\/12357\/revisions\/12359"}],"wp:featuredmedia":[{"embeddable":true,"href":"https:\/\/lamostradevalencia.com\/ca\/wp-json\/wp\/v2\/media\/12353"}],"wp:attachment":[{"href":"https:\/\/lamostradevalencia.com\/ca\/wp-json\/wp\/v2\/media?parent=12357"}],"wp:term":[{"taxonomy":"category","embeddable":true,"href":"https:\/\/lamostradevalencia.com\/ca\/wp-json\/wp\/v2\/categories?post=12357"},{"taxonomy":"post_tag","embeddable":true,"href":"https:\/\/lamostradevalencia.com\/ca\/wp-json\/wp\/v2\/tags?post=12357"}],"curies":[{"name":"wp","href":"https:\/\/api.w.org\/{rel}","templated":true}]}}