{"id":12332,"date":"2021-09-28T13:09:51","date_gmt":"2021-09-28T11:09:51","guid":{"rendered":"https:\/\/lamostradevalencia.com\/?p=12332"},"modified":"2021-09-28T13:11:00","modified_gmt":"2021-09-28T11:11:00","slug":"mostra-de-valencia-presenta-les-pel%c2%b7licules-de-la-seccio-informativa","status":"publish","type":"post","link":"https:\/\/lamostradevalencia.com\/ca\/mostra-de-valencia-presenta-les-pel%c2%b7licules-de-la-seccio-informativa\/","title":{"rendered":"MOSTRA DE VAL\u00c8NCIA PRESENTA LES PEL\u00b7L\u00cdCULES DE LA SECCI\u00d3 INFORMATIVA"},"content":{"rendered":"\n<p><strong>Mostra de Val\u00e8ncia-Cinema del Mediterrani anuncia les pel\u00b7l\u00edcules de la Secci\u00f3 Informativa. El festival, que se celebrar\u00e0 del 15 al 24 d&#8217;octubre, incorpora en este apartat un total de deu llargmetratges d&#8217;estrena a Espanya que opten al Premi del P\u00fablic \u00c0 Punt M\u00e8dia<\/strong><\/p>\n\n\n\n<p>La Secci\u00f3 Informativa mant\u00e9 l\u2019aposta decidida per fer visible el cinema de major qualitat. Films arribats de L\u00edban, Turquia, Egipte, el Marroc, Kurdistan, aix\u00ed com d&#8217;Eslov\u00e8nia, S\u00e8rbia, Kosovo, Maced\u00f2nia o Fran\u00e7a, es disputaran el Premi del P\u00fablic que atorga \u00c0 Punt M\u00e8dia.&nbsp;<\/p>\n\n\n\n<p>Mitjan\u00e7ant esta Secci\u00f3 Informativa, &#8220;Mostra de Val\u00e8ncia vol acostar al p\u00fablic una cuidada selecci\u00f3 de pel\u00b7l\u00edcules que suposa una clara aposta per la diversitat de proced\u00e8ncies i tem\u00e0tiques. El p\u00fablic valenci\u00e0 podr\u00e0 veure el m\u00e9s recent panorama de les creacions audiovisuals mediterr\u00e0nies&#8221;, assenyala <strong>Gloria Tello<\/strong>, presidenta de Mostra de Val\u00e8ncia i Iniciatives Audiovisuals.<\/p>\n\n\n\n<p>&#8220;Alephia 2053&#8221; es presenta com la primera pel\u00b7l\u00edcula d&#8217;animaci\u00f3 per a p\u00fablic adult en \u00e0rab. Un film dirigit per <strong>Jorj Abou Mhaya<\/strong> i amb coproducci\u00f3 francesa, que s&#8217;anticipa a l&#8217;any 2053 en un pa\u00eds imaginari, Alephia, sotm\u00e9s sota el jou d&#8217;un tir\u00e0 mentre una resist\u00e8ncia clandestina lidera un moviment per a enderrocar el dictador.\u00a0<\/p>\n\n\n\n<figure class=\"wp-block-image size-large\"><img loading=\"lazy\" decoding=\"async\" width=\"1024\" height=\"577\" src=\"https:\/\/lamostradevalencia.com\/wp-content\/uploads\/2021\/09\/ALEPHIA_5-1-1024x577.png\" alt=\"\" class=\"wp-image-12278\" srcset=\"https:\/\/lamostradevalencia.com\/wp-content\/uploads\/2021\/09\/ALEPHIA_5-1-1024x577.png 1024w, https:\/\/lamostradevalencia.com\/wp-content\/uploads\/2021\/09\/ALEPHIA_5-1-300x169.png 300w, https:\/\/lamostradevalencia.com\/wp-content\/uploads\/2021\/09\/ALEPHIA_5-1-768x433.png 768w, https:\/\/lamostradevalencia.com\/wp-content\/uploads\/2021\/09\/ALEPHIA_5-1.png 1440w\" sizes=\"auto, (max-width: 1024px) 100vw, 1024px\" \/><\/figure>\n\n\n\n<p>Tamb\u00e9 de L\u00edban procedix &#8220;Broken *Keys&#8221;, una coproducci\u00f3 amb Fran\u00e7a, Xipre i els EUA on un pianista tracta d&#8217;escapar de la persecuci\u00f3 a la qual \u00e9s sotm\u00e9s per fonamentalistes en una ciutat siriana. El director, <strong>Jimmy Keirouz<\/strong>, fixa la mirada en un lloc destrossat per la guerra on la m\u00fasica i les modernes maneres de viure han sigut prohibides pels l\u00edders extremistes.<\/p>\n\n\n\n<figure class=\"wp-block-image size-large\"><img loading=\"lazy\" decoding=\"async\" width=\"1024\" height=\"683\" src=\"https:\/\/lamostradevalencia.com\/wp-content\/uploads\/2021\/09\/Broken-Keys_-Ezekiel-1024x683.jpeg\" alt=\"\" class=\"wp-image-12283\" srcset=\"https:\/\/lamostradevalencia.com\/wp-content\/uploads\/2021\/09\/Broken-Keys_-Ezekiel-1024x683.jpeg 1024w, https:\/\/lamostradevalencia.com\/wp-content\/uploads\/2021\/09\/Broken-Keys_-Ezekiel-300x200.jpeg 300w, https:\/\/lamostradevalencia.com\/wp-content\/uploads\/2021\/09\/Broken-Keys_-Ezekiel-768x512.jpeg 768w, https:\/\/lamostradevalencia.com\/wp-content\/uploads\/2021\/09\/Broken-Keys_-Ezekiel-1536x1024.jpeg 1536w\" sizes=\"auto, (max-width: 1024px) 100vw, 1024px\" \/><\/figure>\n\n\n\n<p>Des de Turquia, i tamb\u00e9 sobre m\u00fasica, versa &#8220;*When I&#8217;m done dying&#8221;, segon llargmetratge de la guionista i directora <strong>Nisan Dag<\/strong>, premiada a Tallinn per un treball ambientat en la subcultura del <em>hip-hop<\/em> d&#8217;Istanbul; la hist\u00f2ria d&#8217;un jove que es convertix en addicte al &#8220;bonzai&#8221;, una droga barata que amena\u00e7a les seues ambicions art\u00edstiques i la seua relaci\u00f3 amb un DJ de classe alta.\u00a0<\/p>\n\n\n\n<figure class=\"wp-block-image size-large\"><img loading=\"lazy\" decoding=\"async\" width=\"1024\" height=\"512\" src=\"https:\/\/lamostradevalencia.com\/wp-content\/uploads\/2021\/09\/Whendying-1024x512.jpeg\" alt=\"\" class=\"wp-image-12288\" srcset=\"https:\/\/lamostradevalencia.com\/wp-content\/uploads\/2021\/09\/Whendying-1024x512.jpeg 1024w, https:\/\/lamostradevalencia.com\/wp-content\/uploads\/2021\/09\/Whendying-300x150.jpeg 300w, https:\/\/lamostradevalencia.com\/wp-content\/uploads\/2021\/09\/Whendying-768x384.jpeg 768w, https:\/\/lamostradevalencia.com\/wp-content\/uploads\/2021\/09\/Whendying-1536x768.jpeg 1536w, https:\/\/lamostradevalencia.com\/wp-content\/uploads\/2021\/09\/Whendying-1100x550.jpeg 1100w\" sizes=\"auto, (max-width: 1024px) 100vw, 1024px\" \/><\/figure>\n\n\n\n<p>Egipte est\u00e0 representat per &#8220;Trapped&#8221;. Es tracta de la primera pel\u00b7l\u00edcula eg\u00edpcia seleccionada en el Festival South By Southwest dels EUA en deu anys, i l&#8217;\u00fanic film \u00e0rab en el citat festival. Produ\u00efda gr\u00e0cies al suport d&#8217;una campanya de finan\u00e7ament popular, est\u00e0 basada en hist\u00f2ries reals. La cineasta <strong>Manal Khaled<\/strong> situa el punt d&#8217;atenci\u00f3 al Caire de 2011, mentre els carrers esclaten en revoltes i diverses dones unixen els seus destins al quedar atrapades en un edifici, met\u00e0fora d&#8217;eixe altre setge al qual els sotmet la societat patriarcal i en el qual cadascuna, malgrat el diferent origen social, lliura la seua pr\u00f2pia batalla.<\/p>\n\n\n\n<figure class=\"wp-block-image size-large\"><img loading=\"lazy\" decoding=\"async\" width=\"1024\" height=\"472\" src=\"https:\/\/lamostradevalencia.com\/wp-content\/uploads\/2021\/09\/trapped2-1024x472.png\" alt=\"\" class=\"wp-image-12293\" srcset=\"https:\/\/lamostradevalencia.com\/wp-content\/uploads\/2021\/09\/trapped2-1024x472.png 1024w, https:\/\/lamostradevalencia.com\/wp-content\/uploads\/2021\/09\/trapped2-300x138.png 300w, https:\/\/lamostradevalencia.com\/wp-content\/uploads\/2021\/09\/trapped2-768x354.png 768w, https:\/\/lamostradevalencia.com\/wp-content\/uploads\/2021\/09\/trapped2-1536x708.png 1536w\" sizes=\"auto, (max-width: 1024px) 100vw, 1024px\" \/><\/figure>\n\n\n\n<p>Des del Marroc arriba &#8220;Zanka Contact&#8221;, l&#8217;\u00f2pera prima d&#8217;<strong>Ismael El Iraki<\/strong>. Una pel\u00b7l\u00edcula que li va valdre a <strong>Khansa Batma<\/strong> el premi a la millor actriu en la secci\u00f3 Orizzonti del Festival de Cinema de Ven\u00e8cia. Es tracta d&#8217;una trepidant <em>road movie<\/em> protagonitzada per dos amants en turbulenta fugida, que retrata el submon ple de perills d&#8217;una infernal Casablanca, recorreguda per un rocker addicte a les drogues i una exprostituta.\u00a0<\/p>\n\n\n\n<figure class=\"wp-block-image size-large\"><img loading=\"lazy\" decoding=\"async\" width=\"1024\" height=\"427\" src=\"https:\/\/lamostradevalencia.com\/wp-content\/uploads\/2021\/09\/Zanka-Contact_8-1-1024x427.jpeg\" alt=\"\" class=\"wp-image-12298\" srcset=\"https:\/\/lamostradevalencia.com\/wp-content\/uploads\/2021\/09\/Zanka-Contact_8-1-1024x427.jpeg 1024w, https:\/\/lamostradevalencia.com\/wp-content\/uploads\/2021\/09\/Zanka-Contact_8-1-300x125.jpeg 300w, https:\/\/lamostradevalencia.com\/wp-content\/uploads\/2021\/09\/Zanka-Contact_8-1-768x320.jpeg 768w, https:\/\/lamostradevalencia.com\/wp-content\/uploads\/2021\/09\/Zanka-Contact_8-1-1536x640.jpeg 1536w, https:\/\/lamostradevalencia.com\/wp-content\/uploads\/2021\/09\/Zanka-Contact_8-1.jpeg 1649w\" sizes=\"auto, (max-width: 1024px) 100vw, 1024px\" \/><\/figure>\n\n\n\n<p>&#8220;Blackberry season&#8221; \u00e9s la nova pel\u00b7l\u00edcula produ\u00efda per la Comuna F\u00edlmica de Rojava, a Kurdistan. Sota la direcci\u00f3 de <strong>Hasim Aydemir<\/strong>, adapta una novel\u00b7la autobiogr\u00e0fica de Murat Turk i relata les seues experi\u00e8ncies com a guerriller abans de convertir-se en captiu, en un conflicte en el qual desenes de milers de persones han perdut la vida i milions s&#8217;han vist obligades a emigrar durant les guerres que han durat m\u00e9s de 40 anys en el trencaclosques geopol\u00edtic de la regi\u00f3.<\/p>\n\n\n\n<figure class=\"wp-block-image size-large\"><img loading=\"lazy\" decoding=\"async\" width=\"1024\" height=\"576\" src=\"https:\/\/lamostradevalencia.com\/wp-content\/uploads\/2021\/09\/blackberry-1024x576.jpeg\" alt=\"\" class=\"wp-image-12303\" srcset=\"https:\/\/lamostradevalencia.com\/wp-content\/uploads\/2021\/09\/blackberry-1024x576.jpeg 1024w, https:\/\/lamostradevalencia.com\/wp-content\/uploads\/2021\/09\/blackberry-300x169.jpeg 300w, https:\/\/lamostradevalencia.com\/wp-content\/uploads\/2021\/09\/blackberry-768x432.jpeg 768w, https:\/\/lamostradevalencia.com\/wp-content\/uploads\/2021\/09\/blackberry-1536x864.jpeg 1536w\" sizes=\"auto, (max-width: 1024px) 100vw, 1024px\" \/><\/figure>\n\n\n\n<p>L&#8217;aportaci\u00f3 francesa a esta Secci\u00f3 Informativa ve representada per &#8220;Just Like a Woman&#8221;, dirigida per <strong>Amro Hamzawi<\/strong>, que ha filmat una com\u00e8dia sociol\u00f2gica protagonitzada per la seua germana, una <strong>Nora Hamzawi<\/strong> sense ocupaci\u00f3, sense parella estable i amb els somnis de convertir-se en escriptora polvoritzats. Una pel\u00b7l\u00edcula agredol\u00e7a i atrotinada sobre la normalitat, la racionalitat, la complexa cerca de la felicitat, el pes de la fam\u00edlia i de les convencions, la soledat i l&#8217;acceptaci\u00f3 de la pr\u00f2pia persona.\u00a0<\/p>\n\n\n\n<figure class=\"wp-block-image size-large\"><img loading=\"lazy\" decoding=\"async\" width=\"1024\" height=\"430\" src=\"https:\/\/lamostradevalencia.com\/wp-content\/uploads\/2021\/09\/justlikeawoman-1024x430.jpeg\" alt=\"\" class=\"wp-image-12308\" srcset=\"https:\/\/lamostradevalencia.com\/wp-content\/uploads\/2021\/09\/justlikeawoman-1024x430.jpeg 1024w, https:\/\/lamostradevalencia.com\/wp-content\/uploads\/2021\/09\/justlikeawoman-300x126.jpeg 300w, https:\/\/lamostradevalencia.com\/wp-content\/uploads\/2021\/09\/justlikeawoman-768x322.jpeg 768w, https:\/\/lamostradevalencia.com\/wp-content\/uploads\/2021\/09\/justlikeawoman-1536x644.jpeg 1536w\" sizes=\"auto, (max-width: 1024px) 100vw, 1024px\" \/><\/figure>\n\n\n\n<p>&#8220;Si le vent tombe&#8221; \u00e9s una altra de les aportacions franceses a la Mostra, esta vegada, en coproducci\u00f3 amb Arm\u00e8nia i B\u00e8lgica. En ella, un enginyer franc\u00e9s, que exercix com a auditor internacional, viatja fins a l&#8217;aeroport de l&#8217;autoproclamada Rep\u00fablica Cauc\u00e0sica de Nagorno Karabakh amb la missi\u00f3 d&#8217;avaluar la seua reobertura. Es tracta del primer llarg de <strong>Nora Martirosyan<\/strong> i arriba a Val\u00e8ncia precedida per la seua selecci\u00f3 en Acid Cannes i despr\u00e9s de guanyar un esment especial a Tallinn.\u00a0<\/p>\n\n\n\n<figure class=\"wp-block-image size-large\"><img loading=\"lazy\" decoding=\"async\" width=\"1024\" height=\"692\" src=\"https:\/\/lamostradevalencia.com\/wp-content\/uploads\/2021\/09\/silevent-1024x692.png\" alt=\"\" class=\"wp-image-12313\" srcset=\"https:\/\/lamostradevalencia.com\/wp-content\/uploads\/2021\/09\/silevent-1024x692.png 1024w, https:\/\/lamostradevalencia.com\/wp-content\/uploads\/2021\/09\/silevent-300x203.png 300w, https:\/\/lamostradevalencia.com\/wp-content\/uploads\/2021\/09\/silevent-768x519.png 768w, https:\/\/lamostradevalencia.com\/wp-content\/uploads\/2021\/09\/silevent-1536x1038.png 1536w, https:\/\/lamostradevalencia.com\/wp-content\/uploads\/2021\/09\/silevent.png 1858w\" sizes=\"auto, (max-width: 1024px) 100vw, 1024px\" \/><\/figure>\n\n\n\n<p>&#8220;Bitch, a derogatory term for a woman&#8221; \u00e9s una com\u00e8dia eslovena hilarant i obscena dirigida per <strong>Tijana Zinaji\u0107<\/strong> sobre la vida en la depressi\u00f3; la que experimenta Eva, una pintora formada en l&#8217;acad\u00e8mia per\u00f2 sense inspiraci\u00f3, a punt de complir 27 anys, i que s&#8217;adona que encara no ha aconseguit res en tota la seua vida.\u00a0<\/p>\n\n\n\n<figure class=\"wp-block-image size-large\"><img loading=\"lazy\" decoding=\"async\" width=\"1024\" height=\"487\" src=\"https:\/\/lamostradevalencia.com\/wp-content\/uploads\/2021\/09\/bitch-1-1024x487.jpg\" alt=\"\" class=\"wp-image-12318\" srcset=\"https:\/\/lamostradevalencia.com\/wp-content\/uploads\/2021\/09\/bitch-1-1024x487.jpg 1024w, https:\/\/lamostradevalencia.com\/wp-content\/uploads\/2021\/09\/bitch-1-300x143.jpg 300w, https:\/\/lamostradevalencia.com\/wp-content\/uploads\/2021\/09\/bitch-1-768x365.jpg 768w, https:\/\/lamostradevalencia.com\/wp-content\/uploads\/2021\/09\/bitch-1-1536x730.jpg 1536w\" sizes=\"auto, (max-width: 1024px) 100vw, 1024px\" \/><\/figure>\n\n\n\n<p>Completa la secci\u00f3 la pel\u00b7l\u00edcula maced\u00f2nia &#8220;Only human&#8221;, d&#8217;<strong>Igor Ivanov<\/strong>, premiat com a millor director en la Mostra de 2007. El film oferix el retrat coral de sis personatges desesperats a la recerca de superviv\u00e8ncia, amor o redempci\u00f3. La galeria de protagonistes \u00e9s notable: un llicenciat desocupat que es converteix en enterramorts, una v\u00eddua afligida que es fa monja, sacerdots que es dediquen al joc i g\u00e0ngsters que governen els tribunals.\u00a0<\/p>\n\n\n\n<figure class=\"wp-block-image size-large\"><img loading=\"lazy\" decoding=\"async\" width=\"1024\" height=\"429\" src=\"https:\/\/lamostradevalencia.com\/wp-content\/uploads\/2021\/09\/onlyhuman-1024x429.jpeg\" alt=\"\" class=\"wp-image-12323\" srcset=\"https:\/\/lamostradevalencia.com\/wp-content\/uploads\/2021\/09\/onlyhuman-1024x429.jpeg 1024w, https:\/\/lamostradevalencia.com\/wp-content\/uploads\/2021\/09\/onlyhuman-300x126.jpeg 300w, https:\/\/lamostradevalencia.com\/wp-content\/uploads\/2021\/09\/onlyhuman-768x322.jpeg 768w, https:\/\/lamostradevalencia.com\/wp-content\/uploads\/2021\/09\/onlyhuman-1536x644.jpeg 1536w\" sizes=\"auto, (max-width: 1024px) 100vw, 1024px\" \/><\/figure>\n\n\n\n<p>Una selecci\u00f3 diversa i de qualitat entre la qual el p\u00fablic haur\u00e0 de votar la seua favorita. \u00c0 Punt M\u00e8dia adquirir\u00e0 els drets de la guanyadora per a la seua posterior emissi\u00f3 en el canal auton\u00f2mic.<\/p>\n\n\n\n<p>La 36a Mostra de Val\u00e8ncia compta amb la col\u00b7laboraci\u00f3 del Palau de la M\u00fasica, La Rambleta, i Fundaci\u00f3n SGAE, t\u00e9 com a mitj\u00e0 oficial \u00c0 Punt M\u00e8dia i est\u00e0 acreditada per la FIAPF com a festival competitiu especialitzat.<\/p>\n\n\n\n<p><\/p>\n","protected":false},"excerpt":{"rendered":"<p>Mostra de Val\u00e8ncia-Cinema del Mediterrani anuncia les pel\u00b7l\u00edcules de la Secci\u00f3 Informativa. El festival, que se celebrar\u00e0 del 15 al 24 d&#8217;octubre, incorpora en este [&hellip;]<\/p>\n","protected":false},"author":1,"featured_media":12329,"comment_status":"open","ping_status":"open","sticky":false,"template":"","format":"standard","meta":{"_uag_custom_page_level_css":"","_jet_sm_ready_style":"","_jet_sm_style":"","_jet_sm_controls_values":"","_jet_sm_fonts_collection":"","_jet_sm_fonts_links":"","footnotes":""},"categories":[455],"tags":[2836,2705,2837,2838,2700,1945],"class_list":["post-12332","post","type-post","status-publish","format-standard","has-post-thumbnail","hentry","category-noticies","tag-estrenos-2","tag-festival","tag-mediterraneos","tag-novedades-2","tag-peliculas-2","tag-seccion-informativa-ca"],"yoast_head":"<!-- This site is optimized with the Yoast SEO plugin v27.5 - https:\/\/yoast.com\/product\/yoast-seo-wordpress\/ -->\n<title>MOSTRA DE VAL\u00c8NCIA PRESENTA LES PEL\u00b7L\u00cdCULES DE LA SECCI\u00d3 INFORMATIVA - Mostra de Val\u00e8ncia<\/title>\n<meta name=\"robots\" content=\"index, follow, max-snippet:-1, max-image-preview:large, max-video-preview:-1\" \/>\n<link rel=\"canonical\" href=\"https:\/\/lamostradevalencia.com\/ca\/mostra-de-valencia-presenta-les-pel%c2%b7licules-de-la-seccio-informativa\/\" \/>\n<meta property=\"og:locale\" content=\"ca_ES\" \/>\n<meta property=\"og:type\" content=\"article\" \/>\n<meta property=\"og:title\" content=\"MOSTRA DE VAL\u00c8NCIA PRESENTA LES PEL\u00b7L\u00cdCULES DE LA SECCI\u00d3 INFORMATIVA - Mostra de Val\u00e8ncia\" \/>\n<meta property=\"og:description\" content=\"Mostra de Val\u00e8ncia-Cinema del Mediterrani anuncia les pel\u00b7l\u00edcules de la Secci\u00f3 Informativa. El festival, que se celebrar\u00e0 del 15 al 24 d&#8217;octubre, incorpora en este [&hellip;]\" \/>\n<meta property=\"og:url\" content=\"https:\/\/lamostradevalencia.com\/ca\/mostra-de-valencia-presenta-les-pel%c2%b7licules-de-la-seccio-informativa\/\" \/>\n<meta property=\"og:site_name\" content=\"Mostra de Val\u00e8ncia\" \/>\n<meta property=\"article:published_time\" content=\"2021-09-28T11:09:51+00:00\" \/>\n<meta property=\"article:modified_time\" content=\"2021-09-28T11:11:00+00:00\" \/>\n<meta property=\"og:image\" content=\"https:\/\/lamostradevalencia.com\/wp-content\/uploads\/2021\/09\/stills_3k_0013988-scaled.jpeg\" \/>\n\t<meta property=\"og:image:width\" content=\"2560\" \/>\n\t<meta property=\"og:image:height\" content=\"1280\" \/>\n\t<meta property=\"og:image:type\" content=\"image\/jpeg\" \/>\n<meta name=\"author\" content=\"Mostra de Val\u00e8ncia\" \/>\n<meta name=\"twitter:card\" content=\"summary_large_image\" \/>\n<meta name=\"twitter:label1\" content=\"Escrit per\" \/>\n\t<meta name=\"twitter:data1\" content=\"Mostra de Val\u00e8ncia\" \/>\n\t<meta name=\"twitter:label2\" content=\"Temps estimat de lectura\" \/>\n\t<meta name=\"twitter:data2\" content=\"5 minuts\" \/>\n<script type=\"application\/ld+json\" class=\"yoast-schema-graph\">{\"@context\":\"https:\\\/\\\/schema.org\",\"@graph\":[{\"@type\":\"Article\",\"@id\":\"https:\\\/\\\/lamostradevalencia.com\\\/ca\\\/mostra-de-valencia-presenta-les-pel%c2%b7licules-de-la-seccio-informativa\\\/#article\",\"isPartOf\":{\"@id\":\"https:\\\/\\\/lamostradevalencia.com\\\/ca\\\/mostra-de-valencia-presenta-les-pel%c2%b7licules-de-la-seccio-informativa\\\/\"},\"author\":{\"name\":\"Mostra de Val\u00e8ncia\",\"@id\":\"https:\\\/\\\/lamostradevalencia.com\\\/ca\\\/#\\\/schema\\\/person\\\/1dc07e4df3d6310b81d2cdf6a034070c\"},\"headline\":\"MOSTRA DE VAL\u00c8NCIA PRESENTA LES PEL\u00b7L\u00cdCULES DE LA SECCI\u00d3 INFORMATIVA\",\"datePublished\":\"2021-09-28T11:09:51+00:00\",\"dateModified\":\"2021-09-28T11:11:00+00:00\",\"mainEntityOfPage\":{\"@id\":\"https:\\\/\\\/lamostradevalencia.com\\\/ca\\\/mostra-de-valencia-presenta-les-pel%c2%b7licules-de-la-seccio-informativa\\\/\"},\"wordCount\":1050,\"commentCount\":0,\"image\":{\"@id\":\"https:\\\/\\\/lamostradevalencia.com\\\/ca\\\/mostra-de-valencia-presenta-les-pel%c2%b7licules-de-la-seccio-informativa\\\/#primaryimage\"},\"thumbnailUrl\":\"https:\\\/\\\/lamostradevalencia.com\\\/wp-content\\\/uploads\\\/2021\\\/09\\\/stills_3k_0013988-scaled.jpeg\",\"keywords\":[\"estrenos\",\"festival\",\"mediterr\u00e1neos\",\"novedades\",\"pel\u00edculas\",\"Secci\u00f3n Informativa\"],\"articleSection\":[\"Noticies\"],\"inLanguage\":\"ca\",\"potentialAction\":[{\"@type\":\"CommentAction\",\"name\":\"Comment\",\"target\":[\"https:\\\/\\\/lamostradevalencia.com\\\/ca\\\/mostra-de-valencia-presenta-les-pel%c2%b7licules-de-la-seccio-informativa\\\/#respond\"]}]},{\"@type\":\"WebPage\",\"@id\":\"https:\\\/\\\/lamostradevalencia.com\\\/ca\\\/mostra-de-valencia-presenta-les-pel%c2%b7licules-de-la-seccio-informativa\\\/\",\"url\":\"https:\\\/\\\/lamostradevalencia.com\\\/ca\\\/mostra-de-valencia-presenta-les-pel%c2%b7licules-de-la-seccio-informativa\\\/\",\"name\":\"MOSTRA DE VAL\u00c8NCIA PRESENTA LES PEL\u00b7L\u00cdCULES DE LA SECCI\u00d3 INFORMATIVA - Mostra de Val\u00e8ncia\",\"isPartOf\":{\"@id\":\"https:\\\/\\\/lamostradevalencia.com\\\/ca\\\/#website\"},\"primaryImageOfPage\":{\"@id\":\"https:\\\/\\\/lamostradevalencia.com\\\/ca\\\/mostra-de-valencia-presenta-les-pel%c2%b7licules-de-la-seccio-informativa\\\/#primaryimage\"},\"image\":{\"@id\":\"https:\\\/\\\/lamostradevalencia.com\\\/ca\\\/mostra-de-valencia-presenta-les-pel%c2%b7licules-de-la-seccio-informativa\\\/#primaryimage\"},\"thumbnailUrl\":\"https:\\\/\\\/lamostradevalencia.com\\\/wp-content\\\/uploads\\\/2021\\\/09\\\/stills_3k_0013988-scaled.jpeg\",\"datePublished\":\"2021-09-28T11:09:51+00:00\",\"dateModified\":\"2021-09-28T11:11:00+00:00\",\"author\":{\"@id\":\"https:\\\/\\\/lamostradevalencia.com\\\/ca\\\/#\\\/schema\\\/person\\\/1dc07e4df3d6310b81d2cdf6a034070c\"},\"breadcrumb\":{\"@id\":\"https:\\\/\\\/lamostradevalencia.com\\\/ca\\\/mostra-de-valencia-presenta-les-pel%c2%b7licules-de-la-seccio-informativa\\\/#breadcrumb\"},\"inLanguage\":\"ca\",\"potentialAction\":[{\"@type\":\"ReadAction\",\"target\":[\"https:\\\/\\\/lamostradevalencia.com\\\/ca\\\/mostra-de-valencia-presenta-les-pel%c2%b7licules-de-la-seccio-informativa\\\/\"]}]},{\"@type\":\"ImageObject\",\"inLanguage\":\"ca\",\"@id\":\"https:\\\/\\\/lamostradevalencia.com\\\/ca\\\/mostra-de-valencia-presenta-les-pel%c2%b7licules-de-la-seccio-informativa\\\/#primaryimage\",\"url\":\"https:\\\/\\\/lamostradevalencia.com\\\/wp-content\\\/uploads\\\/2021\\\/09\\\/stills_3k_0013988-scaled.jpeg\",\"contentUrl\":\"https:\\\/\\\/lamostradevalencia.com\\\/wp-content\\\/uploads\\\/2021\\\/09\\\/stills_3k_0013988-scaled.jpeg\",\"width\":2560,\"height\":1280},{\"@type\":\"BreadcrumbList\",\"@id\":\"https:\\\/\\\/lamostradevalencia.com\\\/ca\\\/mostra-de-valencia-presenta-les-pel%c2%b7licules-de-la-seccio-informativa\\\/#breadcrumb\",\"itemListElement\":[{\"@type\":\"ListItem\",\"position\":1,\"name\":\"Portada\",\"item\":\"https:\\\/\\\/lamostradevalencia.com\\\/ca\\\/\"},{\"@type\":\"ListItem\",\"position\":2,\"name\":\"MOSTRA DE VAL\u00c8NCIA PRESENTA LES PEL\u00b7L\u00cdCULES DE LA SECCI\u00d3 INFORMATIVA\"}]},{\"@type\":\"WebSite\",\"@id\":\"https:\\\/\\\/lamostradevalencia.com\\\/ca\\\/#website\",\"url\":\"https:\\\/\\\/lamostradevalencia.com\\\/ca\\\/\",\"name\":\"Mostra de Val\u00e8ncia\",\"description\":\"Cinema del Mediterrani\",\"potentialAction\":[{\"@type\":\"SearchAction\",\"target\":{\"@type\":\"EntryPoint\",\"urlTemplate\":\"https:\\\/\\\/lamostradevalencia.com\\\/ca\\\/?s={search_term_string}\"},\"query-input\":{\"@type\":\"PropertyValueSpecification\",\"valueRequired\":true,\"valueName\":\"search_term_string\"}}],\"inLanguage\":\"ca\"},{\"@type\":\"Person\",\"@id\":\"https:\\\/\\\/lamostradevalencia.com\\\/ca\\\/#\\\/schema\\\/person\\\/1dc07e4df3d6310b81d2cdf6a034070c\",\"name\":\"Mostra de Val\u00e8ncia\",\"image\":{\"@type\":\"ImageObject\",\"inLanguage\":\"ca\",\"@id\":\"https:\\\/\\\/secure.gravatar.com\\\/avatar\\\/ada4dfd699a9907706987adb1bb2b361c2613ccca474b49b8c648de5208e32f8?s=96&d=mm&r=g\",\"url\":\"https:\\\/\\\/secure.gravatar.com\\\/avatar\\\/ada4dfd699a9907706987adb1bb2b361c2613ccca474b49b8c648de5208e32f8?s=96&d=mm&r=g\",\"contentUrl\":\"https:\\\/\\\/secure.gravatar.com\\\/avatar\\\/ada4dfd699a9907706987adb1bb2b361c2613ccca474b49b8c648de5208e32f8?s=96&d=mm&r=g\",\"caption\":\"Mostra de Val\u00e8ncia\"}}]}<\/script>\n<!-- \/ Yoast SEO plugin. -->","yoast_head_json":{"title":"MOSTRA DE VAL\u00c8NCIA PRESENTA LES PEL\u00b7L\u00cdCULES DE LA SECCI\u00d3 INFORMATIVA - Mostra de Val\u00e8ncia","robots":{"index":"index","follow":"follow","max-snippet":"max-snippet:-1","max-image-preview":"max-image-preview:large","max-video-preview":"max-video-preview:-1"},"canonical":"https:\/\/lamostradevalencia.com\/ca\/mostra-de-valencia-presenta-les-pel%c2%b7licules-de-la-seccio-informativa\/","og_locale":"ca_ES","og_type":"article","og_title":"MOSTRA DE VAL\u00c8NCIA PRESENTA LES PEL\u00b7L\u00cdCULES DE LA SECCI\u00d3 INFORMATIVA - Mostra de Val\u00e8ncia","og_description":"Mostra de Val\u00e8ncia-Cinema del Mediterrani anuncia les pel\u00b7l\u00edcules de la Secci\u00f3 Informativa. El festival, que se celebrar\u00e0 del 15 al 24 d&#8217;octubre, incorpora en este [&hellip;]","og_url":"https:\/\/lamostradevalencia.com\/ca\/mostra-de-valencia-presenta-les-pel%c2%b7licules-de-la-seccio-informativa\/","og_site_name":"Mostra de Val\u00e8ncia","article_published_time":"2021-09-28T11:09:51+00:00","article_modified_time":"2021-09-28T11:11:00+00:00","og_image":[{"width":2560,"height":1280,"url":"https:\/\/lamostradevalencia.com\/wp-content\/uploads\/2021\/09\/stills_3k_0013988-scaled.jpeg","type":"image\/jpeg"}],"author":"Mostra de Val\u00e8ncia","twitter_card":"summary_large_image","twitter_misc":{"Escrit per":"Mostra de Val\u00e8ncia","Temps estimat de lectura":"5 minuts"},"schema":{"@context":"https:\/\/schema.org","@graph":[{"@type":"Article","@id":"https:\/\/lamostradevalencia.com\/ca\/mostra-de-valencia-presenta-les-pel%c2%b7licules-de-la-seccio-informativa\/#article","isPartOf":{"@id":"https:\/\/lamostradevalencia.com\/ca\/mostra-de-valencia-presenta-les-pel%c2%b7licules-de-la-seccio-informativa\/"},"author":{"name":"Mostra de Val\u00e8ncia","@id":"https:\/\/lamostradevalencia.com\/ca\/#\/schema\/person\/1dc07e4df3d6310b81d2cdf6a034070c"},"headline":"MOSTRA DE VAL\u00c8NCIA PRESENTA LES PEL\u00b7L\u00cdCULES DE LA SECCI\u00d3 INFORMATIVA","datePublished":"2021-09-28T11:09:51+00:00","dateModified":"2021-09-28T11:11:00+00:00","mainEntityOfPage":{"@id":"https:\/\/lamostradevalencia.com\/ca\/mostra-de-valencia-presenta-les-pel%c2%b7licules-de-la-seccio-informativa\/"},"wordCount":1050,"commentCount":0,"image":{"@id":"https:\/\/lamostradevalencia.com\/ca\/mostra-de-valencia-presenta-les-pel%c2%b7licules-de-la-seccio-informativa\/#primaryimage"},"thumbnailUrl":"https:\/\/lamostradevalencia.com\/wp-content\/uploads\/2021\/09\/stills_3k_0013988-scaled.jpeg","keywords":["estrenos","festival","mediterr\u00e1neos","novedades","pel\u00edculas","Secci\u00f3n Informativa"],"articleSection":["Noticies"],"inLanguage":"ca","potentialAction":[{"@type":"CommentAction","name":"Comment","target":["https:\/\/lamostradevalencia.com\/ca\/mostra-de-valencia-presenta-les-pel%c2%b7licules-de-la-seccio-informativa\/#respond"]}]},{"@type":"WebPage","@id":"https:\/\/lamostradevalencia.com\/ca\/mostra-de-valencia-presenta-les-pel%c2%b7licules-de-la-seccio-informativa\/","url":"https:\/\/lamostradevalencia.com\/ca\/mostra-de-valencia-presenta-les-pel%c2%b7licules-de-la-seccio-informativa\/","name":"MOSTRA DE VAL\u00c8NCIA PRESENTA LES PEL\u00b7L\u00cdCULES DE LA SECCI\u00d3 INFORMATIVA - Mostra de Val\u00e8ncia","isPartOf":{"@id":"https:\/\/lamostradevalencia.com\/ca\/#website"},"primaryImageOfPage":{"@id":"https:\/\/lamostradevalencia.com\/ca\/mostra-de-valencia-presenta-les-pel%c2%b7licules-de-la-seccio-informativa\/#primaryimage"},"image":{"@id":"https:\/\/lamostradevalencia.com\/ca\/mostra-de-valencia-presenta-les-pel%c2%b7licules-de-la-seccio-informativa\/#primaryimage"},"thumbnailUrl":"https:\/\/lamostradevalencia.com\/wp-content\/uploads\/2021\/09\/stills_3k_0013988-scaled.jpeg","datePublished":"2021-09-28T11:09:51+00:00","dateModified":"2021-09-28T11:11:00+00:00","author":{"@id":"https:\/\/lamostradevalencia.com\/ca\/#\/schema\/person\/1dc07e4df3d6310b81d2cdf6a034070c"},"breadcrumb":{"@id":"https:\/\/lamostradevalencia.com\/ca\/mostra-de-valencia-presenta-les-pel%c2%b7licules-de-la-seccio-informativa\/#breadcrumb"},"inLanguage":"ca","potentialAction":[{"@type":"ReadAction","target":["https:\/\/lamostradevalencia.com\/ca\/mostra-de-valencia-presenta-les-pel%c2%b7licules-de-la-seccio-informativa\/"]}]},{"@type":"ImageObject","inLanguage":"ca","@id":"https:\/\/lamostradevalencia.com\/ca\/mostra-de-valencia-presenta-les-pel%c2%b7licules-de-la-seccio-informativa\/#primaryimage","url":"https:\/\/lamostradevalencia.com\/wp-content\/uploads\/2021\/09\/stills_3k_0013988-scaled.jpeg","contentUrl":"https:\/\/lamostradevalencia.com\/wp-content\/uploads\/2021\/09\/stills_3k_0013988-scaled.jpeg","width":2560,"height":1280},{"@type":"BreadcrumbList","@id":"https:\/\/lamostradevalencia.com\/ca\/mostra-de-valencia-presenta-les-pel%c2%b7licules-de-la-seccio-informativa\/#breadcrumb","itemListElement":[{"@type":"ListItem","position":1,"name":"Portada","item":"https:\/\/lamostradevalencia.com\/ca\/"},{"@type":"ListItem","position":2,"name":"MOSTRA DE VAL\u00c8NCIA PRESENTA LES PEL\u00b7L\u00cdCULES DE LA SECCI\u00d3 INFORMATIVA"}]},{"@type":"WebSite","@id":"https:\/\/lamostradevalencia.com\/ca\/#website","url":"https:\/\/lamostradevalencia.com\/ca\/","name":"Mostra de Val\u00e8ncia","description":"Cinema del Mediterrani","potentialAction":[{"@type":"SearchAction","target":{"@type":"EntryPoint","urlTemplate":"https:\/\/lamostradevalencia.com\/ca\/?s={search_term_string}"},"query-input":{"@type":"PropertyValueSpecification","valueRequired":true,"valueName":"search_term_string"}}],"inLanguage":"ca"},{"@type":"Person","@id":"https:\/\/lamostradevalencia.com\/ca\/#\/schema\/person\/1dc07e4df3d6310b81d2cdf6a034070c","name":"Mostra de Val\u00e8ncia","image":{"@type":"ImageObject","inLanguage":"ca","@id":"https:\/\/secure.gravatar.com\/avatar\/ada4dfd699a9907706987adb1bb2b361c2613ccca474b49b8c648de5208e32f8?s=96&d=mm&r=g","url":"https:\/\/secure.gravatar.com\/avatar\/ada4dfd699a9907706987adb1bb2b361c2613ccca474b49b8c648de5208e32f8?s=96&d=mm&r=g","contentUrl":"https:\/\/secure.gravatar.com\/avatar\/ada4dfd699a9907706987adb1bb2b361c2613ccca474b49b8c648de5208e32f8?s=96&d=mm&r=g","caption":"Mostra de Val\u00e8ncia"}}]}},"uagb_featured_image_src":{"full":["https:\/\/lamostradevalencia.com\/wp-content\/uploads\/2021\/09\/stills_3k_0013988-scaled.jpeg",2560,1280,false],"thumbnail":["https:\/\/lamostradevalencia.com\/wp-content\/uploads\/2021\/09\/stills_3k_0013988-150x150.jpeg",150,150,true],"medium":["https:\/\/lamostradevalencia.com\/wp-content\/uploads\/2021\/09\/stills_3k_0013988-300x150.jpeg",300,150,true],"medium_large":["https:\/\/lamostradevalencia.com\/wp-content\/uploads\/2021\/09\/stills_3k_0013988-768x384.jpeg",768,384,true],"large":["https:\/\/lamostradevalencia.com\/wp-content\/uploads\/2021\/09\/stills_3k_0013988-1024x512.jpeg",1024,512,true],"1536x1536":["https:\/\/lamostradevalencia.com\/wp-content\/uploads\/2021\/09\/stills_3k_0013988-1536x768.jpeg",1536,768,true],"2048x2048":["https:\/\/lamostradevalencia.com\/wp-content\/uploads\/2021\/09\/stills_3k_0013988-2048x1024.jpeg",2048,1024,true],"cinerama_edge_image_square":["https:\/\/lamostradevalencia.com\/wp-content\/uploads\/2021\/09\/stills_3k_0013988-550x550.jpeg",550,550,true],"cinerama_edge_image_landscape":["https:\/\/lamostradevalencia.com\/wp-content\/uploads\/2021\/09\/stills_3k_0013988-1100x550.jpeg",1100,550,true],"cinerama_edge_image_portrait":["https:\/\/lamostradevalencia.com\/wp-content\/uploads\/2021\/09\/stills_3k_0013988-550x1100.jpeg",550,1100,true],"cinerama_edge_image_huge":["https:\/\/lamostradevalencia.com\/wp-content\/uploads\/2021\/09\/stills_3k_0013988-1100x1100.jpeg",1100,1100,true],"gform-image-choice-sm":["https:\/\/lamostradevalencia.com\/wp-content\/uploads\/2021\/09\/stills_3k_0013988-scaled.jpeg",300,150,false],"gform-image-choice-md":["https:\/\/lamostradevalencia.com\/wp-content\/uploads\/2021\/09\/stills_3k_0013988-scaled.jpeg",400,200,false],"gform-image-choice-lg":["https:\/\/lamostradevalencia.com\/wp-content\/uploads\/2021\/09\/stills_3k_0013988-scaled.jpeg",600,300,false]},"uagb_author_info":{"display_name":"Mostra de Val\u00e8ncia","author_link":"https:\/\/lamostradevalencia.com\/ca\/author\/mostravalencia\/"},"uagb_comment_info":0,"uagb_excerpt":"Mostra de Val\u00e8ncia-Cinema del Mediterrani anuncia les pel\u00b7l\u00edcules de la Secci\u00f3 Informativa. El festival, que se celebrar\u00e0 del 15 al 24 d&#8217;octubre, incorpora en este [&hellip;]","_links":{"self":[{"href":"https:\/\/lamostradevalencia.com\/ca\/wp-json\/wp\/v2\/posts\/12332","targetHints":{"allow":["GET"]}}],"collection":[{"href":"https:\/\/lamostradevalencia.com\/ca\/wp-json\/wp\/v2\/posts"}],"about":[{"href":"https:\/\/lamostradevalencia.com\/ca\/wp-json\/wp\/v2\/types\/post"}],"author":[{"embeddable":true,"href":"https:\/\/lamostradevalencia.com\/ca\/wp-json\/wp\/v2\/users\/1"}],"replies":[{"embeddable":true,"href":"https:\/\/lamostradevalencia.com\/ca\/wp-json\/wp\/v2\/comments?post=12332"}],"version-history":[{"count":2,"href":"https:\/\/lamostradevalencia.com\/ca\/wp-json\/wp\/v2\/posts\/12332\/revisions"}],"predecessor-version":[{"id":12334,"href":"https:\/\/lamostradevalencia.com\/ca\/wp-json\/wp\/v2\/posts\/12332\/revisions\/12334"}],"wp:featuredmedia":[{"embeddable":true,"href":"https:\/\/lamostradevalencia.com\/ca\/wp-json\/wp\/v2\/media\/12329"}],"wp:attachment":[{"href":"https:\/\/lamostradevalencia.com\/ca\/wp-json\/wp\/v2\/media?parent=12332"}],"wp:term":[{"taxonomy":"category","embeddable":true,"href":"https:\/\/lamostradevalencia.com\/ca\/wp-json\/wp\/v2\/categories?post=12332"},{"taxonomy":"post_tag","embeddable":true,"href":"https:\/\/lamostradevalencia.com\/ca\/wp-json\/wp\/v2\/tags?post=12332"}],"curies":[{"name":"wp","href":"https:\/\/api.w.org\/{rel}","templated":true}]}}