{"id":12031,"date":"2021-09-24T16:58:57","date_gmt":"2021-09-24T14:58:57","guid":{"rendered":"https:\/\/lamostradevalencia.com\/?p=12031"},"modified":"2021-09-24T19:50:20","modified_gmt":"2021-09-24T17:50:20","slug":"jean-pierre-jeunet-palmera-dhonor-de-mostra-de-valencia","status":"publish","type":"post","link":"https:\/\/lamostradevalencia.com\/ca\/jean-pierre-jeunet-palmera-dhonor-de-mostra-de-valencia\/","title":{"rendered":"JEAN-PIERRE JEUNET, PALMERA D\u2019HONOR DE MOSTRA DE VAL\u00c8NCIA"},"content":{"rendered":"\r\n<p><strong>La 36a edici\u00f3 de Mostra de Val\u00e8ncia-Cinema del Mediterrani, que se celebra del 15 al 24 d&#8217;octubre als cinemes Babel i La Filmoteca, entregar\u00e0 la seua Palmera d&#8217;Honor 2021 al guionista, productor i director franc\u00e9s.<\/strong><\/p>\r\n\r\n\r\n\r\n<p>Jean-Pierre Jeunet rebr\u00e0 la Palmera d&#8217;Honor de Mostra de Val\u00e8ncia-Cinema del Mediterrani en el marc de la gala de cloenda del festival, el pr\u00f2xim 22 d&#8217;octubre. D&#8217;esta manera, el festival reconeix la seua singular i personal\u00edssima traject\u00f2ria.<\/p>\r\n\r\n\r\n\r\n<p>La pres\u00e8ncia de Jeunet en el festival anir\u00e0 acompanyada d&#8217;un cicle de projeccions de les seues pel\u00b7l\u00edcules i d&#8217;una masterclass que tindr\u00e0 lloc el dijous 21 d&#8217;octubre, a les 18h, en la Filmoteca de Val\u00e8ncia. Es tracta d&#8217;un cineasta que ha aconseguit crear un univers est\u00e8tic propi i ha aconseguit atraure l&#8217;atenci\u00f3 del p\u00fablic utilitzant el c\u00f2mic com a emblema po\u00e8tic i amb un gran sentit de l&#8217;espectacle,\u00a0<\/p>\r\n\r\n\r\n\r\n<p>\u201cJeunet \u00e9s un director nominat a l&#8217;\u00d3scar, guanyador del BAFTA, del Goya, de 4 premis C\u00e9sar i seguit per milions de persones, que van quedar captivades per la seua pel\u00b7l\u00edcula \u201cAm\u00e9lie\u201d, convertida ja en tot un film de culte. Amb la Palmera d&#8217;Honor de la Mostra de Val\u00e8ncia volem recon\u00e9ixer la seua fabulosa traject\u00f2ria\u201d assenyala Gloria Tello, presidenta de Mostra de Val\u00e8ncia i Iniciatives Audiovisuals.<\/p>\r\n\r\n\r\n\r\n<p>La \u201cmarca\u201d Jeunet es va instal\u00b7lar amb veu pr\u00f2pia en l&#8217;imaginari cinematogr\u00e0fic arran del gran impacte provocat pel seu debut en el terreny del llargmetratge. \u201cDelicatessen\u201d (1991), una heterodoxa par\u00e0bola sobre una societat en estat de descomposici\u00f3, li va valdre al director gal i al seu llavors estret col\u00b7laborador, Marc Caro, l&#8217;ampli reconeixement de la ind\u00fastria i de la cr\u00edtica internacional.\u00a0<\/p>\r\n\r\n\r\n\r\n<p>Educat en el Lyc\u00e9e Henri-Poincar\u00e9, Jeunet va combinar els seus treballs en el m\u00f3n de la publicitat i el videoclip (\u201cZoolook\u201d, de Jean Michel Jarre) amb el desenvolupament d&#8217;una prestigiosa carrera com a curtmetratgista al costat de Caro, el punt \u00e0lgid de la qual va arribar amb \u201cFoutaises\u201d (1989), que tamb\u00e9 es podr\u00e0 veure en el cicle que es projectar\u00e0 en la Filmoteca.<\/p>\r\n\r\n\r\n\r\n<p>El seu particular estil, influ\u00eft per cineastes amb una personalitat est\u00e8tica intransferible com ara Terry Gilliam, Sergio Leone o David Lynch, es va consolidar de manera definitiva en la seua seg\u00fcent pel\u00b7l\u00edcula, \u201cLa Ciudad de los ni\u00f1os perdidos\u201d (1995), en la qual un cient\u00edfic es dedica a segrestar infants amb la intenci\u00f3 de robar-los els seus somnis. L&#8217;\u00e8xit del film li va donar l&#8217;oportunitat de saltar a Hollywood per a rodar \u201cAlien: Resurrecci\u00f3n\u201d (1997), amb Winona Ryder i Sigourney Weaver.<\/p>\r\n\r\n\r\n\r\n<p>El seu peculiar estil seguiria present en treballs posteriors, com \u201cMicmacs\u201d (2009), on un home s&#8217;alia amb artistes de carrer per a organitzar una venjan\u00e7a contra les empreses d&#8217;armament. I tamb\u00e9 en \u201cEl extraordinario viaje de T.S. Spivet\u201d (2013), <em>road movie<\/em> sobre un xiquet de deu anys que abandona en secret el ranxo de la seua fam\u00edlia en Montana i viatja per tot el pa\u00eds en un tren de c\u00e0rrega per a rebre un premi en l&#8217;Institut Smithsonian.\u00a0<\/p>\r\n\r\n\r\n\r\n<p>Va ser al seu retorn dels Estats Units quan va reprendre el gui\u00f3 del film que fins ara \u00e9s el seu major \u00e8xit: \u201cAm\u00e9lie\u201d (2001). Una com\u00e8dia rom\u00e0ntica on la protagonista (Audrey Tautou) est\u00e0 obstinada a aconseguir que les persones del seu voltant se senten felices. El seu to de conte amable no exempt de negror, la colorista fotografia de Bruno Delbonnel, la contagiosa m\u00fasica de Yann Tiersen i la dol\u00e7or interpretativa de Tautou van captivar p\u00fablic i ind\u00fastria, la qual cosa es va traduir en huit milions d&#8217;entrades venudes nom\u00e9s a Fran\u00e7a i nombrosos reconeixements nacionals i internacionals, que inclouen cinc nominacions als Oscar. El film, que complix vint anys en 2021, va protagonitzar una de les sessions especials del passat Festival de Cannes.<\/p>\r\n\r\n\r\n\r\n<p>La 36a Mostra de Val\u00e8ncia, que se celebrar\u00e0 del 15 al 24 d&#8217;octubre de 2021, compta amb la col\u00b7laboraci\u00f3 del Palau de la M\u00fasica, La Rambleta, i Fundaci\u00f3n SGAE, t\u00e9 com a mitj\u00e0 oficial \u00c0 Punt M\u00e8dia i est\u00e0 acreditada per la FIAPF com a festival competitiu especialitzat.<\/p>\r\n<p>&nbsp;<\/p>\r\n<p>Foto Jean-Pierre Jeunet: Nicolas Auproux<\/p>\r\n\r\n\r\n\r\n<figure class=\"wp-block-image size-large\"><img loading=\"lazy\" decoding=\"async\" width=\"1024\" height=\"538\" class=\"wp-image-12022\" src=\"https:\/\/lamostradevalencia.com\/wp-content\/uploads\/2021\/09\/093d8245-626e-422a-832b-96f11454ca9b-the-city-of-lost-children-1024x538.jpg\" alt=\"\" srcset=\"https:\/\/lamostradevalencia.com\/wp-content\/uploads\/2021\/09\/093d8245-626e-422a-832b-96f11454ca9b-the-city-of-lost-children-1024x538.jpg 1024w, https:\/\/lamostradevalencia.com\/wp-content\/uploads\/2021\/09\/093d8245-626e-422a-832b-96f11454ca9b-the-city-of-lost-children-300x158.jpg 300w, https:\/\/lamostradevalencia.com\/wp-content\/uploads\/2021\/09\/093d8245-626e-422a-832b-96f11454ca9b-the-city-of-lost-children-768x403.jpg 768w, https:\/\/lamostradevalencia.com\/wp-content\/uploads\/2021\/09\/093d8245-626e-422a-832b-96f11454ca9b-the-city-of-lost-children.jpg 1200w\" sizes=\"auto, (max-width: 1024px) 100vw, 1024px\" \/><\/figure>\r\n<p>&nbsp;<\/p>\r\n<p>&nbsp;<\/p>\r\n","protected":false},"excerpt":{"rendered":"<p>La 36a edici\u00f3 de Mostra de Val\u00e8ncia-Cinema del Mediterrani, que se celebra del 15 al 24 d&#8217;octubre als cinemes Babel i La Filmoteca, entregar\u00e0 la [&hellip;]<\/p>\n","protected":false},"author":1,"featured_media":12027,"comment_status":"open","ping_status":"open","sticky":false,"template":"","format":"standard","meta":{"_uag_custom_page_level_css":"","_jet_sm_ready_style":"","_jet_sm_style":"","_jet_sm_controls_values":"","_jet_sm_fonts_collection":"","_jet_sm_fonts_links":"","footnotes":""},"categories":[455],"tags":[2828,2827,2826],"class_list":["post-12031","post","type-post","status-publish","format-standard","has-post-thumbnail","hentry","category-noticies","tag-amelie-2","tag-jeunet-2","tag-premio-2"],"yoast_head":"<!-- This site is optimized with the Yoast SEO plugin v27.5 - https:\/\/yoast.com\/product\/yoast-seo-wordpress\/ -->\n<title>JEAN-PIERRE JEUNET, PALMERA D\u2019HONOR DE MOSTRA DE VAL\u00c8NCIA - Mostra de Val\u00e8ncia<\/title>\n<meta name=\"robots\" content=\"index, follow, max-snippet:-1, max-image-preview:large, max-video-preview:-1\" \/>\n<link rel=\"canonical\" href=\"https:\/\/lamostradevalencia.com\/ca\/jean-pierre-jeunet-palmera-dhonor-de-mostra-de-valencia\/\" \/>\n<meta property=\"og:locale\" content=\"ca_ES\" \/>\n<meta property=\"og:type\" content=\"article\" \/>\n<meta property=\"og:title\" content=\"JEAN-PIERRE JEUNET, PALMERA D\u2019HONOR DE MOSTRA DE VAL\u00c8NCIA - Mostra de Val\u00e8ncia\" \/>\n<meta property=\"og:description\" content=\"La 36a edici\u00f3 de Mostra de Val\u00e8ncia-Cinema del Mediterrani, que se celebra del 15 al 24 d&#8217;octubre als cinemes Babel i La Filmoteca, entregar\u00e0 la [&hellip;]\" \/>\n<meta property=\"og:url\" content=\"https:\/\/lamostradevalencia.com\/ca\/jean-pierre-jeunet-palmera-dhonor-de-mostra-de-valencia\/\" \/>\n<meta property=\"og:site_name\" content=\"Mostra de Val\u00e8ncia\" \/>\n<meta property=\"article:published_time\" content=\"2021-09-24T14:58:57+00:00\" \/>\n<meta property=\"article:modified_time\" content=\"2021-09-24T17:50:20+00:00\" \/>\n<meta property=\"og:image\" content=\"https:\/\/lamostradevalencia.com\/wp-content\/uploads\/2021\/09\/Jean-Pierre-Jeunet-\u00a9-Nicolas-Auproux-scaled.jpeg\" \/>\n\t<meta property=\"og:image:width\" content=\"2560\" \/>\n\t<meta property=\"og:image:height\" content=\"2560\" \/>\n\t<meta property=\"og:image:type\" content=\"image\/jpeg\" \/>\n<meta name=\"author\" content=\"Mostra de Val\u00e8ncia\" \/>\n<meta name=\"twitter:card\" content=\"summary_large_image\" \/>\n<meta name=\"twitter:label1\" content=\"Escrit per\" \/>\n\t<meta name=\"twitter:data1\" content=\"Mostra de Val\u00e8ncia\" \/>\n\t<meta name=\"twitter:label2\" content=\"Temps estimat de lectura\" \/>\n\t<meta name=\"twitter:data2\" content=\"4 minuts\" \/>\n<script type=\"application\/ld+json\" class=\"yoast-schema-graph\">{\"@context\":\"https:\\\/\\\/schema.org\",\"@graph\":[{\"@type\":\"Article\",\"@id\":\"https:\\\/\\\/lamostradevalencia.com\\\/ca\\\/jean-pierre-jeunet-palmera-dhonor-de-mostra-de-valencia\\\/#article\",\"isPartOf\":{\"@id\":\"https:\\\/\\\/lamostradevalencia.com\\\/ca\\\/jean-pierre-jeunet-palmera-dhonor-de-mostra-de-valencia\\\/\"},\"author\":{\"name\":\"Mostra de Val\u00e8ncia\",\"@id\":\"https:\\\/\\\/lamostradevalencia.com\\\/ca\\\/#\\\/schema\\\/person\\\/1dc07e4df3d6310b81d2cdf6a034070c\"},\"headline\":\"JEAN-PIERRE JEUNET, PALMERA D\u2019HONOR DE MOSTRA DE VAL\u00c8NCIA\",\"datePublished\":\"2021-09-24T14:58:57+00:00\",\"dateModified\":\"2021-09-24T17:50:20+00:00\",\"mainEntityOfPage\":{\"@id\":\"https:\\\/\\\/lamostradevalencia.com\\\/ca\\\/jean-pierre-jeunet-palmera-dhonor-de-mostra-de-valencia\\\/\"},\"wordCount\":741,\"commentCount\":0,\"image\":{\"@id\":\"https:\\\/\\\/lamostradevalencia.com\\\/ca\\\/jean-pierre-jeunet-palmera-dhonor-de-mostra-de-valencia\\\/#primaryimage\"},\"thumbnailUrl\":\"https:\\\/\\\/lamostradevalencia.com\\\/wp-content\\\/uploads\\\/2021\\\/09\\\/Jean-Pierre-Jeunet-\u00a9-Nicolas-Auproux-scaled.jpeg\",\"keywords\":[\"Amelie\",\"Jeunet\",\"premio\"],\"articleSection\":[\"Noticies\"],\"inLanguage\":\"ca\",\"potentialAction\":[{\"@type\":\"CommentAction\",\"name\":\"Comment\",\"target\":[\"https:\\\/\\\/lamostradevalencia.com\\\/ca\\\/jean-pierre-jeunet-palmera-dhonor-de-mostra-de-valencia\\\/#respond\"]}]},{\"@type\":\"WebPage\",\"@id\":\"https:\\\/\\\/lamostradevalencia.com\\\/ca\\\/jean-pierre-jeunet-palmera-dhonor-de-mostra-de-valencia\\\/\",\"url\":\"https:\\\/\\\/lamostradevalencia.com\\\/ca\\\/jean-pierre-jeunet-palmera-dhonor-de-mostra-de-valencia\\\/\",\"name\":\"JEAN-PIERRE JEUNET, PALMERA D\u2019HONOR DE MOSTRA DE VAL\u00c8NCIA - Mostra de Val\u00e8ncia\",\"isPartOf\":{\"@id\":\"https:\\\/\\\/lamostradevalencia.com\\\/ca\\\/#website\"},\"primaryImageOfPage\":{\"@id\":\"https:\\\/\\\/lamostradevalencia.com\\\/ca\\\/jean-pierre-jeunet-palmera-dhonor-de-mostra-de-valencia\\\/#primaryimage\"},\"image\":{\"@id\":\"https:\\\/\\\/lamostradevalencia.com\\\/ca\\\/jean-pierre-jeunet-palmera-dhonor-de-mostra-de-valencia\\\/#primaryimage\"},\"thumbnailUrl\":\"https:\\\/\\\/lamostradevalencia.com\\\/wp-content\\\/uploads\\\/2021\\\/09\\\/Jean-Pierre-Jeunet-\u00a9-Nicolas-Auproux-scaled.jpeg\",\"datePublished\":\"2021-09-24T14:58:57+00:00\",\"dateModified\":\"2021-09-24T17:50:20+00:00\",\"author\":{\"@id\":\"https:\\\/\\\/lamostradevalencia.com\\\/ca\\\/#\\\/schema\\\/person\\\/1dc07e4df3d6310b81d2cdf6a034070c\"},\"breadcrumb\":{\"@id\":\"https:\\\/\\\/lamostradevalencia.com\\\/ca\\\/jean-pierre-jeunet-palmera-dhonor-de-mostra-de-valencia\\\/#breadcrumb\"},\"inLanguage\":\"ca\",\"potentialAction\":[{\"@type\":\"ReadAction\",\"target\":[\"https:\\\/\\\/lamostradevalencia.com\\\/ca\\\/jean-pierre-jeunet-palmera-dhonor-de-mostra-de-valencia\\\/\"]}]},{\"@type\":\"ImageObject\",\"inLanguage\":\"ca\",\"@id\":\"https:\\\/\\\/lamostradevalencia.com\\\/ca\\\/jean-pierre-jeunet-palmera-dhonor-de-mostra-de-valencia\\\/#primaryimage\",\"url\":\"https:\\\/\\\/lamostradevalencia.com\\\/wp-content\\\/uploads\\\/2021\\\/09\\\/Jean-Pierre-Jeunet-\u00a9-Nicolas-Auproux-scaled.jpeg\",\"contentUrl\":\"https:\\\/\\\/lamostradevalencia.com\\\/wp-content\\\/uploads\\\/2021\\\/09\\\/Jean-Pierre-Jeunet-\u00a9-Nicolas-Auproux-scaled.jpeg\",\"width\":2560,\"height\":2560},{\"@type\":\"BreadcrumbList\",\"@id\":\"https:\\\/\\\/lamostradevalencia.com\\\/ca\\\/jean-pierre-jeunet-palmera-dhonor-de-mostra-de-valencia\\\/#breadcrumb\",\"itemListElement\":[{\"@type\":\"ListItem\",\"position\":1,\"name\":\"Portada\",\"item\":\"https:\\\/\\\/lamostradevalencia.com\\\/ca\\\/\"},{\"@type\":\"ListItem\",\"position\":2,\"name\":\"JEAN-PIERRE JEUNET, PALMERA D\u2019HONOR DE MOSTRA DE VAL\u00c8NCIA\"}]},{\"@type\":\"WebSite\",\"@id\":\"https:\\\/\\\/lamostradevalencia.com\\\/ca\\\/#website\",\"url\":\"https:\\\/\\\/lamostradevalencia.com\\\/ca\\\/\",\"name\":\"Mostra de Val\u00e8ncia\",\"description\":\"Cinema del Mediterrani\",\"potentialAction\":[{\"@type\":\"SearchAction\",\"target\":{\"@type\":\"EntryPoint\",\"urlTemplate\":\"https:\\\/\\\/lamostradevalencia.com\\\/ca\\\/?s={search_term_string}\"},\"query-input\":{\"@type\":\"PropertyValueSpecification\",\"valueRequired\":true,\"valueName\":\"search_term_string\"}}],\"inLanguage\":\"ca\"},{\"@type\":\"Person\",\"@id\":\"https:\\\/\\\/lamostradevalencia.com\\\/ca\\\/#\\\/schema\\\/person\\\/1dc07e4df3d6310b81d2cdf6a034070c\",\"name\":\"Mostra de Val\u00e8ncia\",\"image\":{\"@type\":\"ImageObject\",\"inLanguage\":\"ca\",\"@id\":\"https:\\\/\\\/secure.gravatar.com\\\/avatar\\\/ada4dfd699a9907706987adb1bb2b361c2613ccca474b49b8c648de5208e32f8?s=96&d=mm&r=g\",\"url\":\"https:\\\/\\\/secure.gravatar.com\\\/avatar\\\/ada4dfd699a9907706987adb1bb2b361c2613ccca474b49b8c648de5208e32f8?s=96&d=mm&r=g\",\"contentUrl\":\"https:\\\/\\\/secure.gravatar.com\\\/avatar\\\/ada4dfd699a9907706987adb1bb2b361c2613ccca474b49b8c648de5208e32f8?s=96&d=mm&r=g\",\"caption\":\"Mostra de Val\u00e8ncia\"}}]}<\/script>\n<!-- \/ Yoast SEO plugin. -->","yoast_head_json":{"title":"JEAN-PIERRE JEUNET, PALMERA D\u2019HONOR DE MOSTRA DE VAL\u00c8NCIA - Mostra de Val\u00e8ncia","robots":{"index":"index","follow":"follow","max-snippet":"max-snippet:-1","max-image-preview":"max-image-preview:large","max-video-preview":"max-video-preview:-1"},"canonical":"https:\/\/lamostradevalencia.com\/ca\/jean-pierre-jeunet-palmera-dhonor-de-mostra-de-valencia\/","og_locale":"ca_ES","og_type":"article","og_title":"JEAN-PIERRE JEUNET, PALMERA D\u2019HONOR DE MOSTRA DE VAL\u00c8NCIA - Mostra de Val\u00e8ncia","og_description":"La 36a edici\u00f3 de Mostra de Val\u00e8ncia-Cinema del Mediterrani, que se celebra del 15 al 24 d&#8217;octubre als cinemes Babel i La Filmoteca, entregar\u00e0 la [&hellip;]","og_url":"https:\/\/lamostradevalencia.com\/ca\/jean-pierre-jeunet-palmera-dhonor-de-mostra-de-valencia\/","og_site_name":"Mostra de Val\u00e8ncia","article_published_time":"2021-09-24T14:58:57+00:00","article_modified_time":"2021-09-24T17:50:20+00:00","og_image":[{"width":2560,"height":2560,"url":"https:\/\/lamostradevalencia.com\/wp-content\/uploads\/2021\/09\/Jean-Pierre-Jeunet-\u00a9-Nicolas-Auproux-scaled.jpeg","type":"image\/jpeg"}],"author":"Mostra de Val\u00e8ncia","twitter_card":"summary_large_image","twitter_misc":{"Escrit per":"Mostra de Val\u00e8ncia","Temps estimat de lectura":"4 minuts"},"schema":{"@context":"https:\/\/schema.org","@graph":[{"@type":"Article","@id":"https:\/\/lamostradevalencia.com\/ca\/jean-pierre-jeunet-palmera-dhonor-de-mostra-de-valencia\/#article","isPartOf":{"@id":"https:\/\/lamostradevalencia.com\/ca\/jean-pierre-jeunet-palmera-dhonor-de-mostra-de-valencia\/"},"author":{"name":"Mostra de Val\u00e8ncia","@id":"https:\/\/lamostradevalencia.com\/ca\/#\/schema\/person\/1dc07e4df3d6310b81d2cdf6a034070c"},"headline":"JEAN-PIERRE JEUNET, PALMERA D\u2019HONOR DE MOSTRA DE VAL\u00c8NCIA","datePublished":"2021-09-24T14:58:57+00:00","dateModified":"2021-09-24T17:50:20+00:00","mainEntityOfPage":{"@id":"https:\/\/lamostradevalencia.com\/ca\/jean-pierre-jeunet-palmera-dhonor-de-mostra-de-valencia\/"},"wordCount":741,"commentCount":0,"image":{"@id":"https:\/\/lamostradevalencia.com\/ca\/jean-pierre-jeunet-palmera-dhonor-de-mostra-de-valencia\/#primaryimage"},"thumbnailUrl":"https:\/\/lamostradevalencia.com\/wp-content\/uploads\/2021\/09\/Jean-Pierre-Jeunet-\u00a9-Nicolas-Auproux-scaled.jpeg","keywords":["Amelie","Jeunet","premio"],"articleSection":["Noticies"],"inLanguage":"ca","potentialAction":[{"@type":"CommentAction","name":"Comment","target":["https:\/\/lamostradevalencia.com\/ca\/jean-pierre-jeunet-palmera-dhonor-de-mostra-de-valencia\/#respond"]}]},{"@type":"WebPage","@id":"https:\/\/lamostradevalencia.com\/ca\/jean-pierre-jeunet-palmera-dhonor-de-mostra-de-valencia\/","url":"https:\/\/lamostradevalencia.com\/ca\/jean-pierre-jeunet-palmera-dhonor-de-mostra-de-valencia\/","name":"JEAN-PIERRE JEUNET, PALMERA D\u2019HONOR DE MOSTRA DE VAL\u00c8NCIA - Mostra de Val\u00e8ncia","isPartOf":{"@id":"https:\/\/lamostradevalencia.com\/ca\/#website"},"primaryImageOfPage":{"@id":"https:\/\/lamostradevalencia.com\/ca\/jean-pierre-jeunet-palmera-dhonor-de-mostra-de-valencia\/#primaryimage"},"image":{"@id":"https:\/\/lamostradevalencia.com\/ca\/jean-pierre-jeunet-palmera-dhonor-de-mostra-de-valencia\/#primaryimage"},"thumbnailUrl":"https:\/\/lamostradevalencia.com\/wp-content\/uploads\/2021\/09\/Jean-Pierre-Jeunet-\u00a9-Nicolas-Auproux-scaled.jpeg","datePublished":"2021-09-24T14:58:57+00:00","dateModified":"2021-09-24T17:50:20+00:00","author":{"@id":"https:\/\/lamostradevalencia.com\/ca\/#\/schema\/person\/1dc07e4df3d6310b81d2cdf6a034070c"},"breadcrumb":{"@id":"https:\/\/lamostradevalencia.com\/ca\/jean-pierre-jeunet-palmera-dhonor-de-mostra-de-valencia\/#breadcrumb"},"inLanguage":"ca","potentialAction":[{"@type":"ReadAction","target":["https:\/\/lamostradevalencia.com\/ca\/jean-pierre-jeunet-palmera-dhonor-de-mostra-de-valencia\/"]}]},{"@type":"ImageObject","inLanguage":"ca","@id":"https:\/\/lamostradevalencia.com\/ca\/jean-pierre-jeunet-palmera-dhonor-de-mostra-de-valencia\/#primaryimage","url":"https:\/\/lamostradevalencia.com\/wp-content\/uploads\/2021\/09\/Jean-Pierre-Jeunet-\u00a9-Nicolas-Auproux-scaled.jpeg","contentUrl":"https:\/\/lamostradevalencia.com\/wp-content\/uploads\/2021\/09\/Jean-Pierre-Jeunet-\u00a9-Nicolas-Auproux-scaled.jpeg","width":2560,"height":2560},{"@type":"BreadcrumbList","@id":"https:\/\/lamostradevalencia.com\/ca\/jean-pierre-jeunet-palmera-dhonor-de-mostra-de-valencia\/#breadcrumb","itemListElement":[{"@type":"ListItem","position":1,"name":"Portada","item":"https:\/\/lamostradevalencia.com\/ca\/"},{"@type":"ListItem","position":2,"name":"JEAN-PIERRE JEUNET, PALMERA D\u2019HONOR DE MOSTRA DE VAL\u00c8NCIA"}]},{"@type":"WebSite","@id":"https:\/\/lamostradevalencia.com\/ca\/#website","url":"https:\/\/lamostradevalencia.com\/ca\/","name":"Mostra de Val\u00e8ncia","description":"Cinema del Mediterrani","potentialAction":[{"@type":"SearchAction","target":{"@type":"EntryPoint","urlTemplate":"https:\/\/lamostradevalencia.com\/ca\/?s={search_term_string}"},"query-input":{"@type":"PropertyValueSpecification","valueRequired":true,"valueName":"search_term_string"}}],"inLanguage":"ca"},{"@type":"Person","@id":"https:\/\/lamostradevalencia.com\/ca\/#\/schema\/person\/1dc07e4df3d6310b81d2cdf6a034070c","name":"Mostra de Val\u00e8ncia","image":{"@type":"ImageObject","inLanguage":"ca","@id":"https:\/\/secure.gravatar.com\/avatar\/ada4dfd699a9907706987adb1bb2b361c2613ccca474b49b8c648de5208e32f8?s=96&d=mm&r=g","url":"https:\/\/secure.gravatar.com\/avatar\/ada4dfd699a9907706987adb1bb2b361c2613ccca474b49b8c648de5208e32f8?s=96&d=mm&r=g","contentUrl":"https:\/\/secure.gravatar.com\/avatar\/ada4dfd699a9907706987adb1bb2b361c2613ccca474b49b8c648de5208e32f8?s=96&d=mm&r=g","caption":"Mostra de Val\u00e8ncia"}}]}},"uagb_featured_image_src":{"full":["https:\/\/lamostradevalencia.com\/wp-content\/uploads\/2021\/09\/Jean-Pierre-Jeunet-\u00a9-Nicolas-Auproux-scaled.jpeg",2560,2560,false],"thumbnail":["https:\/\/lamostradevalencia.com\/wp-content\/uploads\/2021\/09\/Jean-Pierre-Jeunet-\u00a9-Nicolas-Auproux-150x150.jpeg",150,150,true],"medium":["https:\/\/lamostradevalencia.com\/wp-content\/uploads\/2021\/09\/Jean-Pierre-Jeunet-\u00a9-Nicolas-Auproux-300x300.jpeg",300,300,true],"medium_large":["https:\/\/lamostradevalencia.com\/wp-content\/uploads\/2021\/09\/Jean-Pierre-Jeunet-\u00a9-Nicolas-Auproux-768x768.jpeg",768,768,true],"large":["https:\/\/lamostradevalencia.com\/wp-content\/uploads\/2021\/09\/Jean-Pierre-Jeunet-\u00a9-Nicolas-Auproux-1024x1024.jpeg",1024,1024,true],"1536x1536":["https:\/\/lamostradevalencia.com\/wp-content\/uploads\/2021\/09\/Jean-Pierre-Jeunet-\u00a9-Nicolas-Auproux-1536x1536.jpeg",1536,1536,true],"2048x2048":["https:\/\/lamostradevalencia.com\/wp-content\/uploads\/2021\/09\/Jean-Pierre-Jeunet-\u00a9-Nicolas-Auproux-2048x2048.jpeg",2048,2048,true],"cinerama_edge_image_square":["https:\/\/lamostradevalencia.com\/wp-content\/uploads\/2021\/09\/Jean-Pierre-Jeunet-\u00a9-Nicolas-Auproux-550x550.jpeg",550,550,true],"cinerama_edge_image_landscape":["https:\/\/lamostradevalencia.com\/wp-content\/uploads\/2021\/09\/Jean-Pierre-Jeunet-\u00a9-Nicolas-Auproux-1100x550.jpeg",1100,550,true],"cinerama_edge_image_portrait":["https:\/\/lamostradevalencia.com\/wp-content\/uploads\/2021\/09\/Jean-Pierre-Jeunet-\u00a9-Nicolas-Auproux-550x1100.jpeg",550,1100,true],"cinerama_edge_image_huge":["https:\/\/lamostradevalencia.com\/wp-content\/uploads\/2021\/09\/Jean-Pierre-Jeunet-\u00a9-Nicolas-Auproux-1100x1100.jpeg",1100,1100,true],"gform-image-choice-sm":["https:\/\/lamostradevalencia.com\/wp-content\/uploads\/2021\/09\/Jean-Pierre-Jeunet-\u00a9-Nicolas-Auproux-scaled.jpeg",300,300,false],"gform-image-choice-md":["https:\/\/lamostradevalencia.com\/wp-content\/uploads\/2021\/09\/Jean-Pierre-Jeunet-\u00a9-Nicolas-Auproux-scaled.jpeg",400,400,false],"gform-image-choice-lg":["https:\/\/lamostradevalencia.com\/wp-content\/uploads\/2021\/09\/Jean-Pierre-Jeunet-\u00a9-Nicolas-Auproux-scaled.jpeg",600,600,false]},"uagb_author_info":{"display_name":"Mostra de Val\u00e8ncia","author_link":"https:\/\/lamostradevalencia.com\/ca\/author\/mostravalencia\/"},"uagb_comment_info":0,"uagb_excerpt":"La 36a edici\u00f3 de Mostra de Val\u00e8ncia-Cinema del Mediterrani, que se celebra del 15 al 24 d&#8217;octubre als cinemes Babel i La Filmoteca, entregar\u00e0 la [&hellip;]","_links":{"self":[{"href":"https:\/\/lamostradevalencia.com\/ca\/wp-json\/wp\/v2\/posts\/12031","targetHints":{"allow":["GET"]}}],"collection":[{"href":"https:\/\/lamostradevalencia.com\/ca\/wp-json\/wp\/v2\/posts"}],"about":[{"href":"https:\/\/lamostradevalencia.com\/ca\/wp-json\/wp\/v2\/types\/post"}],"author":[{"embeddable":true,"href":"https:\/\/lamostradevalencia.com\/ca\/wp-json\/wp\/v2\/users\/1"}],"replies":[{"embeddable":true,"href":"https:\/\/lamostradevalencia.com\/ca\/wp-json\/wp\/v2\/comments?post=12031"}],"version-history":[{"count":2,"href":"https:\/\/lamostradevalencia.com\/ca\/wp-json\/wp\/v2\/posts\/12031\/revisions"}],"predecessor-version":[{"id":12196,"href":"https:\/\/lamostradevalencia.com\/ca\/wp-json\/wp\/v2\/posts\/12031\/revisions\/12196"}],"wp:featuredmedia":[{"embeddable":true,"href":"https:\/\/lamostradevalencia.com\/ca\/wp-json\/wp\/v2\/media\/12027"}],"wp:attachment":[{"href":"https:\/\/lamostradevalencia.com\/ca\/wp-json\/wp\/v2\/media?parent=12031"}],"wp:term":[{"taxonomy":"category","embeddable":true,"href":"https:\/\/lamostradevalencia.com\/ca\/wp-json\/wp\/v2\/categories?post=12031"},{"taxonomy":"post_tag","embeddable":true,"href":"https:\/\/lamostradevalencia.com\/ca\/wp-json\/wp\/v2\/tags?post=12031"}],"curies":[{"name":"wp","href":"https:\/\/api.w.org\/{rel}","templated":true}]}}