{"id":12005,"date":"2021-09-24T00:26:19","date_gmt":"2021-09-23T22:26:19","guid":{"rendered":"https:\/\/lamostradevalencia.com\/?p=12005"},"modified":"2021-09-24T00:28:35","modified_gmt":"2021-09-23T22:28:35","slug":"a-premiere-vue-el-futur-del-cine-mediterrani","status":"publish","type":"post","link":"https:\/\/lamostradevalencia.com\/ca\/a-premiere-vue-el-futur-del-cine-mediterrani\/","title":{"rendered":"&#8220;\u00c0 PREMI\u00c8RE VUE&#8221;: EL FUTUR DEL CINE MEDITERRANI"},"content":{"rendered":"<p>&#8220;Descobrir joves cineastes del Mediterrani&#8221;. Amb este lema definix el seu principal objectiu el programa &#8220;\u00c0 premi\u00e8revue&#8221;, una selecci\u00f3 de curtmetratges procedents d&#8217;escoles de cinema de Beirut, Marr\u00e0queix i Tun\u00edsia triada per COPEAM, en col\u00b7laboraci\u00f3 amb la Universit\u00e0 Telematica Internazionale Uninettuno.<\/p>\n<p>La Conf\u00e9rence Permanent de l&#8217;Audiovisuel Mediterran\u00e9en (COPEAM) \u00e9s una associaci\u00f3 sense \u00e0nim de lucre dedicada a la promoci\u00f3 del di\u00e0leg i la integraci\u00f3 cultural al Mediterrani, a trav\u00e9s de la implicaci\u00f3 dels principals actors del sector audiovisual, entre els quals destaquen les r\u00e0dios i televisions p\u00fabliques de 26 pa\u00efsos, associacions professionals i culturals, institucions educatives, productores independents, autoritats locals d&#8217;Europa, Balcans, \u00c0frica del Nord i Orient Mitj\u00e0 i, per descomptat, festivals de cinema. Entre ells, Mostra de Val\u00e8ncia, que este any inicia la col\u00b7laboraci\u00f3 activa amb l&#8217;associaci\u00f3 projectant esta interessant selecci\u00f3 de curts.<\/p>\n<p>&nbsp;<\/p>\n<p><img loading=\"lazy\" decoding=\"async\" class=\" wp-image-11439 aligncenter\" src=\"https:\/\/lamostradevalencia.com\/wp-content\/uploads\/2021\/09\/Something-Wrong-1-300x188.jpg\" alt=\"\" width=\"611\" height=\"383\" srcset=\"https:\/\/lamostradevalencia.com\/wp-content\/uploads\/2021\/09\/Something-Wrong-1-300x188.jpg 300w, https:\/\/lamostradevalencia.com\/wp-content\/uploads\/2021\/09\/Something-Wrong-1-1024x640.jpg 1024w, https:\/\/lamostradevalencia.com\/wp-content\/uploads\/2021\/09\/Something-Wrong-1-768x480.jpg 768w, https:\/\/lamostradevalencia.com\/wp-content\/uploads\/2021\/09\/Something-Wrong-1-1536x960.jpg 1536w\" sizes=\"auto, (max-width: 611px) 100vw, 611px\" \/><\/p>\n<p>&nbsp;<\/p>\n<p>El programa inclou &#8220;Dans les couloirs\u201d, una producci\u00f3 de l&#8217;ALBA (Acad\u00e9mie Libanaise des Beaux Arts) dirigida per Yara Choueiter i protagonitzada per un jove conserge d&#8217;hotel la rutina laboral del qual es veu interrompuda un mat\u00ed en qu\u00e8 es troba amb una habitaci\u00f3 sumida en el caos. A mesura que va netejant i posant ordre en el lloc, comen\u00e7ar\u00e0 a establir una connexi\u00f3 molt particular amb la dona que ocupa l&#8217;habitaci\u00f3.<\/p>\n<p>De la mateixa escola procedix &#8220;There Must Be Something Wrong&#8221;, de Karim Nasr, ambientat en una Beirut buida i dist\u00f2pica, on un home que porta molt de temps treballant des del seu domicili rep un correu electr\u00f2nic que li comunica el seu despatxament.<\/p>\n<p>L\u2019ESAC Gammarth, centre d&#8217;ensenyament audiovisual tunisi\u00e0, aporta tamb\u00e9 dos treballs. D&#8217;una banda, &#8220;Craque Madame&#8221;, de Meriem Essoussi. Conta la hist\u00f2ria d&#8217;una dona que, tres anys despr\u00e9s de divorciar-se d&#8217;un maltractador, intenta recuperar la seua vida. No obstant aix\u00f2, el seu exmarit continua assetjant-la, fins que un dia ella decidix prendre el control de la seua vida.<\/p>\n<p>L&#8217;altra proposta de Tun\u00edsia \u00e9s &#8220;Rouge, Orange, Vert: Triptyque de la rue&#8221;, i com el seu t\u00edtol anuncia, desenvolupa tres situacions de viol\u00e8ncia que es desenvolupen de manera simult\u00e0nia en un encreuament de carrers durant el canvi d&#8217;un sem\u00e0for. Dirigix Aymen Daboussi.<\/p>\n<p>Completen el programa dos curtmetratges marroquins, desenvolupats per estudiants de l\u2019ESAV Marr\u00e0queix. En &#8220;Le retour&#8221;, d&#8217;Isabelle Christiane Kouraogo, una jove senegalesa que estudia al Marroc s&#8217;assabenta que la seua mare patix una malaltia incurable. Per\u00f2 no disposa de recursos econ\u00f2mics per a comprar un bitllet d&#8217;avi\u00f3, aix\u00ed que decidix viatjar per carretera, on coneixer\u00e0 un transportista.<\/p>\n<p>Finalment, &#8220;Heist&#8221;, d\u2019Adil Ba Jmad, proposa una hist\u00f2ria curiosa: La d&#8217;un jove estudiant d&#8217;una acad\u00e8mia de cinema que, despr\u00e9s de ser expulsat per no pagar la matr\u00edcula del curs, decidix robar en la pr\u00f2pia escola per a rodar una pel\u00b7l\u00edcula. Per descomptat, res eixir\u00e0 com havia planejat.<\/p>\n<p>Una excel\u00b7lent oportunitat per a con\u00e9ixer el treball de cineastes que, molt prompte, podrien tornar a la Mostra per a competir amb els seus primers llargmetratges.<\/p>\n<p><img loading=\"lazy\" decoding=\"async\" class=\" wp-image-11434 aligncenter\" src=\"https:\/\/lamostradevalencia.com\/wp-content\/uploads\/2021\/09\/Retour-1-300x188.jpg\" alt=\"\" width=\"613\" height=\"384\" srcset=\"https:\/\/lamostradevalencia.com\/wp-content\/uploads\/2021\/09\/Retour-1-300x188.jpg 300w, https:\/\/lamostradevalencia.com\/wp-content\/uploads\/2021\/09\/Retour-1-1024x640.jpg 1024w, https:\/\/lamostradevalencia.com\/wp-content\/uploads\/2021\/09\/Retour-1-768x480.jpg 768w, https:\/\/lamostradevalencia.com\/wp-content\/uploads\/2021\/09\/Retour-1-1536x960.jpg 1536w\" sizes=\"auto, (max-width: 613px) 100vw, 613px\" \/><\/p>\n","protected":false},"excerpt":{"rendered":"<p>&#8220;Descobrir joves cineastes del Mediterrani&#8221;. Amb este lema definix el seu principal objectiu el programa &#8220;\u00c0 premi\u00e8revue&#8221;, una selecci\u00f3 de curtmetratges procedents d&#8217;escoles de cinema [&hellip;]<\/p>\n","protected":false},"author":3,"featured_media":12007,"comment_status":"open","ping_status":"open","sticky":false,"template":"","format":"standard","meta":{"_uag_custom_page_level_css":"","_jet_sm_ready_style":"","_jet_sm_style":"","_jet_sm_controls_values":"","_jet_sm_fonts_collection":"","_jet_sm_fonts_links":"","footnotes":""},"categories":[455],"tags":[1574,1051,1029],"class_list":["post-12005","post","type-post","status-publish","format-standard","has-post-thumbnail","hentry","category-noticies","tag-copeam-ca","tag-curtmetratge","tag-mostra-de-valencia-2"],"yoast_head":"<!-- This site is optimized with the Yoast SEO plugin v27.5 - https:\/\/yoast.com\/product\/yoast-seo-wordpress\/ -->\n<title>&quot;\u00c0 PREMI\u00c8RE VUE&quot;: EL FUTUR DEL CINE MEDITERRANI<\/title>\n<meta name=\"description\" content=\"Una selecci\u00f3 de curts presentada per COPEAM\" \/>\n<meta name=\"robots\" content=\"index, follow, max-snippet:-1, max-image-preview:large, max-video-preview:-1\" \/>\n<link rel=\"canonical\" href=\"https:\/\/lamostradevalencia.com\/ca\/a-premiere-vue-el-futur-del-cine-mediterrani\/\" \/>\n<meta property=\"og:locale\" content=\"ca_ES\" \/>\n<meta property=\"og:type\" content=\"article\" \/>\n<meta property=\"og:title\" content=\"&quot;\u00c0 PREMI\u00c8RE VUE&quot;: EL FUTUR DEL CINE MEDITERRANI\" \/>\n<meta property=\"og:description\" content=\"Una selecci\u00f3 de curts presentada per COPEAM\" \/>\n<meta property=\"og:url\" content=\"https:\/\/lamostradevalencia.com\/ca\/a-premiere-vue-el-futur-del-cine-mediterrani\/\" \/>\n<meta property=\"og:site_name\" content=\"Mostra de Val\u00e8ncia\" \/>\n<meta property=\"article:published_time\" content=\"2021-09-23T22:26:19+00:00\" \/>\n<meta property=\"article:modified_time\" content=\"2021-09-23T22:28:35+00:00\" \/>\n<meta property=\"og:image\" content=\"https:\/\/lamostradevalencia.com\/wp-content\/uploads\/2021\/09\/COPEAM-CORTOS.jpg\" \/>\n\t<meta property=\"og:image:width\" content=\"1280\" \/>\n\t<meta property=\"og:image:height\" content=\"640\" \/>\n\t<meta property=\"og:image:type\" content=\"image\/jpeg\" \/>\n<meta name=\"author\" content=\"contenidos\" \/>\n<meta name=\"twitter:card\" content=\"summary_large_image\" \/>\n<meta name=\"twitter:label1\" content=\"Escrit per\" \/>\n\t<meta name=\"twitter:data1\" content=\"contenidos\" \/>\n\t<meta name=\"twitter:label2\" content=\"Temps estimat de lectura\" \/>\n\t<meta name=\"twitter:data2\" content=\"3 minuts\" \/>\n<script type=\"application\/ld+json\" class=\"yoast-schema-graph\">{\"@context\":\"https:\\\/\\\/schema.org\",\"@graph\":[{\"@type\":\"Article\",\"@id\":\"https:\\\/\\\/lamostradevalencia.com\\\/ca\\\/a-premiere-vue-el-futur-del-cine-mediterrani\\\/#article\",\"isPartOf\":{\"@id\":\"https:\\\/\\\/lamostradevalencia.com\\\/ca\\\/a-premiere-vue-el-futur-del-cine-mediterrani\\\/\"},\"author\":{\"name\":\"contenidos\",\"@id\":\"https:\\\/\\\/lamostradevalencia.com\\\/ca\\\/#\\\/schema\\\/person\\\/361c3c0dd5489e78ad78ee4f8332efac\"},\"headline\":\"&#8220;\u00c0 PREMI\u00c8RE VUE&#8221;: EL FUTUR DEL CINE MEDITERRANI\",\"datePublished\":\"2021-09-23T22:26:19+00:00\",\"dateModified\":\"2021-09-23T22:28:35+00:00\",\"mainEntityOfPage\":{\"@id\":\"https:\\\/\\\/lamostradevalencia.com\\\/ca\\\/a-premiere-vue-el-futur-del-cine-mediterrani\\\/\"},\"wordCount\":539,\"commentCount\":0,\"image\":{\"@id\":\"https:\\\/\\\/lamostradevalencia.com\\\/ca\\\/a-premiere-vue-el-futur-del-cine-mediterrani\\\/#primaryimage\"},\"thumbnailUrl\":\"https:\\\/\\\/lamostradevalencia.com\\\/wp-content\\\/uploads\\\/2021\\\/09\\\/COPEAM-CORTOS.jpg\",\"keywords\":[\"COPEAM\",\"Curtmetratge\",\"Mostra de Val\u00e8ncia\"],\"articleSection\":[\"Noticies\"],\"inLanguage\":\"ca\",\"potentialAction\":[{\"@type\":\"CommentAction\",\"name\":\"Comment\",\"target\":[\"https:\\\/\\\/lamostradevalencia.com\\\/ca\\\/a-premiere-vue-el-futur-del-cine-mediterrani\\\/#respond\"]}]},{\"@type\":\"WebPage\",\"@id\":\"https:\\\/\\\/lamostradevalencia.com\\\/ca\\\/a-premiere-vue-el-futur-del-cine-mediterrani\\\/\",\"url\":\"https:\\\/\\\/lamostradevalencia.com\\\/ca\\\/a-premiere-vue-el-futur-del-cine-mediterrani\\\/\",\"name\":\"\\\"\u00c0 PREMI\u00c8RE VUE\\\": EL FUTUR DEL CINE MEDITERRANI\",\"isPartOf\":{\"@id\":\"https:\\\/\\\/lamostradevalencia.com\\\/ca\\\/#website\"},\"primaryImageOfPage\":{\"@id\":\"https:\\\/\\\/lamostradevalencia.com\\\/ca\\\/a-premiere-vue-el-futur-del-cine-mediterrani\\\/#primaryimage\"},\"image\":{\"@id\":\"https:\\\/\\\/lamostradevalencia.com\\\/ca\\\/a-premiere-vue-el-futur-del-cine-mediterrani\\\/#primaryimage\"},\"thumbnailUrl\":\"https:\\\/\\\/lamostradevalencia.com\\\/wp-content\\\/uploads\\\/2021\\\/09\\\/COPEAM-CORTOS.jpg\",\"datePublished\":\"2021-09-23T22:26:19+00:00\",\"dateModified\":\"2021-09-23T22:28:35+00:00\",\"author\":{\"@id\":\"https:\\\/\\\/lamostradevalencia.com\\\/ca\\\/#\\\/schema\\\/person\\\/361c3c0dd5489e78ad78ee4f8332efac\"},\"description\":\"Una selecci\u00f3 de curts presentada per COPEAM\",\"breadcrumb\":{\"@id\":\"https:\\\/\\\/lamostradevalencia.com\\\/ca\\\/a-premiere-vue-el-futur-del-cine-mediterrani\\\/#breadcrumb\"},\"inLanguage\":\"ca\",\"potentialAction\":[{\"@type\":\"ReadAction\",\"target\":[\"https:\\\/\\\/lamostradevalencia.com\\\/ca\\\/a-premiere-vue-el-futur-del-cine-mediterrani\\\/\"]}]},{\"@type\":\"ImageObject\",\"inLanguage\":\"ca\",\"@id\":\"https:\\\/\\\/lamostradevalencia.com\\\/ca\\\/a-premiere-vue-el-futur-del-cine-mediterrani\\\/#primaryimage\",\"url\":\"https:\\\/\\\/lamostradevalencia.com\\\/wp-content\\\/uploads\\\/2021\\\/09\\\/COPEAM-CORTOS.jpg\",\"contentUrl\":\"https:\\\/\\\/lamostradevalencia.com\\\/wp-content\\\/uploads\\\/2021\\\/09\\\/COPEAM-CORTOS.jpg\",\"width\":1280,\"height\":640},{\"@type\":\"BreadcrumbList\",\"@id\":\"https:\\\/\\\/lamostradevalencia.com\\\/ca\\\/a-premiere-vue-el-futur-del-cine-mediterrani\\\/#breadcrumb\",\"itemListElement\":[{\"@type\":\"ListItem\",\"position\":1,\"name\":\"Portada\",\"item\":\"https:\\\/\\\/lamostradevalencia.com\\\/ca\\\/\"},{\"@type\":\"ListItem\",\"position\":2,\"name\":\"\u00ab\u00c0 PREMI\u00c8RE VUE\u00bb: EL FUTUR DEL CINE MEDITERRANI\"}]},{\"@type\":\"WebSite\",\"@id\":\"https:\\\/\\\/lamostradevalencia.com\\\/ca\\\/#website\",\"url\":\"https:\\\/\\\/lamostradevalencia.com\\\/ca\\\/\",\"name\":\"Mostra de Val\u00e8ncia\",\"description\":\"Cinema del Mediterrani\",\"potentialAction\":[{\"@type\":\"SearchAction\",\"target\":{\"@type\":\"EntryPoint\",\"urlTemplate\":\"https:\\\/\\\/lamostradevalencia.com\\\/ca\\\/?s={search_term_string}\"},\"query-input\":{\"@type\":\"PropertyValueSpecification\",\"valueRequired\":true,\"valueName\":\"search_term_string\"}}],\"inLanguage\":\"ca\"},{\"@type\":\"Person\",\"@id\":\"https:\\\/\\\/lamostradevalencia.com\\\/ca\\\/#\\\/schema\\\/person\\\/361c3c0dd5489e78ad78ee4f8332efac\",\"name\":\"contenidos\",\"image\":{\"@type\":\"ImageObject\",\"inLanguage\":\"ca\",\"@id\":\"https:\\\/\\\/secure.gravatar.com\\\/avatar\\\/a87eddc188a32d5a0371ff92ef616b5006a91e389296d49d081f8d424eef134c?s=96&d=mm&r=g\",\"url\":\"https:\\\/\\\/secure.gravatar.com\\\/avatar\\\/a87eddc188a32d5a0371ff92ef616b5006a91e389296d49d081f8d424eef134c?s=96&d=mm&r=g\",\"contentUrl\":\"https:\\\/\\\/secure.gravatar.com\\\/avatar\\\/a87eddc188a32d5a0371ff92ef616b5006a91e389296d49d081f8d424eef134c?s=96&d=mm&r=g\",\"caption\":\"contenidos\"}}]}<\/script>\n<!-- \/ Yoast SEO plugin. -->","yoast_head_json":{"title":"\"\u00c0 PREMI\u00c8RE VUE\": EL FUTUR DEL CINE MEDITERRANI","description":"Una selecci\u00f3 de curts presentada per COPEAM","robots":{"index":"index","follow":"follow","max-snippet":"max-snippet:-1","max-image-preview":"max-image-preview:large","max-video-preview":"max-video-preview:-1"},"canonical":"https:\/\/lamostradevalencia.com\/ca\/a-premiere-vue-el-futur-del-cine-mediterrani\/","og_locale":"ca_ES","og_type":"article","og_title":"\"\u00c0 PREMI\u00c8RE VUE\": EL FUTUR DEL CINE MEDITERRANI","og_description":"Una selecci\u00f3 de curts presentada per COPEAM","og_url":"https:\/\/lamostradevalencia.com\/ca\/a-premiere-vue-el-futur-del-cine-mediterrani\/","og_site_name":"Mostra de Val\u00e8ncia","article_published_time":"2021-09-23T22:26:19+00:00","article_modified_time":"2021-09-23T22:28:35+00:00","og_image":[{"width":1280,"height":640,"url":"https:\/\/lamostradevalencia.com\/wp-content\/uploads\/2021\/09\/COPEAM-CORTOS.jpg","type":"image\/jpeg"}],"author":"contenidos","twitter_card":"summary_large_image","twitter_misc":{"Escrit per":"contenidos","Temps estimat de lectura":"3 minuts"},"schema":{"@context":"https:\/\/schema.org","@graph":[{"@type":"Article","@id":"https:\/\/lamostradevalencia.com\/ca\/a-premiere-vue-el-futur-del-cine-mediterrani\/#article","isPartOf":{"@id":"https:\/\/lamostradevalencia.com\/ca\/a-premiere-vue-el-futur-del-cine-mediterrani\/"},"author":{"name":"contenidos","@id":"https:\/\/lamostradevalencia.com\/ca\/#\/schema\/person\/361c3c0dd5489e78ad78ee4f8332efac"},"headline":"&#8220;\u00c0 PREMI\u00c8RE VUE&#8221;: EL FUTUR DEL CINE MEDITERRANI","datePublished":"2021-09-23T22:26:19+00:00","dateModified":"2021-09-23T22:28:35+00:00","mainEntityOfPage":{"@id":"https:\/\/lamostradevalencia.com\/ca\/a-premiere-vue-el-futur-del-cine-mediterrani\/"},"wordCount":539,"commentCount":0,"image":{"@id":"https:\/\/lamostradevalencia.com\/ca\/a-premiere-vue-el-futur-del-cine-mediterrani\/#primaryimage"},"thumbnailUrl":"https:\/\/lamostradevalencia.com\/wp-content\/uploads\/2021\/09\/COPEAM-CORTOS.jpg","keywords":["COPEAM","Curtmetratge","Mostra de Val\u00e8ncia"],"articleSection":["Noticies"],"inLanguage":"ca","potentialAction":[{"@type":"CommentAction","name":"Comment","target":["https:\/\/lamostradevalencia.com\/ca\/a-premiere-vue-el-futur-del-cine-mediterrani\/#respond"]}]},{"@type":"WebPage","@id":"https:\/\/lamostradevalencia.com\/ca\/a-premiere-vue-el-futur-del-cine-mediterrani\/","url":"https:\/\/lamostradevalencia.com\/ca\/a-premiere-vue-el-futur-del-cine-mediterrani\/","name":"\"\u00c0 PREMI\u00c8RE VUE\": EL FUTUR DEL CINE MEDITERRANI","isPartOf":{"@id":"https:\/\/lamostradevalencia.com\/ca\/#website"},"primaryImageOfPage":{"@id":"https:\/\/lamostradevalencia.com\/ca\/a-premiere-vue-el-futur-del-cine-mediterrani\/#primaryimage"},"image":{"@id":"https:\/\/lamostradevalencia.com\/ca\/a-premiere-vue-el-futur-del-cine-mediterrani\/#primaryimage"},"thumbnailUrl":"https:\/\/lamostradevalencia.com\/wp-content\/uploads\/2021\/09\/COPEAM-CORTOS.jpg","datePublished":"2021-09-23T22:26:19+00:00","dateModified":"2021-09-23T22:28:35+00:00","author":{"@id":"https:\/\/lamostradevalencia.com\/ca\/#\/schema\/person\/361c3c0dd5489e78ad78ee4f8332efac"},"description":"Una selecci\u00f3 de curts presentada per COPEAM","breadcrumb":{"@id":"https:\/\/lamostradevalencia.com\/ca\/a-premiere-vue-el-futur-del-cine-mediterrani\/#breadcrumb"},"inLanguage":"ca","potentialAction":[{"@type":"ReadAction","target":["https:\/\/lamostradevalencia.com\/ca\/a-premiere-vue-el-futur-del-cine-mediterrani\/"]}]},{"@type":"ImageObject","inLanguage":"ca","@id":"https:\/\/lamostradevalencia.com\/ca\/a-premiere-vue-el-futur-del-cine-mediterrani\/#primaryimage","url":"https:\/\/lamostradevalencia.com\/wp-content\/uploads\/2021\/09\/COPEAM-CORTOS.jpg","contentUrl":"https:\/\/lamostradevalencia.com\/wp-content\/uploads\/2021\/09\/COPEAM-CORTOS.jpg","width":1280,"height":640},{"@type":"BreadcrumbList","@id":"https:\/\/lamostradevalencia.com\/ca\/a-premiere-vue-el-futur-del-cine-mediterrani\/#breadcrumb","itemListElement":[{"@type":"ListItem","position":1,"name":"Portada","item":"https:\/\/lamostradevalencia.com\/ca\/"},{"@type":"ListItem","position":2,"name":"\u00ab\u00c0 PREMI\u00c8RE VUE\u00bb: EL FUTUR DEL CINE MEDITERRANI"}]},{"@type":"WebSite","@id":"https:\/\/lamostradevalencia.com\/ca\/#website","url":"https:\/\/lamostradevalencia.com\/ca\/","name":"Mostra de Val\u00e8ncia","description":"Cinema del Mediterrani","potentialAction":[{"@type":"SearchAction","target":{"@type":"EntryPoint","urlTemplate":"https:\/\/lamostradevalencia.com\/ca\/?s={search_term_string}"},"query-input":{"@type":"PropertyValueSpecification","valueRequired":true,"valueName":"search_term_string"}}],"inLanguage":"ca"},{"@type":"Person","@id":"https:\/\/lamostradevalencia.com\/ca\/#\/schema\/person\/361c3c0dd5489e78ad78ee4f8332efac","name":"contenidos","image":{"@type":"ImageObject","inLanguage":"ca","@id":"https:\/\/secure.gravatar.com\/avatar\/a87eddc188a32d5a0371ff92ef616b5006a91e389296d49d081f8d424eef134c?s=96&d=mm&r=g","url":"https:\/\/secure.gravatar.com\/avatar\/a87eddc188a32d5a0371ff92ef616b5006a91e389296d49d081f8d424eef134c?s=96&d=mm&r=g","contentUrl":"https:\/\/secure.gravatar.com\/avatar\/a87eddc188a32d5a0371ff92ef616b5006a91e389296d49d081f8d424eef134c?s=96&d=mm&r=g","caption":"contenidos"}}]}},"uagb_featured_image_src":{"full":["https:\/\/lamostradevalencia.com\/wp-content\/uploads\/2021\/09\/COPEAM-CORTOS.jpg",1280,640,false],"thumbnail":["https:\/\/lamostradevalencia.com\/wp-content\/uploads\/2021\/09\/COPEAM-CORTOS-150x150.jpg",150,150,true],"medium":["https:\/\/lamostradevalencia.com\/wp-content\/uploads\/2021\/09\/COPEAM-CORTOS-300x150.jpg",300,150,true],"medium_large":["https:\/\/lamostradevalencia.com\/wp-content\/uploads\/2021\/09\/COPEAM-CORTOS-768x384.jpg",768,384,true],"large":["https:\/\/lamostradevalencia.com\/wp-content\/uploads\/2021\/09\/COPEAM-CORTOS-1024x512.jpg",1024,512,true],"1536x1536":["https:\/\/lamostradevalencia.com\/wp-content\/uploads\/2021\/09\/COPEAM-CORTOS.jpg",1280,640,false],"2048x2048":["https:\/\/lamostradevalencia.com\/wp-content\/uploads\/2021\/09\/COPEAM-CORTOS.jpg",1280,640,false],"cinerama_edge_image_square":["https:\/\/lamostradevalencia.com\/wp-content\/uploads\/2021\/09\/COPEAM-CORTOS-550x550.jpg",550,550,true],"cinerama_edge_image_landscape":["https:\/\/lamostradevalencia.com\/wp-content\/uploads\/2021\/09\/COPEAM-CORTOS-1100x550.jpg",1100,550,true],"cinerama_edge_image_portrait":["https:\/\/lamostradevalencia.com\/wp-content\/uploads\/2021\/09\/COPEAM-CORTOS-550x640.jpg",550,640,true],"cinerama_edge_image_huge":["https:\/\/lamostradevalencia.com\/wp-content\/uploads\/2021\/09\/COPEAM-CORTOS-1100x640.jpg",1100,640,true],"gform-image-choice-sm":["https:\/\/lamostradevalencia.com\/wp-content\/uploads\/2021\/09\/COPEAM-CORTOS.jpg",300,150,false],"gform-image-choice-md":["https:\/\/lamostradevalencia.com\/wp-content\/uploads\/2021\/09\/COPEAM-CORTOS.jpg",400,200,false],"gform-image-choice-lg":["https:\/\/lamostradevalencia.com\/wp-content\/uploads\/2021\/09\/COPEAM-CORTOS.jpg",600,300,false]},"uagb_author_info":{"display_name":"contenidos","author_link":"https:\/\/lamostradevalencia.com\/ca\/author\/contenidos\/"},"uagb_comment_info":0,"uagb_excerpt":"&#8220;Descobrir joves cineastes del Mediterrani&#8221;. Amb este lema definix el seu principal objectiu el programa &#8220;\u00c0 premi\u00e8revue&#8221;, una selecci\u00f3 de curtmetratges procedents d&#8217;escoles de cinema [&hellip;]","_links":{"self":[{"href":"https:\/\/lamostradevalencia.com\/ca\/wp-json\/wp\/v2\/posts\/12005","targetHints":{"allow":["GET"]}}],"collection":[{"href":"https:\/\/lamostradevalencia.com\/ca\/wp-json\/wp\/v2\/posts"}],"about":[{"href":"https:\/\/lamostradevalencia.com\/ca\/wp-json\/wp\/v2\/types\/post"}],"author":[{"embeddable":true,"href":"https:\/\/lamostradevalencia.com\/ca\/wp-json\/wp\/v2\/users\/3"}],"replies":[{"embeddable":true,"href":"https:\/\/lamostradevalencia.com\/ca\/wp-json\/wp\/v2\/comments?post=12005"}],"version-history":[{"count":5,"href":"https:\/\/lamostradevalencia.com\/ca\/wp-json\/wp\/v2\/posts\/12005\/revisions"}],"predecessor-version":[{"id":12015,"href":"https:\/\/lamostradevalencia.com\/ca\/wp-json\/wp\/v2\/posts\/12005\/revisions\/12015"}],"wp:featuredmedia":[{"embeddable":true,"href":"https:\/\/lamostradevalencia.com\/ca\/wp-json\/wp\/v2\/media\/12007"}],"wp:attachment":[{"href":"https:\/\/lamostradevalencia.com\/ca\/wp-json\/wp\/v2\/media?parent=12005"}],"wp:term":[{"taxonomy":"category","embeddable":true,"href":"https:\/\/lamostradevalencia.com\/ca\/wp-json\/wp\/v2\/categories?post=12005"},{"taxonomy":"post_tag","embeddable":true,"href":"https:\/\/lamostradevalencia.com\/ca\/wp-json\/wp\/v2\/tags?post=12005"}],"curies":[{"name":"wp","href":"https:\/\/api.w.org\/{rel}","templated":true}]}}