{"id":12003,"date":"2021-09-24T00:21:46","date_gmt":"2021-09-23T22:21:46","guid":{"rendered":"https:\/\/lamostradevalencia.com\/?p=12003"},"modified":"2021-09-24T00:22:11","modified_gmt":"2021-09-23T22:22:11","slug":"pedro-olea-recorda-a-berlanga-en-la-mostra","status":"publish","type":"post","link":"https:\/\/lamostradevalencia.com\/ca\/pedro-olea-recorda-a-berlanga-en-la-mostra\/","title":{"rendered":"PEDRO OLEA RECORDA A BERLANGA EN LA MOSTRA"},"content":{"rendered":"<p>Luis Garc\u00eda Berlanga ho tenia molt clar. En una entrevista realitzada en 1973, quan li van preguntar per les seues intervencions com a actor, assegurava: &#8220;Per descomptat que no s\u00f3n gens seri\u00f3s&#8221;. De fet, que es posara davant de la c\u00e0mera per primera vegada va ser absolutament casual. Estava rodant la seua pel\u00b7l\u00edcula &#8220;La boutique&#8221; i no va trobar ning\u00fa per a interpretar un xicotet paper, aix\u00ed que no va tindre m\u00e9s remei que fer-lo ell. &#8220;Malament o b\u00e9, per\u00f2 ho vaig fer&#8221;, recordava.<\/p>\n<p>No obstant aix\u00f2, hi havia qui pensava que no mancava de recursos interpretatius. Per exemple, Pedro Olea, un jove basc que assistia a les seues classes a l&#8217;Escola Oficial de Cinematografia. &#8220;All\u00ed vam tindre els millors professors&#8221;, va afirmar Olea en una entrevista per a la web de l&#8217;Acad\u00e8mia del Cine Espanyol. &#8220;Amb Carlos Saura vaig aprendre a planificar la narrativa cinematogr\u00e0fica. Les classes de Berlanga eren molt diferents, una broma&#8221;. Pel que sembla, encoratjava el seu alumnat a improvisar, probablement perqu\u00e8 el mateix Berlanga tampoc se sentia massa c\u00f2mode exercint com a professor. &#8220;Jo no crec servir per a pedagog&#8221;, va comentar en una ocasi\u00f3. &#8220;La meua intenci\u00f3 a l&#8217;escola era crear un ambient de llibertat plena. L&#8217;\u00fanica aportaci\u00f3 que vaig fer va ser la de trencar els dogmes que hi havia all\u00ed, tant oficials com <em>creacionals<\/em>&#8220;.<\/p>\n<p>Va deixar empremta, no hi ha dubte. Olea no feia m\u00e9s que dir-li que, quan arribara el moment de rodar el seu primer llargmetratge, li donaria un paper. I no mentia. Ho va fer en 1967, i la pel\u00b7l\u00edcula \u00e9s &#8220;D\u00edas de viejo color&#8221;, inclosa en el cicle que Mostra de Val\u00e8ncia dedica a algunes rareses relacionades amb el mestre valenci\u00e0. Els cr\u00e8dits del film confirmen que es tracta del debut oficial com a actor de Berlanga, i malgrat que interpreta un personatge menor, la seua intervenci\u00f3 no va passar desapercebuda per als mitjans de l&#8217;\u00e8poca.<\/p>\n<p>&nbsp;<\/p>\n<p><img loading=\"lazy\" decoding=\"async\" class=\" wp-image-11994 aligncenter\" src=\"https:\/\/lamostradevalencia.com\/wp-content\/uploads\/2021\/09\/Berlanga-Olea-212x300.jpg\" alt=\"\" width=\"469\" height=\"664\" srcset=\"https:\/\/lamostradevalencia.com\/wp-content\/uploads\/2021\/09\/Berlanga-Olea-212x300.jpg 212w, https:\/\/lamostradevalencia.com\/wp-content\/uploads\/2021\/09\/Berlanga-Olea-724x1024.jpg 724w, https:\/\/lamostradevalencia.com\/wp-content\/uploads\/2021\/09\/Berlanga-Olea-768x1086.jpg 768w, https:\/\/lamostradevalencia.com\/wp-content\/uploads\/2021\/09\/Berlanga-Olea-1086x1536.jpg 1086w, https:\/\/lamostradevalencia.com\/wp-content\/uploads\/2021\/09\/Berlanga-Olea.jpg 1241w\" sizes=\"auto, (max-width: 469px) 100vw, 469px\" \/><\/p>\n<p>&nbsp;<\/p>\n<p>Ambientada en una Torremolinos que no sembla situar-se a l&#8217;Espanya franquista (<em>beatniks<\/em>, droga, viatges psicod\u00e8lics, m\u00fasica pop), &#8221; D\u00edas de viejo color &#8221; presenta un enigm\u00e0tic personatge d&#8217;origen estatunidenc, anomenat Mr. Marshall, que es dedica al tripijoc de subst\u00e0ncies il\u00b7legals. Olea va complir la seua paraula, i de ben segur que Berlanga s&#8217;ho va passar en gran imitant l&#8217;accent nord-americ\u00e0 i encarnant a un peculiar traficant que nom\u00e9s beu llet.<\/p>\n<p>Amb intervencions de Luis Eduardo Aute (que canta diverses can\u00e7ons en franc\u00e9s) i cameos de Massiel o Juan Pardo, la pel\u00b7l\u00edcula \u00e9s una aut\u00e8ntica rara avis que, no obstant aix\u00f2, va guanyar el premi del Cercle d&#8217;Escriptors Cinematogr\u00e0fics a la millor producci\u00f3 espanyola d&#8217;aquell any.<\/p>\n<p>Pedro Olea visitar\u00e0 Val\u00e8ncia per a assistir a la projecci\u00f3 de la pel\u00b7l\u00edcula en la Filmoteca i compartir amb el p\u00fablic la seua experi\u00e8ncia com a alumne de Berlanga, les m\u00faltiples an\u00e8cdotes del rodatge i la seua intensa relaci\u00f3 amb el director valenci\u00e0, que es va prolongar al llarg dels anys, malgrat que mai van tornar a treballar junts.<\/p>\n","protected":false},"excerpt":{"rendered":"<p>Luis Garc\u00eda Berlanga ho tenia molt clar. En una entrevista realitzada en 1973, quan li van preguntar per les seues intervencions com a actor, assegurava: [&hellip;]<\/p>\n","protected":false},"author":3,"featured_media":12000,"comment_status":"open","ping_status":"open","sticky":false,"template":"","format":"standard","meta":{"_uag_custom_page_level_css":"","_jet_sm_ready_style":"","_jet_sm_style":"","_jet_sm_controls_values":"","_jet_sm_fonts_collection":"","_jet_sm_fonts_links":"","footnotes":""},"categories":[455],"tags":[2820,1029,2821],"class_list":["post-12003","post","type-post","status-publish","format-standard","has-post-thumbnail","hentry","category-noticies","tag-berlanga-ca","tag-mostra-de-valencia-2","tag-pedro-olea-ca"],"yoast_head":"<!-- This site is optimized with the Yoast SEO plugin v27.5 - https:\/\/yoast.com\/product\/yoast-seo-wordpress\/ -->\n<title>PEDRO OLEA RECORDA A BERLANGA EN LA MOSTRA<\/title>\n<meta name=\"description\" content=\"El director assistir\u00e0 a la projecci\u00f3 de &quot;D\u00edas de viejo color&quot;\" \/>\n<meta name=\"robots\" content=\"index, follow, max-snippet:-1, max-image-preview:large, max-video-preview:-1\" \/>\n<link rel=\"canonical\" href=\"https:\/\/lamostradevalencia.com\/ca\/pedro-olea-recorda-a-berlanga-en-la-mostra\/\" \/>\n<meta property=\"og:locale\" content=\"ca_ES\" \/>\n<meta property=\"og:type\" content=\"article\" \/>\n<meta property=\"og:title\" content=\"PEDRO OLEA RECORDA A BERLANGA EN LA MOSTRA\" \/>\n<meta property=\"og:description\" content=\"El director assistir\u00e0 a la projecci\u00f3 de &quot;D\u00edas de viejo color&quot;\" \/>\n<meta property=\"og:url\" content=\"https:\/\/lamostradevalencia.com\/ca\/pedro-olea-recorda-a-berlanga-en-la-mostra\/\" \/>\n<meta property=\"og:site_name\" content=\"Mostra de Val\u00e8ncia\" \/>\n<meta property=\"article:published_time\" content=\"2021-09-23T22:21:46+00:00\" \/>\n<meta property=\"article:modified_time\" content=\"2021-09-23T22:22:11+00:00\" \/>\n<meta property=\"og:image\" content=\"https:\/\/lamostradevalencia.com\/wp-content\/uploads\/2021\/09\/Olea-Berlanga1-1.jpg\" \/>\n\t<meta property=\"og:image:width\" content=\"1591\" \/>\n\t<meta property=\"og:image:height\" content=\"965\" \/>\n\t<meta property=\"og:image:type\" content=\"image\/jpeg\" \/>\n<meta name=\"author\" content=\"contenidos\" \/>\n<meta name=\"twitter:card\" content=\"summary_large_image\" \/>\n<meta name=\"twitter:label1\" content=\"Escrit per\" \/>\n\t<meta name=\"twitter:data1\" content=\"contenidos\" \/>\n\t<meta name=\"twitter:label2\" content=\"Temps estimat de lectura\" \/>\n\t<meta name=\"twitter:data2\" content=\"3 minuts\" \/>\n<script type=\"application\/ld+json\" class=\"yoast-schema-graph\">{\"@context\":\"https:\\\/\\\/schema.org\",\"@graph\":[{\"@type\":\"Article\",\"@id\":\"https:\\\/\\\/lamostradevalencia.com\\\/ca\\\/pedro-olea-recorda-a-berlanga-en-la-mostra\\\/#article\",\"isPartOf\":{\"@id\":\"https:\\\/\\\/lamostradevalencia.com\\\/ca\\\/pedro-olea-recorda-a-berlanga-en-la-mostra\\\/\"},\"author\":{\"name\":\"contenidos\",\"@id\":\"https:\\\/\\\/lamostradevalencia.com\\\/ca\\\/#\\\/schema\\\/person\\\/361c3c0dd5489e78ad78ee4f8332efac\"},\"headline\":\"PEDRO OLEA RECORDA A BERLANGA EN LA MOSTRA\",\"datePublished\":\"2021-09-23T22:21:46+00:00\",\"dateModified\":\"2021-09-23T22:22:11+00:00\",\"mainEntityOfPage\":{\"@id\":\"https:\\\/\\\/lamostradevalencia.com\\\/ca\\\/pedro-olea-recorda-a-berlanga-en-la-mostra\\\/\"},\"wordCount\":545,\"commentCount\":0,\"image\":{\"@id\":\"https:\\\/\\\/lamostradevalencia.com\\\/ca\\\/pedro-olea-recorda-a-berlanga-en-la-mostra\\\/#primaryimage\"},\"thumbnailUrl\":\"https:\\\/\\\/lamostradevalencia.com\\\/wp-content\\\/uploads\\\/2021\\\/09\\\/Olea-Berlanga1-1.jpg\",\"keywords\":[\"Berlanga\",\"Mostra de Val\u00e8ncia\",\"Pedro Olea\"],\"articleSection\":[\"Noticies\"],\"inLanguage\":\"ca\",\"potentialAction\":[{\"@type\":\"CommentAction\",\"name\":\"Comment\",\"target\":[\"https:\\\/\\\/lamostradevalencia.com\\\/ca\\\/pedro-olea-recorda-a-berlanga-en-la-mostra\\\/#respond\"]}]},{\"@type\":\"WebPage\",\"@id\":\"https:\\\/\\\/lamostradevalencia.com\\\/ca\\\/pedro-olea-recorda-a-berlanga-en-la-mostra\\\/\",\"url\":\"https:\\\/\\\/lamostradevalencia.com\\\/ca\\\/pedro-olea-recorda-a-berlanga-en-la-mostra\\\/\",\"name\":\"PEDRO OLEA RECORDA A BERLANGA EN LA MOSTRA\",\"isPartOf\":{\"@id\":\"https:\\\/\\\/lamostradevalencia.com\\\/ca\\\/#website\"},\"primaryImageOfPage\":{\"@id\":\"https:\\\/\\\/lamostradevalencia.com\\\/ca\\\/pedro-olea-recorda-a-berlanga-en-la-mostra\\\/#primaryimage\"},\"image\":{\"@id\":\"https:\\\/\\\/lamostradevalencia.com\\\/ca\\\/pedro-olea-recorda-a-berlanga-en-la-mostra\\\/#primaryimage\"},\"thumbnailUrl\":\"https:\\\/\\\/lamostradevalencia.com\\\/wp-content\\\/uploads\\\/2021\\\/09\\\/Olea-Berlanga1-1.jpg\",\"datePublished\":\"2021-09-23T22:21:46+00:00\",\"dateModified\":\"2021-09-23T22:22:11+00:00\",\"author\":{\"@id\":\"https:\\\/\\\/lamostradevalencia.com\\\/ca\\\/#\\\/schema\\\/person\\\/361c3c0dd5489e78ad78ee4f8332efac\"},\"description\":\"El director assistir\u00e0 a la projecci\u00f3 de \\\"D\u00edas de viejo color\\\"\",\"breadcrumb\":{\"@id\":\"https:\\\/\\\/lamostradevalencia.com\\\/ca\\\/pedro-olea-recorda-a-berlanga-en-la-mostra\\\/#breadcrumb\"},\"inLanguage\":\"ca\",\"potentialAction\":[{\"@type\":\"ReadAction\",\"target\":[\"https:\\\/\\\/lamostradevalencia.com\\\/ca\\\/pedro-olea-recorda-a-berlanga-en-la-mostra\\\/\"]}]},{\"@type\":\"ImageObject\",\"inLanguage\":\"ca\",\"@id\":\"https:\\\/\\\/lamostradevalencia.com\\\/ca\\\/pedro-olea-recorda-a-berlanga-en-la-mostra\\\/#primaryimage\",\"url\":\"https:\\\/\\\/lamostradevalencia.com\\\/wp-content\\\/uploads\\\/2021\\\/09\\\/Olea-Berlanga1-1.jpg\",\"contentUrl\":\"https:\\\/\\\/lamostradevalencia.com\\\/wp-content\\\/uploads\\\/2021\\\/09\\\/Olea-Berlanga1-1.jpg\",\"width\":1591,\"height\":965},{\"@type\":\"BreadcrumbList\",\"@id\":\"https:\\\/\\\/lamostradevalencia.com\\\/ca\\\/pedro-olea-recorda-a-berlanga-en-la-mostra\\\/#breadcrumb\",\"itemListElement\":[{\"@type\":\"ListItem\",\"position\":1,\"name\":\"Portada\",\"item\":\"https:\\\/\\\/lamostradevalencia.com\\\/ca\\\/\"},{\"@type\":\"ListItem\",\"position\":2,\"name\":\"PEDRO OLEA RECORDA A BERLANGA EN LA MOSTRA\"}]},{\"@type\":\"WebSite\",\"@id\":\"https:\\\/\\\/lamostradevalencia.com\\\/ca\\\/#website\",\"url\":\"https:\\\/\\\/lamostradevalencia.com\\\/ca\\\/\",\"name\":\"Mostra de Val\u00e8ncia\",\"description\":\"Cinema del Mediterrani\",\"potentialAction\":[{\"@type\":\"SearchAction\",\"target\":{\"@type\":\"EntryPoint\",\"urlTemplate\":\"https:\\\/\\\/lamostradevalencia.com\\\/ca\\\/?s={search_term_string}\"},\"query-input\":{\"@type\":\"PropertyValueSpecification\",\"valueRequired\":true,\"valueName\":\"search_term_string\"}}],\"inLanguage\":\"ca\"},{\"@type\":\"Person\",\"@id\":\"https:\\\/\\\/lamostradevalencia.com\\\/ca\\\/#\\\/schema\\\/person\\\/361c3c0dd5489e78ad78ee4f8332efac\",\"name\":\"contenidos\",\"image\":{\"@type\":\"ImageObject\",\"inLanguage\":\"ca\",\"@id\":\"https:\\\/\\\/secure.gravatar.com\\\/avatar\\\/a87eddc188a32d5a0371ff92ef616b5006a91e389296d49d081f8d424eef134c?s=96&d=mm&r=g\",\"url\":\"https:\\\/\\\/secure.gravatar.com\\\/avatar\\\/a87eddc188a32d5a0371ff92ef616b5006a91e389296d49d081f8d424eef134c?s=96&d=mm&r=g\",\"contentUrl\":\"https:\\\/\\\/secure.gravatar.com\\\/avatar\\\/a87eddc188a32d5a0371ff92ef616b5006a91e389296d49d081f8d424eef134c?s=96&d=mm&r=g\",\"caption\":\"contenidos\"}}]}<\/script>\n<!-- \/ Yoast SEO plugin. -->","yoast_head_json":{"title":"PEDRO OLEA RECORDA A BERLANGA EN LA MOSTRA","description":"El director assistir\u00e0 a la projecci\u00f3 de \"D\u00edas de viejo color\"","robots":{"index":"index","follow":"follow","max-snippet":"max-snippet:-1","max-image-preview":"max-image-preview:large","max-video-preview":"max-video-preview:-1"},"canonical":"https:\/\/lamostradevalencia.com\/ca\/pedro-olea-recorda-a-berlanga-en-la-mostra\/","og_locale":"ca_ES","og_type":"article","og_title":"PEDRO OLEA RECORDA A BERLANGA EN LA MOSTRA","og_description":"El director assistir\u00e0 a la projecci\u00f3 de \"D\u00edas de viejo color\"","og_url":"https:\/\/lamostradevalencia.com\/ca\/pedro-olea-recorda-a-berlanga-en-la-mostra\/","og_site_name":"Mostra de Val\u00e8ncia","article_published_time":"2021-09-23T22:21:46+00:00","article_modified_time":"2021-09-23T22:22:11+00:00","og_image":[{"width":1591,"height":965,"url":"https:\/\/lamostradevalencia.com\/wp-content\/uploads\/2021\/09\/Olea-Berlanga1-1.jpg","type":"image\/jpeg"}],"author":"contenidos","twitter_card":"summary_large_image","twitter_misc":{"Escrit per":"contenidos","Temps estimat de lectura":"3 minuts"},"schema":{"@context":"https:\/\/schema.org","@graph":[{"@type":"Article","@id":"https:\/\/lamostradevalencia.com\/ca\/pedro-olea-recorda-a-berlanga-en-la-mostra\/#article","isPartOf":{"@id":"https:\/\/lamostradevalencia.com\/ca\/pedro-olea-recorda-a-berlanga-en-la-mostra\/"},"author":{"name":"contenidos","@id":"https:\/\/lamostradevalencia.com\/ca\/#\/schema\/person\/361c3c0dd5489e78ad78ee4f8332efac"},"headline":"PEDRO OLEA RECORDA A BERLANGA EN LA MOSTRA","datePublished":"2021-09-23T22:21:46+00:00","dateModified":"2021-09-23T22:22:11+00:00","mainEntityOfPage":{"@id":"https:\/\/lamostradevalencia.com\/ca\/pedro-olea-recorda-a-berlanga-en-la-mostra\/"},"wordCount":545,"commentCount":0,"image":{"@id":"https:\/\/lamostradevalencia.com\/ca\/pedro-olea-recorda-a-berlanga-en-la-mostra\/#primaryimage"},"thumbnailUrl":"https:\/\/lamostradevalencia.com\/wp-content\/uploads\/2021\/09\/Olea-Berlanga1-1.jpg","keywords":["Berlanga","Mostra de Val\u00e8ncia","Pedro Olea"],"articleSection":["Noticies"],"inLanguage":"ca","potentialAction":[{"@type":"CommentAction","name":"Comment","target":["https:\/\/lamostradevalencia.com\/ca\/pedro-olea-recorda-a-berlanga-en-la-mostra\/#respond"]}]},{"@type":"WebPage","@id":"https:\/\/lamostradevalencia.com\/ca\/pedro-olea-recorda-a-berlanga-en-la-mostra\/","url":"https:\/\/lamostradevalencia.com\/ca\/pedro-olea-recorda-a-berlanga-en-la-mostra\/","name":"PEDRO OLEA RECORDA A BERLANGA EN LA MOSTRA","isPartOf":{"@id":"https:\/\/lamostradevalencia.com\/ca\/#website"},"primaryImageOfPage":{"@id":"https:\/\/lamostradevalencia.com\/ca\/pedro-olea-recorda-a-berlanga-en-la-mostra\/#primaryimage"},"image":{"@id":"https:\/\/lamostradevalencia.com\/ca\/pedro-olea-recorda-a-berlanga-en-la-mostra\/#primaryimage"},"thumbnailUrl":"https:\/\/lamostradevalencia.com\/wp-content\/uploads\/2021\/09\/Olea-Berlanga1-1.jpg","datePublished":"2021-09-23T22:21:46+00:00","dateModified":"2021-09-23T22:22:11+00:00","author":{"@id":"https:\/\/lamostradevalencia.com\/ca\/#\/schema\/person\/361c3c0dd5489e78ad78ee4f8332efac"},"description":"El director assistir\u00e0 a la projecci\u00f3 de \"D\u00edas de viejo color\"","breadcrumb":{"@id":"https:\/\/lamostradevalencia.com\/ca\/pedro-olea-recorda-a-berlanga-en-la-mostra\/#breadcrumb"},"inLanguage":"ca","potentialAction":[{"@type":"ReadAction","target":["https:\/\/lamostradevalencia.com\/ca\/pedro-olea-recorda-a-berlanga-en-la-mostra\/"]}]},{"@type":"ImageObject","inLanguage":"ca","@id":"https:\/\/lamostradevalencia.com\/ca\/pedro-olea-recorda-a-berlanga-en-la-mostra\/#primaryimage","url":"https:\/\/lamostradevalencia.com\/wp-content\/uploads\/2021\/09\/Olea-Berlanga1-1.jpg","contentUrl":"https:\/\/lamostradevalencia.com\/wp-content\/uploads\/2021\/09\/Olea-Berlanga1-1.jpg","width":1591,"height":965},{"@type":"BreadcrumbList","@id":"https:\/\/lamostradevalencia.com\/ca\/pedro-olea-recorda-a-berlanga-en-la-mostra\/#breadcrumb","itemListElement":[{"@type":"ListItem","position":1,"name":"Portada","item":"https:\/\/lamostradevalencia.com\/ca\/"},{"@type":"ListItem","position":2,"name":"PEDRO OLEA RECORDA A BERLANGA EN LA MOSTRA"}]},{"@type":"WebSite","@id":"https:\/\/lamostradevalencia.com\/ca\/#website","url":"https:\/\/lamostradevalencia.com\/ca\/","name":"Mostra de Val\u00e8ncia","description":"Cinema del Mediterrani","potentialAction":[{"@type":"SearchAction","target":{"@type":"EntryPoint","urlTemplate":"https:\/\/lamostradevalencia.com\/ca\/?s={search_term_string}"},"query-input":{"@type":"PropertyValueSpecification","valueRequired":true,"valueName":"search_term_string"}}],"inLanguage":"ca"},{"@type":"Person","@id":"https:\/\/lamostradevalencia.com\/ca\/#\/schema\/person\/361c3c0dd5489e78ad78ee4f8332efac","name":"contenidos","image":{"@type":"ImageObject","inLanguage":"ca","@id":"https:\/\/secure.gravatar.com\/avatar\/a87eddc188a32d5a0371ff92ef616b5006a91e389296d49d081f8d424eef134c?s=96&d=mm&r=g","url":"https:\/\/secure.gravatar.com\/avatar\/a87eddc188a32d5a0371ff92ef616b5006a91e389296d49d081f8d424eef134c?s=96&d=mm&r=g","contentUrl":"https:\/\/secure.gravatar.com\/avatar\/a87eddc188a32d5a0371ff92ef616b5006a91e389296d49d081f8d424eef134c?s=96&d=mm&r=g","caption":"contenidos"}}]}},"uagb_featured_image_src":{"full":["https:\/\/lamostradevalencia.com\/wp-content\/uploads\/2021\/09\/Olea-Berlanga1-1.jpg",1591,965,false],"thumbnail":["https:\/\/lamostradevalencia.com\/wp-content\/uploads\/2021\/09\/Olea-Berlanga1-1-150x150.jpg",150,150,true],"medium":["https:\/\/lamostradevalencia.com\/wp-content\/uploads\/2021\/09\/Olea-Berlanga1-1-300x182.jpg",300,182,true],"medium_large":["https:\/\/lamostradevalencia.com\/wp-content\/uploads\/2021\/09\/Olea-Berlanga1-1-768x466.jpg",768,466,true],"large":["https:\/\/lamostradevalencia.com\/wp-content\/uploads\/2021\/09\/Olea-Berlanga1-1-1024x621.jpg",1024,621,true],"1536x1536":["https:\/\/lamostradevalencia.com\/wp-content\/uploads\/2021\/09\/Olea-Berlanga1-1-1536x932.jpg",1536,932,true],"2048x2048":["https:\/\/lamostradevalencia.com\/wp-content\/uploads\/2021\/09\/Olea-Berlanga1-1.jpg",1591,965,false],"cinerama_edge_image_square":["https:\/\/lamostradevalencia.com\/wp-content\/uploads\/2021\/09\/Olea-Berlanga1-1-550x550.jpg",550,550,true],"cinerama_edge_image_landscape":["https:\/\/lamostradevalencia.com\/wp-content\/uploads\/2021\/09\/Olea-Berlanga1-1-1100x550.jpg",1100,550,true],"cinerama_edge_image_portrait":["https:\/\/lamostradevalencia.com\/wp-content\/uploads\/2021\/09\/Olea-Berlanga1-1-550x965.jpg",550,965,true],"cinerama_edge_image_huge":["https:\/\/lamostradevalencia.com\/wp-content\/uploads\/2021\/09\/Olea-Berlanga1-1-1100x965.jpg",1100,965,true],"gform-image-choice-sm":["https:\/\/lamostradevalencia.com\/wp-content\/uploads\/2021\/09\/Olea-Berlanga1-1.jpg",300,182,false],"gform-image-choice-md":["https:\/\/lamostradevalencia.com\/wp-content\/uploads\/2021\/09\/Olea-Berlanga1-1.jpg",400,243,false],"gform-image-choice-lg":["https:\/\/lamostradevalencia.com\/wp-content\/uploads\/2021\/09\/Olea-Berlanga1-1.jpg",600,364,false]},"uagb_author_info":{"display_name":"contenidos","author_link":"https:\/\/lamostradevalencia.com\/ca\/author\/contenidos\/"},"uagb_comment_info":0,"uagb_excerpt":"Luis Garc\u00eda Berlanga ho tenia molt clar. En una entrevista realitzada en 1973, quan li van preguntar per les seues intervencions com a actor, assegurava: [&hellip;]","_links":{"self":[{"href":"https:\/\/lamostradevalencia.com\/ca\/wp-json\/wp\/v2\/posts\/12003","targetHints":{"allow":["GET"]}}],"collection":[{"href":"https:\/\/lamostradevalencia.com\/ca\/wp-json\/wp\/v2\/posts"}],"about":[{"href":"https:\/\/lamostradevalencia.com\/ca\/wp-json\/wp\/v2\/types\/post"}],"author":[{"embeddable":true,"href":"https:\/\/lamostradevalencia.com\/ca\/wp-json\/wp\/v2\/users\/3"}],"replies":[{"embeddable":true,"href":"https:\/\/lamostradevalencia.com\/ca\/wp-json\/wp\/v2\/comments?post=12003"}],"version-history":[{"count":1,"href":"https:\/\/lamostradevalencia.com\/ca\/wp-json\/wp\/v2\/posts\/12003\/revisions"}],"predecessor-version":[{"id":12004,"href":"https:\/\/lamostradevalencia.com\/ca\/wp-json\/wp\/v2\/posts\/12003\/revisions\/12004"}],"wp:featuredmedia":[{"embeddable":true,"href":"https:\/\/lamostradevalencia.com\/ca\/wp-json\/wp\/v2\/media\/12000"}],"wp:attachment":[{"href":"https:\/\/lamostradevalencia.com\/ca\/wp-json\/wp\/v2\/media?parent=12003"}],"wp:term":[{"taxonomy":"category","embeddable":true,"href":"https:\/\/lamostradevalencia.com\/ca\/wp-json\/wp\/v2\/categories?post=12003"},{"taxonomy":"post_tag","embeddable":true,"href":"https:\/\/lamostradevalencia.com\/ca\/wp-json\/wp\/v2\/tags?post=12003"}],"curies":[{"name":"wp","href":"https:\/\/api.w.org\/{rel}","templated":true}]}}