{"id":11719,"date":"2021-09-20T23:30:53","date_gmt":"2021-09-20T21:30:53","guid":{"rendered":"https:\/\/lamostradevalencia.com\/?p=11719"},"modified":"2021-09-20T23:31:44","modified_gmt":"2021-09-20T21:31:44","slug":"primer-plano-de-un-cineasta-un-quadern-dimatges","status":"publish","type":"post","link":"https:\/\/lamostradevalencia.com\/ca\/primer-plano-de-un-cineasta-un-quadern-dimatges\/","title":{"rendered":"\u201cPRIMER PLANO DE UN CINEASTA\u201d: UN QUADERN D&#8217;IMATGES"},"content":{"rendered":"<p>El cinema, la imatge en moviment, s&#8217;ha referit a si mateix i a la seua hist\u00f2ria en infinitat d&#8217;ocasions. L&#8217;arribada del nou mil\u00b7lenni porta importants transformacions a la manera d&#8217;aproximar-nos a la imatge, de dialogar amb ella i consumir-la, i una decisiva democratitzaci\u00f3 de les diferents eines que, d&#8217;una manera o d\u2019una altra, possibiliten la seua invenci\u00f3 o captura. Ara que ens trobem en una borrosa casella, enfront de nombrosos interrogants sobre el futur d&#8217;un cos que, dia rere dia, experimenta noves metamorfosis, conv\u00e9, potser, tornar a mirar arrere a fi de redescobrir, recol\u00b7locar i establir nous di\u00e0legs entre temps, a la recerca d&#8217;unes respostes, tal vegada massa abstractes, o pot ser que frustrants.<\/p>\n<p>&nbsp;<\/p>\n<p><img loading=\"lazy\" decoding=\"async\" class=\"wp-image-11397 aligncenter\" src=\"https:\/\/lamostradevalencia.com\/wp-content\/uploads\/2021\/09\/Rostro_2-300x169.jpg\" alt=\"\" width=\"788\" height=\"444\" srcset=\"https:\/\/lamostradevalencia.com\/wp-content\/uploads\/2021\/09\/Rostro_2-300x169.jpg 300w, https:\/\/lamostradevalencia.com\/wp-content\/uploads\/2021\/09\/Rostro_2-1024x576.jpg 1024w, https:\/\/lamostradevalencia.com\/wp-content\/uploads\/2021\/09\/Rostro_2-768x432.jpg 768w, https:\/\/lamostradevalencia.com\/wp-content\/uploads\/2021\/09\/Rostro_2-1536x864.jpg 1536w\" sizes=\"auto, (max-width: 788px) 100vw, 788px\" \/><\/p>\n<p>&nbsp;<\/p>\n<p>\u201cPrimer plano de un cineasta\u201d, de Ram\u00f3n Alfonso, intenta reunir preguntes al voltant de la q\u00fcesti\u00f3 de la mutaci\u00f3 de la imatge. La pel\u00b7l\u00edcula no pret\u00e9n, en cap cas, trobar respostes i exposar-les. En realitat, s&#8217;assembla a un quadern d&#8217;anotacions, a una llibreta d&#8217;estudi. D&#8217;alguna manera, el cos de la pe\u00e7a es constru\u00efxx amb ratllades, precipitades anotacions, <em>Post-it<\/em>, o fins i tot dibuixos. \u00c9s una sort d&#8217;esb\u00f3s, un estudi cr\u00edtic que encara est\u00e0 per resoldre. Des d&#8217;una certa marginalitat, des de posicionaments amateurs, retrocedix en el temps m\u00e9s de cent anys per a localitzar algunes de les primeres filmacions de la Val\u00e8ncia silent, i intentar imaginar el dem\u00e0. Esta cerca pot interpretar-se com una prolongaci\u00f3 pr\u00e0ctica de part dels treballs cr\u00edtics i te\u00f2rics realitzats pel director del film en diferents publicacions. Aix\u00ed, les l\u00e0mines de \u201cPrimer plano\u201d aspiren a prolongar i completar, en una altra dimensi\u00f3, el cam\u00ed d&#8217;un grup de paraules anterior. Des d&#8217;este punt de vista, certament, estem davant una pel\u00b7l\u00edcula de clara voluntat te\u00f2rica. Ara b\u00e9, esta cara no \u00e9s exclusiva, i el conjunt es completa amb altres indagacions de car\u00e0cter m\u00e9s \u00edntim, i fins i tot secret. El quadern \u201cPrimer plano\u201d ensenya tamb\u00e9 la tornada a altres imatges pret\u00e8rites, les filmades vint anys arrere pel propi protagonista de la ficci\u00f3, un cineasta, per descomptat, que sost\u00e9 tot, i que, per descomptat, s\u00f3n reals, pertanyen al director Alfonso i contribu\u00efxen a concretar un joc d&#8217;espills i m\u00e0scares. El retorn a uns plans recollits llavors en S\u00faper 8 possibilita tamb\u00e9 la redacci\u00f3 d&#8217;una sort d&#8217;autobiografia imagin\u00e0ria, i un intent de reflexi\u00f3 sobre la dificultat, quasi la impossibilitat de sentir i compondre les imatges igual que abans.<\/p>\n<p>&nbsp;<\/p>\n<p><img loading=\"lazy\" decoding=\"async\" class=\"wp-image-11392 aligncenter\" src=\"https:\/\/lamostradevalencia.com\/wp-content\/uploads\/2021\/09\/Rodaje-300x169.jpg\" alt=\"\" width=\"808\" height=\"455\" srcset=\"https:\/\/lamostradevalencia.com\/wp-content\/uploads\/2021\/09\/Rodaje-300x169.jpg 300w, https:\/\/lamostradevalencia.com\/wp-content\/uploads\/2021\/09\/Rodaje-1024x576.jpg 1024w, https:\/\/lamostradevalencia.com\/wp-content\/uploads\/2021\/09\/Rodaje-768x432.jpg 768w, https:\/\/lamostradevalencia.com\/wp-content\/uploads\/2021\/09\/Rodaje-1536x864.jpg 1536w\" sizes=\"auto, (max-width: 808px) 100vw, 808px\" \/><\/p>\n<p>&nbsp;<\/p>\n<p>En \u201cPrimer plano de un cineasta\u201d batega l&#8217;intent de conformar, a un temps, un assaig (parcial, fragmentari, inestable, sense dubte) al voltant de la hist\u00f2ria del cinema\/audiovisual de Val\u00e8ncia, i un autoretrat completament connectat a mitificats quadres aliens del passat, a partir de la fusi\u00f3 i confusi\u00f3 de propostes. Este assaig mest\u00eds s&#8217;acaba organitzant amb la suma dels primers plans de figures de diferents temps, condici\u00f3 i significat. El primer pla \u00e9s sempre una esp\u00e8cie d&#8217;agressi\u00f3 a l&#8217;individu observat, un intent de robatori i descobriment de secrets. La persistent utilitzaci\u00f3 en la pel\u00b7l\u00edcula d&#8217;este quadre, tal vegada, evidencia la seua verdadera preocupaci\u00f3: la cerca impossible del misteri \u00faltim d&#8217;una imatge en moviment.<\/p>\n","protected":false},"excerpt":{"rendered":"<p>El cinema, la imatge en moviment, s&#8217;ha referit a si mateix i a la seua hist\u00f2ria en infinitat d&#8217;ocasions. L&#8217;arribada del nou mil\u00b7lenni porta importants [&hellip;]<\/p>\n","protected":false},"author":3,"featured_media":10739,"comment_status":"open","ping_status":"open","sticky":false,"template":"","format":"standard","meta":{"_uag_custom_page_level_css":"","_jet_sm_ready_style":"","_jet_sm_style":"","_jet_sm_controls_values":"","_jet_sm_fonts_collection":"","_jet_sm_fonts_links":"","footnotes":""},"categories":[455,31],"tags":[2777,2778,2780,2779,1032],"class_list":["post-11719","post","type-post","status-publish","format-standard","has-post-thumbnail","hentry","category-noticies","category-uncategorized-ca","tag-cine-experimental","tag-cine-valencia","tag-lluis-rivera-ca","tag-ramon-alfonso-ca","tag-sessions-especials"],"yoast_head":"<!-- This site is optimized with the Yoast SEO plugin v27.5 - https:\/\/yoast.com\/product\/yoast-seo-wordpress\/ -->\n<title>\u201cPRIMER PLANO DE UN CINEASTA\u201d: UN QUADERN D&#039;IMATGES<\/title>\n<meta name=\"description\" content=\"Estrena de la pel\u00b7l\u00edcula de Ram\u00f3n Alfonso\" \/>\n<meta name=\"robots\" content=\"index, follow, max-snippet:-1, max-image-preview:large, max-video-preview:-1\" \/>\n<link rel=\"canonical\" href=\"https:\/\/lamostradevalencia.com\/ca\/primer-plano-de-un-cineasta-un-quadern-dimatges\/\" \/>\n<meta property=\"og:locale\" content=\"ca_ES\" \/>\n<meta property=\"og:type\" content=\"article\" \/>\n<meta property=\"og:title\" content=\"\u201cPRIMER PLANO DE UN CINEASTA\u201d: UN QUADERN D&#039;IMATGES\" \/>\n<meta property=\"og:description\" content=\"Estrena de la pel\u00b7l\u00edcula de Ram\u00f3n Alfonso\" \/>\n<meta property=\"og:url\" content=\"https:\/\/lamostradevalencia.com\/ca\/primer-plano-de-un-cineasta-un-quadern-dimatges\/\" \/>\n<meta property=\"og:site_name\" content=\"Mostra de Val\u00e8ncia\" \/>\n<meta property=\"article:published_time\" content=\"2021-09-20T21:30:53+00:00\" \/>\n<meta property=\"article:modified_time\" content=\"2021-09-20T21:31:44+00:00\" \/>\n<meta property=\"og:image\" content=\"https:\/\/lamostradevalencia.com\/wp-content\/uploads\/2021\/09\/Primer-plano-de-un-cineasta-scaled.jpg\" \/>\n\t<meta property=\"og:image:width\" content=\"2560\" \/>\n\t<meta property=\"og:image:height\" content=\"1440\" \/>\n\t<meta property=\"og:image:type\" content=\"image\/jpeg\" \/>\n<meta name=\"author\" content=\"contenidos\" \/>\n<meta name=\"twitter:card\" content=\"summary_large_image\" \/>\n<meta name=\"twitter:label1\" content=\"Escrit per\" \/>\n\t<meta name=\"twitter:data1\" content=\"contenidos\" \/>\n\t<meta name=\"twitter:label2\" content=\"Temps estimat de lectura\" \/>\n\t<meta name=\"twitter:data2\" content=\"3 minuts\" \/>\n<script type=\"application\/ld+json\" class=\"yoast-schema-graph\">{\"@context\":\"https:\\\/\\\/schema.org\",\"@graph\":[{\"@type\":\"Article\",\"@id\":\"https:\\\/\\\/lamostradevalencia.com\\\/ca\\\/primer-plano-de-un-cineasta-un-quadern-dimatges\\\/#article\",\"isPartOf\":{\"@id\":\"https:\\\/\\\/lamostradevalencia.com\\\/ca\\\/primer-plano-de-un-cineasta-un-quadern-dimatges\\\/\"},\"author\":{\"name\":\"contenidos\",\"@id\":\"https:\\\/\\\/lamostradevalencia.com\\\/ca\\\/#\\\/schema\\\/person\\\/361c3c0dd5489e78ad78ee4f8332efac\"},\"headline\":\"\u201cPRIMER PLANO DE UN CINEASTA\u201d: UN QUADERN D&#8217;IMATGES\",\"datePublished\":\"2021-09-20T21:30:53+00:00\",\"dateModified\":\"2021-09-20T21:31:44+00:00\",\"mainEntityOfPage\":{\"@id\":\"https:\\\/\\\/lamostradevalencia.com\\\/ca\\\/primer-plano-de-un-cineasta-un-quadern-dimatges\\\/\"},\"wordCount\":578,\"commentCount\":0,\"image\":{\"@id\":\"https:\\\/\\\/lamostradevalencia.com\\\/ca\\\/primer-plano-de-un-cineasta-un-quadern-dimatges\\\/#primaryimage\"},\"thumbnailUrl\":\"https:\\\/\\\/lamostradevalencia.com\\\/wp-content\\\/uploads\\\/2021\\\/09\\\/Primer-plano-de-un-cineasta-scaled.jpg\",\"keywords\":[\"cine experimental\",\"cine valenci\u00e0\",\"lluis rivera\",\"Ram\u00f3n Alfonso\",\"Sessions especials\"],\"articleSection\":[\"Noticies\",\"Uncategorized @ca\"],\"inLanguage\":\"ca\",\"potentialAction\":[{\"@type\":\"CommentAction\",\"name\":\"Comment\",\"target\":[\"https:\\\/\\\/lamostradevalencia.com\\\/ca\\\/primer-plano-de-un-cineasta-un-quadern-dimatges\\\/#respond\"]}]},{\"@type\":\"WebPage\",\"@id\":\"https:\\\/\\\/lamostradevalencia.com\\\/ca\\\/primer-plano-de-un-cineasta-un-quadern-dimatges\\\/\",\"url\":\"https:\\\/\\\/lamostradevalencia.com\\\/ca\\\/primer-plano-de-un-cineasta-un-quadern-dimatges\\\/\",\"name\":\"\u201cPRIMER PLANO DE UN CINEASTA\u201d: UN QUADERN D'IMATGES\",\"isPartOf\":{\"@id\":\"https:\\\/\\\/lamostradevalencia.com\\\/ca\\\/#website\"},\"primaryImageOfPage\":{\"@id\":\"https:\\\/\\\/lamostradevalencia.com\\\/ca\\\/primer-plano-de-un-cineasta-un-quadern-dimatges\\\/#primaryimage\"},\"image\":{\"@id\":\"https:\\\/\\\/lamostradevalencia.com\\\/ca\\\/primer-plano-de-un-cineasta-un-quadern-dimatges\\\/#primaryimage\"},\"thumbnailUrl\":\"https:\\\/\\\/lamostradevalencia.com\\\/wp-content\\\/uploads\\\/2021\\\/09\\\/Primer-plano-de-un-cineasta-scaled.jpg\",\"datePublished\":\"2021-09-20T21:30:53+00:00\",\"dateModified\":\"2021-09-20T21:31:44+00:00\",\"author\":{\"@id\":\"https:\\\/\\\/lamostradevalencia.com\\\/ca\\\/#\\\/schema\\\/person\\\/361c3c0dd5489e78ad78ee4f8332efac\"},\"description\":\"Estrena de la pel\u00b7l\u00edcula de Ram\u00f3n Alfonso\",\"breadcrumb\":{\"@id\":\"https:\\\/\\\/lamostradevalencia.com\\\/ca\\\/primer-plano-de-un-cineasta-un-quadern-dimatges\\\/#breadcrumb\"},\"inLanguage\":\"ca\",\"potentialAction\":[{\"@type\":\"ReadAction\",\"target\":[\"https:\\\/\\\/lamostradevalencia.com\\\/ca\\\/primer-plano-de-un-cineasta-un-quadern-dimatges\\\/\"]}]},{\"@type\":\"ImageObject\",\"inLanguage\":\"ca\",\"@id\":\"https:\\\/\\\/lamostradevalencia.com\\\/ca\\\/primer-plano-de-un-cineasta-un-quadern-dimatges\\\/#primaryimage\",\"url\":\"https:\\\/\\\/lamostradevalencia.com\\\/wp-content\\\/uploads\\\/2021\\\/09\\\/Primer-plano-de-un-cineasta-scaled.jpg\",\"contentUrl\":\"https:\\\/\\\/lamostradevalencia.com\\\/wp-content\\\/uploads\\\/2021\\\/09\\\/Primer-plano-de-un-cineasta-scaled.jpg\",\"width\":2560,\"height\":1440},{\"@type\":\"BreadcrumbList\",\"@id\":\"https:\\\/\\\/lamostradevalencia.com\\\/ca\\\/primer-plano-de-un-cineasta-un-quadern-dimatges\\\/#breadcrumb\",\"itemListElement\":[{\"@type\":\"ListItem\",\"position\":1,\"name\":\"Portada\",\"item\":\"https:\\\/\\\/lamostradevalencia.com\\\/ca\\\/\"},{\"@type\":\"ListItem\",\"position\":2,\"name\":\"\u201cPRIMER PLANO DE UN CINEASTA\u201d: UN QUADERN D&#8217;IMATGES\"}]},{\"@type\":\"WebSite\",\"@id\":\"https:\\\/\\\/lamostradevalencia.com\\\/ca\\\/#website\",\"url\":\"https:\\\/\\\/lamostradevalencia.com\\\/ca\\\/\",\"name\":\"Mostra de Val\u00e8ncia\",\"description\":\"Cinema del Mediterrani\",\"potentialAction\":[{\"@type\":\"SearchAction\",\"target\":{\"@type\":\"EntryPoint\",\"urlTemplate\":\"https:\\\/\\\/lamostradevalencia.com\\\/ca\\\/?s={search_term_string}\"},\"query-input\":{\"@type\":\"PropertyValueSpecification\",\"valueRequired\":true,\"valueName\":\"search_term_string\"}}],\"inLanguage\":\"ca\"},{\"@type\":\"Person\",\"@id\":\"https:\\\/\\\/lamostradevalencia.com\\\/ca\\\/#\\\/schema\\\/person\\\/361c3c0dd5489e78ad78ee4f8332efac\",\"name\":\"contenidos\",\"image\":{\"@type\":\"ImageObject\",\"inLanguage\":\"ca\",\"@id\":\"https:\\\/\\\/secure.gravatar.com\\\/avatar\\\/a87eddc188a32d5a0371ff92ef616b5006a91e389296d49d081f8d424eef134c?s=96&d=mm&r=g\",\"url\":\"https:\\\/\\\/secure.gravatar.com\\\/avatar\\\/a87eddc188a32d5a0371ff92ef616b5006a91e389296d49d081f8d424eef134c?s=96&d=mm&r=g\",\"contentUrl\":\"https:\\\/\\\/secure.gravatar.com\\\/avatar\\\/a87eddc188a32d5a0371ff92ef616b5006a91e389296d49d081f8d424eef134c?s=96&d=mm&r=g\",\"caption\":\"contenidos\"}}]}<\/script>\n<!-- \/ Yoast SEO plugin. -->","yoast_head_json":{"title":"\u201cPRIMER PLANO DE UN CINEASTA\u201d: UN QUADERN D'IMATGES","description":"Estrena de la pel\u00b7l\u00edcula de Ram\u00f3n Alfonso","robots":{"index":"index","follow":"follow","max-snippet":"max-snippet:-1","max-image-preview":"max-image-preview:large","max-video-preview":"max-video-preview:-1"},"canonical":"https:\/\/lamostradevalencia.com\/ca\/primer-plano-de-un-cineasta-un-quadern-dimatges\/","og_locale":"ca_ES","og_type":"article","og_title":"\u201cPRIMER PLANO DE UN CINEASTA\u201d: UN QUADERN D'IMATGES","og_description":"Estrena de la pel\u00b7l\u00edcula de Ram\u00f3n Alfonso","og_url":"https:\/\/lamostradevalencia.com\/ca\/primer-plano-de-un-cineasta-un-quadern-dimatges\/","og_site_name":"Mostra de Val\u00e8ncia","article_published_time":"2021-09-20T21:30:53+00:00","article_modified_time":"2021-09-20T21:31:44+00:00","og_image":[{"width":2560,"height":1440,"url":"https:\/\/lamostradevalencia.com\/wp-content\/uploads\/2021\/09\/Primer-plano-de-un-cineasta-scaled.jpg","type":"image\/jpeg"}],"author":"contenidos","twitter_card":"summary_large_image","twitter_misc":{"Escrit per":"contenidos","Temps estimat de lectura":"3 minuts"},"schema":{"@context":"https:\/\/schema.org","@graph":[{"@type":"Article","@id":"https:\/\/lamostradevalencia.com\/ca\/primer-plano-de-un-cineasta-un-quadern-dimatges\/#article","isPartOf":{"@id":"https:\/\/lamostradevalencia.com\/ca\/primer-plano-de-un-cineasta-un-quadern-dimatges\/"},"author":{"name":"contenidos","@id":"https:\/\/lamostradevalencia.com\/ca\/#\/schema\/person\/361c3c0dd5489e78ad78ee4f8332efac"},"headline":"\u201cPRIMER PLANO DE UN CINEASTA\u201d: UN QUADERN D&#8217;IMATGES","datePublished":"2021-09-20T21:30:53+00:00","dateModified":"2021-09-20T21:31:44+00:00","mainEntityOfPage":{"@id":"https:\/\/lamostradevalencia.com\/ca\/primer-plano-de-un-cineasta-un-quadern-dimatges\/"},"wordCount":578,"commentCount":0,"image":{"@id":"https:\/\/lamostradevalencia.com\/ca\/primer-plano-de-un-cineasta-un-quadern-dimatges\/#primaryimage"},"thumbnailUrl":"https:\/\/lamostradevalencia.com\/wp-content\/uploads\/2021\/09\/Primer-plano-de-un-cineasta-scaled.jpg","keywords":["cine experimental","cine valenci\u00e0","lluis rivera","Ram\u00f3n Alfonso","Sessions especials"],"articleSection":["Noticies","Uncategorized @ca"],"inLanguage":"ca","potentialAction":[{"@type":"CommentAction","name":"Comment","target":["https:\/\/lamostradevalencia.com\/ca\/primer-plano-de-un-cineasta-un-quadern-dimatges\/#respond"]}]},{"@type":"WebPage","@id":"https:\/\/lamostradevalencia.com\/ca\/primer-plano-de-un-cineasta-un-quadern-dimatges\/","url":"https:\/\/lamostradevalencia.com\/ca\/primer-plano-de-un-cineasta-un-quadern-dimatges\/","name":"\u201cPRIMER PLANO DE UN CINEASTA\u201d: UN QUADERN D'IMATGES","isPartOf":{"@id":"https:\/\/lamostradevalencia.com\/ca\/#website"},"primaryImageOfPage":{"@id":"https:\/\/lamostradevalencia.com\/ca\/primer-plano-de-un-cineasta-un-quadern-dimatges\/#primaryimage"},"image":{"@id":"https:\/\/lamostradevalencia.com\/ca\/primer-plano-de-un-cineasta-un-quadern-dimatges\/#primaryimage"},"thumbnailUrl":"https:\/\/lamostradevalencia.com\/wp-content\/uploads\/2021\/09\/Primer-plano-de-un-cineasta-scaled.jpg","datePublished":"2021-09-20T21:30:53+00:00","dateModified":"2021-09-20T21:31:44+00:00","author":{"@id":"https:\/\/lamostradevalencia.com\/ca\/#\/schema\/person\/361c3c0dd5489e78ad78ee4f8332efac"},"description":"Estrena de la pel\u00b7l\u00edcula de Ram\u00f3n Alfonso","breadcrumb":{"@id":"https:\/\/lamostradevalencia.com\/ca\/primer-plano-de-un-cineasta-un-quadern-dimatges\/#breadcrumb"},"inLanguage":"ca","potentialAction":[{"@type":"ReadAction","target":["https:\/\/lamostradevalencia.com\/ca\/primer-plano-de-un-cineasta-un-quadern-dimatges\/"]}]},{"@type":"ImageObject","inLanguage":"ca","@id":"https:\/\/lamostradevalencia.com\/ca\/primer-plano-de-un-cineasta-un-quadern-dimatges\/#primaryimage","url":"https:\/\/lamostradevalencia.com\/wp-content\/uploads\/2021\/09\/Primer-plano-de-un-cineasta-scaled.jpg","contentUrl":"https:\/\/lamostradevalencia.com\/wp-content\/uploads\/2021\/09\/Primer-plano-de-un-cineasta-scaled.jpg","width":2560,"height":1440},{"@type":"BreadcrumbList","@id":"https:\/\/lamostradevalencia.com\/ca\/primer-plano-de-un-cineasta-un-quadern-dimatges\/#breadcrumb","itemListElement":[{"@type":"ListItem","position":1,"name":"Portada","item":"https:\/\/lamostradevalencia.com\/ca\/"},{"@type":"ListItem","position":2,"name":"\u201cPRIMER PLANO DE UN CINEASTA\u201d: UN QUADERN D&#8217;IMATGES"}]},{"@type":"WebSite","@id":"https:\/\/lamostradevalencia.com\/ca\/#website","url":"https:\/\/lamostradevalencia.com\/ca\/","name":"Mostra de Val\u00e8ncia","description":"Cinema del Mediterrani","potentialAction":[{"@type":"SearchAction","target":{"@type":"EntryPoint","urlTemplate":"https:\/\/lamostradevalencia.com\/ca\/?s={search_term_string}"},"query-input":{"@type":"PropertyValueSpecification","valueRequired":true,"valueName":"search_term_string"}}],"inLanguage":"ca"},{"@type":"Person","@id":"https:\/\/lamostradevalencia.com\/ca\/#\/schema\/person\/361c3c0dd5489e78ad78ee4f8332efac","name":"contenidos","image":{"@type":"ImageObject","inLanguage":"ca","@id":"https:\/\/secure.gravatar.com\/avatar\/a87eddc188a32d5a0371ff92ef616b5006a91e389296d49d081f8d424eef134c?s=96&d=mm&r=g","url":"https:\/\/secure.gravatar.com\/avatar\/a87eddc188a32d5a0371ff92ef616b5006a91e389296d49d081f8d424eef134c?s=96&d=mm&r=g","contentUrl":"https:\/\/secure.gravatar.com\/avatar\/a87eddc188a32d5a0371ff92ef616b5006a91e389296d49d081f8d424eef134c?s=96&d=mm&r=g","caption":"contenidos"}}]}},"uagb_featured_image_src":{"full":["https:\/\/lamostradevalencia.com\/wp-content\/uploads\/2021\/09\/Primer-plano-de-un-cineasta-scaled.jpg",2560,1440,false],"thumbnail":["https:\/\/lamostradevalencia.com\/wp-content\/uploads\/2021\/09\/Primer-plano-de-un-cineasta-150x150.jpg",150,150,true],"medium":["https:\/\/lamostradevalencia.com\/wp-content\/uploads\/2021\/09\/Primer-plano-de-un-cineasta-300x169.jpg",300,169,true],"medium_large":["https:\/\/lamostradevalencia.com\/wp-content\/uploads\/2021\/09\/Primer-plano-de-un-cineasta-768x432.jpg",768,432,true],"large":["https:\/\/lamostradevalencia.com\/wp-content\/uploads\/2021\/09\/Primer-plano-de-un-cineasta-1024x576.jpg",1024,576,true],"1536x1536":["https:\/\/lamostradevalencia.com\/wp-content\/uploads\/2021\/09\/Primer-plano-de-un-cineasta-1536x864.jpg",1536,864,true],"2048x2048":["https:\/\/lamostradevalencia.com\/wp-content\/uploads\/2021\/09\/Primer-plano-de-un-cineasta-2048x1152.jpg",2048,1152,true],"cinerama_edge_image_square":["https:\/\/lamostradevalencia.com\/wp-content\/uploads\/2021\/09\/Primer-plano-de-un-cineasta-550x550.jpg",550,550,true],"cinerama_edge_image_landscape":["https:\/\/lamostradevalencia.com\/wp-content\/uploads\/2021\/09\/Primer-plano-de-un-cineasta-1100x550.jpg",1100,550,true],"cinerama_edge_image_portrait":["https:\/\/lamostradevalencia.com\/wp-content\/uploads\/2021\/09\/Primer-plano-de-un-cineasta-550x1100.jpg",550,1100,true],"cinerama_edge_image_huge":["https:\/\/lamostradevalencia.com\/wp-content\/uploads\/2021\/09\/Primer-plano-de-un-cineasta-1100x1100.jpg",1100,1100,true],"gform-image-choice-sm":["https:\/\/lamostradevalencia.com\/wp-content\/uploads\/2021\/09\/Primer-plano-de-un-cineasta-scaled.jpg",300,169,false],"gform-image-choice-md":["https:\/\/lamostradevalencia.com\/wp-content\/uploads\/2021\/09\/Primer-plano-de-un-cineasta-scaled.jpg",400,225,false],"gform-image-choice-lg":["https:\/\/lamostradevalencia.com\/wp-content\/uploads\/2021\/09\/Primer-plano-de-un-cineasta-scaled.jpg",600,338,false]},"uagb_author_info":{"display_name":"contenidos","author_link":"https:\/\/lamostradevalencia.com\/ca\/author\/contenidos\/"},"uagb_comment_info":0,"uagb_excerpt":"El cinema, la imatge en moviment, s&#8217;ha referit a si mateix i a la seua hist\u00f2ria en infinitat d&#8217;ocasions. L&#8217;arribada del nou mil\u00b7lenni porta importants [&hellip;]","_links":{"self":[{"href":"https:\/\/lamostradevalencia.com\/ca\/wp-json\/wp\/v2\/posts\/11719","targetHints":{"allow":["GET"]}}],"collection":[{"href":"https:\/\/lamostradevalencia.com\/ca\/wp-json\/wp\/v2\/posts"}],"about":[{"href":"https:\/\/lamostradevalencia.com\/ca\/wp-json\/wp\/v2\/types\/post"}],"author":[{"embeddable":true,"href":"https:\/\/lamostradevalencia.com\/ca\/wp-json\/wp\/v2\/users\/3"}],"replies":[{"embeddable":true,"href":"https:\/\/lamostradevalencia.com\/ca\/wp-json\/wp\/v2\/comments?post=11719"}],"version-history":[{"count":2,"href":"https:\/\/lamostradevalencia.com\/ca\/wp-json\/wp\/v2\/posts\/11719\/revisions"}],"predecessor-version":[{"id":11721,"href":"https:\/\/lamostradevalencia.com\/ca\/wp-json\/wp\/v2\/posts\/11719\/revisions\/11721"}],"wp:featuredmedia":[{"embeddable":true,"href":"https:\/\/lamostradevalencia.com\/ca\/wp-json\/wp\/v2\/media\/10739"}],"wp:attachment":[{"href":"https:\/\/lamostradevalencia.com\/ca\/wp-json\/wp\/v2\/media?parent=11719"}],"wp:term":[{"taxonomy":"category","embeddable":true,"href":"https:\/\/lamostradevalencia.com\/ca\/wp-json\/wp\/v2\/categories?post=11719"},{"taxonomy":"post_tag","embeddable":true,"href":"https:\/\/lamostradevalencia.com\/ca\/wp-json\/wp\/v2\/tags?post=11719"}],"curies":[{"name":"wp","href":"https:\/\/api.w.org\/{rel}","templated":true}]}}