{"id":11099,"date":"2021-09-16T11:53:03","date_gmt":"2021-09-16T09:53:03","guid":{"rendered":"https:\/\/lamostradevalencia.com\/?p=11099"},"modified":"2021-09-19T17:17:38","modified_gmt":"2021-09-19T15:17:38","slug":"mostra-de-valencia-revela-la-seua-seccio-a-competicio","status":"publish","type":"post","link":"https:\/\/lamostradevalencia.com\/ca\/mostra-de-valencia-revela-la-seua-seccio-a-competicio\/","title":{"rendered":"MOSTRA DE VAL\u00c8NCIA REVELA LA SEUA SECCI\u00d3 A COMPETICI\u00d3"},"content":{"rendered":"\n<p><strong>Mostra de Val\u00e8ncia-Cinema del Mediterrani anuncia les pel\u00b7l\u00edcules de la seua Secci\u00f3 Oficial a concurs. El festival, que arranca el 15 d&#8217;octubre i se celebrar\u00e0 fins al 24 del mateix mes, consolida la seua aposta per estrenar a Espanya el millor cinema produ\u00eft als pa\u00efsos del Mediterrani.<\/strong><\/p>\n\n\n\n<p>El festival ha donat a con\u00e9ixer la llista de pel\u00b7l\u00edcules de la seua Secci\u00f3 Oficial a concurs, que optaran a la Palmera d\u2019Or. Dotze estrenes absolutes a Espanya, que representen una panor\u00e0mica de les diferents i m\u00e9s recents propostes narratives i visuals de l&#8217;ecosistema cinematogr\u00e0fic i geogr\u00e0fic que abasta la Mostra.<\/p>\n\n\n\n<p>Pel\u00b7l\u00edcules que han passat pr\u00e8viament per importants cert\u00e0mens internacionals i que exploren una gran diversitat de temes, des de la com\u00e8dia fins al thriller o el drama. No falten t\u00edtols de fort contingut social, habituals en la selecci\u00f3 del festival, per\u00f2 tamb\u00e9 uns altres que miren al futur amb esperan\u00e7a, i que conformen un llistat marcat per la diversitat.<\/p>\n\n\n\n<p>\u201cConcebuda des del seu origen com un punt de trobada imprescindible de la cultura cinematogr\u00e0fica del Mediterrani, la Mostra de Val\u00e8ncia consolida la seua voluntat de convertir-se en plataforma de talent transnacional&#8221;, assenyala Gloria Tello, presidenta de Mostra de Val\u00e8ncia i Iniciatives Audiovisuals.<\/p>\n\n\n\n<p>Enguany, la Mostra arranca amb un thriller. Es tracta de &#8220;El lodo&#8221;, film rodat en l&#8217;Albufera de Val\u00e8ncia, que es podr\u00e0 veure en estrena mundial en el festival. \u00c9s la segona pel\u00b7l\u00edcula del valenci\u00e0 I\u00f1aki S\u00e1nchez Arrieta (que ja va competir en el certamen amb \u00abZer\u00f8\u00bb), i en ella Ra\u00fal Ar\u00e9valo i Paz Vega interpreten a un matrimoni que torna als arrossars de la costa aquest, en part, per a protegir el paratge natural on ell vivia de xiquet.<\/p>\n\n\n\n<figure class=\"wp-block-image size-large\"><img loading=\"lazy\" decoding=\"async\" width=\"1024\" height=\"683\" src=\"https:\/\/lamostradevalencia.com\/wp-content\/uploads\/2021\/09\/ellodo-1024x683.jpg\" alt=\"\" class=\"wp-image-11015\" srcset=\"https:\/\/lamostradevalencia.com\/wp-content\/uploads\/2021\/09\/ellodo-1024x683.jpg 1024w, https:\/\/lamostradevalencia.com\/wp-content\/uploads\/2021\/09\/ellodo-300x200.jpg 300w, https:\/\/lamostradevalencia.com\/wp-content\/uploads\/2021\/09\/ellodo-768x512.jpg 768w, https:\/\/lamostradevalencia.com\/wp-content\/uploads\/2021\/09\/ellodo.jpg 1500w\" sizes=\"auto, (max-width: 1024px) 100vw, 1024px\" \/><\/figure>\n\n\n\n<p>Del sotrac geogr\u00e0fic i social a la cerca de respostes per a adolescents isl\u00e0mics a l&#8217;Egipte de hui, la Mostra estrena la pel\u00b7l\u00edcula \u201cSouad\u201d, de l&#8217;eg\u00edpcia <strong>Ayten Amin<\/strong>, que arriba a Val\u00e8ncia despr\u00e9s d&#8217;haver passat per Berl\u00edn, Cannes i Tribeca, on les dos protagonistes del film, <strong>Bassant Ahmed<\/strong> i <strong>Basmala Elghaiesh<\/strong>, han rebut <em>exaequo<\/em> el premi a millor actriu.<\/p>\n\n\n\n<p>\u201cSouad\u201d conta la hist\u00f2ria d&#8217;una jove de 19 anys que es debat entre les expectatives de futur que marca la seua educaci\u00f3 tradicional i una vida paral\u00b7lela basada en les relacions entre els seus companys i amigues a trav\u00e9s de les xarxes socials. Un film singular, capa\u00e7 de modular una hist\u00f2ria dram\u00e0tica i conduir-la en una direcci\u00f3 totalment inesperada per al p\u00fablic.<\/p>\n\n\n\n<figure class=\"wp-block-image size-large\"><img loading=\"lazy\" decoding=\"async\" width=\"1024\" height=\"554\" src=\"https:\/\/lamostradevalencia.com\/wp-content\/uploads\/2021\/09\/SOUAD-1024x554.jpeg\" alt=\"\" class=\"wp-image-11020\" srcset=\"https:\/\/lamostradevalencia.com\/wp-content\/uploads\/2021\/09\/SOUAD-1024x554.jpeg 1024w, https:\/\/lamostradevalencia.com\/wp-content\/uploads\/2021\/09\/SOUAD-300x162.jpeg 300w, https:\/\/lamostradevalencia.com\/wp-content\/uploads\/2021\/09\/SOUAD-768x415.jpeg 768w, https:\/\/lamostradevalencia.com\/wp-content\/uploads\/2021\/09\/SOUAD-1536x830.jpeg 1536w, https:\/\/lamostradevalencia.com\/wp-content\/uploads\/2021\/09\/SOUAD.jpeg 1920w\" sizes=\"auto, (max-width: 1024px) 100vw, 1024px\" \/><\/figure>\n\n\n\n<p>Tamb\u00e9 oferix una mirada sobre la joventut l&#8217;\u00f2pera prima de <strong>Louda Ben Salah-Cazanas<\/strong>, \u201cLe mond apr\u00e8s nous\u201d, presentada en la Berlinale. Un drama franc\u00e9s tenyit de com\u00e8dia rom\u00e0ntica i amb elements de viatge inici\u00e0tic protagonitzat per un aspirant a novel\u00b7lista que s&#8217;enamora d&#8217;una atractiva estudiant. Una hist\u00f2ria afectiva que es desenvolupa mitjan\u00e7ant hibridaci\u00f3 de g\u00e8neres, al combinar el seu idealisme amb interessants anotacions sobre la precarietat laboral.<\/p>\n\n\n\n<figure class=\"wp-block-image size-large\"><img loading=\"lazy\" decoding=\"async\" width=\"1024\" height=\"576\" src=\"https:\/\/lamostradevalencia.com\/wp-content\/uploads\/2021\/09\/lemondeapresnous-1024x576.jpeg\" alt=\"\" class=\"wp-image-11030\" srcset=\"https:\/\/lamostradevalencia.com\/wp-content\/uploads\/2021\/09\/lemondeapresnous-1024x576.jpeg 1024w, https:\/\/lamostradevalencia.com\/wp-content\/uploads\/2021\/09\/lemondeapresnous-300x169.jpeg 300w, https:\/\/lamostradevalencia.com\/wp-content\/uploads\/2021\/09\/lemondeapresnous-768x432.jpeg 768w, https:\/\/lamostradevalencia.com\/wp-content\/uploads\/2021\/09\/lemondeapresnous-1536x864.jpeg 1536w\" sizes=\"auto, (max-width: 1024px) 100vw, 1024px\" \/><\/figure>\n\n\n\n<p>Des de Fran\u00e7a arriba tamb\u00e9 \u201cPlaylist\u201d, de <strong>Nine Antico<\/strong>. La pel\u00b7l\u00edcula aborda una altra hist\u00f2ria en el tr\u00e0nsit adolescent a la vida adulta a trav\u00e9s de les desventures d&#8217;una dona jove que aconseguix treball en una editorial de c\u00f2mics a Par\u00eds mentre la seua estabilitat es va de nou al trast quan trenca amb el seu n\u00f3vio, que a m\u00e9s, \u00e9s el pare del fill que espera.<\/p>\n\n\n\n<p>El film suposa el debut cinematogr\u00e0fic de l&#8217;aclamada dibuixant de c\u00f2mics Nine Antico, que compta amb diverses obres publicades a Espanya, com ara \u201cHotel Calif\u00f2rnia&#8221;, &#8220;El sabor del para\u00edso&#8221; i &#8220;Girls Don\u2019t Cry&#8221;. Una pel\u00b7l\u00edcula rodada en un blanc i negre que remet a la nova onada, que compta amb m\u00fasica de <strong>Daniel Johnston<\/strong>, i en la qual la il\u00b7lustradora trasllada al cinema el seu m\u00f3n de vinyetes sense renunciar a l&#8217;humor ni a la perspectiva feminista.<\/p>\n\n\n\n<figure class=\"wp-block-image size-large\"><img loading=\"lazy\" decoding=\"async\" width=\"944\" height=\"627\" src=\"https:\/\/lamostradevalencia.com\/wp-content\/uploads\/2021\/09\/Playlist-1.png\" alt=\"\" class=\"wp-image-11060\" srcset=\"https:\/\/lamostradevalencia.com\/wp-content\/uploads\/2021\/09\/Playlist-1.png 944w, https:\/\/lamostradevalencia.com\/wp-content\/uploads\/2021\/09\/Playlist-1-300x199.png 300w, https:\/\/lamostradevalencia.com\/wp-content\/uploads\/2021\/09\/Playlist-1-768x510.png 768w\" sizes=\"auto, (max-width: 944px) 100vw, 944px\" \/><\/figure>\n\n\n\n<p>L&#8217;aportaci\u00f3 de Cro\u00e0cia a la Secci\u00f3 Oficial ve de la m\u00e0 de \u201cThe Staffroom\u201d, \u00f2pera prima de <strong>Sonja Tarokic<\/strong>. Drama social on una orientadora escolar nouvinguda a un centre educatiu tracta de mantindre&#8217;s al marge de les din\u00e0miques de poder imposades per la directora, el professorat i els pares i mares d\u2019alumnes. Un entorn salvatge en el qual haur\u00e0 de dissenyar la seua pr\u00f2pia estrat\u00e8gia per a sobreviure i treballar.<\/p>\n\n\n\n<figure class=\"wp-block-image size-large\"><img loading=\"lazy\" decoding=\"async\" width=\"1024\" height=\"429\" src=\"https:\/\/lamostradevalencia.com\/wp-content\/uploads\/2021\/09\/The-Staffroom-1024x429.jpeg\" alt=\"\" class=\"wp-image-11040\" srcset=\"https:\/\/lamostradevalencia.com\/wp-content\/uploads\/2021\/09\/The-Staffroom-1024x429.jpeg 1024w, https:\/\/lamostradevalencia.com\/wp-content\/uploads\/2021\/09\/The-Staffroom-300x126.jpeg 300w, https:\/\/lamostradevalencia.com\/wp-content\/uploads\/2021\/09\/The-Staffroom-768x322.jpeg 768w, https:\/\/lamostradevalencia.com\/wp-content\/uploads\/2021\/09\/The-Staffroom-1536x644.jpeg 1536w\" sizes=\"auto, (max-width: 1024px) 100vw, 1024px\" \/><\/figure>\n\n\n\n<p><strong>Radiografies del present<\/strong><\/p>\n\n\n\n<p>Fins a l&#8217;Atenes contempor\u00e0nia ens porta \u201cTailor\u201d, \u00f2pera prima de <strong>Sonia Liza Kenterman,<\/strong> que narra amb aud\u00e0cia la hist\u00f2ria d&#8217;un sastre de mitjana edat comprom\u00e9s amb mantindre viu l&#8217;ofici del seu pare enmig de la dificultat que estes artesanies viuen en el present i despr\u00e9s de la devastadora crisi que va arrasar Gr\u00e8cia recentment. Un relat centrat en un m\u00f3n xicotet, ple de detalls, que advoca per la possibilitat de trobar la felicitat.<\/p>\n\n\n\n<figure class=\"wp-block-image size-large\"><img loading=\"lazy\" decoding=\"async\" width=\"1024\" height=\"576\" src=\"https:\/\/lamostradevalencia.com\/wp-content\/uploads\/2021\/09\/Tailor-1024x576.jpeg\" alt=\"\" class=\"wp-image-11045\" srcset=\"https:\/\/lamostradevalencia.com\/wp-content\/uploads\/2021\/09\/Tailor-1024x576.jpeg 1024w, https:\/\/lamostradevalencia.com\/wp-content\/uploads\/2021\/09\/Tailor-300x169.jpeg 300w, https:\/\/lamostradevalencia.com\/wp-content\/uploads\/2021\/09\/Tailor-768x432.jpeg 768w, https:\/\/lamostradevalencia.com\/wp-content\/uploads\/2021\/09\/Tailor-1536x864.jpeg 1536w, https:\/\/lamostradevalencia.com\/wp-content\/uploads\/2021\/09\/Tailor.jpeg 1920w\" sizes=\"auto, (max-width: 1024px) 100vw, 1024px\" \/><\/figure>\n\n\n\n<p>Per la seua banda, \u201cLuzzu\u201d \u00e9s un drama malt\u00e9s que porta la signatura d&#8217;<strong>Alex Camilleri<\/strong>. Una commovedora hist\u00f2ria de lluites en el m\u00f3n real, concretament la d&#8217;un home que arrisca tot per a mantindre a la seua esposa i fill nounat a l\u2019ingressar en la ind\u00fastria pesquera del mercat negre de Malta. La pel\u00b7l\u00edcula va tindre la seua <em>premi\u00e8re<\/em> en el Festival de Sundance, on <strong>Jesmar Scicluna<\/strong> va obtindre el premi al millor actor.<\/p>\n\n\n\n<figure class=\"wp-block-image size-large\"><img loading=\"lazy\" decoding=\"async\" width=\"1024\" height=\"576\" src=\"https:\/\/lamostradevalencia.com\/wp-content\/uploads\/2021\/09\/LUZZU-1024x576.jpeg\" alt=\"\" class=\"wp-image-11050\" srcset=\"https:\/\/lamostradevalencia.com\/wp-content\/uploads\/2021\/09\/LUZZU-1024x576.jpeg 1024w, https:\/\/lamostradevalencia.com\/wp-content\/uploads\/2021\/09\/LUZZU-300x169.jpeg 300w, https:\/\/lamostradevalencia.com\/wp-content\/uploads\/2021\/09\/LUZZU-768x432.jpeg 768w, https:\/\/lamostradevalencia.com\/wp-content\/uploads\/2021\/09\/LUZZU-1536x864.jpeg 1536w\" sizes=\"auto, (max-width: 1024px) 100vw, 1024px\" \/><\/figure>\n\n\n\n<p>Des de Tun\u00edsia, la proposta signada per <strong>Mehdi Hmili<\/strong> proposa un viatge a una societat tunisiana en ple col\u00b7lapse. Es tracta de \u201cStreams\u201d, una coproducci\u00f3 amb Luxemburg, Fran\u00e7a i els Estats Units, que acaba de passar per la competici\u00f3 en Cineastes del Present (Ven\u00e8cia) i que narra la hist\u00f2ria d&#8217;una dona que ix de la pres\u00f3 despr\u00e9s d&#8217;haver sigut injustament acusada d&#8217;adulteri.<\/p>\n\n\n\n<figure class=\"wp-block-image size-large\"><img loading=\"lazy\" decoding=\"async\" width=\"1024\" height=\"429\" src=\"https:\/\/lamostradevalencia.com\/wp-content\/uploads\/2021\/09\/STREAMS-1024x429.jpeg\" alt=\"\" class=\"wp-image-11055\" srcset=\"https:\/\/lamostradevalencia.com\/wp-content\/uploads\/2021\/09\/STREAMS-1024x429.jpeg 1024w, https:\/\/lamostradevalencia.com\/wp-content\/uploads\/2021\/09\/STREAMS-300x126.jpeg 300w, https:\/\/lamostradevalencia.com\/wp-content\/uploads\/2021\/09\/STREAMS-768x321.jpeg 768w, https:\/\/lamostradevalencia.com\/wp-content\/uploads\/2021\/09\/STREAMS-1536x643.jpeg 1536w\" sizes=\"auto, (max-width: 1024px) 100vw, 1024px\" \/><\/figure>\n\n\n\n<p>S\u00edria \u00e9s el pa\u00eds d&#8217;origen de \u201cThe Translator\u201d, debut cinematogr\u00e0fic de <strong>Rana Kazkaz<\/strong> i <strong>Anas Khalaf<\/strong>. Un thriller de suspens i acci\u00f3 que ve precedit d&#8217;excel\u00b7lents cr\u00edtiques, i que aborda la Primavera \u00c0rab des de la ficci\u00f3, a trav\u00e9s d&#8217;uns protagonistes perseguits pel r\u00e8gim del-\u00c1ssad. La fugida, la culpa i l&#8217;exili tixen un drama inquietant sobre persones refugiades, de formes pr\u00f2ximes al documental, que s&#8217;endinsa en la protesta pac\u00edfica i no tem mostrar els fracassos i peda\u00e7os del Consell de Seguretat de les Nacions Unides.<\/p>\n\n\n\n<figure class=\"wp-block-image size-large\"><img loading=\"lazy\" decoding=\"async\" width=\"1024\" height=\"576\" src=\"https:\/\/lamostradevalencia.com\/wp-content\/uploads\/2021\/09\/The-Translator-1-1024x576.png\" alt=\"\" class=\"wp-image-11065\" srcset=\"https:\/\/lamostradevalencia.com\/wp-content\/uploads\/2021\/09\/The-Translator-1-1024x576.png 1024w, https:\/\/lamostradevalencia.com\/wp-content\/uploads\/2021\/09\/The-Translator-1-300x169.png 300w, https:\/\/lamostradevalencia.com\/wp-content\/uploads\/2021\/09\/The-Translator-1-768x432.png 768w, https:\/\/lamostradevalencia.com\/wp-content\/uploads\/2021\/09\/The-Translator-1.png 1200w\" sizes=\"auto, (max-width: 1024px) 100vw, 1024px\" \/><\/figure>\n\n\n\n<p>La participaci\u00f3 de B\u00f2snia i Hercegovina es materialitza en la pel\u00b7l\u00edcula \u201cSo She Doesn\u2019t Live\u201d amb la qual <strong>Faruk Lon\u010darevi\u0107<\/strong> ha aconseguit una menci\u00f3 especial a Trieste. Es tracta de la terrible hist\u00f2ria basada en l&#8217;assassinat real d&#8217;una jove en un xicotet poble. Un crim passional contra una dona que l&#8217;\u00fanica cosa que desitja \u00e9s viure a la seua manera i de manera independent, en un entorn que b\u00e9 pot ser B\u00f2snia com qualsevol altre lloc del m\u00f3n.<\/p>\n\n\n\n<figure class=\"wp-block-image size-large\"><img loading=\"lazy\" decoding=\"async\" width=\"1024\" height=\"540\" src=\"https:\/\/lamostradevalencia.com\/wp-content\/uploads\/2021\/09\/So-she-doesnt-1-1024x540.jpeg\" alt=\"\" class=\"wp-image-11070\" srcset=\"https:\/\/lamostradevalencia.com\/wp-content\/uploads\/2021\/09\/So-she-doesnt-1-1024x540.jpeg 1024w, https:\/\/lamostradevalencia.com\/wp-content\/uploads\/2021\/09\/So-she-doesnt-1-300x158.jpeg 300w, https:\/\/lamostradevalencia.com\/wp-content\/uploads\/2021\/09\/So-she-doesnt-1-768x405.jpeg 768w, https:\/\/lamostradevalencia.com\/wp-content\/uploads\/2021\/09\/So-she-doesnt-1-1536x810.jpeg 1536w\" sizes=\"auto, (max-width: 1024px) 100vw, 1024px\" \/><\/figure>\n\n\n\n<p>Amb resson\u00e0ncies d\u2019<strong>E\u00e7a de Queir\u00f3s <\/strong>s&#8217;anuncia la portuguesa \u201cVencidos da vida\u201d, del conegut productor i director <strong>Rodrigo Areias<\/strong>. La pel\u00b7l\u00edcula t\u00e9 lloc en un cinema decr\u00e8pit, on les hist\u00f2ries se succe\u00efxen com a fantasmes de la vida cultural del segle XIX. Considerada en algunes cr\u00edtiques com el &#8220;Holy Motors&#8221; lusit\u00e0, proposa un viatge al passat ple de reverberacions que connecten amb el treball anterior d\u2019Areias, ja que el film incorpora alguns curtmetratges realitzats anteriorment pel cineasta.<\/p>\n\n\n\n<figure class=\"wp-block-image size-large\"><img loading=\"lazy\" decoding=\"async\" width=\"1024\" height=\"591\" src=\"https:\/\/lamostradevalencia.com\/wp-content\/uploads\/2021\/09\/Captura-de-pantalla-2021-09-15-a-las-12.15.51-1024x591.png\" alt=\"\" class=\"wp-image-11075\" srcset=\"https:\/\/lamostradevalencia.com\/wp-content\/uploads\/2021\/09\/Captura-de-pantalla-2021-09-15-a-las-12.15.51-1024x591.png 1024w, https:\/\/lamostradevalencia.com\/wp-content\/uploads\/2021\/09\/Captura-de-pantalla-2021-09-15-a-las-12.15.51-300x173.png 300w, https:\/\/lamostradevalencia.com\/wp-content\/uploads\/2021\/09\/Captura-de-pantalla-2021-09-15-a-las-12.15.51-768x443.png 768w, https:\/\/lamostradevalencia.com\/wp-content\/uploads\/2021\/09\/Captura-de-pantalla-2021-09-15-a-las-12.15.51-1536x886.png 1536w\" sizes=\"auto, (max-width: 1024px) 100vw, 1024px\" \/><\/figure>\n\n\n\n<p>Tanca la relaci\u00f3 de pel\u00b7l\u00edcules de la Secci\u00f3 Oficial d&#8217;esta 36 edici\u00f3 de Mostra de Val\u00e8ncia la com\u00e8dia negra \u201cHeavens Above\u201d. Una coproducci\u00f3 entre totes les exrep\u00fabliques de l&#8217;antiga Iugosl\u00e0via, rodada sota la direcci\u00f3 de <strong>Srdjan Dragojevic<\/strong>. En ella un home simple patix un estrany accident despr\u00e9s del qual li apareix una aur\u00e8ola de santedat sobre el cap, mentre que la seua dona tractar\u00e0 d&#8217;eliminar el miracul\u00f3s fenomen que l\u2019ha convertit en la nova atracci\u00f3 del poble. El film, amb ressons del millor Kusturica, arriba a Val\u00e8ncia despr\u00e9s de competir en el Festival de Locarno, on ha collit magn\u00edfiques cr\u00edtiques.<\/p>\n\n\n\n<figure class=\"wp-block-image size-large\"><img loading=\"lazy\" decoding=\"async\" width=\"1024\" height=\"683\" src=\"https:\/\/lamostradevalencia.com\/wp-content\/uploads\/2021\/09\/HeavensAbove-1024x683.jpeg\" alt=\"\" class=\"wp-image-11080\" srcset=\"https:\/\/lamostradevalencia.com\/wp-content\/uploads\/2021\/09\/HeavensAbove-1024x683.jpeg 1024w, https:\/\/lamostradevalencia.com\/wp-content\/uploads\/2021\/09\/HeavensAbove-300x200.jpeg 300w, https:\/\/lamostradevalencia.com\/wp-content\/uploads\/2021\/09\/HeavensAbove-768x512.jpeg 768w, https:\/\/lamostradevalencia.com\/wp-content\/uploads\/2021\/09\/HeavensAbove.jpeg 1500w\" sizes=\"auto, (max-width: 1024px) 100vw, 1024px\" \/><\/figure>\n\n\n\n<p>En paraules d&#8217;<strong>Eduardo Guillot<\/strong>, programador de Mostra de Val\u00e8ncia, &#8220;suposa una gran satisfacci\u00f3 posar a l&#8217;abast del p\u00fablic una selecci\u00f3 de pel\u00b7l\u00edcules com les de la present edici\u00f3, que oferixen una notable panor\u00e0mica del cinema mediterrani de la temporada i permetr\u00e0 descobrir una s\u00e8rie de t\u00edtols que podran despertar reaccions de molt diferent \u00edndole, per\u00f2 que de segur no deixaran indiferents a ning\u00fa&#8221;.<\/p>\n\n\n\n<p>La 36a Mostra de Val\u00e8ncia, que se celebrar\u00e0 del 15 al 24 d&#8217;octubre de 2021, compta amb la col\u00b7laboraci\u00f3 del Palau de la M\u00fasica i La Rambleta, t\u00e9 com a mitj\u00e0 oficial \u00c0 Punt M\u00e8dia i compta amb l&#8217;acreditaci\u00f3 de FIAPF com a festival competitiu especialitzat.<\/p>\n","protected":false},"excerpt":{"rendered":"<p>Mostra de Val\u00e8ncia-Cinema del Mediterrani anuncia les pel\u00b7l\u00edcules de la seua Secci\u00f3 Oficial a concurs. El festival, que arranca el 15 d&#8217;octubre i se celebrar\u00e0 [&hellip;]<\/p>\n","protected":false},"author":1,"featured_media":11095,"comment_status":"open","ping_status":"open","sticky":false,"template":"","format":"standard","meta":{"_uag_custom_page_level_css":"","_jet_sm_ready_style":"","_jet_sm_style":"","_jet_sm_controls_values":"","_jet_sm_fonts_collection":"","_jet_sm_fonts_links":"","footnotes":""},"categories":[455],"tags":[2701,2705,2704,2703,2699],"class_list":["post-11099","post","type-post","status-publish","format-standard","has-post-thumbnail","hentry","category-noticies","tag-cine","tag-festival","tag-mediterraneo-2","tag-premios","tag-seccion-oficial-2"],"yoast_head":"<!-- This site is optimized with the Yoast SEO plugin v27.5 - https:\/\/yoast.com\/product\/yoast-seo-wordpress\/ -->\n<title>MOSTRA DE VAL\u00c8NCIA REVELA LA SEUA SECCI\u00d3 A COMPETICI\u00d3 - Mostra de Val\u00e8ncia<\/title>\n<meta name=\"robots\" content=\"index, follow, max-snippet:-1, max-image-preview:large, max-video-preview:-1\" \/>\n<link rel=\"canonical\" href=\"https:\/\/lamostradevalencia.com\/ca\/mostra-de-valencia-revela-la-seua-seccio-a-competicio\/\" \/>\n<meta property=\"og:locale\" content=\"ca_ES\" \/>\n<meta property=\"og:type\" content=\"article\" \/>\n<meta property=\"og:title\" content=\"MOSTRA DE VAL\u00c8NCIA REVELA LA SEUA SECCI\u00d3 A COMPETICI\u00d3 - Mostra de Val\u00e8ncia\" \/>\n<meta property=\"og:description\" content=\"Mostra de Val\u00e8ncia-Cinema del Mediterrani anuncia les pel\u00b7l\u00edcules de la seua Secci\u00f3 Oficial a concurs. El festival, que arranca el 15 d&#8217;octubre i se celebrar\u00e0 [&hellip;]\" \/>\n<meta property=\"og:url\" content=\"https:\/\/lamostradevalencia.com\/ca\/mostra-de-valencia-revela-la-seua-seccio-a-competicio\/\" \/>\n<meta property=\"og:site_name\" content=\"Mostra de Val\u00e8ncia\" \/>\n<meta property=\"article:published_time\" content=\"2021-09-16T09:53:03+00:00\" \/>\n<meta property=\"article:modified_time\" content=\"2021-09-19T15:17:38+00:00\" \/>\n<meta property=\"og:image\" content=\"https:\/\/lamostradevalencia.com\/wp-content\/uploads\/2021\/09\/SOUAD-4.jpeg\" \/>\n\t<meta property=\"og:image:width\" content=\"1920\" \/>\n\t<meta property=\"og:image:height\" content=\"1038\" \/>\n\t<meta property=\"og:image:type\" content=\"image\/jpeg\" \/>\n<meta name=\"author\" content=\"Mostra de Val\u00e8ncia\" \/>\n<meta name=\"twitter:card\" content=\"summary_large_image\" \/>\n<meta name=\"twitter:label1\" content=\"Escrit per\" \/>\n\t<meta name=\"twitter:data1\" content=\"Mostra de Val\u00e8ncia\" \/>\n\t<meta name=\"twitter:label2\" content=\"Temps estimat de lectura\" \/>\n\t<meta name=\"twitter:data2\" content=\"7 minuts\" \/>\n<script type=\"application\/ld+json\" class=\"yoast-schema-graph\">{\"@context\":\"https:\\\/\\\/schema.org\",\"@graph\":[{\"@type\":\"Article\",\"@id\":\"https:\\\/\\\/lamostradevalencia.com\\\/ca\\\/mostra-de-valencia-revela-la-seua-seccio-a-competicio\\\/#article\",\"isPartOf\":{\"@id\":\"https:\\\/\\\/lamostradevalencia.com\\\/ca\\\/mostra-de-valencia-revela-la-seua-seccio-a-competicio\\\/\"},\"author\":{\"name\":\"Mostra de Val\u00e8ncia\",\"@id\":\"https:\\\/\\\/lamostradevalencia.com\\\/ca\\\/#\\\/schema\\\/person\\\/1dc07e4df3d6310b81d2cdf6a034070c\"},\"headline\":\"MOSTRA DE VAL\u00c8NCIA REVELA LA SEUA SECCI\u00d3 A COMPETICI\u00d3\",\"datePublished\":\"2021-09-16T09:53:03+00:00\",\"dateModified\":\"2021-09-19T15:17:38+00:00\",\"mainEntityOfPage\":{\"@id\":\"https:\\\/\\\/lamostradevalencia.com\\\/ca\\\/mostra-de-valencia-revela-la-seua-seccio-a-competicio\\\/\"},\"wordCount\":1536,\"commentCount\":0,\"image\":{\"@id\":\"https:\\\/\\\/lamostradevalencia.com\\\/ca\\\/mostra-de-valencia-revela-la-seua-seccio-a-competicio\\\/#primaryimage\"},\"thumbnailUrl\":\"https:\\\/\\\/lamostradevalencia.com\\\/wp-content\\\/uploads\\\/2021\\\/09\\\/SOUAD-4.jpeg\",\"keywords\":[\"cine\",\"festival\",\"Mediterr\u00e1neo\",\"premios\",\"secci\u00f3n oficial\"],\"articleSection\":[\"Noticies\"],\"inLanguage\":\"ca\",\"potentialAction\":[{\"@type\":\"CommentAction\",\"name\":\"Comment\",\"target\":[\"https:\\\/\\\/lamostradevalencia.com\\\/ca\\\/mostra-de-valencia-revela-la-seua-seccio-a-competicio\\\/#respond\"]}]},{\"@type\":\"WebPage\",\"@id\":\"https:\\\/\\\/lamostradevalencia.com\\\/ca\\\/mostra-de-valencia-revela-la-seua-seccio-a-competicio\\\/\",\"url\":\"https:\\\/\\\/lamostradevalencia.com\\\/ca\\\/mostra-de-valencia-revela-la-seua-seccio-a-competicio\\\/\",\"name\":\"MOSTRA DE VAL\u00c8NCIA REVELA LA SEUA SECCI\u00d3 A COMPETICI\u00d3 - Mostra de Val\u00e8ncia\",\"isPartOf\":{\"@id\":\"https:\\\/\\\/lamostradevalencia.com\\\/ca\\\/#website\"},\"primaryImageOfPage\":{\"@id\":\"https:\\\/\\\/lamostradevalencia.com\\\/ca\\\/mostra-de-valencia-revela-la-seua-seccio-a-competicio\\\/#primaryimage\"},\"image\":{\"@id\":\"https:\\\/\\\/lamostradevalencia.com\\\/ca\\\/mostra-de-valencia-revela-la-seua-seccio-a-competicio\\\/#primaryimage\"},\"thumbnailUrl\":\"https:\\\/\\\/lamostradevalencia.com\\\/wp-content\\\/uploads\\\/2021\\\/09\\\/SOUAD-4.jpeg\",\"datePublished\":\"2021-09-16T09:53:03+00:00\",\"dateModified\":\"2021-09-19T15:17:38+00:00\",\"author\":{\"@id\":\"https:\\\/\\\/lamostradevalencia.com\\\/ca\\\/#\\\/schema\\\/person\\\/1dc07e4df3d6310b81d2cdf6a034070c\"},\"breadcrumb\":{\"@id\":\"https:\\\/\\\/lamostradevalencia.com\\\/ca\\\/mostra-de-valencia-revela-la-seua-seccio-a-competicio\\\/#breadcrumb\"},\"inLanguage\":\"ca\",\"potentialAction\":[{\"@type\":\"ReadAction\",\"target\":[\"https:\\\/\\\/lamostradevalencia.com\\\/ca\\\/mostra-de-valencia-revela-la-seua-seccio-a-competicio\\\/\"]}]},{\"@type\":\"ImageObject\",\"inLanguage\":\"ca\",\"@id\":\"https:\\\/\\\/lamostradevalencia.com\\\/ca\\\/mostra-de-valencia-revela-la-seua-seccio-a-competicio\\\/#primaryimage\",\"url\":\"https:\\\/\\\/lamostradevalencia.com\\\/wp-content\\\/uploads\\\/2021\\\/09\\\/SOUAD-4.jpeg\",\"contentUrl\":\"https:\\\/\\\/lamostradevalencia.com\\\/wp-content\\\/uploads\\\/2021\\\/09\\\/SOUAD-4.jpeg\",\"width\":1920,\"height\":1038},{\"@type\":\"BreadcrumbList\",\"@id\":\"https:\\\/\\\/lamostradevalencia.com\\\/ca\\\/mostra-de-valencia-revela-la-seua-seccio-a-competicio\\\/#breadcrumb\",\"itemListElement\":[{\"@type\":\"ListItem\",\"position\":1,\"name\":\"Portada\",\"item\":\"https:\\\/\\\/lamostradevalencia.com\\\/ca\\\/\"},{\"@type\":\"ListItem\",\"position\":2,\"name\":\"MOSTRA DE VAL\u00c8NCIA REVELA LA SEUA SECCI\u00d3 A COMPETICI\u00d3\"}]},{\"@type\":\"WebSite\",\"@id\":\"https:\\\/\\\/lamostradevalencia.com\\\/ca\\\/#website\",\"url\":\"https:\\\/\\\/lamostradevalencia.com\\\/ca\\\/\",\"name\":\"Mostra de Val\u00e8ncia\",\"description\":\"Cinema del Mediterrani\",\"potentialAction\":[{\"@type\":\"SearchAction\",\"target\":{\"@type\":\"EntryPoint\",\"urlTemplate\":\"https:\\\/\\\/lamostradevalencia.com\\\/ca\\\/?s={search_term_string}\"},\"query-input\":{\"@type\":\"PropertyValueSpecification\",\"valueRequired\":true,\"valueName\":\"search_term_string\"}}],\"inLanguage\":\"ca\"},{\"@type\":\"Person\",\"@id\":\"https:\\\/\\\/lamostradevalencia.com\\\/ca\\\/#\\\/schema\\\/person\\\/1dc07e4df3d6310b81d2cdf6a034070c\",\"name\":\"Mostra de Val\u00e8ncia\",\"image\":{\"@type\":\"ImageObject\",\"inLanguage\":\"ca\",\"@id\":\"https:\\\/\\\/secure.gravatar.com\\\/avatar\\\/ada4dfd699a9907706987adb1bb2b361c2613ccca474b49b8c648de5208e32f8?s=96&d=mm&r=g\",\"url\":\"https:\\\/\\\/secure.gravatar.com\\\/avatar\\\/ada4dfd699a9907706987adb1bb2b361c2613ccca474b49b8c648de5208e32f8?s=96&d=mm&r=g\",\"contentUrl\":\"https:\\\/\\\/secure.gravatar.com\\\/avatar\\\/ada4dfd699a9907706987adb1bb2b361c2613ccca474b49b8c648de5208e32f8?s=96&d=mm&r=g\",\"caption\":\"Mostra de Val\u00e8ncia\"}}]}<\/script>\n<!-- \/ Yoast SEO plugin. -->","yoast_head_json":{"title":"MOSTRA DE VAL\u00c8NCIA REVELA LA SEUA SECCI\u00d3 A COMPETICI\u00d3 - Mostra de Val\u00e8ncia","robots":{"index":"index","follow":"follow","max-snippet":"max-snippet:-1","max-image-preview":"max-image-preview:large","max-video-preview":"max-video-preview:-1"},"canonical":"https:\/\/lamostradevalencia.com\/ca\/mostra-de-valencia-revela-la-seua-seccio-a-competicio\/","og_locale":"ca_ES","og_type":"article","og_title":"MOSTRA DE VAL\u00c8NCIA REVELA LA SEUA SECCI\u00d3 A COMPETICI\u00d3 - Mostra de Val\u00e8ncia","og_description":"Mostra de Val\u00e8ncia-Cinema del Mediterrani anuncia les pel\u00b7l\u00edcules de la seua Secci\u00f3 Oficial a concurs. El festival, que arranca el 15 d&#8217;octubre i se celebrar\u00e0 [&hellip;]","og_url":"https:\/\/lamostradevalencia.com\/ca\/mostra-de-valencia-revela-la-seua-seccio-a-competicio\/","og_site_name":"Mostra de Val\u00e8ncia","article_published_time":"2021-09-16T09:53:03+00:00","article_modified_time":"2021-09-19T15:17:38+00:00","og_image":[{"width":1920,"height":1038,"url":"https:\/\/lamostradevalencia.com\/wp-content\/uploads\/2021\/09\/SOUAD-4.jpeg","type":"image\/jpeg"}],"author":"Mostra de Val\u00e8ncia","twitter_card":"summary_large_image","twitter_misc":{"Escrit per":"Mostra de Val\u00e8ncia","Temps estimat de lectura":"7 minuts"},"schema":{"@context":"https:\/\/schema.org","@graph":[{"@type":"Article","@id":"https:\/\/lamostradevalencia.com\/ca\/mostra-de-valencia-revela-la-seua-seccio-a-competicio\/#article","isPartOf":{"@id":"https:\/\/lamostradevalencia.com\/ca\/mostra-de-valencia-revela-la-seua-seccio-a-competicio\/"},"author":{"name":"Mostra de Val\u00e8ncia","@id":"https:\/\/lamostradevalencia.com\/ca\/#\/schema\/person\/1dc07e4df3d6310b81d2cdf6a034070c"},"headline":"MOSTRA DE VAL\u00c8NCIA REVELA LA SEUA SECCI\u00d3 A COMPETICI\u00d3","datePublished":"2021-09-16T09:53:03+00:00","dateModified":"2021-09-19T15:17:38+00:00","mainEntityOfPage":{"@id":"https:\/\/lamostradevalencia.com\/ca\/mostra-de-valencia-revela-la-seua-seccio-a-competicio\/"},"wordCount":1536,"commentCount":0,"image":{"@id":"https:\/\/lamostradevalencia.com\/ca\/mostra-de-valencia-revela-la-seua-seccio-a-competicio\/#primaryimage"},"thumbnailUrl":"https:\/\/lamostradevalencia.com\/wp-content\/uploads\/2021\/09\/SOUAD-4.jpeg","keywords":["cine","festival","Mediterr\u00e1neo","premios","secci\u00f3n oficial"],"articleSection":["Noticies"],"inLanguage":"ca","potentialAction":[{"@type":"CommentAction","name":"Comment","target":["https:\/\/lamostradevalencia.com\/ca\/mostra-de-valencia-revela-la-seua-seccio-a-competicio\/#respond"]}]},{"@type":"WebPage","@id":"https:\/\/lamostradevalencia.com\/ca\/mostra-de-valencia-revela-la-seua-seccio-a-competicio\/","url":"https:\/\/lamostradevalencia.com\/ca\/mostra-de-valencia-revela-la-seua-seccio-a-competicio\/","name":"MOSTRA DE VAL\u00c8NCIA REVELA LA SEUA SECCI\u00d3 A COMPETICI\u00d3 - Mostra de Val\u00e8ncia","isPartOf":{"@id":"https:\/\/lamostradevalencia.com\/ca\/#website"},"primaryImageOfPage":{"@id":"https:\/\/lamostradevalencia.com\/ca\/mostra-de-valencia-revela-la-seua-seccio-a-competicio\/#primaryimage"},"image":{"@id":"https:\/\/lamostradevalencia.com\/ca\/mostra-de-valencia-revela-la-seua-seccio-a-competicio\/#primaryimage"},"thumbnailUrl":"https:\/\/lamostradevalencia.com\/wp-content\/uploads\/2021\/09\/SOUAD-4.jpeg","datePublished":"2021-09-16T09:53:03+00:00","dateModified":"2021-09-19T15:17:38+00:00","author":{"@id":"https:\/\/lamostradevalencia.com\/ca\/#\/schema\/person\/1dc07e4df3d6310b81d2cdf6a034070c"},"breadcrumb":{"@id":"https:\/\/lamostradevalencia.com\/ca\/mostra-de-valencia-revela-la-seua-seccio-a-competicio\/#breadcrumb"},"inLanguage":"ca","potentialAction":[{"@type":"ReadAction","target":["https:\/\/lamostradevalencia.com\/ca\/mostra-de-valencia-revela-la-seua-seccio-a-competicio\/"]}]},{"@type":"ImageObject","inLanguage":"ca","@id":"https:\/\/lamostradevalencia.com\/ca\/mostra-de-valencia-revela-la-seua-seccio-a-competicio\/#primaryimage","url":"https:\/\/lamostradevalencia.com\/wp-content\/uploads\/2021\/09\/SOUAD-4.jpeg","contentUrl":"https:\/\/lamostradevalencia.com\/wp-content\/uploads\/2021\/09\/SOUAD-4.jpeg","width":1920,"height":1038},{"@type":"BreadcrumbList","@id":"https:\/\/lamostradevalencia.com\/ca\/mostra-de-valencia-revela-la-seua-seccio-a-competicio\/#breadcrumb","itemListElement":[{"@type":"ListItem","position":1,"name":"Portada","item":"https:\/\/lamostradevalencia.com\/ca\/"},{"@type":"ListItem","position":2,"name":"MOSTRA DE VAL\u00c8NCIA REVELA LA SEUA SECCI\u00d3 A COMPETICI\u00d3"}]},{"@type":"WebSite","@id":"https:\/\/lamostradevalencia.com\/ca\/#website","url":"https:\/\/lamostradevalencia.com\/ca\/","name":"Mostra de Val\u00e8ncia","description":"Cinema del Mediterrani","potentialAction":[{"@type":"SearchAction","target":{"@type":"EntryPoint","urlTemplate":"https:\/\/lamostradevalencia.com\/ca\/?s={search_term_string}"},"query-input":{"@type":"PropertyValueSpecification","valueRequired":true,"valueName":"search_term_string"}}],"inLanguage":"ca"},{"@type":"Person","@id":"https:\/\/lamostradevalencia.com\/ca\/#\/schema\/person\/1dc07e4df3d6310b81d2cdf6a034070c","name":"Mostra de Val\u00e8ncia","image":{"@type":"ImageObject","inLanguage":"ca","@id":"https:\/\/secure.gravatar.com\/avatar\/ada4dfd699a9907706987adb1bb2b361c2613ccca474b49b8c648de5208e32f8?s=96&d=mm&r=g","url":"https:\/\/secure.gravatar.com\/avatar\/ada4dfd699a9907706987adb1bb2b361c2613ccca474b49b8c648de5208e32f8?s=96&d=mm&r=g","contentUrl":"https:\/\/secure.gravatar.com\/avatar\/ada4dfd699a9907706987adb1bb2b361c2613ccca474b49b8c648de5208e32f8?s=96&d=mm&r=g","caption":"Mostra de Val\u00e8ncia"}}]}},"uagb_featured_image_src":{"full":["https:\/\/lamostradevalencia.com\/wp-content\/uploads\/2021\/09\/SOUAD-4.jpeg",1920,1038,false],"thumbnail":["https:\/\/lamostradevalencia.com\/wp-content\/uploads\/2021\/09\/SOUAD-4-150x150.jpeg",150,150,true],"medium":["https:\/\/lamostradevalencia.com\/wp-content\/uploads\/2021\/09\/SOUAD-4-300x162.jpeg",300,162,true],"medium_large":["https:\/\/lamostradevalencia.com\/wp-content\/uploads\/2021\/09\/SOUAD-4-768x415.jpeg",768,415,true],"large":["https:\/\/lamostradevalencia.com\/wp-content\/uploads\/2021\/09\/SOUAD-4-1024x554.jpeg",1024,554,true],"1536x1536":["https:\/\/lamostradevalencia.com\/wp-content\/uploads\/2021\/09\/SOUAD-4-1536x830.jpeg",1536,830,true],"2048x2048":["https:\/\/lamostradevalencia.com\/wp-content\/uploads\/2021\/09\/SOUAD-4.jpeg",1920,1038,false],"cinerama_edge_image_square":["https:\/\/lamostradevalencia.com\/wp-content\/uploads\/2021\/09\/SOUAD-4-550x550.jpeg",550,550,true],"cinerama_edge_image_landscape":["https:\/\/lamostradevalencia.com\/wp-content\/uploads\/2021\/09\/SOUAD-4-1100x550.jpeg",1100,550,true],"cinerama_edge_image_portrait":["https:\/\/lamostradevalencia.com\/wp-content\/uploads\/2021\/09\/SOUAD-4-550x1038.jpeg",550,1038,true],"cinerama_edge_image_huge":["https:\/\/lamostradevalencia.com\/wp-content\/uploads\/2021\/09\/SOUAD-4-1100x1038.jpeg",1100,1038,true],"gform-image-choice-sm":["https:\/\/lamostradevalencia.com\/wp-content\/uploads\/2021\/09\/SOUAD-4.jpeg",300,162,false],"gform-image-choice-md":["https:\/\/lamostradevalencia.com\/wp-content\/uploads\/2021\/09\/SOUAD-4.jpeg",400,216,false],"gform-image-choice-lg":["https:\/\/lamostradevalencia.com\/wp-content\/uploads\/2021\/09\/SOUAD-4.jpeg",600,324,false]},"uagb_author_info":{"display_name":"Mostra de Val\u00e8ncia","author_link":"https:\/\/lamostradevalencia.com\/ca\/author\/mostravalencia\/"},"uagb_comment_info":0,"uagb_excerpt":"Mostra de Val\u00e8ncia-Cinema del Mediterrani anuncia les pel\u00b7l\u00edcules de la seua Secci\u00f3 Oficial a concurs. El festival, que arranca el 15 d&#8217;octubre i se celebrar\u00e0 [&hellip;]","_links":{"self":[{"href":"https:\/\/lamostradevalencia.com\/ca\/wp-json\/wp\/v2\/posts\/11099","targetHints":{"allow":["GET"]}}],"collection":[{"href":"https:\/\/lamostradevalencia.com\/ca\/wp-json\/wp\/v2\/posts"}],"about":[{"href":"https:\/\/lamostradevalencia.com\/ca\/wp-json\/wp\/v2\/types\/post"}],"author":[{"embeddable":true,"href":"https:\/\/lamostradevalencia.com\/ca\/wp-json\/wp\/v2\/users\/1"}],"replies":[{"embeddable":true,"href":"https:\/\/lamostradevalencia.com\/ca\/wp-json\/wp\/v2\/comments?post=11099"}],"version-history":[{"count":2,"href":"https:\/\/lamostradevalencia.com\/ca\/wp-json\/wp\/v2\/posts\/11099\/revisions"}],"predecessor-version":[{"id":11612,"href":"https:\/\/lamostradevalencia.com\/ca\/wp-json\/wp\/v2\/posts\/11099\/revisions\/11612"}],"wp:featuredmedia":[{"embeddable":true,"href":"https:\/\/lamostradevalencia.com\/ca\/wp-json\/wp\/v2\/media\/11095"}],"wp:attachment":[{"href":"https:\/\/lamostradevalencia.com\/ca\/wp-json\/wp\/v2\/media?parent=11099"}],"wp:term":[{"taxonomy":"category","embeddable":true,"href":"https:\/\/lamostradevalencia.com\/ca\/wp-json\/wp\/v2\/categories?post=11099"},{"taxonomy":"post_tag","embeddable":true,"href":"https:\/\/lamostradevalencia.com\/ca\/wp-json\/wp\/v2\/tags?post=11099"}],"curies":[{"name":"wp","href":"https:\/\/api.w.org\/{rel}","templated":true}]}}