{"id":10995,"date":"2021-09-15T19:06:41","date_gmt":"2021-09-15T17:06:41","guid":{"rendered":"https:\/\/lamostradevalencia.com\/?p=10995"},"modified":"2021-09-15T19:11:26","modified_gmt":"2021-09-15T17:11:26","slug":"chicos","status":"publish","type":"post","link":"https:\/\/lamostradevalencia.com\/ca\/chicos\/","title":{"rendered":"LES CREADORES DE &#8220;CHICOS&#8221; DESEMBARQUEN EN LA MOSTRA"},"content":{"rendered":"<p>Encara no saps qui s\u00f3n Macarena, Nora i Rosa? Perqu\u00e8 ja tardes a con\u00e9ixer estes tres xiques de hui dia que compartixen pis a Madrid i protagonitzen &#8220;Chicos&#8221;, la s\u00e8rie que est\u00e0 arrasant en Instagram a base de cap\u00edtols d&#8217;un minut de duraci\u00f3 en els quals estes joves tracten de fer front a les tribulacions de l&#8217;amor des de diferents punts de vista i busquen el seu lloc en una societat on les relacions venen i van.<\/p>\n<p>La s\u00e8rie es troba en la seua reeixida segona temporada, i \u00e9s una idea de Marta Vazgo, una jove actriu que ha vist en les xarxes socials una nova via per a crear continguts de ficci\u00f3, i que \u00e9s pionera a explorar les possibilitats d&#8217;Instagram en este terreny. Els resultats no s&#8217;han fet esperar: Els concisos episodis de &#8220;Chicos&#8221;, en els quals prevalen la immediatesa i la frescor, per\u00f2 sense perdre de vista la cura de cadascun dels plans, la trama i el desenvolupament de personatges, han passat ja del mili\u00f3 de visualitzacions, i ja han aterrat tamb\u00e9 en altres xarxes com ara Tik Tok i Twitter.<\/p>\n<p>Ara arriben com un vendaval a la Mostra de Val\u00e8ncia, per a expandir la seua influ\u00e8ncia m\u00e9s enll\u00e0 de l&#8217;univers digital i a la recerca d&#8217;un espai propi en el sector audiovisual. El festival projectar\u00e0 en una sessi\u00f3 la totalitat de cap\u00edtols de la segona temporada, que ja han tingut difusi\u00f3 en Instagram, per\u00f2 tamb\u00e9 tres nous episodis, que el p\u00fablic valenci\u00e0 podr\u00e0 veure per primera vegada i en exclusiva. A m\u00e9s, Marta Vazgo i part de l&#8217;equip de la s\u00e8rie estaran en el festival per a compartir les seues experi\u00e8ncies amb les persones assistents.<\/p>\n<p>&nbsp;<\/p>\n<p><img loading=\"lazy\" decoding=\"async\" class=\" wp-image-10654 aligncenter\" src=\"https:\/\/lamostradevalencia.com\/wp-content\/uploads\/2021\/09\/Chicos2-\u00a9-Carlos-Arago\u0301n-300x200.jpg\" alt=\"\" width=\"663\" height=\"442\" srcset=\"https:\/\/lamostradevalencia.com\/wp-content\/uploads\/2021\/09\/Chicos2-\u00a9-Carlos-Arago\u0301n-300x200.jpg 300w, https:\/\/lamostradevalencia.com\/wp-content\/uploads\/2021\/09\/Chicos2-\u00a9-Carlos-Arago\u0301n-1024x681.jpg 1024w, https:\/\/lamostradevalencia.com\/wp-content\/uploads\/2021\/09\/Chicos2-\u00a9-Carlos-Arago\u0301n-768x511.jpg 768w, https:\/\/lamostradevalencia.com\/wp-content\/uploads\/2021\/09\/Chicos2-\u00a9-Carlos-Arago\u0301n.jpg 1500w\" sizes=\"auto, (max-width: 663px) 100vw, 663px\" \/><\/p>\n<p>&nbsp;<\/p>\n<p>El to desenfadat i, a vegades, fins i tot una mica bandarra que definix aquesta ficci\u00f3 seriada ha connectat immediatament amb la seua audi\u00e8ncia potencial, al retratar de manera humor\u00edstica per\u00f2 molt fidedigna les perip\u00e8cies sentimentals i sexuals d&#8217;unes xiques universit\u00e0ries amb les quals resulta senzill identificar-se al p\u00fablic que compartix la seua franja d&#8217;edat.<\/p>\n<p>&#8220;Chicos&#8221; ha donat a con\u00e9ixer a Marta Vazgo, actriu d&#8217;Almeria formada a l&#8217;escola d&#8217;interpretaci\u00f3 de Cristina Rota que compta amb una llarga traject\u00f2ria com a ballarina de dansa cl\u00e0ssica, cabaret, contemporani i jazz, per\u00f2 que fins ara nom\u00e9s havia fet alguns xicotets papers en s\u00e8ries de televisi\u00f3 com ara &#8220;Mar de Pl\u00e1stico&#8221; i &#8220;Amar es para siempre&#8221; o el llargmetratge &#8220;Mil sonrisas&#8221;, de Manu Ochoa.<\/p>\n<p>La s\u00e8rie &#8220;Chicos&#8221; no sols ha significat un trampol\u00ed per a ella, ja que es tracta d&#8217;un projecte liderat majorit\u00e0riament per dones. A Marta, que tamb\u00e9 interpreta un dels tres papers principals, cal afegir les dos coprotagonistes, Patricia Pe\u00f1alver i Patricia Forts. A m\u00e9s, en l&#8217;equip t\u00e8cnic trobem Andrea Abi\u00e1n i \u00c1gueda L\u00f3pez (producci\u00f3), Rebeca Arribas i Berta Cavilla (direcci\u00f3 d&#8217;art), Alicia \u00dabeda i Marta Arias (il\u00b7luminaci\u00f3) o Sofia Squittieri (coach d&#8217;actors i ajudant de direcci\u00f3), aix\u00ed com a Carlos Arag\u00f3 (director de fotografia), Sa\u00fal Garrido (foto fixa), Pablo Castillo, Jonathan Guacollante, Fernando Gentil i Antonio Luque (so) i Carlos Arag\u00f3 i Fernando Gentil (postproducci\u00f3).<\/p>\n<p>&#8220;Chicos&#8221; \u00e9s aire fresc per a la ficci\u00f3 seriada espanyola sense complexos, des de plantejaments independents i d&#8217;acord amb les noves tend\u00e8ncies de l&#8217;audiovisual. T&#8217;hi apuntes?<\/p>\n<p>&nbsp;<\/p>\n<p>Fotos: Carlos Arag\u00f3<\/p>\n","protected":false},"excerpt":{"rendered":"<p>Encara no saps qui s\u00f3n Macarena, Nora i Rosa? Perqu\u00e8 ja tardes a con\u00e9ixer estes tres xiques de hui dia que compartixen pis a Madrid [&hellip;]<\/p>\n","protected":false},"author":3,"featured_media":10839,"comment_status":"open","ping_status":"open","sticky":false,"template":"","format":"standard","meta":{"_uag_custom_page_level_css":"","_jet_sm_ready_style":"","_jet_sm_style":"","_jet_sm_controls_values":"","_jet_sm_fonts_collection":"","_jet_sm_fonts_links":"","footnotes":""},"categories":[455],"tags":[],"class_list":["post-10995","post","type-post","status-publish","format-standard","has-post-thumbnail","hentry","category-noticies"],"yoast_head":"<!-- This site is optimized with the Yoast SEO plugin v27.5 - https:\/\/yoast.com\/product\/yoast-seo-wordpress\/ -->\n<title>LES CREADORES DE &quot;CHICOS&quot; DESEMBARQUEN EN LA MOSTRA<\/title>\n<meta name=\"description\" content=\"Una s\u00e8rie juvenil creada en Instagram que bat r\u00e8cords\" \/>\n<meta name=\"robots\" content=\"index, follow, max-snippet:-1, max-image-preview:large, max-video-preview:-1\" \/>\n<link rel=\"canonical\" href=\"https:\/\/lamostradevalencia.com\/ca\/chicos\/\" \/>\n<meta property=\"og:locale\" content=\"ca_ES\" \/>\n<meta property=\"og:type\" content=\"article\" \/>\n<meta property=\"og:title\" content=\"LES CREADORES DE &quot;CHICOS&quot; DESEMBARQUEN EN LA MOSTRA\" \/>\n<meta property=\"og:description\" content=\"Una s\u00e8rie juvenil creada en Instagram que bat r\u00e8cords\" \/>\n<meta property=\"og:url\" content=\"https:\/\/lamostradevalencia.com\/ca\/chicos\/\" \/>\n<meta property=\"og:site_name\" content=\"Mostra de Val\u00e8ncia\" \/>\n<meta property=\"article:published_time\" content=\"2021-09-15T17:06:41+00:00\" \/>\n<meta property=\"article:modified_time\" content=\"2021-09-15T17:11:26+00:00\" \/>\n<meta property=\"og:image\" content=\"https:\/\/lamostradevalencia.com\/wp-content\/uploads\/2021\/09\/Chicos1-\u00a9-Carlos-Arago\u0301n.jpg\" \/>\n\t<meta property=\"og:image:width\" content=\"1500\" \/>\n\t<meta property=\"og:image:height\" content=\"998\" \/>\n\t<meta property=\"og:image:type\" content=\"image\/jpeg\" \/>\n<meta name=\"author\" content=\"contenidos\" \/>\n<meta name=\"twitter:card\" content=\"summary_large_image\" \/>\n<meta name=\"twitter:label1\" content=\"Escrit per\" \/>\n\t<meta name=\"twitter:data1\" content=\"contenidos\" \/>\n\t<meta name=\"twitter:label2\" content=\"Temps estimat de lectura\" \/>\n\t<meta name=\"twitter:data2\" content=\"3 minuts\" \/>\n<script type=\"application\/ld+json\" class=\"yoast-schema-graph\">{\"@context\":\"https:\\\/\\\/schema.org\",\"@graph\":[{\"@type\":\"Article\",\"@id\":\"https:\\\/\\\/lamostradevalencia.com\\\/ca\\\/chicos\\\/#article\",\"isPartOf\":{\"@id\":\"https:\\\/\\\/lamostradevalencia.com\\\/ca\\\/chicos\\\/\"},\"author\":{\"name\":\"contenidos\",\"@id\":\"https:\\\/\\\/lamostradevalencia.com\\\/ca\\\/#\\\/schema\\\/person\\\/361c3c0dd5489e78ad78ee4f8332efac\"},\"headline\":\"LES CREADORES DE &#8220;CHICOS&#8221; DESEMBARQUEN EN LA MOSTRA\",\"datePublished\":\"2021-09-15T17:06:41+00:00\",\"dateModified\":\"2021-09-15T17:11:26+00:00\",\"mainEntityOfPage\":{\"@id\":\"https:\\\/\\\/lamostradevalencia.com\\\/ca\\\/chicos\\\/\"},\"wordCount\":597,\"commentCount\":0,\"image\":{\"@id\":\"https:\\\/\\\/lamostradevalencia.com\\\/ca\\\/chicos\\\/#primaryimage\"},\"thumbnailUrl\":\"https:\\\/\\\/lamostradevalencia.com\\\/wp-content\\\/uploads\\\/2021\\\/09\\\/Chicos1-\u00a9-Carlos-Arago\u0301n.jpg\",\"articleSection\":[\"Noticies\"],\"inLanguage\":\"ca\",\"potentialAction\":[{\"@type\":\"CommentAction\",\"name\":\"Comment\",\"target\":[\"https:\\\/\\\/lamostradevalencia.com\\\/ca\\\/chicos\\\/#respond\"]}]},{\"@type\":\"WebPage\",\"@id\":\"https:\\\/\\\/lamostradevalencia.com\\\/ca\\\/chicos\\\/\",\"url\":\"https:\\\/\\\/lamostradevalencia.com\\\/ca\\\/chicos\\\/\",\"name\":\"LES CREADORES DE \\\"CHICOS\\\" DESEMBARQUEN EN LA MOSTRA\",\"isPartOf\":{\"@id\":\"https:\\\/\\\/lamostradevalencia.com\\\/ca\\\/#website\"},\"primaryImageOfPage\":{\"@id\":\"https:\\\/\\\/lamostradevalencia.com\\\/ca\\\/chicos\\\/#primaryimage\"},\"image\":{\"@id\":\"https:\\\/\\\/lamostradevalencia.com\\\/ca\\\/chicos\\\/#primaryimage\"},\"thumbnailUrl\":\"https:\\\/\\\/lamostradevalencia.com\\\/wp-content\\\/uploads\\\/2021\\\/09\\\/Chicos1-\u00a9-Carlos-Arago\u0301n.jpg\",\"datePublished\":\"2021-09-15T17:06:41+00:00\",\"dateModified\":\"2021-09-15T17:11:26+00:00\",\"author\":{\"@id\":\"https:\\\/\\\/lamostradevalencia.com\\\/ca\\\/#\\\/schema\\\/person\\\/361c3c0dd5489e78ad78ee4f8332efac\"},\"description\":\"Una s\u00e8rie juvenil creada en Instagram que bat r\u00e8cords\",\"breadcrumb\":{\"@id\":\"https:\\\/\\\/lamostradevalencia.com\\\/ca\\\/chicos\\\/#breadcrumb\"},\"inLanguage\":\"ca\",\"potentialAction\":[{\"@type\":\"ReadAction\",\"target\":[\"https:\\\/\\\/lamostradevalencia.com\\\/ca\\\/chicos\\\/\"]}]},{\"@type\":\"ImageObject\",\"inLanguage\":\"ca\",\"@id\":\"https:\\\/\\\/lamostradevalencia.com\\\/ca\\\/chicos\\\/#primaryimage\",\"url\":\"https:\\\/\\\/lamostradevalencia.com\\\/wp-content\\\/uploads\\\/2021\\\/09\\\/Chicos1-\u00a9-Carlos-Arago\u0301n.jpg\",\"contentUrl\":\"https:\\\/\\\/lamostradevalencia.com\\\/wp-content\\\/uploads\\\/2021\\\/09\\\/Chicos1-\u00a9-Carlos-Arago\u0301n.jpg\",\"width\":1500,\"height\":998},{\"@type\":\"BreadcrumbList\",\"@id\":\"https:\\\/\\\/lamostradevalencia.com\\\/ca\\\/chicos\\\/#breadcrumb\",\"itemListElement\":[{\"@type\":\"ListItem\",\"position\":1,\"name\":\"Portada\",\"item\":\"https:\\\/\\\/lamostradevalencia.com\\\/ca\\\/\"},{\"@type\":\"ListItem\",\"position\":2,\"name\":\"LES CREADORES DE \u00abCHICOS\u00bb DESEMBARQUEN EN LA MOSTRA\"}]},{\"@type\":\"WebSite\",\"@id\":\"https:\\\/\\\/lamostradevalencia.com\\\/ca\\\/#website\",\"url\":\"https:\\\/\\\/lamostradevalencia.com\\\/ca\\\/\",\"name\":\"Mostra de Val\u00e8ncia\",\"description\":\"Cinema del Mediterrani\",\"potentialAction\":[{\"@type\":\"SearchAction\",\"target\":{\"@type\":\"EntryPoint\",\"urlTemplate\":\"https:\\\/\\\/lamostradevalencia.com\\\/ca\\\/?s={search_term_string}\"},\"query-input\":{\"@type\":\"PropertyValueSpecification\",\"valueRequired\":true,\"valueName\":\"search_term_string\"}}],\"inLanguage\":\"ca\"},{\"@type\":\"Person\",\"@id\":\"https:\\\/\\\/lamostradevalencia.com\\\/ca\\\/#\\\/schema\\\/person\\\/361c3c0dd5489e78ad78ee4f8332efac\",\"name\":\"contenidos\",\"image\":{\"@type\":\"ImageObject\",\"inLanguage\":\"ca\",\"@id\":\"https:\\\/\\\/secure.gravatar.com\\\/avatar\\\/a87eddc188a32d5a0371ff92ef616b5006a91e389296d49d081f8d424eef134c?s=96&d=mm&r=g\",\"url\":\"https:\\\/\\\/secure.gravatar.com\\\/avatar\\\/a87eddc188a32d5a0371ff92ef616b5006a91e389296d49d081f8d424eef134c?s=96&d=mm&r=g\",\"contentUrl\":\"https:\\\/\\\/secure.gravatar.com\\\/avatar\\\/a87eddc188a32d5a0371ff92ef616b5006a91e389296d49d081f8d424eef134c?s=96&d=mm&r=g\",\"caption\":\"contenidos\"}}]}<\/script>\n<!-- \/ Yoast SEO plugin. -->","yoast_head_json":{"title":"LES CREADORES DE \"CHICOS\" DESEMBARQUEN EN LA MOSTRA","description":"Una s\u00e8rie juvenil creada en Instagram que bat r\u00e8cords","robots":{"index":"index","follow":"follow","max-snippet":"max-snippet:-1","max-image-preview":"max-image-preview:large","max-video-preview":"max-video-preview:-1"},"canonical":"https:\/\/lamostradevalencia.com\/ca\/chicos\/","og_locale":"ca_ES","og_type":"article","og_title":"LES CREADORES DE \"CHICOS\" DESEMBARQUEN EN LA MOSTRA","og_description":"Una s\u00e8rie juvenil creada en Instagram que bat r\u00e8cords","og_url":"https:\/\/lamostradevalencia.com\/ca\/chicos\/","og_site_name":"Mostra de Val\u00e8ncia","article_published_time":"2021-09-15T17:06:41+00:00","article_modified_time":"2021-09-15T17:11:26+00:00","og_image":[{"width":1500,"height":998,"url":"https:\/\/lamostradevalencia.com\/wp-content\/uploads\/2021\/09\/Chicos1-\u00a9-Carlos-Arago\u0301n.jpg","type":"image\/jpeg"}],"author":"contenidos","twitter_card":"summary_large_image","twitter_misc":{"Escrit per":"contenidos","Temps estimat de lectura":"3 minuts"},"schema":{"@context":"https:\/\/schema.org","@graph":[{"@type":"Article","@id":"https:\/\/lamostradevalencia.com\/ca\/chicos\/#article","isPartOf":{"@id":"https:\/\/lamostradevalencia.com\/ca\/chicos\/"},"author":{"name":"contenidos","@id":"https:\/\/lamostradevalencia.com\/ca\/#\/schema\/person\/361c3c0dd5489e78ad78ee4f8332efac"},"headline":"LES CREADORES DE &#8220;CHICOS&#8221; DESEMBARQUEN EN LA MOSTRA","datePublished":"2021-09-15T17:06:41+00:00","dateModified":"2021-09-15T17:11:26+00:00","mainEntityOfPage":{"@id":"https:\/\/lamostradevalencia.com\/ca\/chicos\/"},"wordCount":597,"commentCount":0,"image":{"@id":"https:\/\/lamostradevalencia.com\/ca\/chicos\/#primaryimage"},"thumbnailUrl":"https:\/\/lamostradevalencia.com\/wp-content\/uploads\/2021\/09\/Chicos1-\u00a9-Carlos-Arago\u0301n.jpg","articleSection":["Noticies"],"inLanguage":"ca","potentialAction":[{"@type":"CommentAction","name":"Comment","target":["https:\/\/lamostradevalencia.com\/ca\/chicos\/#respond"]}]},{"@type":"WebPage","@id":"https:\/\/lamostradevalencia.com\/ca\/chicos\/","url":"https:\/\/lamostradevalencia.com\/ca\/chicos\/","name":"LES CREADORES DE \"CHICOS\" DESEMBARQUEN EN LA MOSTRA","isPartOf":{"@id":"https:\/\/lamostradevalencia.com\/ca\/#website"},"primaryImageOfPage":{"@id":"https:\/\/lamostradevalencia.com\/ca\/chicos\/#primaryimage"},"image":{"@id":"https:\/\/lamostradevalencia.com\/ca\/chicos\/#primaryimage"},"thumbnailUrl":"https:\/\/lamostradevalencia.com\/wp-content\/uploads\/2021\/09\/Chicos1-\u00a9-Carlos-Arago\u0301n.jpg","datePublished":"2021-09-15T17:06:41+00:00","dateModified":"2021-09-15T17:11:26+00:00","author":{"@id":"https:\/\/lamostradevalencia.com\/ca\/#\/schema\/person\/361c3c0dd5489e78ad78ee4f8332efac"},"description":"Una s\u00e8rie juvenil creada en Instagram que bat r\u00e8cords","breadcrumb":{"@id":"https:\/\/lamostradevalencia.com\/ca\/chicos\/#breadcrumb"},"inLanguage":"ca","potentialAction":[{"@type":"ReadAction","target":["https:\/\/lamostradevalencia.com\/ca\/chicos\/"]}]},{"@type":"ImageObject","inLanguage":"ca","@id":"https:\/\/lamostradevalencia.com\/ca\/chicos\/#primaryimage","url":"https:\/\/lamostradevalencia.com\/wp-content\/uploads\/2021\/09\/Chicos1-\u00a9-Carlos-Arago\u0301n.jpg","contentUrl":"https:\/\/lamostradevalencia.com\/wp-content\/uploads\/2021\/09\/Chicos1-\u00a9-Carlos-Arago\u0301n.jpg","width":1500,"height":998},{"@type":"BreadcrumbList","@id":"https:\/\/lamostradevalencia.com\/ca\/chicos\/#breadcrumb","itemListElement":[{"@type":"ListItem","position":1,"name":"Portada","item":"https:\/\/lamostradevalencia.com\/ca\/"},{"@type":"ListItem","position":2,"name":"LES CREADORES DE \u00abCHICOS\u00bb DESEMBARQUEN EN LA MOSTRA"}]},{"@type":"WebSite","@id":"https:\/\/lamostradevalencia.com\/ca\/#website","url":"https:\/\/lamostradevalencia.com\/ca\/","name":"Mostra de Val\u00e8ncia","description":"Cinema del Mediterrani","potentialAction":[{"@type":"SearchAction","target":{"@type":"EntryPoint","urlTemplate":"https:\/\/lamostradevalencia.com\/ca\/?s={search_term_string}"},"query-input":{"@type":"PropertyValueSpecification","valueRequired":true,"valueName":"search_term_string"}}],"inLanguage":"ca"},{"@type":"Person","@id":"https:\/\/lamostradevalencia.com\/ca\/#\/schema\/person\/361c3c0dd5489e78ad78ee4f8332efac","name":"contenidos","image":{"@type":"ImageObject","inLanguage":"ca","@id":"https:\/\/secure.gravatar.com\/avatar\/a87eddc188a32d5a0371ff92ef616b5006a91e389296d49d081f8d424eef134c?s=96&d=mm&r=g","url":"https:\/\/secure.gravatar.com\/avatar\/a87eddc188a32d5a0371ff92ef616b5006a91e389296d49d081f8d424eef134c?s=96&d=mm&r=g","contentUrl":"https:\/\/secure.gravatar.com\/avatar\/a87eddc188a32d5a0371ff92ef616b5006a91e389296d49d081f8d424eef134c?s=96&d=mm&r=g","caption":"contenidos"}}]}},"uagb_featured_image_src":{"full":["https:\/\/lamostradevalencia.com\/wp-content\/uploads\/2021\/09\/Chicos1-\u00a9-Carlos-Arago\u0301n.jpg",1500,998,false],"thumbnail":["https:\/\/lamostradevalencia.com\/wp-content\/uploads\/2021\/09\/Chicos1-\u00a9-Carlos-Arago\u0301n-150x150.jpg",150,150,true],"medium":["https:\/\/lamostradevalencia.com\/wp-content\/uploads\/2021\/09\/Chicos1-\u00a9-Carlos-Arago\u0301n-300x200.jpg",300,200,true],"medium_large":["https:\/\/lamostradevalencia.com\/wp-content\/uploads\/2021\/09\/Chicos1-\u00a9-Carlos-Arago\u0301n-768x511.jpg",768,511,true],"large":["https:\/\/lamostradevalencia.com\/wp-content\/uploads\/2021\/09\/Chicos1-\u00a9-Carlos-Arago\u0301n-1024x681.jpg",1024,681,true],"1536x1536":["https:\/\/lamostradevalencia.com\/wp-content\/uploads\/2021\/09\/Chicos1-\u00a9-Carlos-Arago\u0301n.jpg",1500,998,false],"2048x2048":["https:\/\/lamostradevalencia.com\/wp-content\/uploads\/2021\/09\/Chicos1-\u00a9-Carlos-Arago\u0301n.jpg",1500,998,false],"cinerama_edge_image_square":["https:\/\/lamostradevalencia.com\/wp-content\/uploads\/2021\/09\/Chicos1-\u00a9-Carlos-Arago\u0301n-550x550.jpg",550,550,true],"cinerama_edge_image_landscape":["https:\/\/lamostradevalencia.com\/wp-content\/uploads\/2021\/09\/Chicos1-\u00a9-Carlos-Arago\u0301n-1100x550.jpg",1100,550,true],"cinerama_edge_image_portrait":["https:\/\/lamostradevalencia.com\/wp-content\/uploads\/2021\/09\/Chicos1-\u00a9-Carlos-Arago\u0301n-550x998.jpg",550,998,true],"cinerama_edge_image_huge":["https:\/\/lamostradevalencia.com\/wp-content\/uploads\/2021\/09\/Chicos1-\u00a9-Carlos-Arago\u0301n-1100x998.jpg",1100,998,true],"gform-image-choice-sm":["https:\/\/lamostradevalencia.com\/wp-content\/uploads\/2021\/09\/Chicos1-\u00a9-Carlos-Arago\u0301n.jpg",300,200,false],"gform-image-choice-md":["https:\/\/lamostradevalencia.com\/wp-content\/uploads\/2021\/09\/Chicos1-\u00a9-Carlos-Arago\u0301n.jpg",400,266,false],"gform-image-choice-lg":["https:\/\/lamostradevalencia.com\/wp-content\/uploads\/2021\/09\/Chicos1-\u00a9-Carlos-Arago\u0301n.jpg",600,399,false]},"uagb_author_info":{"display_name":"contenidos","author_link":"https:\/\/lamostradevalencia.com\/ca\/author\/contenidos\/"},"uagb_comment_info":0,"uagb_excerpt":"Encara no saps qui s\u00f3n Macarena, Nora i Rosa? Perqu\u00e8 ja tardes a con\u00e9ixer estes tres xiques de hui dia que compartixen pis a Madrid [&hellip;]","_links":{"self":[{"href":"https:\/\/lamostradevalencia.com\/ca\/wp-json\/wp\/v2\/posts\/10995","targetHints":{"allow":["GET"]}}],"collection":[{"href":"https:\/\/lamostradevalencia.com\/ca\/wp-json\/wp\/v2\/posts"}],"about":[{"href":"https:\/\/lamostradevalencia.com\/ca\/wp-json\/wp\/v2\/types\/post"}],"author":[{"embeddable":true,"href":"https:\/\/lamostradevalencia.com\/ca\/wp-json\/wp\/v2\/users\/3"}],"replies":[{"embeddable":true,"href":"https:\/\/lamostradevalencia.com\/ca\/wp-json\/wp\/v2\/comments?post=10995"}],"version-history":[{"count":1,"href":"https:\/\/lamostradevalencia.com\/ca\/wp-json\/wp\/v2\/posts\/10995\/revisions"}],"predecessor-version":[{"id":10997,"href":"https:\/\/lamostradevalencia.com\/ca\/wp-json\/wp\/v2\/posts\/10995\/revisions\/10997"}],"wp:featuredmedia":[{"embeddable":true,"href":"https:\/\/lamostradevalencia.com\/ca\/wp-json\/wp\/v2\/media\/10839"}],"wp:attachment":[{"href":"https:\/\/lamostradevalencia.com\/ca\/wp-json\/wp\/v2\/media?parent=10995"}],"wp:term":[{"taxonomy":"category","embeddable":true,"href":"https:\/\/lamostradevalencia.com\/ca\/wp-json\/wp\/v2\/categories?post=10995"},{"taxonomy":"post_tag","embeddable":true,"href":"https:\/\/lamostradevalencia.com\/ca\/wp-json\/wp\/v2\/tags?post=10995"}],"curies":[{"name":"wp","href":"https:\/\/api.w.org\/{rel}","templated":true}]}}