{"id":10648,"date":"2021-09-13T18:23:09","date_gmt":"2021-09-13T16:23:09","guid":{"rendered":"https:\/\/lamostradevalencia.com\/?p=10648"},"modified":"2021-09-13T18:28:50","modified_gmt":"2021-09-13T16:28:50","slug":"los-balizadores-del-desierto-torna-a-la-mostra","status":"publish","type":"post","link":"https:\/\/lamostradevalencia.com\/ca\/los-balizadores-del-desierto-torna-a-la-mostra\/","title":{"rendered":"&#8220;LOS BALIZADORES DEL DESIERTO&#8221; TORNA A LA MOSTRA"},"content":{"rendered":"<p>En 1985, un film tunisi\u00e0 enlluernava en la Mostra de Val\u00e8ncia. &#8220;Los balizadores del desierto&#8221;, de l\u2019aleshores desconegut Nacer Khemir, va guanyar per unanimitat la Palmera d&#8217;Or del festival i el Premi Fipresci amb una pel\u00b7l\u00edcula que el jurat va descriure com a &#8220;m\u00e0gica i bell\u00edssima&#8221;. Va suposar el reconeixement internacional del seu director, gr\u00e0cies a una obra mestra que \u00e9s un conte suf\u00ed, una pel\u00b7l\u00edcula que discorre com un poema en la seua cerca de les arrels, de l&#8217;amor i de la llibertat.<\/p>\n<p>El protagonista de &#8220;Los balizadores del desierto&#8221; \u00e9s un jove mestre que arriba a una llunyana poblaci\u00f3 enmig del desert amb la finalitat de treballar amb xiquets que mai han anat a escola. Al poble, a part de les criatures, nom\u00e9s queden persones ancianes, dones i una bella i misteriosa jove, ja que es diu que tots els homes se\u2019n van anar a la recerca del final del desert. A poc a poc, el mestre es deixa embruixar per les daurades dunes d&#8217;arena i pel cant andal\u00fas dels seus <em>balisadors<\/em>, que intenten marcar els confins del vast desert. En este conte, la m\u00e0gia i la realitat s&#8217;entremesclen per a cantar la bellesa de les extenses planures d&#8217;arena.<\/p>\n<p>A trav\u00e9s de la delicada atenci\u00f3 prestada a la composici\u00f3 dels plans i les seq\u00fc\u00e8ncies, tractades com a quadres, i de la poesia de la seua escriptura, Nacer Khemir retia homenatge a l&#8217;esplendor de la cultura \u00e0rab en una pel\u00b7l\u00edcula convertida en un cl\u00e0ssic, que a m\u00e9s va marcar una fita en la hist\u00f2ria del cinema tunisi\u00e0.<\/p>\n<p>&nbsp;<\/p>\n<p><iframe loading=\"lazy\" title=\"CLIP El-haimoune - Wanderers of the Desert (Nacer Khemir - 1984)\" width=\"1100\" height=\"619\" src=\"https:\/\/www.youtube.com\/embed\/cC7xpz0FBQ0?feature=oembed\" frameborder=\"0\" allow=\"accelerometer; autoplay; clipboard-write; encrypted-media; gyroscope; picture-in-picture\" allowfullscreen><\/iframe><\/p>\n<p>&nbsp;<\/p>\n<p>En 2021, Mostra de Val\u00e8ncia recupera &#8220;Los balizadores del desierto&#8221; per un doble i feli\u00e7 motiu. D&#8217;una banda, per a projectar al p\u00fablic valenci\u00e0 la c\u00f2pia restaurada del film, un acurat treball realitzat per la Filmoteca de Brussel\u00b7les. Per un altre, com a complement de la presentaci\u00f3 del llibre &#8220;El cinema tunisi\u00e0 d&#8217;ahir i de hui&#8221;, de l&#8217;acad\u00e8mic i guionista Tarek Ben Chaabane, que a m\u00e9s participa enguany en el festival com a membre del jurat internacional. Es tracta d&#8217;una edici\u00f3 biling\u00fce en castell\u00e0 i valenci\u00e0 que suposa la primera monografia sobre el tema apareguda a Espanya i que coediten conjuntament el festival i l&#8217;IVC. D&#8217;esta manera, les dos institucions contribu\u00efxen a l&#8217;estudi de la hist\u00f2ria i les produccions m\u00e9s recents d&#8217;una cinematografia de l&#8217;\u00e0mbit geogr\u00e0fic mediterrani molt poc coneguda al nostre pa\u00eds i amb moltes dificultats d&#8217;acc\u00e9s als circuits d&#8217;exhibici\u00f3 comercial.<\/p>\n<p>Des de la seua primera edici\u00f3, Mostra de Val\u00e8ncia ha acollit m\u00e9s de quaranta films de producci\u00f3 tunisiana, alguns dels quals han aconseguit la Palmera d&#8217;Or, com la pr\u00f2pia &#8220;Los balizadores del desierto&#8221; o &#8220;Halfaouine, el ni\u00f1o de las terrazas&#8221; (F\u00e9rid Boughedir, 1990). A m\u00e9s, grans personalitats de la hist\u00f2ria del cinema tunisi\u00e0 com ara Selma Baccar, Mahmoud Ben Mahmoud, Nouri Bouzid o la recentment morta Moufida Tlatli han visitat amb assidu\u00eftat la Mostra per a presentar les seues pel\u00b7l\u00edcules al llarg dels anys, i estr\u00e9nyer una relaci\u00f3 truncada en 2012, amb la traum\u00e0tica cancel\u00b7laci\u00f3 del festival, per\u00f2 restablerta en 2018, quan l&#8217;Ajuntament va reprendre el certamen.<\/p>\n<p>Tarek Ben Chaabane, autor del llibre, \u00e9s professor de teoria del cinema i ha treballat com a editor cultural per a diversos peri\u00f2dics, revistes i programes de r\u00e0dio. Va formar part de l&#8217;equip de Sud Ecriture, que organitza tallers de suport a l&#8217;escriptura per a primers o segons llargmetratges de pa\u00efsos de l&#8217;\u00c0frica subsahariana, el Magrib i Orient Mitj\u00e0. Com a guionista, ha col\u00b7laborat amb els directors Nawfel Saheb-Ettaba, Ridha Behi i Mohamed Damak i amb la pr\u00f2pia Moufida Tlatli. Ha sigut programador del Festival de Cinema de Cartago i en l&#8217;actualitat dirigix la Filmoteca de Tun\u00edsia.<\/p>\n","protected":false},"excerpt":{"rendered":"<p>En 1985, un film tunisi\u00e0 enlluernava en la Mostra de Val\u00e8ncia. &#8220;Los balizadores del desierto&#8221;, de l\u2019aleshores desconegut Nacer Khemir, va guanyar per unanimitat la [&hellip;]<\/p>\n","protected":false},"author":3,"featured_media":10644,"comment_status":"open","ping_status":"open","sticky":false,"template":"","format":"standard","meta":{"_uag_custom_page_level_css":"","_jet_sm_ready_style":"","_jet_sm_style":"","_jet_sm_controls_values":"","_jet_sm_fonts_collection":"","_jet_sm_fonts_links":"","footnotes":""},"categories":[455],"tags":[],"class_list":["post-10648","post","type-post","status-publish","format-standard","has-post-thumbnail","hentry","category-noticies"],"yoast_head":"<!-- This site is optimized with the Yoast SEO plugin v27.5 - https:\/\/yoast.com\/product\/yoast-seo-wordpress\/ -->\n<title>&quot;LOS BALIZADORES DEL DESIERTO&quot; TORNA A LA MOSTRA<\/title>\n<meta name=\"description\" content=\"Una obra mestra del cinema tunisi\u00e0 en versi\u00f3 restaurada\" \/>\n<meta name=\"robots\" content=\"index, follow, max-snippet:-1, max-image-preview:large, max-video-preview:-1\" \/>\n<link rel=\"canonical\" href=\"https:\/\/lamostradevalencia.com\/ca\/los-balizadores-del-desierto-torna-a-la-mostra\/\" \/>\n<meta property=\"og:locale\" content=\"ca_ES\" \/>\n<meta property=\"og:type\" content=\"article\" \/>\n<meta property=\"og:title\" content=\"&quot;LOS BALIZADORES DEL DESIERTO&quot; TORNA A LA MOSTRA\" \/>\n<meta property=\"og:description\" content=\"Una obra mestra del cinema tunisi\u00e0 en versi\u00f3 restaurada\" \/>\n<meta property=\"og:url\" content=\"https:\/\/lamostradevalencia.com\/ca\/los-balizadores-del-desierto-torna-a-la-mostra\/\" \/>\n<meta property=\"og:site_name\" content=\"Mostra de Val\u00e8ncia\" \/>\n<meta property=\"article:published_time\" content=\"2021-09-13T16:23:09+00:00\" \/>\n<meta property=\"article:modified_time\" content=\"2021-09-13T16:28:50+00:00\" \/>\n<meta property=\"og:image\" content=\"https:\/\/lamostradevalencia.com\/wp-content\/uploads\/2021\/09\/Balizadores.jpg\" \/>\n\t<meta property=\"og:image:width\" content=\"1772\" \/>\n\t<meta property=\"og:image:height\" content=\"1111\" \/>\n\t<meta property=\"og:image:type\" content=\"image\/jpeg\" \/>\n<meta name=\"author\" content=\"contenidos\" \/>\n<meta name=\"twitter:card\" content=\"summary_large_image\" \/>\n<meta name=\"twitter:label1\" content=\"Escrit per\" \/>\n\t<meta name=\"twitter:data1\" content=\"contenidos\" \/>\n\t<meta name=\"twitter:label2\" content=\"Temps estimat de lectura\" \/>\n\t<meta name=\"twitter:data2\" content=\"3 minuts\" \/>\n<script type=\"application\/ld+json\" class=\"yoast-schema-graph\">{\"@context\":\"https:\\\/\\\/schema.org\",\"@graph\":[{\"@type\":\"Article\",\"@id\":\"https:\\\/\\\/lamostradevalencia.com\\\/ca\\\/los-balizadores-del-desierto-torna-a-la-mostra\\\/#article\",\"isPartOf\":{\"@id\":\"https:\\\/\\\/lamostradevalencia.com\\\/ca\\\/los-balizadores-del-desierto-torna-a-la-mostra\\\/\"},\"author\":{\"name\":\"contenidos\",\"@id\":\"https:\\\/\\\/lamostradevalencia.com\\\/ca\\\/#\\\/schema\\\/person\\\/361c3c0dd5489e78ad78ee4f8332efac\"},\"headline\":\"&#8220;LOS BALIZADORES DEL DESIERTO&#8221; TORNA A LA MOSTRA\",\"datePublished\":\"2021-09-13T16:23:09+00:00\",\"dateModified\":\"2021-09-13T16:28:50+00:00\",\"mainEntityOfPage\":{\"@id\":\"https:\\\/\\\/lamostradevalencia.com\\\/ca\\\/los-balizadores-del-desierto-torna-a-la-mostra\\\/\"},\"wordCount\":693,\"commentCount\":0,\"image\":{\"@id\":\"https:\\\/\\\/lamostradevalencia.com\\\/ca\\\/los-balizadores-del-desierto-torna-a-la-mostra\\\/#primaryimage\"},\"thumbnailUrl\":\"https:\\\/\\\/lamostradevalencia.com\\\/wp-content\\\/uploads\\\/2021\\\/09\\\/Balizadores.jpg\",\"articleSection\":[\"Noticies\"],\"inLanguage\":\"ca\",\"potentialAction\":[{\"@type\":\"CommentAction\",\"name\":\"Comment\",\"target\":[\"https:\\\/\\\/lamostradevalencia.com\\\/ca\\\/los-balizadores-del-desierto-torna-a-la-mostra\\\/#respond\"]}]},{\"@type\":\"WebPage\",\"@id\":\"https:\\\/\\\/lamostradevalencia.com\\\/ca\\\/los-balizadores-del-desierto-torna-a-la-mostra\\\/\",\"url\":\"https:\\\/\\\/lamostradevalencia.com\\\/ca\\\/los-balizadores-del-desierto-torna-a-la-mostra\\\/\",\"name\":\"\\\"LOS BALIZADORES DEL DESIERTO\\\" TORNA A LA MOSTRA\",\"isPartOf\":{\"@id\":\"https:\\\/\\\/lamostradevalencia.com\\\/ca\\\/#website\"},\"primaryImageOfPage\":{\"@id\":\"https:\\\/\\\/lamostradevalencia.com\\\/ca\\\/los-balizadores-del-desierto-torna-a-la-mostra\\\/#primaryimage\"},\"image\":{\"@id\":\"https:\\\/\\\/lamostradevalencia.com\\\/ca\\\/los-balizadores-del-desierto-torna-a-la-mostra\\\/#primaryimage\"},\"thumbnailUrl\":\"https:\\\/\\\/lamostradevalencia.com\\\/wp-content\\\/uploads\\\/2021\\\/09\\\/Balizadores.jpg\",\"datePublished\":\"2021-09-13T16:23:09+00:00\",\"dateModified\":\"2021-09-13T16:28:50+00:00\",\"author\":{\"@id\":\"https:\\\/\\\/lamostradevalencia.com\\\/ca\\\/#\\\/schema\\\/person\\\/361c3c0dd5489e78ad78ee4f8332efac\"},\"description\":\"Una obra mestra del cinema tunisi\u00e0 en versi\u00f3 restaurada\",\"breadcrumb\":{\"@id\":\"https:\\\/\\\/lamostradevalencia.com\\\/ca\\\/los-balizadores-del-desierto-torna-a-la-mostra\\\/#breadcrumb\"},\"inLanguage\":\"ca\",\"potentialAction\":[{\"@type\":\"ReadAction\",\"target\":[\"https:\\\/\\\/lamostradevalencia.com\\\/ca\\\/los-balizadores-del-desierto-torna-a-la-mostra\\\/\"]}]},{\"@type\":\"ImageObject\",\"inLanguage\":\"ca\",\"@id\":\"https:\\\/\\\/lamostradevalencia.com\\\/ca\\\/los-balizadores-del-desierto-torna-a-la-mostra\\\/#primaryimage\",\"url\":\"https:\\\/\\\/lamostradevalencia.com\\\/wp-content\\\/uploads\\\/2021\\\/09\\\/Balizadores.jpg\",\"contentUrl\":\"https:\\\/\\\/lamostradevalencia.com\\\/wp-content\\\/uploads\\\/2021\\\/09\\\/Balizadores.jpg\",\"width\":1772,\"height\":1111},{\"@type\":\"BreadcrumbList\",\"@id\":\"https:\\\/\\\/lamostradevalencia.com\\\/ca\\\/los-balizadores-del-desierto-torna-a-la-mostra\\\/#breadcrumb\",\"itemListElement\":[{\"@type\":\"ListItem\",\"position\":1,\"name\":\"Portada\",\"item\":\"https:\\\/\\\/lamostradevalencia.com\\\/ca\\\/\"},{\"@type\":\"ListItem\",\"position\":2,\"name\":\"\u00abLOS BALIZADORES DEL DESIERTO\u00bb TORNA A LA MOSTRA\"}]},{\"@type\":\"WebSite\",\"@id\":\"https:\\\/\\\/lamostradevalencia.com\\\/ca\\\/#website\",\"url\":\"https:\\\/\\\/lamostradevalencia.com\\\/ca\\\/\",\"name\":\"Mostra de Val\u00e8ncia\",\"description\":\"Cinema del Mediterrani\",\"potentialAction\":[{\"@type\":\"SearchAction\",\"target\":{\"@type\":\"EntryPoint\",\"urlTemplate\":\"https:\\\/\\\/lamostradevalencia.com\\\/ca\\\/?s={search_term_string}\"},\"query-input\":{\"@type\":\"PropertyValueSpecification\",\"valueRequired\":true,\"valueName\":\"search_term_string\"}}],\"inLanguage\":\"ca\"},{\"@type\":\"Person\",\"@id\":\"https:\\\/\\\/lamostradevalencia.com\\\/ca\\\/#\\\/schema\\\/person\\\/361c3c0dd5489e78ad78ee4f8332efac\",\"name\":\"contenidos\",\"image\":{\"@type\":\"ImageObject\",\"inLanguage\":\"ca\",\"@id\":\"https:\\\/\\\/secure.gravatar.com\\\/avatar\\\/a87eddc188a32d5a0371ff92ef616b5006a91e389296d49d081f8d424eef134c?s=96&d=mm&r=g\",\"url\":\"https:\\\/\\\/secure.gravatar.com\\\/avatar\\\/a87eddc188a32d5a0371ff92ef616b5006a91e389296d49d081f8d424eef134c?s=96&d=mm&r=g\",\"contentUrl\":\"https:\\\/\\\/secure.gravatar.com\\\/avatar\\\/a87eddc188a32d5a0371ff92ef616b5006a91e389296d49d081f8d424eef134c?s=96&d=mm&r=g\",\"caption\":\"contenidos\"}}]}<\/script>\n<!-- \/ Yoast SEO plugin. -->","yoast_head_json":{"title":"\"LOS BALIZADORES DEL DESIERTO\" TORNA A LA MOSTRA","description":"Una obra mestra del cinema tunisi\u00e0 en versi\u00f3 restaurada","robots":{"index":"index","follow":"follow","max-snippet":"max-snippet:-1","max-image-preview":"max-image-preview:large","max-video-preview":"max-video-preview:-1"},"canonical":"https:\/\/lamostradevalencia.com\/ca\/los-balizadores-del-desierto-torna-a-la-mostra\/","og_locale":"ca_ES","og_type":"article","og_title":"\"LOS BALIZADORES DEL DESIERTO\" TORNA A LA MOSTRA","og_description":"Una obra mestra del cinema tunisi\u00e0 en versi\u00f3 restaurada","og_url":"https:\/\/lamostradevalencia.com\/ca\/los-balizadores-del-desierto-torna-a-la-mostra\/","og_site_name":"Mostra de Val\u00e8ncia","article_published_time":"2021-09-13T16:23:09+00:00","article_modified_time":"2021-09-13T16:28:50+00:00","og_image":[{"width":1772,"height":1111,"url":"https:\/\/lamostradevalencia.com\/wp-content\/uploads\/2021\/09\/Balizadores.jpg","type":"image\/jpeg"}],"author":"contenidos","twitter_card":"summary_large_image","twitter_misc":{"Escrit per":"contenidos","Temps estimat de lectura":"3 minuts"},"schema":{"@context":"https:\/\/schema.org","@graph":[{"@type":"Article","@id":"https:\/\/lamostradevalencia.com\/ca\/los-balizadores-del-desierto-torna-a-la-mostra\/#article","isPartOf":{"@id":"https:\/\/lamostradevalencia.com\/ca\/los-balizadores-del-desierto-torna-a-la-mostra\/"},"author":{"name":"contenidos","@id":"https:\/\/lamostradevalencia.com\/ca\/#\/schema\/person\/361c3c0dd5489e78ad78ee4f8332efac"},"headline":"&#8220;LOS BALIZADORES DEL DESIERTO&#8221; TORNA A LA MOSTRA","datePublished":"2021-09-13T16:23:09+00:00","dateModified":"2021-09-13T16:28:50+00:00","mainEntityOfPage":{"@id":"https:\/\/lamostradevalencia.com\/ca\/los-balizadores-del-desierto-torna-a-la-mostra\/"},"wordCount":693,"commentCount":0,"image":{"@id":"https:\/\/lamostradevalencia.com\/ca\/los-balizadores-del-desierto-torna-a-la-mostra\/#primaryimage"},"thumbnailUrl":"https:\/\/lamostradevalencia.com\/wp-content\/uploads\/2021\/09\/Balizadores.jpg","articleSection":["Noticies"],"inLanguage":"ca","potentialAction":[{"@type":"CommentAction","name":"Comment","target":["https:\/\/lamostradevalencia.com\/ca\/los-balizadores-del-desierto-torna-a-la-mostra\/#respond"]}]},{"@type":"WebPage","@id":"https:\/\/lamostradevalencia.com\/ca\/los-balizadores-del-desierto-torna-a-la-mostra\/","url":"https:\/\/lamostradevalencia.com\/ca\/los-balizadores-del-desierto-torna-a-la-mostra\/","name":"\"LOS BALIZADORES DEL DESIERTO\" TORNA A LA MOSTRA","isPartOf":{"@id":"https:\/\/lamostradevalencia.com\/ca\/#website"},"primaryImageOfPage":{"@id":"https:\/\/lamostradevalencia.com\/ca\/los-balizadores-del-desierto-torna-a-la-mostra\/#primaryimage"},"image":{"@id":"https:\/\/lamostradevalencia.com\/ca\/los-balizadores-del-desierto-torna-a-la-mostra\/#primaryimage"},"thumbnailUrl":"https:\/\/lamostradevalencia.com\/wp-content\/uploads\/2021\/09\/Balizadores.jpg","datePublished":"2021-09-13T16:23:09+00:00","dateModified":"2021-09-13T16:28:50+00:00","author":{"@id":"https:\/\/lamostradevalencia.com\/ca\/#\/schema\/person\/361c3c0dd5489e78ad78ee4f8332efac"},"description":"Una obra mestra del cinema tunisi\u00e0 en versi\u00f3 restaurada","breadcrumb":{"@id":"https:\/\/lamostradevalencia.com\/ca\/los-balizadores-del-desierto-torna-a-la-mostra\/#breadcrumb"},"inLanguage":"ca","potentialAction":[{"@type":"ReadAction","target":["https:\/\/lamostradevalencia.com\/ca\/los-balizadores-del-desierto-torna-a-la-mostra\/"]}]},{"@type":"ImageObject","inLanguage":"ca","@id":"https:\/\/lamostradevalencia.com\/ca\/los-balizadores-del-desierto-torna-a-la-mostra\/#primaryimage","url":"https:\/\/lamostradevalencia.com\/wp-content\/uploads\/2021\/09\/Balizadores.jpg","contentUrl":"https:\/\/lamostradevalencia.com\/wp-content\/uploads\/2021\/09\/Balizadores.jpg","width":1772,"height":1111},{"@type":"BreadcrumbList","@id":"https:\/\/lamostradevalencia.com\/ca\/los-balizadores-del-desierto-torna-a-la-mostra\/#breadcrumb","itemListElement":[{"@type":"ListItem","position":1,"name":"Portada","item":"https:\/\/lamostradevalencia.com\/ca\/"},{"@type":"ListItem","position":2,"name":"\u00abLOS BALIZADORES DEL DESIERTO\u00bb TORNA A LA MOSTRA"}]},{"@type":"WebSite","@id":"https:\/\/lamostradevalencia.com\/ca\/#website","url":"https:\/\/lamostradevalencia.com\/ca\/","name":"Mostra de Val\u00e8ncia","description":"Cinema del Mediterrani","potentialAction":[{"@type":"SearchAction","target":{"@type":"EntryPoint","urlTemplate":"https:\/\/lamostradevalencia.com\/ca\/?s={search_term_string}"},"query-input":{"@type":"PropertyValueSpecification","valueRequired":true,"valueName":"search_term_string"}}],"inLanguage":"ca"},{"@type":"Person","@id":"https:\/\/lamostradevalencia.com\/ca\/#\/schema\/person\/361c3c0dd5489e78ad78ee4f8332efac","name":"contenidos","image":{"@type":"ImageObject","inLanguage":"ca","@id":"https:\/\/secure.gravatar.com\/avatar\/a87eddc188a32d5a0371ff92ef616b5006a91e389296d49d081f8d424eef134c?s=96&d=mm&r=g","url":"https:\/\/secure.gravatar.com\/avatar\/a87eddc188a32d5a0371ff92ef616b5006a91e389296d49d081f8d424eef134c?s=96&d=mm&r=g","contentUrl":"https:\/\/secure.gravatar.com\/avatar\/a87eddc188a32d5a0371ff92ef616b5006a91e389296d49d081f8d424eef134c?s=96&d=mm&r=g","caption":"contenidos"}}]}},"uagb_featured_image_src":{"full":["https:\/\/lamostradevalencia.com\/wp-content\/uploads\/2021\/09\/Balizadores.jpg",1772,1111,false],"thumbnail":["https:\/\/lamostradevalencia.com\/wp-content\/uploads\/2021\/09\/Balizadores-150x150.jpg",150,150,true],"medium":["https:\/\/lamostradevalencia.com\/wp-content\/uploads\/2021\/09\/Balizadores-300x188.jpg",300,188,true],"medium_large":["https:\/\/lamostradevalencia.com\/wp-content\/uploads\/2021\/09\/Balizadores-768x482.jpg",768,482,true],"large":["https:\/\/lamostradevalencia.com\/wp-content\/uploads\/2021\/09\/Balizadores-1024x642.jpg",1024,642,true],"1536x1536":["https:\/\/lamostradevalencia.com\/wp-content\/uploads\/2021\/09\/Balizadores-1536x963.jpg",1536,963,true],"2048x2048":["https:\/\/lamostradevalencia.com\/wp-content\/uploads\/2021\/09\/Balizadores.jpg",1772,1111,false],"cinerama_edge_image_square":["https:\/\/lamostradevalencia.com\/wp-content\/uploads\/2021\/09\/Balizadores-550x550.jpg",550,550,true],"cinerama_edge_image_landscape":["https:\/\/lamostradevalencia.com\/wp-content\/uploads\/2021\/09\/Balizadores-1100x550.jpg",1100,550,true],"cinerama_edge_image_portrait":["https:\/\/lamostradevalencia.com\/wp-content\/uploads\/2021\/09\/Balizadores-550x1100.jpg",550,1100,true],"cinerama_edge_image_huge":["https:\/\/lamostradevalencia.com\/wp-content\/uploads\/2021\/09\/Balizadores-1100x1100.jpg",1100,1100,true],"gform-image-choice-sm":["https:\/\/lamostradevalencia.com\/wp-content\/uploads\/2021\/09\/Balizadores.jpg",300,188,false],"gform-image-choice-md":["https:\/\/lamostradevalencia.com\/wp-content\/uploads\/2021\/09\/Balizadores.jpg",400,251,false],"gform-image-choice-lg":["https:\/\/lamostradevalencia.com\/wp-content\/uploads\/2021\/09\/Balizadores.jpg",600,376,false]},"uagb_author_info":{"display_name":"contenidos","author_link":"https:\/\/lamostradevalencia.com\/ca\/author\/contenidos\/"},"uagb_comment_info":0,"uagb_excerpt":"En 1985, un film tunisi\u00e0 enlluernava en la Mostra de Val\u00e8ncia. &#8220;Los balizadores del desierto&#8221;, de l\u2019aleshores desconegut Nacer Khemir, va guanyar per unanimitat la [&hellip;]","_links":{"self":[{"href":"https:\/\/lamostradevalencia.com\/ca\/wp-json\/wp\/v2\/posts\/10648","targetHints":{"allow":["GET"]}}],"collection":[{"href":"https:\/\/lamostradevalencia.com\/ca\/wp-json\/wp\/v2\/posts"}],"about":[{"href":"https:\/\/lamostradevalencia.com\/ca\/wp-json\/wp\/v2\/types\/post"}],"author":[{"embeddable":true,"href":"https:\/\/lamostradevalencia.com\/ca\/wp-json\/wp\/v2\/users\/3"}],"replies":[{"embeddable":true,"href":"https:\/\/lamostradevalencia.com\/ca\/wp-json\/wp\/v2\/comments?post=10648"}],"version-history":[{"count":1,"href":"https:\/\/lamostradevalencia.com\/ca\/wp-json\/wp\/v2\/posts\/10648\/revisions"}],"predecessor-version":[{"id":10650,"href":"https:\/\/lamostradevalencia.com\/ca\/wp-json\/wp\/v2\/posts\/10648\/revisions\/10650"}],"wp:featuredmedia":[{"embeddable":true,"href":"https:\/\/lamostradevalencia.com\/ca\/wp-json\/wp\/v2\/media\/10644"}],"wp:attachment":[{"href":"https:\/\/lamostradevalencia.com\/ca\/wp-json\/wp\/v2\/media?parent=10648"}],"wp:term":[{"taxonomy":"category","embeddable":true,"href":"https:\/\/lamostradevalencia.com\/ca\/wp-json\/wp\/v2\/categories?post=10648"},{"taxonomy":"post_tag","embeddable":true,"href":"https:\/\/lamostradevalencia.com\/ca\/wp-json\/wp\/v2\/tags?post=10648"}],"curies":[{"name":"wp","href":"https:\/\/api.w.org\/{rel}","templated":true}]}}