{"id":10639,"date":"2021-09-13T18:13:41","date_gmt":"2021-09-13T16:13:41","guid":{"rendered":"https:\/\/lamostradevalencia.com\/?p=10639"},"modified":"2021-09-13T18:19:00","modified_gmt":"2021-09-13T16:19:00","slug":"myriam-mezieres-celebra-en-la-mostra-els-20-anys-de-flores-de-sangre","status":"publish","type":"post","link":"https:\/\/lamostradevalencia.com\/ca\/myriam-mezieres-celebra-en-la-mostra-els-20-anys-de-flores-de-sangre\/","title":{"rendered":"MYRIAM M\u00c9ZI\u00c8RES CELEBRA EN LA MOSTRA ELS 20 ANYS DE &#8220;FLORES DE SANGRE&#8221;"},"content":{"rendered":"<p>Myriam M\u00e9zi\u00e8res, la presidenta del Jurat Internacional de Mostra de Val\u00e8ncia 2021, va debutar molt jove al cinema, i ha rodat a les ordes de directors com ara Claude Lelouch, Jean-Pierre Mocky, Andrej Zulawski, Manuel G\u00f3mez Pereira, Cesc Gay, Fernando Arrabal, Yves Boisset, Fernando Merinero o Claude Berri. No obstant aix\u00f2, amb qui va mantindre una relaci\u00f3 especialment intensa va ser amb el su\u00eds Alain Tanner, amb qui va treballar en cinc pel\u00b7l\u00edcules, entre elles &#8220;Una llama en mi coraz\u00f3n&#8221; (1987), de la qual va ser coguionista, i amb la qual va aconseguir el premi a millor actriu a Houston, &#8220;El diario de Lady M&#8221; (1993) i &#8220;Flores de sangre&#8221; (2002), que va signar com a codirectora i el rodatge de la qual complix vint anys en 2021, motiu pel qual es projectar\u00e0 en la Mostra, amb la pres\u00e8ncia de la pr\u00f2pia M\u00e9zi\u00e8res.<\/p>\n<p>La pel\u00b7l\u00edcula conta la hist\u00f2ria de Lily i Pam, una mare i una filla que formen una peculiar parella. La seua vida transcorre entre abandons d&#8217;amants, fugides picaresques d&#8217;hotels i espectacles en <em>night clubs<\/em>. La xicoteta Pam no sap qui \u00e9s el seu pare ni ha xafat mai una escola. La seua curiositat l&#8217;ha convertida en una autodidacta i amb tan sols nou anys s&#8217;ha convertit d&#8217;alguna manera en la &#8220;manager&#8221; i protectora de la seua mare. Per\u00f2 Lily perd la cust\u00f2dia de la seua filla: tot el seu m\u00f3n de somnis, emocions i glamur s&#8217;afona i es veu abocada a un descens als inferns. Quan, despr\u00e9s de passar cinc anys en un centre de menors, Pam comen\u00e7a a visitar de nou la seua mare, descobrix una persona perduda en els seus fantasmes i decidix tornar a acompanyar-la en les seues eixides nocturnes. \u00c9s aix\u00ed com coneix a Clement, un jove fot\u00f2graf a qui trasllada la seua necessitat d&#8217;amor i protecci\u00f3.<\/p>\n<p>&nbsp;<\/p>\n<p><img loading=\"lazy\" decoding=\"async\" class=\" wp-image-10629 aligncenter\" src=\"https:\/\/lamostradevalencia.com\/wp-content\/uploads\/2021\/09\/Fleurs-2-300x188.png\" alt=\"\" width=\"479\" height=\"300\" srcset=\"https:\/\/lamostradevalencia.com\/wp-content\/uploads\/2021\/09\/Fleurs-2-300x188.png 300w, https:\/\/lamostradevalencia.com\/wp-content\/uploads\/2021\/09\/Fleurs-2-1024x640.png 1024w, https:\/\/lamostradevalencia.com\/wp-content\/uploads\/2021\/09\/Fleurs-2-768x480.png 768w, https:\/\/lamostradevalencia.com\/wp-content\/uploads\/2021\/09\/Fleurs-2.png 1440w\" sizes=\"auto, (max-width: 479px) 100vw, 479px\" \/><\/p>\n<p>&nbsp;<\/p>\n<p>Una de les peculiaritats de la pel\u00b7l\u00edcula, que la connecten directament amb Val\u00e8ncia, \u00e9s que una part del rodatge va tindre lloc a l&#8217;Alc\u00fadia, durant una de les edicions del desaparegut Festival Agroer\u00f2tic que va celebrar la localitat a principis del present segle. En el seu llibre de mem\u00f2ries &#8220;El sol tiene una cita con la luna&#8221; (2018), M\u00e9zi\u00e8res recorda la seua experi\u00e8ncia quan actuava all\u00ed, tan gratificant com per a que, al preparar la producci\u00f3 del film, es plantejara tornar i reproduir aquell xou de cabaret er\u00f2tic per al cinema. Com \u00e9s d&#8217;imaginar, abunden les an\u00e8cdotes sobre este tema, que l&#8217;actriu, guionista i directora compartir\u00e0 amb el p\u00fablic de la Mostra.<\/p>\n<p>La pel\u00b7l\u00edcula s&#8217;estrenaria als cinemes en 2002, i el cr\u00edtic Jorge de Cominges, en la revista Fotogramas, destacava aleshores els n\u00fameros musicals de Myriam i parlava d&#8217;un &#8220;melodrama de tints autobiogr\u00e0fics que posse\u00efx la rara qualitat de l&#8217;autenticitat&#8221;, afegint que, &#8220;des del pla inicial, en qu\u00e8 el melic de l&#8217;estrela imposa un obsessiu joc de seducci\u00f3, fins a l&#8217;apoteosi final de sordidesa, gelosia i mort, tota la pel\u00b7l\u00edcula est\u00e0 impregnada d&#8217;una enganxosa sensualitat que transmet a l&#8217;espectador una constant sensaci\u00f3 de desassossec. I \u00e9s eixa seductora vulgaritat, no desprove\u00efda d&#8217;innoc\u00e8ncia, tan caracter\u00edstica de la M\u00e9zi\u00e8res el que proporciona al film el seu car\u00e0cter at\u00edpic i, en certa manera, intemporal&#8221;.<\/p>\n<p>Per arredonir la sessi\u00f3, la Mostra projectar\u00e0 tamb\u00e9, abans de la pel\u00b7l\u00edcula, el curtmetratge &#8220;Tinta&#8221; (2020), \u00faltim film de M\u00e9zi\u00e8res com a directora, un suggestiu <em>action painting<\/em> en el qual l&#8217;actriu demostra que no ha perdut gens de sensualitat amb el pas del temps.<\/p>\n<p><img loading=\"lazy\" decoding=\"async\" class=\" wp-image-10634 aligncenter\" src=\"https:\/\/lamostradevalencia.com\/wp-content\/uploads\/2021\/09\/Tinta-300x169.jpeg\" alt=\"\" width=\"486\" height=\"274\" srcset=\"https:\/\/lamostradevalencia.com\/wp-content\/uploads\/2021\/09\/Tinta-300x169.jpeg 300w, https:\/\/lamostradevalencia.com\/wp-content\/uploads\/2021\/09\/Tinta-1024x576.jpeg 1024w, https:\/\/lamostradevalencia.com\/wp-content\/uploads\/2021\/09\/Tinta-768x432.jpeg 768w, https:\/\/lamostradevalencia.com\/wp-content\/uploads\/2021\/09\/Tinta-1536x864.jpeg 1536w, https:\/\/lamostradevalencia.com\/wp-content\/uploads\/2021\/09\/Tinta.jpeg 1599w\" sizes=\"auto, (max-width: 486px) 100vw, 486px\" \/><\/p>\n","protected":false},"excerpt":{"rendered":"<p>Myriam M\u00e9zi\u00e8res, la presidenta del Jurat Internacional de Mostra de Val\u00e8ncia 2021, va debutar molt jove al cinema, i ha rodat a les ordes de [&hellip;]<\/p>\n","protected":false},"author":3,"featured_media":10624,"comment_status":"open","ping_status":"open","sticky":false,"template":"","format":"standard","meta":{"_uag_custom_page_level_css":"","_jet_sm_ready_style":"","_jet_sm_style":"","_jet_sm_controls_values":"","_jet_sm_fonts_collection":"","_jet_sm_fonts_links":"","footnotes":""},"categories":[455],"tags":[],"class_list":["post-10639","post","type-post","status-publish","format-standard","has-post-thumbnail","hentry","category-noticies"],"yoast_head":"<!-- This site is optimized with the Yoast SEO plugin v27.5 - https:\/\/yoast.com\/product\/yoast-seo-wordpress\/ -->\n<title>MYRIAM M\u00c9ZI\u00c8RES CELEBRA EN LA MOSTRA ELS 20 ANYS DE &quot;FLORES DE SANGRE&quot;<\/title>\n<meta name=\"description\" content=\"La pel\u00b7l\u00edcula es va rodar parcialment en l&#039;Alc\u00fadia\" \/>\n<meta name=\"robots\" content=\"index, follow, max-snippet:-1, max-image-preview:large, max-video-preview:-1\" \/>\n<link rel=\"canonical\" href=\"https:\/\/lamostradevalencia.com\/ca\/myriam-mezieres-celebra-en-la-mostra-els-20-anys-de-flores-de-sangre\/\" \/>\n<meta property=\"og:locale\" content=\"ca_ES\" \/>\n<meta property=\"og:type\" content=\"article\" \/>\n<meta property=\"og:title\" content=\"MYRIAM M\u00c9ZI\u00c8RES CELEBRA EN LA MOSTRA ELS 20 ANYS DE &quot;FLORES DE SANGRE&quot;\" \/>\n<meta property=\"og:description\" content=\"La pel\u00b7l\u00edcula es va rodar parcialment en l&#039;Alc\u00fadia\" \/>\n<meta property=\"og:url\" content=\"https:\/\/lamostradevalencia.com\/ca\/myriam-mezieres-celebra-en-la-mostra-els-20-anys-de-flores-de-sangre\/\" \/>\n<meta property=\"og:site_name\" content=\"Mostra de Val\u00e8ncia\" \/>\n<meta property=\"article:published_time\" content=\"2021-09-13T16:13:41+00:00\" \/>\n<meta property=\"article:modified_time\" content=\"2021-09-13T16:19:00+00:00\" \/>\n<meta property=\"og:image\" content=\"https:\/\/lamostradevalencia.com\/wp-content\/uploads\/2021\/09\/Fleurs-1.png\" \/>\n\t<meta property=\"og:image:width\" content=\"1440\" \/>\n\t<meta property=\"og:image:height\" content=\"900\" \/>\n\t<meta property=\"og:image:type\" content=\"image\/png\" \/>\n<meta name=\"author\" content=\"contenidos\" \/>\n<meta name=\"twitter:card\" content=\"summary_large_image\" \/>\n<meta name=\"twitter:label1\" content=\"Escrit per\" \/>\n\t<meta name=\"twitter:data1\" content=\"contenidos\" \/>\n\t<meta name=\"twitter:label2\" content=\"Temps estimat de lectura\" \/>\n\t<meta name=\"twitter:data2\" content=\"3 minuts\" \/>\n<script type=\"application\/ld+json\" class=\"yoast-schema-graph\">{\"@context\":\"https:\\\/\\\/schema.org\",\"@graph\":[{\"@type\":\"Article\",\"@id\":\"https:\\\/\\\/lamostradevalencia.com\\\/ca\\\/myriam-mezieres-celebra-en-la-mostra-els-20-anys-de-flores-de-sangre\\\/#article\",\"isPartOf\":{\"@id\":\"https:\\\/\\\/lamostradevalencia.com\\\/ca\\\/myriam-mezieres-celebra-en-la-mostra-els-20-anys-de-flores-de-sangre\\\/\"},\"author\":{\"name\":\"contenidos\",\"@id\":\"https:\\\/\\\/lamostradevalencia.com\\\/ca\\\/#\\\/schema\\\/person\\\/361c3c0dd5489e78ad78ee4f8332efac\"},\"headline\":\"MYRIAM M\u00c9ZI\u00c8RES CELEBRA EN LA MOSTRA ELS 20 ANYS DE &#8220;FLORES DE SANGRE&#8221;\",\"datePublished\":\"2021-09-13T16:13:41+00:00\",\"dateModified\":\"2021-09-13T16:19:00+00:00\",\"mainEntityOfPage\":{\"@id\":\"https:\\\/\\\/lamostradevalencia.com\\\/ca\\\/myriam-mezieres-celebra-en-la-mostra-els-20-anys-de-flores-de-sangre\\\/\"},\"wordCount\":647,\"commentCount\":0,\"image\":{\"@id\":\"https:\\\/\\\/lamostradevalencia.com\\\/ca\\\/myriam-mezieres-celebra-en-la-mostra-els-20-anys-de-flores-de-sangre\\\/#primaryimage\"},\"thumbnailUrl\":\"https:\\\/\\\/lamostradevalencia.com\\\/wp-content\\\/uploads\\\/2021\\\/09\\\/Fleurs-1.png\",\"articleSection\":[\"Noticies\"],\"inLanguage\":\"ca\",\"potentialAction\":[{\"@type\":\"CommentAction\",\"name\":\"Comment\",\"target\":[\"https:\\\/\\\/lamostradevalencia.com\\\/ca\\\/myriam-mezieres-celebra-en-la-mostra-els-20-anys-de-flores-de-sangre\\\/#respond\"]}]},{\"@type\":\"WebPage\",\"@id\":\"https:\\\/\\\/lamostradevalencia.com\\\/ca\\\/myriam-mezieres-celebra-en-la-mostra-els-20-anys-de-flores-de-sangre\\\/\",\"url\":\"https:\\\/\\\/lamostradevalencia.com\\\/ca\\\/myriam-mezieres-celebra-en-la-mostra-els-20-anys-de-flores-de-sangre\\\/\",\"name\":\"MYRIAM M\u00c9ZI\u00c8RES CELEBRA EN LA MOSTRA ELS 20 ANYS DE \\\"FLORES DE SANGRE\\\"\",\"isPartOf\":{\"@id\":\"https:\\\/\\\/lamostradevalencia.com\\\/ca\\\/#website\"},\"primaryImageOfPage\":{\"@id\":\"https:\\\/\\\/lamostradevalencia.com\\\/ca\\\/myriam-mezieres-celebra-en-la-mostra-els-20-anys-de-flores-de-sangre\\\/#primaryimage\"},\"image\":{\"@id\":\"https:\\\/\\\/lamostradevalencia.com\\\/ca\\\/myriam-mezieres-celebra-en-la-mostra-els-20-anys-de-flores-de-sangre\\\/#primaryimage\"},\"thumbnailUrl\":\"https:\\\/\\\/lamostradevalencia.com\\\/wp-content\\\/uploads\\\/2021\\\/09\\\/Fleurs-1.png\",\"datePublished\":\"2021-09-13T16:13:41+00:00\",\"dateModified\":\"2021-09-13T16:19:00+00:00\",\"author\":{\"@id\":\"https:\\\/\\\/lamostradevalencia.com\\\/ca\\\/#\\\/schema\\\/person\\\/361c3c0dd5489e78ad78ee4f8332efac\"},\"description\":\"La pel\u00b7l\u00edcula es va rodar parcialment en l'Alc\u00fadia\",\"breadcrumb\":{\"@id\":\"https:\\\/\\\/lamostradevalencia.com\\\/ca\\\/myriam-mezieres-celebra-en-la-mostra-els-20-anys-de-flores-de-sangre\\\/#breadcrumb\"},\"inLanguage\":\"ca\",\"potentialAction\":[{\"@type\":\"ReadAction\",\"target\":[\"https:\\\/\\\/lamostradevalencia.com\\\/ca\\\/myriam-mezieres-celebra-en-la-mostra-els-20-anys-de-flores-de-sangre\\\/\"]}]},{\"@type\":\"ImageObject\",\"inLanguage\":\"ca\",\"@id\":\"https:\\\/\\\/lamostradevalencia.com\\\/ca\\\/myriam-mezieres-celebra-en-la-mostra-els-20-anys-de-flores-de-sangre\\\/#primaryimage\",\"url\":\"https:\\\/\\\/lamostradevalencia.com\\\/wp-content\\\/uploads\\\/2021\\\/09\\\/Fleurs-1.png\",\"contentUrl\":\"https:\\\/\\\/lamostradevalencia.com\\\/wp-content\\\/uploads\\\/2021\\\/09\\\/Fleurs-1.png\",\"width\":1440,\"height\":900},{\"@type\":\"BreadcrumbList\",\"@id\":\"https:\\\/\\\/lamostradevalencia.com\\\/ca\\\/myriam-mezieres-celebra-en-la-mostra-els-20-anys-de-flores-de-sangre\\\/#breadcrumb\",\"itemListElement\":[{\"@type\":\"ListItem\",\"position\":1,\"name\":\"Portada\",\"item\":\"https:\\\/\\\/lamostradevalencia.com\\\/ca\\\/\"},{\"@type\":\"ListItem\",\"position\":2,\"name\":\"MYRIAM M\u00c9ZI\u00c8RES CELEBRA EN LA MOSTRA ELS 20 ANYS DE \u00abFLORES DE SANGRE\u00bb\"}]},{\"@type\":\"WebSite\",\"@id\":\"https:\\\/\\\/lamostradevalencia.com\\\/ca\\\/#website\",\"url\":\"https:\\\/\\\/lamostradevalencia.com\\\/ca\\\/\",\"name\":\"Mostra de Val\u00e8ncia\",\"description\":\"Cinema del Mediterrani\",\"potentialAction\":[{\"@type\":\"SearchAction\",\"target\":{\"@type\":\"EntryPoint\",\"urlTemplate\":\"https:\\\/\\\/lamostradevalencia.com\\\/ca\\\/?s={search_term_string}\"},\"query-input\":{\"@type\":\"PropertyValueSpecification\",\"valueRequired\":true,\"valueName\":\"search_term_string\"}}],\"inLanguage\":\"ca\"},{\"@type\":\"Person\",\"@id\":\"https:\\\/\\\/lamostradevalencia.com\\\/ca\\\/#\\\/schema\\\/person\\\/361c3c0dd5489e78ad78ee4f8332efac\",\"name\":\"contenidos\",\"image\":{\"@type\":\"ImageObject\",\"inLanguage\":\"ca\",\"@id\":\"https:\\\/\\\/secure.gravatar.com\\\/avatar\\\/a87eddc188a32d5a0371ff92ef616b5006a91e389296d49d081f8d424eef134c?s=96&d=mm&r=g\",\"url\":\"https:\\\/\\\/secure.gravatar.com\\\/avatar\\\/a87eddc188a32d5a0371ff92ef616b5006a91e389296d49d081f8d424eef134c?s=96&d=mm&r=g\",\"contentUrl\":\"https:\\\/\\\/secure.gravatar.com\\\/avatar\\\/a87eddc188a32d5a0371ff92ef616b5006a91e389296d49d081f8d424eef134c?s=96&d=mm&r=g\",\"caption\":\"contenidos\"}}]}<\/script>\n<!-- \/ Yoast SEO plugin. -->","yoast_head_json":{"title":"MYRIAM M\u00c9ZI\u00c8RES CELEBRA EN LA MOSTRA ELS 20 ANYS DE \"FLORES DE SANGRE\"","description":"La pel\u00b7l\u00edcula es va rodar parcialment en l'Alc\u00fadia","robots":{"index":"index","follow":"follow","max-snippet":"max-snippet:-1","max-image-preview":"max-image-preview:large","max-video-preview":"max-video-preview:-1"},"canonical":"https:\/\/lamostradevalencia.com\/ca\/myriam-mezieres-celebra-en-la-mostra-els-20-anys-de-flores-de-sangre\/","og_locale":"ca_ES","og_type":"article","og_title":"MYRIAM M\u00c9ZI\u00c8RES CELEBRA EN LA MOSTRA ELS 20 ANYS DE \"FLORES DE SANGRE\"","og_description":"La pel\u00b7l\u00edcula es va rodar parcialment en l'Alc\u00fadia","og_url":"https:\/\/lamostradevalencia.com\/ca\/myriam-mezieres-celebra-en-la-mostra-els-20-anys-de-flores-de-sangre\/","og_site_name":"Mostra de Val\u00e8ncia","article_published_time":"2021-09-13T16:13:41+00:00","article_modified_time":"2021-09-13T16:19:00+00:00","og_image":[{"width":1440,"height":900,"url":"https:\/\/lamostradevalencia.com\/wp-content\/uploads\/2021\/09\/Fleurs-1.png","type":"image\/png"}],"author":"contenidos","twitter_card":"summary_large_image","twitter_misc":{"Escrit per":"contenidos","Temps estimat de lectura":"3 minuts"},"schema":{"@context":"https:\/\/schema.org","@graph":[{"@type":"Article","@id":"https:\/\/lamostradevalencia.com\/ca\/myriam-mezieres-celebra-en-la-mostra-els-20-anys-de-flores-de-sangre\/#article","isPartOf":{"@id":"https:\/\/lamostradevalencia.com\/ca\/myriam-mezieres-celebra-en-la-mostra-els-20-anys-de-flores-de-sangre\/"},"author":{"name":"contenidos","@id":"https:\/\/lamostradevalencia.com\/ca\/#\/schema\/person\/361c3c0dd5489e78ad78ee4f8332efac"},"headline":"MYRIAM M\u00c9ZI\u00c8RES CELEBRA EN LA MOSTRA ELS 20 ANYS DE &#8220;FLORES DE SANGRE&#8221;","datePublished":"2021-09-13T16:13:41+00:00","dateModified":"2021-09-13T16:19:00+00:00","mainEntityOfPage":{"@id":"https:\/\/lamostradevalencia.com\/ca\/myriam-mezieres-celebra-en-la-mostra-els-20-anys-de-flores-de-sangre\/"},"wordCount":647,"commentCount":0,"image":{"@id":"https:\/\/lamostradevalencia.com\/ca\/myriam-mezieres-celebra-en-la-mostra-els-20-anys-de-flores-de-sangre\/#primaryimage"},"thumbnailUrl":"https:\/\/lamostradevalencia.com\/wp-content\/uploads\/2021\/09\/Fleurs-1.png","articleSection":["Noticies"],"inLanguage":"ca","potentialAction":[{"@type":"CommentAction","name":"Comment","target":["https:\/\/lamostradevalencia.com\/ca\/myriam-mezieres-celebra-en-la-mostra-els-20-anys-de-flores-de-sangre\/#respond"]}]},{"@type":"WebPage","@id":"https:\/\/lamostradevalencia.com\/ca\/myriam-mezieres-celebra-en-la-mostra-els-20-anys-de-flores-de-sangre\/","url":"https:\/\/lamostradevalencia.com\/ca\/myriam-mezieres-celebra-en-la-mostra-els-20-anys-de-flores-de-sangre\/","name":"MYRIAM M\u00c9ZI\u00c8RES CELEBRA EN LA MOSTRA ELS 20 ANYS DE \"FLORES DE SANGRE\"","isPartOf":{"@id":"https:\/\/lamostradevalencia.com\/ca\/#website"},"primaryImageOfPage":{"@id":"https:\/\/lamostradevalencia.com\/ca\/myriam-mezieres-celebra-en-la-mostra-els-20-anys-de-flores-de-sangre\/#primaryimage"},"image":{"@id":"https:\/\/lamostradevalencia.com\/ca\/myriam-mezieres-celebra-en-la-mostra-els-20-anys-de-flores-de-sangre\/#primaryimage"},"thumbnailUrl":"https:\/\/lamostradevalencia.com\/wp-content\/uploads\/2021\/09\/Fleurs-1.png","datePublished":"2021-09-13T16:13:41+00:00","dateModified":"2021-09-13T16:19:00+00:00","author":{"@id":"https:\/\/lamostradevalencia.com\/ca\/#\/schema\/person\/361c3c0dd5489e78ad78ee4f8332efac"},"description":"La pel\u00b7l\u00edcula es va rodar parcialment en l'Alc\u00fadia","breadcrumb":{"@id":"https:\/\/lamostradevalencia.com\/ca\/myriam-mezieres-celebra-en-la-mostra-els-20-anys-de-flores-de-sangre\/#breadcrumb"},"inLanguage":"ca","potentialAction":[{"@type":"ReadAction","target":["https:\/\/lamostradevalencia.com\/ca\/myriam-mezieres-celebra-en-la-mostra-els-20-anys-de-flores-de-sangre\/"]}]},{"@type":"ImageObject","inLanguage":"ca","@id":"https:\/\/lamostradevalencia.com\/ca\/myriam-mezieres-celebra-en-la-mostra-els-20-anys-de-flores-de-sangre\/#primaryimage","url":"https:\/\/lamostradevalencia.com\/wp-content\/uploads\/2021\/09\/Fleurs-1.png","contentUrl":"https:\/\/lamostradevalencia.com\/wp-content\/uploads\/2021\/09\/Fleurs-1.png","width":1440,"height":900},{"@type":"BreadcrumbList","@id":"https:\/\/lamostradevalencia.com\/ca\/myriam-mezieres-celebra-en-la-mostra-els-20-anys-de-flores-de-sangre\/#breadcrumb","itemListElement":[{"@type":"ListItem","position":1,"name":"Portada","item":"https:\/\/lamostradevalencia.com\/ca\/"},{"@type":"ListItem","position":2,"name":"MYRIAM M\u00c9ZI\u00c8RES CELEBRA EN LA MOSTRA ELS 20 ANYS DE \u00abFLORES DE SANGRE\u00bb"}]},{"@type":"WebSite","@id":"https:\/\/lamostradevalencia.com\/ca\/#website","url":"https:\/\/lamostradevalencia.com\/ca\/","name":"Mostra de Val\u00e8ncia","description":"Cinema del Mediterrani","potentialAction":[{"@type":"SearchAction","target":{"@type":"EntryPoint","urlTemplate":"https:\/\/lamostradevalencia.com\/ca\/?s={search_term_string}"},"query-input":{"@type":"PropertyValueSpecification","valueRequired":true,"valueName":"search_term_string"}}],"inLanguage":"ca"},{"@type":"Person","@id":"https:\/\/lamostradevalencia.com\/ca\/#\/schema\/person\/361c3c0dd5489e78ad78ee4f8332efac","name":"contenidos","image":{"@type":"ImageObject","inLanguage":"ca","@id":"https:\/\/secure.gravatar.com\/avatar\/a87eddc188a32d5a0371ff92ef616b5006a91e389296d49d081f8d424eef134c?s=96&d=mm&r=g","url":"https:\/\/secure.gravatar.com\/avatar\/a87eddc188a32d5a0371ff92ef616b5006a91e389296d49d081f8d424eef134c?s=96&d=mm&r=g","contentUrl":"https:\/\/secure.gravatar.com\/avatar\/a87eddc188a32d5a0371ff92ef616b5006a91e389296d49d081f8d424eef134c?s=96&d=mm&r=g","caption":"contenidos"}}]}},"uagb_featured_image_src":{"full":["https:\/\/lamostradevalencia.com\/wp-content\/uploads\/2021\/09\/Fleurs-1.png",1440,900,false],"thumbnail":["https:\/\/lamostradevalencia.com\/wp-content\/uploads\/2021\/09\/Fleurs-1-150x150.png",150,150,true],"medium":["https:\/\/lamostradevalencia.com\/wp-content\/uploads\/2021\/09\/Fleurs-1-300x188.png",300,188,true],"medium_large":["https:\/\/lamostradevalencia.com\/wp-content\/uploads\/2021\/09\/Fleurs-1-768x480.png",768,480,true],"large":["https:\/\/lamostradevalencia.com\/wp-content\/uploads\/2021\/09\/Fleurs-1-1024x640.png",1024,640,true],"1536x1536":["https:\/\/lamostradevalencia.com\/wp-content\/uploads\/2021\/09\/Fleurs-1.png",1440,900,false],"2048x2048":["https:\/\/lamostradevalencia.com\/wp-content\/uploads\/2021\/09\/Fleurs-1.png",1440,900,false],"cinerama_edge_image_square":["https:\/\/lamostradevalencia.com\/wp-content\/uploads\/2021\/09\/Fleurs-1-550x550.png",550,550,true],"cinerama_edge_image_landscape":["https:\/\/lamostradevalencia.com\/wp-content\/uploads\/2021\/09\/Fleurs-1-1100x550.png",1100,550,true],"cinerama_edge_image_portrait":["https:\/\/lamostradevalencia.com\/wp-content\/uploads\/2021\/09\/Fleurs-1-550x900.png",550,900,true],"cinerama_edge_image_huge":["https:\/\/lamostradevalencia.com\/wp-content\/uploads\/2021\/09\/Fleurs-1-1100x900.png",1100,900,true],"gform-image-choice-sm":["https:\/\/lamostradevalencia.com\/wp-content\/uploads\/2021\/09\/Fleurs-1.png",300,188,false],"gform-image-choice-md":["https:\/\/lamostradevalencia.com\/wp-content\/uploads\/2021\/09\/Fleurs-1.png",400,250,false],"gform-image-choice-lg":["https:\/\/lamostradevalencia.com\/wp-content\/uploads\/2021\/09\/Fleurs-1.png",600,375,false]},"uagb_author_info":{"display_name":"contenidos","author_link":"https:\/\/lamostradevalencia.com\/ca\/author\/contenidos\/"},"uagb_comment_info":0,"uagb_excerpt":"Myriam M\u00e9zi\u00e8res, la presidenta del Jurat Internacional de Mostra de Val\u00e8ncia 2021, va debutar molt jove al cinema, i ha rodat a les ordes de [&hellip;]","_links":{"self":[{"href":"https:\/\/lamostradevalencia.com\/ca\/wp-json\/wp\/v2\/posts\/10639","targetHints":{"allow":["GET"]}}],"collection":[{"href":"https:\/\/lamostradevalencia.com\/ca\/wp-json\/wp\/v2\/posts"}],"about":[{"href":"https:\/\/lamostradevalencia.com\/ca\/wp-json\/wp\/v2\/types\/post"}],"author":[{"embeddable":true,"href":"https:\/\/lamostradevalencia.com\/ca\/wp-json\/wp\/v2\/users\/3"}],"replies":[{"embeddable":true,"href":"https:\/\/lamostradevalencia.com\/ca\/wp-json\/wp\/v2\/comments?post=10639"}],"version-history":[{"count":1,"href":"https:\/\/lamostradevalencia.com\/ca\/wp-json\/wp\/v2\/posts\/10639\/revisions"}],"predecessor-version":[{"id":10640,"href":"https:\/\/lamostradevalencia.com\/ca\/wp-json\/wp\/v2\/posts\/10639\/revisions\/10640"}],"wp:featuredmedia":[{"embeddable":true,"href":"https:\/\/lamostradevalencia.com\/ca\/wp-json\/wp\/v2\/media\/10624"}],"wp:attachment":[{"href":"https:\/\/lamostradevalencia.com\/ca\/wp-json\/wp\/v2\/media?parent=10639"}],"wp:term":[{"taxonomy":"category","embeddable":true,"href":"https:\/\/lamostradevalencia.com\/ca\/wp-json\/wp\/v2\/categories?post=10639"},{"taxonomy":"post_tag","embeddable":true,"href":"https:\/\/lamostradevalencia.com\/ca\/wp-json\/wp\/v2\/tags?post=10639"}],"curies":[{"name":"wp","href":"https:\/\/api.w.org\/{rel}","templated":true}]}}