{"id":10618,"date":"2021-09-13T17:37:25","date_gmt":"2021-09-13T15:37:25","guid":{"rendered":"https:\/\/lamostradevalencia.com\/?p=10618"},"modified":"2021-09-13T17:37:25","modified_gmt":"2021-09-13T15:37:25","slug":"adrian-silvestre-visibilitza-la-identitat-trans-en-sedimentos","status":"publish","type":"post","link":"https:\/\/lamostradevalencia.com\/ca\/adrian-silvestre-visibilitza-la-identitat-trans-en-sedimentos\/","title":{"rendered":"ADRI\u00c1N SILVESTRE VISIBILITZA LA IDENTITAT TRANS EN &#8220;SEDIMENTOS&#8221;"},"content":{"rendered":"<p><strong>El premiat documental valenci\u00e0 arriba a la Mostra<\/strong><\/p>\n<p>&nbsp;<\/p>\n<p>A l\u2019igual de la Terra, el nostre interior est\u00e0 format per diferents capes i estrats, que van forjant la nostra identitat i relaten la nostra hist\u00f2ria de vida. Quines circumst\u00e0ncies intervenen en este proc\u00e9s i ens convertixen en qui som hui? \u00c9s la pregunta que es fan les imatges de la pel\u00b7l\u00edcula documental &#8220;Sedimentos&#8221;, del valenci\u00e0 Adri\u00e1n Silvestre, en la qual sis dones trans viatgen a un xicotet poble de Lle\u00f3 on exploraran ins\u00f2lits paisatges, aix\u00ed com els secrets de la seua pr\u00f2pia personalitat. I ser\u00e0 buscant respostes sobre all\u00f2 que les unix, com aprendran a bregar amb les seues difer\u00e8ncies.<\/p>\n<p>Una hist\u00f2ria tendra i divertida sobre l&#8217;empatia, la individualitat i la necessitat de pertinen\u00e7a que es va estrenar en el Festival de M\u00e0laga i que des de llavors no ha parat de rebre reconeixements en diferents cites internacionals: Premi Especial del Jurat a Tessal\u00f2nica, Menci\u00f3 Especial en l&#8217;Outfest de Los Angeles, participaci\u00f3 en la secci\u00f3 Made in Spain de Sant Sebasti\u00e0, premi del p\u00fablic en FIRE!!, seleccionada en el BFI London Film Festival&#8230;<\/p>\n<p>Mostra de Val\u00e8ncia acollir\u00e0 l&#8217;estrena de la pel\u00b7l\u00edcula en la seua terra, amb la pres\u00e8ncia de part de l\u2019equip i del propi Adri\u00e1n Silvestre, qui ha declarat que &#8220;espera que la pel\u00b7l\u00edcula siga interpretada com un al\u00b7legat de la individualitat, ja que encara que les protagonistes compartixen la categoria identit\u00e0ria de ser trans, cadascuna t\u00e9 moltes altres categories que les definixen i que forgen la seua identitat, i aix\u00f2 \u00e9s molt valu\u00f3s&#8221;.<\/p>\n<p>L&#8217;objectiu de &#8220;Sedimentos&#8221; \u00e9s aconseguir transcendir m\u00e9s enll\u00e0 de les pel\u00b7l\u00edcules que no ixen normalment del circuit cinematogr\u00e0fic i cultural del col\u00b7lectiu trans. &#8220;La gent que ve del col\u00b7lectiu a veure estes pel\u00b7l\u00edcules ja t\u00e9 una implicaci\u00f3 i una s\u00e8rie d&#8217;idees preconcebudes que solen ser positives, de suport i toler\u00e0ncia, per\u00f2 m&#8217;agradaria pensar que \u00e9s una pel\u00b7l\u00edcula que apunta a la universalitat, i que pot tindre un abast molt m\u00e9s ampli&#8221;, ha comentat.<\/p>\n<p>&nbsp;<\/p>\n<p><iframe loading=\"lazy\" title=\"SEDIMENTOS de Adria\u0301n Silvestre | Trailer | FIRE!! 2021\" width=\"1100\" height=\"619\" src=\"https:\/\/www.youtube.com\/embed\/R---8uUDJh8?start=21&#038;feature=oembed\" frameborder=\"0\" allow=\"accelerometer; autoplay; clipboard-write; encrypted-media; gyroscope; picture-in-picture\" allowfullscreen><\/iframe><\/p>\n<p>&nbsp;<\/p>\n<p>El projecte va sorgir fa cinc anys, a partir de la voluntat del director d&#8217;explorar unes certes hist\u00f2ries de vida de la comunitat trans a trav\u00e9s del cinema. Va entrar en contacte amb una associaci\u00f3 de dones trans a Barcelona, els va exposar les seues intencions i li van obrir les portes. Aix\u00ed es va anar forjant una relaci\u00f3 d&#8217;intercanvi d&#8217;experi\u00e8ncies que va desembocar en el documental, plantejat com una <em>road movie<\/em> en la qual els personatges, com succe\u00efx en les millors mostres del g\u00e8nere, no s\u00f3n els mateixos a l\u2019arribar a la seua destinaci\u00f3 que quan van iniciar el viatge.<\/p>\n<p>&#8220;Sedimentos&#8221; connecta, a m\u00e9s, amb un cl\u00e0ssic male\u00eft del cinema espanyol, com b\u00e9 va apuntar el cr\u00edtic Alfonso Rivera en Cineuropa. &#8220;En 1983, Antonio Gim\u00e9nez-Rico va sorprendre amb &#8220;Vestida de azul&#8221;, on reunia sis trans que parlaven de les seues vides, algunes terribles i s\u00f2rdides, perqu\u00e8 en aquells temps a Espanya moltes havien de dedicar-se a la prostituci\u00f3 per a sobreviure. Aquell film va obrir una finestra a un univers desconegut que encara no tenia ni una terminologia correcta, perqu\u00e8 fins i tot en els mitjans de comunicaci\u00f3 les confonien amb drag queens, travest\u00eds i transformistes. Quasi quaranta anys despr\u00e9s, el valenci\u00e0 Adri\u00e1n Silvestre ha reunit tamb\u00e9 sis dones transsexuals en la seua nova pel\u00b7l\u00edcula, per\u00f2, afortunadament, la societat ha avan\u00e7at cap a l&#8217;acceptaci\u00f3 del col\u00b7lectiu, si b\u00e9 encara queda cam\u00ed per rec\u00f3rrer fins a la normalitzaci\u00f3 absoluta.&#8221;<\/p>\n<p>Una pel\u00b7l\u00edcula que no deixa indiferent i que augura un brillant futur a Silvestre.<\/p>\n","protected":false},"excerpt":{"rendered":"<p>El premiat documental valenci\u00e0 arriba a la Mostra &nbsp; A l\u2019igual de la Terra, el nostre interior est\u00e0 format per diferents capes i estrats, que [&hellip;]<\/p>\n","protected":false},"author":3,"featured_media":10614,"comment_status":"open","ping_status":"open","sticky":false,"template":"","format":"standard","meta":{"_uag_custom_page_level_css":"","_jet_sm_ready_style":"","_jet_sm_style":"","_jet_sm_controls_values":"","_jet_sm_fonts_collection":"","_jet_sm_fonts_links":"","footnotes":""},"categories":[31],"tags":[2659,1031,1032,2658],"class_list":["post-10618","post","type-post","status-publish","format-standard","has-post-thumbnail","hentry","category-uncategorized-ca","tag-adrian-silvestre","tag-documental-2","tag-sessions-especials","tag-trans"],"yoast_head":"<!-- This site is optimized with the Yoast SEO plugin v27.5 - https:\/\/yoast.com\/product\/yoast-seo-wordpress\/ -->\n<title>ADRI\u00c1N SILVESTRE VISIBILITZA LA IDENTITAT TRANS EN &quot;SEDIMENTOS&quot;<\/title>\n<meta name=\"description\" content=\"El premiat documental valenci\u00e0 arriba a la Mostra\" \/>\n<meta name=\"robots\" content=\"index, follow, max-snippet:-1, max-image-preview:large, max-video-preview:-1\" \/>\n<link rel=\"canonical\" href=\"https:\/\/lamostradevalencia.com\/ca\/adrian-silvestre-visibilitza-la-identitat-trans-en-sedimentos\/\" \/>\n<meta property=\"og:locale\" content=\"ca_ES\" \/>\n<meta property=\"og:type\" content=\"article\" \/>\n<meta property=\"og:title\" content=\"ADRI\u00c1N SILVESTRE VISIBILITZA LA IDENTITAT TRANS EN &quot;SEDIMENTOS&quot;\" \/>\n<meta property=\"og:description\" content=\"El premiat documental valenci\u00e0 arriba a la Mostra\" \/>\n<meta property=\"og:url\" content=\"https:\/\/lamostradevalencia.com\/ca\/adrian-silvestre-visibilitza-la-identitat-trans-en-sedimentos\/\" \/>\n<meta property=\"og:site_name\" content=\"Mostra de Val\u00e8ncia\" \/>\n<meta property=\"article:published_time\" content=\"2021-09-13T15:37:25+00:00\" \/>\n<meta property=\"og:image\" content=\"https:\/\/lamostradevalencia.com\/wp-content\/uploads\/2021\/09\/Sedimentos-scaled.jpg\" \/>\n\t<meta property=\"og:image:width\" content=\"2560\" \/>\n\t<meta property=\"og:image:height\" content=\"1707\" \/>\n\t<meta property=\"og:image:type\" content=\"image\/jpeg\" \/>\n<meta name=\"author\" content=\"contenidos\" \/>\n<meta name=\"twitter:card\" content=\"summary_large_image\" \/>\n<meta name=\"twitter:label1\" content=\"Escrit per\" \/>\n\t<meta name=\"twitter:data1\" content=\"contenidos\" \/>\n\t<meta name=\"twitter:label2\" content=\"Temps estimat de lectura\" \/>\n\t<meta name=\"twitter:data2\" content=\"3 minuts\" \/>\n<script type=\"application\/ld+json\" class=\"yoast-schema-graph\">{\"@context\":\"https:\\\/\\\/schema.org\",\"@graph\":[{\"@type\":\"Article\",\"@id\":\"https:\\\/\\\/lamostradevalencia.com\\\/ca\\\/adrian-silvestre-visibilitza-la-identitat-trans-en-sedimentos\\\/#article\",\"isPartOf\":{\"@id\":\"https:\\\/\\\/lamostradevalencia.com\\\/ca\\\/adrian-silvestre-visibilitza-la-identitat-trans-en-sedimentos\\\/\"},\"author\":{\"name\":\"contenidos\",\"@id\":\"https:\\\/\\\/lamostradevalencia.com\\\/ca\\\/#\\\/schema\\\/person\\\/361c3c0dd5489e78ad78ee4f8332efac\"},\"headline\":\"ADRI\u00c1N SILVESTRE VISIBILITZA LA IDENTITAT TRANS EN &#8220;SEDIMENTOS&#8221;\",\"datePublished\":\"2021-09-13T15:37:25+00:00\",\"mainEntityOfPage\":{\"@id\":\"https:\\\/\\\/lamostradevalencia.com\\\/ca\\\/adrian-silvestre-visibilitza-la-identitat-trans-en-sedimentos\\\/\"},\"wordCount\":674,\"commentCount\":0,\"image\":{\"@id\":\"https:\\\/\\\/lamostradevalencia.com\\\/ca\\\/adrian-silvestre-visibilitza-la-identitat-trans-en-sedimentos\\\/#primaryimage\"},\"thumbnailUrl\":\"https:\\\/\\\/lamostradevalencia.com\\\/wp-content\\\/uploads\\\/2021\\\/09\\\/Sedimentos-scaled.jpg\",\"keywords\":[\"adri\u00e1n silvestre\",\"Documental\",\"Sessions especials\",\"trans\"],\"articleSection\":[\"Uncategorized @ca\"],\"inLanguage\":\"ca\",\"potentialAction\":[{\"@type\":\"CommentAction\",\"name\":\"Comment\",\"target\":[\"https:\\\/\\\/lamostradevalencia.com\\\/ca\\\/adrian-silvestre-visibilitza-la-identitat-trans-en-sedimentos\\\/#respond\"]}]},{\"@type\":\"WebPage\",\"@id\":\"https:\\\/\\\/lamostradevalencia.com\\\/ca\\\/adrian-silvestre-visibilitza-la-identitat-trans-en-sedimentos\\\/\",\"url\":\"https:\\\/\\\/lamostradevalencia.com\\\/ca\\\/adrian-silvestre-visibilitza-la-identitat-trans-en-sedimentos\\\/\",\"name\":\"ADRI\u00c1N SILVESTRE VISIBILITZA LA IDENTITAT TRANS EN \\\"SEDIMENTOS\\\"\",\"isPartOf\":{\"@id\":\"https:\\\/\\\/lamostradevalencia.com\\\/ca\\\/#website\"},\"primaryImageOfPage\":{\"@id\":\"https:\\\/\\\/lamostradevalencia.com\\\/ca\\\/adrian-silvestre-visibilitza-la-identitat-trans-en-sedimentos\\\/#primaryimage\"},\"image\":{\"@id\":\"https:\\\/\\\/lamostradevalencia.com\\\/ca\\\/adrian-silvestre-visibilitza-la-identitat-trans-en-sedimentos\\\/#primaryimage\"},\"thumbnailUrl\":\"https:\\\/\\\/lamostradevalencia.com\\\/wp-content\\\/uploads\\\/2021\\\/09\\\/Sedimentos-scaled.jpg\",\"datePublished\":\"2021-09-13T15:37:25+00:00\",\"author\":{\"@id\":\"https:\\\/\\\/lamostradevalencia.com\\\/ca\\\/#\\\/schema\\\/person\\\/361c3c0dd5489e78ad78ee4f8332efac\"},\"description\":\"El premiat documental valenci\u00e0 arriba a la Mostra\",\"breadcrumb\":{\"@id\":\"https:\\\/\\\/lamostradevalencia.com\\\/ca\\\/adrian-silvestre-visibilitza-la-identitat-trans-en-sedimentos\\\/#breadcrumb\"},\"inLanguage\":\"ca\",\"potentialAction\":[{\"@type\":\"ReadAction\",\"target\":[\"https:\\\/\\\/lamostradevalencia.com\\\/ca\\\/adrian-silvestre-visibilitza-la-identitat-trans-en-sedimentos\\\/\"]}]},{\"@type\":\"ImageObject\",\"inLanguage\":\"ca\",\"@id\":\"https:\\\/\\\/lamostradevalencia.com\\\/ca\\\/adrian-silvestre-visibilitza-la-identitat-trans-en-sedimentos\\\/#primaryimage\",\"url\":\"https:\\\/\\\/lamostradevalencia.com\\\/wp-content\\\/uploads\\\/2021\\\/09\\\/Sedimentos-scaled.jpg\",\"contentUrl\":\"https:\\\/\\\/lamostradevalencia.com\\\/wp-content\\\/uploads\\\/2021\\\/09\\\/Sedimentos-scaled.jpg\",\"width\":2560,\"height\":1707},{\"@type\":\"BreadcrumbList\",\"@id\":\"https:\\\/\\\/lamostradevalencia.com\\\/ca\\\/adrian-silvestre-visibilitza-la-identitat-trans-en-sedimentos\\\/#breadcrumb\",\"itemListElement\":[{\"@type\":\"ListItem\",\"position\":1,\"name\":\"Portada\",\"item\":\"https:\\\/\\\/lamostradevalencia.com\\\/ca\\\/\"},{\"@type\":\"ListItem\",\"position\":2,\"name\":\"ADRI\u00c1N SILVESTRE VISIBILITZA LA IDENTITAT TRANS EN \u00abSEDIMENTOS\u00bb\"}]},{\"@type\":\"WebSite\",\"@id\":\"https:\\\/\\\/lamostradevalencia.com\\\/ca\\\/#website\",\"url\":\"https:\\\/\\\/lamostradevalencia.com\\\/ca\\\/\",\"name\":\"Mostra de Val\u00e8ncia\",\"description\":\"Cinema del Mediterrani\",\"potentialAction\":[{\"@type\":\"SearchAction\",\"target\":{\"@type\":\"EntryPoint\",\"urlTemplate\":\"https:\\\/\\\/lamostradevalencia.com\\\/ca\\\/?s={search_term_string}\"},\"query-input\":{\"@type\":\"PropertyValueSpecification\",\"valueRequired\":true,\"valueName\":\"search_term_string\"}}],\"inLanguage\":\"ca\"},{\"@type\":\"Person\",\"@id\":\"https:\\\/\\\/lamostradevalencia.com\\\/ca\\\/#\\\/schema\\\/person\\\/361c3c0dd5489e78ad78ee4f8332efac\",\"name\":\"contenidos\",\"image\":{\"@type\":\"ImageObject\",\"inLanguage\":\"ca\",\"@id\":\"https:\\\/\\\/secure.gravatar.com\\\/avatar\\\/a87eddc188a32d5a0371ff92ef616b5006a91e389296d49d081f8d424eef134c?s=96&d=mm&r=g\",\"url\":\"https:\\\/\\\/secure.gravatar.com\\\/avatar\\\/a87eddc188a32d5a0371ff92ef616b5006a91e389296d49d081f8d424eef134c?s=96&d=mm&r=g\",\"contentUrl\":\"https:\\\/\\\/secure.gravatar.com\\\/avatar\\\/a87eddc188a32d5a0371ff92ef616b5006a91e389296d49d081f8d424eef134c?s=96&d=mm&r=g\",\"caption\":\"contenidos\"}}]}<\/script>\n<!-- \/ Yoast SEO plugin. -->","yoast_head_json":{"title":"ADRI\u00c1N SILVESTRE VISIBILITZA LA IDENTITAT TRANS EN \"SEDIMENTOS\"","description":"El premiat documental valenci\u00e0 arriba a la Mostra","robots":{"index":"index","follow":"follow","max-snippet":"max-snippet:-1","max-image-preview":"max-image-preview:large","max-video-preview":"max-video-preview:-1"},"canonical":"https:\/\/lamostradevalencia.com\/ca\/adrian-silvestre-visibilitza-la-identitat-trans-en-sedimentos\/","og_locale":"ca_ES","og_type":"article","og_title":"ADRI\u00c1N SILVESTRE VISIBILITZA LA IDENTITAT TRANS EN \"SEDIMENTOS\"","og_description":"El premiat documental valenci\u00e0 arriba a la Mostra","og_url":"https:\/\/lamostradevalencia.com\/ca\/adrian-silvestre-visibilitza-la-identitat-trans-en-sedimentos\/","og_site_name":"Mostra de Val\u00e8ncia","article_published_time":"2021-09-13T15:37:25+00:00","og_image":[{"width":2560,"height":1707,"url":"https:\/\/lamostradevalencia.com\/wp-content\/uploads\/2021\/09\/Sedimentos-scaled.jpg","type":"image\/jpeg"}],"author":"contenidos","twitter_card":"summary_large_image","twitter_misc":{"Escrit per":"contenidos","Temps estimat de lectura":"3 minuts"},"schema":{"@context":"https:\/\/schema.org","@graph":[{"@type":"Article","@id":"https:\/\/lamostradevalencia.com\/ca\/adrian-silvestre-visibilitza-la-identitat-trans-en-sedimentos\/#article","isPartOf":{"@id":"https:\/\/lamostradevalencia.com\/ca\/adrian-silvestre-visibilitza-la-identitat-trans-en-sedimentos\/"},"author":{"name":"contenidos","@id":"https:\/\/lamostradevalencia.com\/ca\/#\/schema\/person\/361c3c0dd5489e78ad78ee4f8332efac"},"headline":"ADRI\u00c1N SILVESTRE VISIBILITZA LA IDENTITAT TRANS EN &#8220;SEDIMENTOS&#8221;","datePublished":"2021-09-13T15:37:25+00:00","mainEntityOfPage":{"@id":"https:\/\/lamostradevalencia.com\/ca\/adrian-silvestre-visibilitza-la-identitat-trans-en-sedimentos\/"},"wordCount":674,"commentCount":0,"image":{"@id":"https:\/\/lamostradevalencia.com\/ca\/adrian-silvestre-visibilitza-la-identitat-trans-en-sedimentos\/#primaryimage"},"thumbnailUrl":"https:\/\/lamostradevalencia.com\/wp-content\/uploads\/2021\/09\/Sedimentos-scaled.jpg","keywords":["adri\u00e1n silvestre","Documental","Sessions especials","trans"],"articleSection":["Uncategorized @ca"],"inLanguage":"ca","potentialAction":[{"@type":"CommentAction","name":"Comment","target":["https:\/\/lamostradevalencia.com\/ca\/adrian-silvestre-visibilitza-la-identitat-trans-en-sedimentos\/#respond"]}]},{"@type":"WebPage","@id":"https:\/\/lamostradevalencia.com\/ca\/adrian-silvestre-visibilitza-la-identitat-trans-en-sedimentos\/","url":"https:\/\/lamostradevalencia.com\/ca\/adrian-silvestre-visibilitza-la-identitat-trans-en-sedimentos\/","name":"ADRI\u00c1N SILVESTRE VISIBILITZA LA IDENTITAT TRANS EN \"SEDIMENTOS\"","isPartOf":{"@id":"https:\/\/lamostradevalencia.com\/ca\/#website"},"primaryImageOfPage":{"@id":"https:\/\/lamostradevalencia.com\/ca\/adrian-silvestre-visibilitza-la-identitat-trans-en-sedimentos\/#primaryimage"},"image":{"@id":"https:\/\/lamostradevalencia.com\/ca\/adrian-silvestre-visibilitza-la-identitat-trans-en-sedimentos\/#primaryimage"},"thumbnailUrl":"https:\/\/lamostradevalencia.com\/wp-content\/uploads\/2021\/09\/Sedimentos-scaled.jpg","datePublished":"2021-09-13T15:37:25+00:00","author":{"@id":"https:\/\/lamostradevalencia.com\/ca\/#\/schema\/person\/361c3c0dd5489e78ad78ee4f8332efac"},"description":"El premiat documental valenci\u00e0 arriba a la Mostra","breadcrumb":{"@id":"https:\/\/lamostradevalencia.com\/ca\/adrian-silvestre-visibilitza-la-identitat-trans-en-sedimentos\/#breadcrumb"},"inLanguage":"ca","potentialAction":[{"@type":"ReadAction","target":["https:\/\/lamostradevalencia.com\/ca\/adrian-silvestre-visibilitza-la-identitat-trans-en-sedimentos\/"]}]},{"@type":"ImageObject","inLanguage":"ca","@id":"https:\/\/lamostradevalencia.com\/ca\/adrian-silvestre-visibilitza-la-identitat-trans-en-sedimentos\/#primaryimage","url":"https:\/\/lamostradevalencia.com\/wp-content\/uploads\/2021\/09\/Sedimentos-scaled.jpg","contentUrl":"https:\/\/lamostradevalencia.com\/wp-content\/uploads\/2021\/09\/Sedimentos-scaled.jpg","width":2560,"height":1707},{"@type":"BreadcrumbList","@id":"https:\/\/lamostradevalencia.com\/ca\/adrian-silvestre-visibilitza-la-identitat-trans-en-sedimentos\/#breadcrumb","itemListElement":[{"@type":"ListItem","position":1,"name":"Portada","item":"https:\/\/lamostradevalencia.com\/ca\/"},{"@type":"ListItem","position":2,"name":"ADRI\u00c1N SILVESTRE VISIBILITZA LA IDENTITAT TRANS EN \u00abSEDIMENTOS\u00bb"}]},{"@type":"WebSite","@id":"https:\/\/lamostradevalencia.com\/ca\/#website","url":"https:\/\/lamostradevalencia.com\/ca\/","name":"Mostra de Val\u00e8ncia","description":"Cinema del Mediterrani","potentialAction":[{"@type":"SearchAction","target":{"@type":"EntryPoint","urlTemplate":"https:\/\/lamostradevalencia.com\/ca\/?s={search_term_string}"},"query-input":{"@type":"PropertyValueSpecification","valueRequired":true,"valueName":"search_term_string"}}],"inLanguage":"ca"},{"@type":"Person","@id":"https:\/\/lamostradevalencia.com\/ca\/#\/schema\/person\/361c3c0dd5489e78ad78ee4f8332efac","name":"contenidos","image":{"@type":"ImageObject","inLanguage":"ca","@id":"https:\/\/secure.gravatar.com\/avatar\/a87eddc188a32d5a0371ff92ef616b5006a91e389296d49d081f8d424eef134c?s=96&d=mm&r=g","url":"https:\/\/secure.gravatar.com\/avatar\/a87eddc188a32d5a0371ff92ef616b5006a91e389296d49d081f8d424eef134c?s=96&d=mm&r=g","contentUrl":"https:\/\/secure.gravatar.com\/avatar\/a87eddc188a32d5a0371ff92ef616b5006a91e389296d49d081f8d424eef134c?s=96&d=mm&r=g","caption":"contenidos"}}]}},"uagb_featured_image_src":{"full":["https:\/\/lamostradevalencia.com\/wp-content\/uploads\/2021\/09\/Sedimentos-scaled.jpg",2560,1707,false],"thumbnail":["https:\/\/lamostradevalencia.com\/wp-content\/uploads\/2021\/09\/Sedimentos-150x150.jpg",150,150,true],"medium":["https:\/\/lamostradevalencia.com\/wp-content\/uploads\/2021\/09\/Sedimentos-300x200.jpg",300,200,true],"medium_large":["https:\/\/lamostradevalencia.com\/wp-content\/uploads\/2021\/09\/Sedimentos-768x512.jpg",768,512,true],"large":["https:\/\/lamostradevalencia.com\/wp-content\/uploads\/2021\/09\/Sedimentos-1024x683.jpg",1024,683,true],"1536x1536":["https:\/\/lamostradevalencia.com\/wp-content\/uploads\/2021\/09\/Sedimentos-1536x1024.jpg",1536,1024,true],"2048x2048":["https:\/\/lamostradevalencia.com\/wp-content\/uploads\/2021\/09\/Sedimentos-2048x1365.jpg",2048,1365,true],"cinerama_edge_image_square":["https:\/\/lamostradevalencia.com\/wp-content\/uploads\/2021\/09\/Sedimentos-550x550.jpg",550,550,true],"cinerama_edge_image_landscape":["https:\/\/lamostradevalencia.com\/wp-content\/uploads\/2021\/09\/Sedimentos-1100x550.jpg",1100,550,true],"cinerama_edge_image_portrait":["https:\/\/lamostradevalencia.com\/wp-content\/uploads\/2021\/09\/Sedimentos-550x1100.jpg",550,1100,true],"cinerama_edge_image_huge":["https:\/\/lamostradevalencia.com\/wp-content\/uploads\/2021\/09\/Sedimentos-1100x1100.jpg",1100,1100,true],"gform-image-choice-sm":["https:\/\/lamostradevalencia.com\/wp-content\/uploads\/2021\/09\/Sedimentos-scaled.jpg",300,200,false],"gform-image-choice-md":["https:\/\/lamostradevalencia.com\/wp-content\/uploads\/2021\/09\/Sedimentos-scaled.jpg",400,267,false],"gform-image-choice-lg":["https:\/\/lamostradevalencia.com\/wp-content\/uploads\/2021\/09\/Sedimentos-scaled.jpg",600,400,false]},"uagb_author_info":{"display_name":"contenidos","author_link":"https:\/\/lamostradevalencia.com\/ca\/author\/contenidos\/"},"uagb_comment_info":0,"uagb_excerpt":"El premiat documental valenci\u00e0 arriba a la Mostra &nbsp; A l\u2019igual de la Terra, el nostre interior est\u00e0 format per diferents capes i estrats, que [&hellip;]","_links":{"self":[{"href":"https:\/\/lamostradevalencia.com\/ca\/wp-json\/wp\/v2\/posts\/10618","targetHints":{"allow":["GET"]}}],"collection":[{"href":"https:\/\/lamostradevalencia.com\/ca\/wp-json\/wp\/v2\/posts"}],"about":[{"href":"https:\/\/lamostradevalencia.com\/ca\/wp-json\/wp\/v2\/types\/post"}],"author":[{"embeddable":true,"href":"https:\/\/lamostradevalencia.com\/ca\/wp-json\/wp\/v2\/users\/3"}],"replies":[{"embeddable":true,"href":"https:\/\/lamostradevalencia.com\/ca\/wp-json\/wp\/v2\/comments?post=10618"}],"version-history":[{"count":1,"href":"https:\/\/lamostradevalencia.com\/ca\/wp-json\/wp\/v2\/posts\/10618\/revisions"}],"predecessor-version":[{"id":10619,"href":"https:\/\/lamostradevalencia.com\/ca\/wp-json\/wp\/v2\/posts\/10618\/revisions\/10619"}],"wp:featuredmedia":[{"embeddable":true,"href":"https:\/\/lamostradevalencia.com\/ca\/wp-json\/wp\/v2\/media\/10614"}],"wp:attachment":[{"href":"https:\/\/lamostradevalencia.com\/ca\/wp-json\/wp\/v2\/media?parent=10618"}],"wp:term":[{"taxonomy":"category","embeddable":true,"href":"https:\/\/lamostradevalencia.com\/ca\/wp-json\/wp\/v2\/categories?post=10618"},{"taxonomy":"post_tag","embeddable":true,"href":"https:\/\/lamostradevalencia.com\/ca\/wp-json\/wp\/v2\/tags?post=10618"}],"curies":[{"name":"wp","href":"https:\/\/api.w.org\/{rel}","templated":true}]}}