{"id":10510,"date":"2021-09-02T07:13:53","date_gmt":"2021-09-02T05:13:53","guid":{"rendered":"https:\/\/lamostradevalencia.com\/?p=10510"},"modified":"2021-09-02T07:14:07","modified_gmt":"2021-09-02T05:14:07","slug":"mostra-de-valencia-dedica-un-cicle-al-music-i-cineasta-marc-hurtado","status":"publish","type":"post","link":"https:\/\/lamostradevalencia.com\/ca\/mostra-de-valencia-dedica-un-cicle-al-music-i-cineasta-marc-hurtado\/","title":{"rendered":"MOSTRA DE VAL\u00c8NCIA DEDICA UN CICLE AL M\u00daSIC I CINEASTA MARC HURTADO"},"content":{"rendered":"\n<p><strong>Figura clau de l&#8217;escena experimental francesa, Marc Hurtado impartir\u00e0 una masterclass en la 36 edici\u00f3 de Mostra de Val\u00e8ncia-Cinema del Mediterrani, que se celebrar\u00e0 del 15 al 24 d&#8217;octubre. El festival projectar\u00e0 la seua obra completa i estrenar\u00e0 a Espanya &#8220;My Lover The Killer&#8221;, protagonitzada per Lydia Lunch.<\/strong><\/p>\n\n\n\n<p>Creador radical i polifac\u00e8tic, Marc Hurtado (Rabat, 1962), va ser cofundador -junt amb el seu germ\u00e0 \u00c9ric- de la banda de rock experimental \u00c9tant Donn\u00e9s, i ha desenvolupat una carrera multidisciplin\u00e0ria com a m\u00fasic, cineasta, performer, productor, poeta i artista visual, que l\u2019ha convertit en un dels principals creadors de l&#8217;escena d&#8217;avantguarda francesa des dels anys huitanta.<\/p>\n\n\n\n<p>Amb \u00c9tant Donn\u00e9s va treballar al costat de figures com ara Alan Vega (Suicide), Genesis P-Orridge (Throbbing Gristle, Psychic TV), Michael Gira (Swans), Lydia Lunch i Pascal Comelade, entre d\u2019altres, a m\u00e9s de realitzar bandes sonores i dissenys de so per a cineastes com ara Jessica Hausner o Philippe Grandrieux.<\/p>\n\n\n\n<p>Marc Hurtado pren aix\u00ed el relleu de Marina Abramovi\u0107 en la secci\u00f3 FOCUS, &#8220;dedicada a posar en valor l&#8217;obra de figures rellevants de la cultura que mantenen una intensa relaci\u00f3 amb l&#8217;audiovisual, com \u00e9s el cas d&#8217;este creador franc\u00e9s nascut al Marroc&#8221;, assenyala Gloria Tello, presidenta de Mostra de Val\u00e8ncia i Iniciatives Audiovisuals.<\/p>\n\n\n\n<p>Des dels seus inicis en format S\u00faper 8, Hurtado ha dirigit una vintena de films, inclosos tres llargmetratges, entre els quals destaca &#8220;Jajouka, quelque chose de bon vient vers toi&#8221;, que forma part de la col\u00b7lecci\u00f3 del MOMA de Nova York i \u00e9s considerada com una obra clau del segle XXI. &#8220;Al llarg de la meua carrera com a cineasta i m\u00fasic, sempre m&#8217;he esfor\u00e7at per combinar imatge i so, com un escultor que mescla terra i aigua: estos dos elements diferents han de formar una tercera mat\u00e8ria viva, que \u00e9s el cos de la pel\u00b7l\u00edcula&#8221;, ha declarat l&#8217;artista, que visitar\u00e0 Val\u00e8ncia per a oferir una masterclass sobre la seua obra.<\/p>\n\n\n\n<figure class=\"wp-block-image size-large\"><img loading=\"lazy\" decoding=\"async\" width=\"1024\" height=\"768\" src=\"https:\/\/lamostradevalencia.com\/wp-content\/uploads\/2021\/09\/blanche-hd-1024x768.jpg\" alt=\"\" class=\"wp-image-10506\" srcset=\"https:\/\/lamostradevalencia.com\/wp-content\/uploads\/2021\/09\/blanche-hd-1024x768.jpg 1024w, https:\/\/lamostradevalencia.com\/wp-content\/uploads\/2021\/09\/blanche-hd-300x225.jpg 300w, https:\/\/lamostradevalencia.com\/wp-content\/uploads\/2021\/09\/blanche-hd-768x576.jpg 768w, https:\/\/lamostradevalencia.com\/wp-content\/uploads\/2021\/09\/blanche-hd.jpg 1200w\" sizes=\"auto, (max-width: 1024px) 100vw, 1024px\" \/><\/figure>\n\n\n\n<p><strong>Transgressora i po\u00e8tica<\/strong><\/p>\n\n\n\n<p>Mostra de Val\u00e8ncia repassar\u00e0 una filmografia transgressora i po\u00e8tica, que va des de l&#8217;autofilmaci\u00f3 o la projecci\u00f3 de l&#8217;artista a trav\u00e9s de l&#8217;ull de la c\u00e0mera, fins a una s\u00e8rie d&#8217;intrigants collages visuals i sonors o els seus treballs amb Alan Vega, que inclouen moments \u00edntims del cantant, o el documental &#8220;Infinite Dreamers&#8221;, on es recull una gira mundial del duo Suicide.<\/p>\n\n\n\n<p>A m\u00e9s, Mostra de Val\u00e8ncia estrena a Espanya l&#8217;\u00faltim treball de Marc Hurtado, &#8220;My Lover The Killer&#8221;. Originalment un \u00e0lbum compost en col\u00b7laboraci\u00f3 amb la controvertida cantant i performer Lydia Lunch es convertix, gr\u00e0cies a l&#8217;atenta c\u00e0mera d&#8217;Hurtado, en un documental molt personal que seguix a Lunch el m\u00e9s a prop possible, ausculta cada rac\u00f3 de la seua vida i es tradu\u00efx en imatges plenes de c\u00e0rrega simb\u00f2lica i pensaments \u00edntims.<\/p>\n\n\n\n<p>Per a Eduardo Guillot, responsable de programaci\u00f3 del festival, &#8220;la reivindicaci\u00f3 de l&#8217;obra d&#8217;Hurtado \u00e9s una nova mostra del comprom\u00eds de la Mostra amb l&#8217;audiovisual contemporani i amb les persones creadores que se situen en els marges, capaces de desenvolupar una obra singular i de trencar fronteres per a utilitzar el so i la imatge des de plantejaments rabiosament originals i \u00fanicament compromeses amb la seua personal idea de l&#8217;art cinematogr\u00e0fic&#8221;.<\/p>\n\n\n\n<figure class=\"wp-block-image size-large\"><img loading=\"lazy\" decoding=\"async\" width=\"1024\" height=\"692\" src=\"https:\/\/lamostradevalencia.com\/wp-content\/uploads\/2021\/09\/j_37404-1024x692.jpg\" alt=\"\" class=\"wp-image-10494\" srcset=\"https:\/\/lamostradevalencia.com\/wp-content\/uploads\/2021\/09\/j_37404-1024x692.jpg 1024w, https:\/\/lamostradevalencia.com\/wp-content\/uploads\/2021\/09\/j_37404-300x203.jpg 300w, https:\/\/lamostradevalencia.com\/wp-content\/uploads\/2021\/09\/j_37404-768x519.jpg 768w, https:\/\/lamostradevalencia.com\/wp-content\/uploads\/2021\/09\/j_37404-1536x1038.jpg 1536w\" sizes=\"auto, (max-width: 1024px) 100vw, 1024px\" \/><\/figure>\n\n\n\n<p>La 36a Mostra de Val\u00e8ncia compta amb la col\u00b7laboraci\u00f3 del Palau de la M\u00fasica, de Rambleta i d&#8217;\u00c0 Punt M\u00e8dia com a mitj\u00e0 oficial, i amb l&#8217;acreditaci\u00f3 de FIAPF com a festival competitiu especialitzat.<\/p>\n","protected":false},"excerpt":{"rendered":"<p>Figura clau de l&#8217;escena experimental francesa, Marc Hurtado impartir\u00e0 una masterclass en la 36 edici\u00f3 de Mostra de Val\u00e8ncia-Cinema del Mediterrani, que se celebrar\u00e0 del [&hellip;]<\/p>\n","protected":false},"author":1,"featured_media":10499,"comment_status":"open","ping_status":"open","sticky":false,"template":"","format":"standard","meta":{"_uag_custom_page_level_css":"","_jet_sm_ready_style":"","_jet_sm_style":"","_jet_sm_controls_values":"","_jet_sm_fonts_collection":"","_jet_sm_fonts_links":"","footnotes":""},"categories":[455],"tags":[],"class_list":["post-10510","post","type-post","status-publish","format-standard","has-post-thumbnail","hentry","category-noticies"],"yoast_head":"<!-- This site is optimized with the Yoast SEO plugin v27.5 - https:\/\/yoast.com\/product\/yoast-seo-wordpress\/ -->\n<title>MOSTRA DE VAL\u00c8NCIA DEDICA UN CICLE AL M\u00daSIC I CINEASTA MARC HURTADO - Mostra de Val\u00e8ncia<\/title>\n<meta name=\"robots\" content=\"index, follow, max-snippet:-1, max-image-preview:large, max-video-preview:-1\" \/>\n<link rel=\"canonical\" href=\"https:\/\/lamostradevalencia.com\/ca\/mostra-de-valencia-dedica-un-cicle-al-music-i-cineasta-marc-hurtado\/\" \/>\n<meta property=\"og:locale\" content=\"ca_ES\" \/>\n<meta property=\"og:type\" content=\"article\" \/>\n<meta property=\"og:title\" content=\"MOSTRA DE VAL\u00c8NCIA DEDICA UN CICLE AL M\u00daSIC I CINEASTA MARC HURTADO - Mostra de Val\u00e8ncia\" \/>\n<meta property=\"og:description\" content=\"Figura clau de l&#8217;escena experimental francesa, Marc Hurtado impartir\u00e0 una masterclass en la 36 edici\u00f3 de Mostra de Val\u00e8ncia-Cinema del Mediterrani, que se celebrar\u00e0 del [&hellip;]\" \/>\n<meta property=\"og:url\" content=\"https:\/\/lamostradevalencia.com\/ca\/mostra-de-valencia-dedica-un-cicle-al-music-i-cineasta-marc-hurtado\/\" \/>\n<meta property=\"og:site_name\" content=\"Mostra de Val\u00e8ncia\" \/>\n<meta property=\"article:published_time\" content=\"2021-09-02T05:13:53+00:00\" \/>\n<meta property=\"article:modified_time\" content=\"2021-09-02T05:14:07+00:00\" \/>\n<meta property=\"og:image\" content=\"https:\/\/lamostradevalencia.com\/wp-content\/uploads\/2021\/09\/Foto-Marc-Hurtado-scaled.jpeg\" \/>\n\t<meta property=\"og:image:width\" content=\"2436\" \/>\n\t<meta property=\"og:image:height\" content=\"2560\" \/>\n\t<meta property=\"og:image:type\" content=\"image\/jpeg\" \/>\n<meta name=\"author\" content=\"Mostra de Val\u00e8ncia\" \/>\n<meta name=\"twitter:card\" content=\"summary_large_image\" \/>\n<meta name=\"twitter:label1\" content=\"Escrit per\" \/>\n\t<meta name=\"twitter:data1\" content=\"Mostra de Val\u00e8ncia\" \/>\n\t<meta name=\"twitter:label2\" content=\"Temps estimat de lectura\" \/>\n\t<meta name=\"twitter:data2\" content=\"3 minuts\" \/>\n<script type=\"application\/ld+json\" class=\"yoast-schema-graph\">{\"@context\":\"https:\\\/\\\/schema.org\",\"@graph\":[{\"@type\":\"Article\",\"@id\":\"https:\\\/\\\/lamostradevalencia.com\\\/ca\\\/mostra-de-valencia-dedica-un-cicle-al-music-i-cineasta-marc-hurtado\\\/#article\",\"isPartOf\":{\"@id\":\"https:\\\/\\\/lamostradevalencia.com\\\/ca\\\/mostra-de-valencia-dedica-un-cicle-al-music-i-cineasta-marc-hurtado\\\/\"},\"author\":{\"name\":\"Mostra de Val\u00e8ncia\",\"@id\":\"https:\\\/\\\/lamostradevalencia.com\\\/ca\\\/#\\\/schema\\\/person\\\/1dc07e4df3d6310b81d2cdf6a034070c\"},\"headline\":\"MOSTRA DE VAL\u00c8NCIA DEDICA UN CICLE AL M\u00daSIC I CINEASTA MARC HURTADO\",\"datePublished\":\"2021-09-02T05:13:53+00:00\",\"dateModified\":\"2021-09-02T05:14:07+00:00\",\"mainEntityOfPage\":{\"@id\":\"https:\\\/\\\/lamostradevalencia.com\\\/ca\\\/mostra-de-valencia-dedica-un-cicle-al-music-i-cineasta-marc-hurtado\\\/\"},\"wordCount\":630,\"commentCount\":0,\"image\":{\"@id\":\"https:\\\/\\\/lamostradevalencia.com\\\/ca\\\/mostra-de-valencia-dedica-un-cicle-al-music-i-cineasta-marc-hurtado\\\/#primaryimage\"},\"thumbnailUrl\":\"https:\\\/\\\/lamostradevalencia.com\\\/wp-content\\\/uploads\\\/2021\\\/09\\\/Foto-Marc-Hurtado-scaled.jpeg\",\"articleSection\":[\"Noticies\"],\"inLanguage\":\"ca\",\"potentialAction\":[{\"@type\":\"CommentAction\",\"name\":\"Comment\",\"target\":[\"https:\\\/\\\/lamostradevalencia.com\\\/ca\\\/mostra-de-valencia-dedica-un-cicle-al-music-i-cineasta-marc-hurtado\\\/#respond\"]}]},{\"@type\":\"WebPage\",\"@id\":\"https:\\\/\\\/lamostradevalencia.com\\\/ca\\\/mostra-de-valencia-dedica-un-cicle-al-music-i-cineasta-marc-hurtado\\\/\",\"url\":\"https:\\\/\\\/lamostradevalencia.com\\\/ca\\\/mostra-de-valencia-dedica-un-cicle-al-music-i-cineasta-marc-hurtado\\\/\",\"name\":\"MOSTRA DE VAL\u00c8NCIA DEDICA UN CICLE AL M\u00daSIC I CINEASTA MARC HURTADO - Mostra de Val\u00e8ncia\",\"isPartOf\":{\"@id\":\"https:\\\/\\\/lamostradevalencia.com\\\/ca\\\/#website\"},\"primaryImageOfPage\":{\"@id\":\"https:\\\/\\\/lamostradevalencia.com\\\/ca\\\/mostra-de-valencia-dedica-un-cicle-al-music-i-cineasta-marc-hurtado\\\/#primaryimage\"},\"image\":{\"@id\":\"https:\\\/\\\/lamostradevalencia.com\\\/ca\\\/mostra-de-valencia-dedica-un-cicle-al-music-i-cineasta-marc-hurtado\\\/#primaryimage\"},\"thumbnailUrl\":\"https:\\\/\\\/lamostradevalencia.com\\\/wp-content\\\/uploads\\\/2021\\\/09\\\/Foto-Marc-Hurtado-scaled.jpeg\",\"datePublished\":\"2021-09-02T05:13:53+00:00\",\"dateModified\":\"2021-09-02T05:14:07+00:00\",\"author\":{\"@id\":\"https:\\\/\\\/lamostradevalencia.com\\\/ca\\\/#\\\/schema\\\/person\\\/1dc07e4df3d6310b81d2cdf6a034070c\"},\"breadcrumb\":{\"@id\":\"https:\\\/\\\/lamostradevalencia.com\\\/ca\\\/mostra-de-valencia-dedica-un-cicle-al-music-i-cineasta-marc-hurtado\\\/#breadcrumb\"},\"inLanguage\":\"ca\",\"potentialAction\":[{\"@type\":\"ReadAction\",\"target\":[\"https:\\\/\\\/lamostradevalencia.com\\\/ca\\\/mostra-de-valencia-dedica-un-cicle-al-music-i-cineasta-marc-hurtado\\\/\"]}]},{\"@type\":\"ImageObject\",\"inLanguage\":\"ca\",\"@id\":\"https:\\\/\\\/lamostradevalencia.com\\\/ca\\\/mostra-de-valencia-dedica-un-cicle-al-music-i-cineasta-marc-hurtado\\\/#primaryimage\",\"url\":\"https:\\\/\\\/lamostradevalencia.com\\\/wp-content\\\/uploads\\\/2021\\\/09\\\/Foto-Marc-Hurtado-scaled.jpeg\",\"contentUrl\":\"https:\\\/\\\/lamostradevalencia.com\\\/wp-content\\\/uploads\\\/2021\\\/09\\\/Foto-Marc-Hurtado-scaled.jpeg\",\"width\":2436,\"height\":2560},{\"@type\":\"BreadcrumbList\",\"@id\":\"https:\\\/\\\/lamostradevalencia.com\\\/ca\\\/mostra-de-valencia-dedica-un-cicle-al-music-i-cineasta-marc-hurtado\\\/#breadcrumb\",\"itemListElement\":[{\"@type\":\"ListItem\",\"position\":1,\"name\":\"Portada\",\"item\":\"https:\\\/\\\/lamostradevalencia.com\\\/ca\\\/\"},{\"@type\":\"ListItem\",\"position\":2,\"name\":\"MOSTRA DE VAL\u00c8NCIA DEDICA UN CICLE AL M\u00daSIC I CINEASTA MARC HURTADO\"}]},{\"@type\":\"WebSite\",\"@id\":\"https:\\\/\\\/lamostradevalencia.com\\\/ca\\\/#website\",\"url\":\"https:\\\/\\\/lamostradevalencia.com\\\/ca\\\/\",\"name\":\"Mostra de Val\u00e8ncia\",\"description\":\"Cinema del Mediterrani\",\"potentialAction\":[{\"@type\":\"SearchAction\",\"target\":{\"@type\":\"EntryPoint\",\"urlTemplate\":\"https:\\\/\\\/lamostradevalencia.com\\\/ca\\\/?s={search_term_string}\"},\"query-input\":{\"@type\":\"PropertyValueSpecification\",\"valueRequired\":true,\"valueName\":\"search_term_string\"}}],\"inLanguage\":\"ca\"},{\"@type\":\"Person\",\"@id\":\"https:\\\/\\\/lamostradevalencia.com\\\/ca\\\/#\\\/schema\\\/person\\\/1dc07e4df3d6310b81d2cdf6a034070c\",\"name\":\"Mostra de Val\u00e8ncia\",\"image\":{\"@type\":\"ImageObject\",\"inLanguage\":\"ca\",\"@id\":\"https:\\\/\\\/secure.gravatar.com\\\/avatar\\\/ada4dfd699a9907706987adb1bb2b361c2613ccca474b49b8c648de5208e32f8?s=96&d=mm&r=g\",\"url\":\"https:\\\/\\\/secure.gravatar.com\\\/avatar\\\/ada4dfd699a9907706987adb1bb2b361c2613ccca474b49b8c648de5208e32f8?s=96&d=mm&r=g\",\"contentUrl\":\"https:\\\/\\\/secure.gravatar.com\\\/avatar\\\/ada4dfd699a9907706987adb1bb2b361c2613ccca474b49b8c648de5208e32f8?s=96&d=mm&r=g\",\"caption\":\"Mostra de Val\u00e8ncia\"}}]}<\/script>\n<!-- \/ Yoast SEO plugin. -->","yoast_head_json":{"title":"MOSTRA DE VAL\u00c8NCIA DEDICA UN CICLE AL M\u00daSIC I CINEASTA MARC HURTADO - Mostra de Val\u00e8ncia","robots":{"index":"index","follow":"follow","max-snippet":"max-snippet:-1","max-image-preview":"max-image-preview:large","max-video-preview":"max-video-preview:-1"},"canonical":"https:\/\/lamostradevalencia.com\/ca\/mostra-de-valencia-dedica-un-cicle-al-music-i-cineasta-marc-hurtado\/","og_locale":"ca_ES","og_type":"article","og_title":"MOSTRA DE VAL\u00c8NCIA DEDICA UN CICLE AL M\u00daSIC I CINEASTA MARC HURTADO - Mostra de Val\u00e8ncia","og_description":"Figura clau de l&#8217;escena experimental francesa, Marc Hurtado impartir\u00e0 una masterclass en la 36 edici\u00f3 de Mostra de Val\u00e8ncia-Cinema del Mediterrani, que se celebrar\u00e0 del [&hellip;]","og_url":"https:\/\/lamostradevalencia.com\/ca\/mostra-de-valencia-dedica-un-cicle-al-music-i-cineasta-marc-hurtado\/","og_site_name":"Mostra de Val\u00e8ncia","article_published_time":"2021-09-02T05:13:53+00:00","article_modified_time":"2021-09-02T05:14:07+00:00","og_image":[{"width":2436,"height":2560,"url":"https:\/\/lamostradevalencia.com\/wp-content\/uploads\/2021\/09\/Foto-Marc-Hurtado-scaled.jpeg","type":"image\/jpeg"}],"author":"Mostra de Val\u00e8ncia","twitter_card":"summary_large_image","twitter_misc":{"Escrit per":"Mostra de Val\u00e8ncia","Temps estimat de lectura":"3 minuts"},"schema":{"@context":"https:\/\/schema.org","@graph":[{"@type":"Article","@id":"https:\/\/lamostradevalencia.com\/ca\/mostra-de-valencia-dedica-un-cicle-al-music-i-cineasta-marc-hurtado\/#article","isPartOf":{"@id":"https:\/\/lamostradevalencia.com\/ca\/mostra-de-valencia-dedica-un-cicle-al-music-i-cineasta-marc-hurtado\/"},"author":{"name":"Mostra de Val\u00e8ncia","@id":"https:\/\/lamostradevalencia.com\/ca\/#\/schema\/person\/1dc07e4df3d6310b81d2cdf6a034070c"},"headline":"MOSTRA DE VAL\u00c8NCIA DEDICA UN CICLE AL M\u00daSIC I CINEASTA MARC HURTADO","datePublished":"2021-09-02T05:13:53+00:00","dateModified":"2021-09-02T05:14:07+00:00","mainEntityOfPage":{"@id":"https:\/\/lamostradevalencia.com\/ca\/mostra-de-valencia-dedica-un-cicle-al-music-i-cineasta-marc-hurtado\/"},"wordCount":630,"commentCount":0,"image":{"@id":"https:\/\/lamostradevalencia.com\/ca\/mostra-de-valencia-dedica-un-cicle-al-music-i-cineasta-marc-hurtado\/#primaryimage"},"thumbnailUrl":"https:\/\/lamostradevalencia.com\/wp-content\/uploads\/2021\/09\/Foto-Marc-Hurtado-scaled.jpeg","articleSection":["Noticies"],"inLanguage":"ca","potentialAction":[{"@type":"CommentAction","name":"Comment","target":["https:\/\/lamostradevalencia.com\/ca\/mostra-de-valencia-dedica-un-cicle-al-music-i-cineasta-marc-hurtado\/#respond"]}]},{"@type":"WebPage","@id":"https:\/\/lamostradevalencia.com\/ca\/mostra-de-valencia-dedica-un-cicle-al-music-i-cineasta-marc-hurtado\/","url":"https:\/\/lamostradevalencia.com\/ca\/mostra-de-valencia-dedica-un-cicle-al-music-i-cineasta-marc-hurtado\/","name":"MOSTRA DE VAL\u00c8NCIA DEDICA UN CICLE AL M\u00daSIC I CINEASTA MARC HURTADO - Mostra de Val\u00e8ncia","isPartOf":{"@id":"https:\/\/lamostradevalencia.com\/ca\/#website"},"primaryImageOfPage":{"@id":"https:\/\/lamostradevalencia.com\/ca\/mostra-de-valencia-dedica-un-cicle-al-music-i-cineasta-marc-hurtado\/#primaryimage"},"image":{"@id":"https:\/\/lamostradevalencia.com\/ca\/mostra-de-valencia-dedica-un-cicle-al-music-i-cineasta-marc-hurtado\/#primaryimage"},"thumbnailUrl":"https:\/\/lamostradevalencia.com\/wp-content\/uploads\/2021\/09\/Foto-Marc-Hurtado-scaled.jpeg","datePublished":"2021-09-02T05:13:53+00:00","dateModified":"2021-09-02T05:14:07+00:00","author":{"@id":"https:\/\/lamostradevalencia.com\/ca\/#\/schema\/person\/1dc07e4df3d6310b81d2cdf6a034070c"},"breadcrumb":{"@id":"https:\/\/lamostradevalencia.com\/ca\/mostra-de-valencia-dedica-un-cicle-al-music-i-cineasta-marc-hurtado\/#breadcrumb"},"inLanguage":"ca","potentialAction":[{"@type":"ReadAction","target":["https:\/\/lamostradevalencia.com\/ca\/mostra-de-valencia-dedica-un-cicle-al-music-i-cineasta-marc-hurtado\/"]}]},{"@type":"ImageObject","inLanguage":"ca","@id":"https:\/\/lamostradevalencia.com\/ca\/mostra-de-valencia-dedica-un-cicle-al-music-i-cineasta-marc-hurtado\/#primaryimage","url":"https:\/\/lamostradevalencia.com\/wp-content\/uploads\/2021\/09\/Foto-Marc-Hurtado-scaled.jpeg","contentUrl":"https:\/\/lamostradevalencia.com\/wp-content\/uploads\/2021\/09\/Foto-Marc-Hurtado-scaled.jpeg","width":2436,"height":2560},{"@type":"BreadcrumbList","@id":"https:\/\/lamostradevalencia.com\/ca\/mostra-de-valencia-dedica-un-cicle-al-music-i-cineasta-marc-hurtado\/#breadcrumb","itemListElement":[{"@type":"ListItem","position":1,"name":"Portada","item":"https:\/\/lamostradevalencia.com\/ca\/"},{"@type":"ListItem","position":2,"name":"MOSTRA DE VAL\u00c8NCIA DEDICA UN CICLE AL M\u00daSIC I CINEASTA MARC HURTADO"}]},{"@type":"WebSite","@id":"https:\/\/lamostradevalencia.com\/ca\/#website","url":"https:\/\/lamostradevalencia.com\/ca\/","name":"Mostra de Val\u00e8ncia","description":"Cinema del Mediterrani","potentialAction":[{"@type":"SearchAction","target":{"@type":"EntryPoint","urlTemplate":"https:\/\/lamostradevalencia.com\/ca\/?s={search_term_string}"},"query-input":{"@type":"PropertyValueSpecification","valueRequired":true,"valueName":"search_term_string"}}],"inLanguage":"ca"},{"@type":"Person","@id":"https:\/\/lamostradevalencia.com\/ca\/#\/schema\/person\/1dc07e4df3d6310b81d2cdf6a034070c","name":"Mostra de Val\u00e8ncia","image":{"@type":"ImageObject","inLanguage":"ca","@id":"https:\/\/secure.gravatar.com\/avatar\/ada4dfd699a9907706987adb1bb2b361c2613ccca474b49b8c648de5208e32f8?s=96&d=mm&r=g","url":"https:\/\/secure.gravatar.com\/avatar\/ada4dfd699a9907706987adb1bb2b361c2613ccca474b49b8c648de5208e32f8?s=96&d=mm&r=g","contentUrl":"https:\/\/secure.gravatar.com\/avatar\/ada4dfd699a9907706987adb1bb2b361c2613ccca474b49b8c648de5208e32f8?s=96&d=mm&r=g","caption":"Mostra de Val\u00e8ncia"}}]}},"uagb_featured_image_src":{"full":["https:\/\/lamostradevalencia.com\/wp-content\/uploads\/2021\/09\/Foto-Marc-Hurtado-scaled.jpeg",2436,2560,false],"thumbnail":["https:\/\/lamostradevalencia.com\/wp-content\/uploads\/2021\/09\/Foto-Marc-Hurtado-150x150.jpeg",150,150,true],"medium":["https:\/\/lamostradevalencia.com\/wp-content\/uploads\/2021\/09\/Foto-Marc-Hurtado-286x300.jpeg",286,300,true],"medium_large":["https:\/\/lamostradevalencia.com\/wp-content\/uploads\/2021\/09\/Foto-Marc-Hurtado-768x807.jpeg",768,807,true],"large":["https:\/\/lamostradevalencia.com\/wp-content\/uploads\/2021\/09\/Foto-Marc-Hurtado-975x1024.jpeg",975,1024,true],"1536x1536":["https:\/\/lamostradevalencia.com\/wp-content\/uploads\/2021\/09\/Foto-Marc-Hurtado-1462x1536.jpeg",1462,1536,true],"2048x2048":["https:\/\/lamostradevalencia.com\/wp-content\/uploads\/2021\/09\/Foto-Marc-Hurtado-1949x2048.jpeg",1949,2048,true],"cinerama_edge_image_square":["https:\/\/lamostradevalencia.com\/wp-content\/uploads\/2021\/09\/Foto-Marc-Hurtado-550x550.jpeg",550,550,true],"cinerama_edge_image_landscape":["https:\/\/lamostradevalencia.com\/wp-content\/uploads\/2021\/09\/Foto-Marc-Hurtado-1100x550.jpeg",1100,550,true],"cinerama_edge_image_portrait":["https:\/\/lamostradevalencia.com\/wp-content\/uploads\/2021\/09\/Foto-Marc-Hurtado-550x1100.jpeg",550,1100,true],"cinerama_edge_image_huge":["https:\/\/lamostradevalencia.com\/wp-content\/uploads\/2021\/09\/Foto-Marc-Hurtado-1100x1100.jpeg",1100,1100,true],"gform-image-choice-sm":["https:\/\/lamostradevalencia.com\/wp-content\/uploads\/2021\/09\/Foto-Marc-Hurtado-scaled.jpeg",285,300,false],"gform-image-choice-md":["https:\/\/lamostradevalencia.com\/wp-content\/uploads\/2021\/09\/Foto-Marc-Hurtado-scaled.jpeg",381,400,false],"gform-image-choice-lg":["https:\/\/lamostradevalencia.com\/wp-content\/uploads\/2021\/09\/Foto-Marc-Hurtado-scaled.jpeg",571,600,false]},"uagb_author_info":{"display_name":"Mostra de Val\u00e8ncia","author_link":"https:\/\/lamostradevalencia.com\/ca\/author\/mostravalencia\/"},"uagb_comment_info":0,"uagb_excerpt":"Figura clau de l&#8217;escena experimental francesa, Marc Hurtado impartir\u00e0 una masterclass en la 36 edici\u00f3 de Mostra de Val\u00e8ncia-Cinema del Mediterrani, que se celebrar\u00e0 del [&hellip;]","_links":{"self":[{"href":"https:\/\/lamostradevalencia.com\/ca\/wp-json\/wp\/v2\/posts\/10510","targetHints":{"allow":["GET"]}}],"collection":[{"href":"https:\/\/lamostradevalencia.com\/ca\/wp-json\/wp\/v2\/posts"}],"about":[{"href":"https:\/\/lamostradevalencia.com\/ca\/wp-json\/wp\/v2\/types\/post"}],"author":[{"embeddable":true,"href":"https:\/\/lamostradevalencia.com\/ca\/wp-json\/wp\/v2\/users\/1"}],"replies":[{"embeddable":true,"href":"https:\/\/lamostradevalencia.com\/ca\/wp-json\/wp\/v2\/comments?post=10510"}],"version-history":[{"count":1,"href":"https:\/\/lamostradevalencia.com\/ca\/wp-json\/wp\/v2\/posts\/10510\/revisions"}],"predecessor-version":[{"id":10511,"href":"https:\/\/lamostradevalencia.com\/ca\/wp-json\/wp\/v2\/posts\/10510\/revisions\/10511"}],"wp:featuredmedia":[{"embeddable":true,"href":"https:\/\/lamostradevalencia.com\/ca\/wp-json\/wp\/v2\/media\/10499"}],"wp:attachment":[{"href":"https:\/\/lamostradevalencia.com\/ca\/wp-json\/wp\/v2\/media?parent=10510"}],"wp:term":[{"taxonomy":"category","embeddable":true,"href":"https:\/\/lamostradevalencia.com\/ca\/wp-json\/wp\/v2\/categories?post=10510"},{"taxonomy":"post_tag","embeddable":true,"href":"https:\/\/lamostradevalencia.com\/ca\/wp-json\/wp\/v2\/tags?post=10510"}],"curies":[{"name":"wp","href":"https:\/\/api.w.org\/{rel}","templated":true}]}}