{"id":10480,"date":"2021-08-26T07:21:09","date_gmt":"2021-08-26T05:21:09","guid":{"rendered":"https:\/\/lamostradevalencia.com\/?p=10480"},"modified":"2021-08-26T07:21:11","modified_gmt":"2021-08-26T05:21:11","slug":"lactriu-myriam-mezieres-presidira-el-jurat-de-mostra-de-valencia","status":"publish","type":"post","link":"https:\/\/lamostradevalencia.com\/ca\/lactriu-myriam-mezieres-presidira-el-jurat-de-mostra-de-valencia\/","title":{"rendered":"L&#8217;ACTRIU MYRIAM M\u00c9ZI\u00c8RES PRESIDIR\u00c0 EL JURAT DE MOSTRA DE VAL\u00c8NCIA"},"content":{"rendered":"\n<p><strong>La francesa Myriam M\u00e9zi\u00e8res ser\u00e0 la presidenta del jurat de la 36a edici\u00f3 de Mostra de Val\u00e8ncia-Cinema del Mediterrani, que se celebrar\u00e0 del 15 al 24 d&#8217;octubre. L&#8217;acompanyaran Tarek Ben Chaabane, Najwa Najjar, Marina Perales Marhuenda i Jean-Michel Bernard.<\/strong><\/p>\n\n\n\n<p><br><strong>Myriam M\u00e9zi\u00e8res,<\/strong> que va debutar al cinema als 16 anys i ha rodat amb directors com ara <strong>Claude Lelouch, Jean-Pierre Mocky, Andrej Zulawski, Manuel G\u00f3mez Pereira, Cesc Gay<\/strong> o <strong>Fernando Arrabal,<\/strong> presidir\u00e0 el jurat internacional que atorgar\u00e0 la Palmera d&#8217;Or a la millor pel\u00b7l\u00edcula i la resta de premis oficials de la Secci\u00f3 Oficial.\u00a0M\u00e9zi\u00e8res va mantindre una llarga relaci\u00f3 professional amb <strong>Alain Tanner<\/strong> al llarg de cinc pel\u00b7l\u00edcules, entre elles &#8220;Una llama en mi coraz\u00f3n&#8221; (1987), &#8220;El diario de Lady M&#8221; (1993) i &#8220;Flores de sangre&#8221; (2002), que va signar com a codirectora.\u00a0A m\u00e9s, \u00e9s autora del llibre &#8220;El sol tiene una cita con la luna&#8221; (2018). Coincidint amb la seua pres\u00e8ncia en la Mostra, assistir\u00e0 a una projecci\u00f3 especial de &#8220;Flores de sangre&#8221;, que complix 20 anys i que es va rodar parcialment en la localitat de l&#8217;Alc\u00fadia. Tamb\u00e9 presentar\u00e0 en prim\u00edcia &#8220;Negra&#8221;, el seu \u00faltim curtmetratge com a directora.<\/p>\n\n\n\n<p>La directora i guionista palestina <strong>Najwa Najjar<\/strong>, membre de l&#8217;Acad\u00e8mia de Hollywood, va debutar en el llargmetratge amb &#8220;Pomegranates and Myrrh&#8221; (2009), premiada a Sant Sebasti\u00e0, a la qual seguiria &#8220;Eyes of a Thief&#8221; (2014), triada com a candidata palestina als Oscar. La seua tercera pel\u00b7l\u00edcula, &#8220;Between Heaven and Earth&#8221; (2019), va guanyar el premi al millor gui\u00f3 al Caire i va ser seleccionada per als European Film Academy Awards 2020.<\/p>\n\n\n\n<p>La productora independent nascuda a Cox <strong>Marina Perales Marhuenda<\/strong> ha desenvolupat una llarga traject\u00f2ria internacional, que va culminar amb la creaci\u00f3 de la Fabrica Nocturna Cin\u00e9ma a Par\u00eds, amb la qual ha produ\u00eft pel\u00b7l\u00edcules de <strong>Ruben \u00d6stlund, Jessica Hausner, Chema Garc\u00eda Ibarra o Michelangelo Frammartino<\/strong>, seleccionades i premiades en els festivals de Cannes, Berl\u00edn, Locarno o Rotterdam, entre d\u2019altres.<\/p>\n\n\n\n<p>&#8220;En la l\u00ednia d&#8217;edicions anteriors, les persones que componen el jurat de la Mostra, totes elles de contrastat prestigi internacional, personifiquen la diversitat geogr\u00e0fica i art\u00edstica del cinema Mediterrani&#8221;, ha declarat <strong>Gloria Tello<\/strong>, presidenta de Mostra de Val\u00e8ncia i Iniciatives Audiovisuals.<br>El jurat es completa amb els ja anunciats <strong>Tarek Ben Chaabane<\/strong>, director de la Filmoteca de Tun\u00edsia i autor del llibre &#8220;El cinema tunisi\u00e0 d&#8217;ahir i de hui&#8221;, que ha sigut tradu\u00eft al castell\u00e0 i el valenci\u00e0 enguany per Mostra de Val\u00e8ncia, en coedici\u00f3 amb l\u2019IVC. I amb el compositor franc\u00e9s <strong>Jean-Michel Bernard<\/strong>, autor de bandes sonores per a pel\u00b7l\u00edcules com ara &#8220;La ciencia del sue\u00f1o&#8221; o &#8220;Rebobine, por favor&#8221;, totes dos de <strong>Michel Gondry<\/strong>.<\/p>\n\n\n\n<figure class=\"wp-block-image size-large\"><img loading=\"lazy\" decoding=\"async\" width=\"1024\" height=\"819\" src=\"https:\/\/lamostradevalencia.com\/wp-content\/uploads\/2021\/08\/JURADO-2021-1024x819.png\" alt=\"\" class=\"wp-image-10476\" srcset=\"https:\/\/lamostradevalencia.com\/wp-content\/uploads\/2021\/08\/JURADO-2021-1024x819.png 1024w, https:\/\/lamostradevalencia.com\/wp-content\/uploads\/2021\/08\/JURADO-2021-300x240.png 300w, https:\/\/lamostradevalencia.com\/wp-content\/uploads\/2021\/08\/JURADO-2021-768x614.png 768w, https:\/\/lamostradevalencia.com\/wp-content\/uploads\/2021\/08\/JURADO-2021-1536x1229.png 1536w, https:\/\/lamostradevalencia.com\/wp-content\/uploads\/2021\/08\/JURADO-2021.png 1890w\" sizes=\"auto, (max-width: 1024px) 100vw, 1024px\" \/><\/figure>\n\n\n\n<p>La 36a Mostra de Val\u00e8ncia compta amb la col\u00b7laboraci\u00f3 del Palau de la M\u00fasica, de Rambleta i d&#8217;\u00c0 Punt M\u00e8dia com a mitj\u00e0 oficial, i amb l&#8217;acreditaci\u00f3 de FIAPF com a festival competitiu especialitzat.<\/p>\n","protected":false},"excerpt":{"rendered":"<p>La francesa Myriam M\u00e9zi\u00e8res ser\u00e0 la presidenta del jurat de la 36a edici\u00f3 de Mostra de Val\u00e8ncia-Cinema del Mediterrani, que se celebrar\u00e0 del 15 al [&hellip;]<\/p>\n","protected":false},"author":1,"featured_media":0,"comment_status":"open","ping_status":"open","sticky":false,"template":"","format":"standard","meta":{"_uag_custom_page_level_css":"","_jet_sm_ready_style":"","_jet_sm_style":"","_jet_sm_controls_values":"","_jet_sm_fonts_collection":"","_jet_sm_fonts_links":"","footnotes":""},"categories":[31],"tags":[],"class_list":["post-10480","post","type-post","status-publish","format-standard","hentry","category-uncategorized-ca"],"yoast_head":"<!-- This site is optimized with the Yoast SEO plugin v27.5 - https:\/\/yoast.com\/product\/yoast-seo-wordpress\/ -->\n<title>L&#039;ACTRIU MYRIAM M\u00c9ZI\u00c8RES PRESIDIR\u00c0 EL JURAT DE MOSTRA DE VAL\u00c8NCIA - Mostra de Val\u00e8ncia<\/title>\n<meta name=\"robots\" content=\"index, follow, max-snippet:-1, max-image-preview:large, max-video-preview:-1\" \/>\n<link rel=\"canonical\" href=\"https:\/\/lamostradevalencia.com\/ca\/lactriu-myriam-mezieres-presidira-el-jurat-de-mostra-de-valencia\/\" \/>\n<meta property=\"og:locale\" content=\"ca_ES\" \/>\n<meta property=\"og:type\" content=\"article\" \/>\n<meta property=\"og:title\" content=\"L&#039;ACTRIU MYRIAM M\u00c9ZI\u00c8RES PRESIDIR\u00c0 EL JURAT DE MOSTRA DE VAL\u00c8NCIA - Mostra de Val\u00e8ncia\" \/>\n<meta property=\"og:description\" content=\"La francesa Myriam M\u00e9zi\u00e8res ser\u00e0 la presidenta del jurat de la 36a edici\u00f3 de Mostra de Val\u00e8ncia-Cinema del Mediterrani, que se celebrar\u00e0 del 15 al [&hellip;]\" \/>\n<meta property=\"og:url\" content=\"https:\/\/lamostradevalencia.com\/ca\/lactriu-myriam-mezieres-presidira-el-jurat-de-mostra-de-valencia\/\" \/>\n<meta property=\"og:site_name\" content=\"Mostra de Val\u00e8ncia\" \/>\n<meta property=\"article:published_time\" content=\"2021-08-26T05:21:09+00:00\" \/>\n<meta property=\"article:modified_time\" content=\"2021-08-26T05:21:11+00:00\" \/>\n<meta property=\"og:image\" content=\"https:\/\/lamostradevalencia.com\/wp-content\/uploads\/2021\/08\/JURADO-2021-1024x819.png\" \/>\n<meta name=\"author\" content=\"Mostra de Val\u00e8ncia\" \/>\n<meta name=\"twitter:card\" content=\"summary_large_image\" \/>\n<meta name=\"twitter:label1\" content=\"Escrit per\" \/>\n\t<meta name=\"twitter:data1\" content=\"Mostra de Val\u00e8ncia\" \/>\n\t<meta name=\"twitter:label2\" content=\"Temps estimat de lectura\" \/>\n\t<meta name=\"twitter:data2\" content=\"3 minuts\" \/>\n<script type=\"application\/ld+json\" class=\"yoast-schema-graph\">{\"@context\":\"https:\\\/\\\/schema.org\",\"@graph\":[{\"@type\":\"Article\",\"@id\":\"https:\\\/\\\/lamostradevalencia.com\\\/ca\\\/lactriu-myriam-mezieres-presidira-el-jurat-de-mostra-de-valencia\\\/#article\",\"isPartOf\":{\"@id\":\"https:\\\/\\\/lamostradevalencia.com\\\/ca\\\/lactriu-myriam-mezieres-presidira-el-jurat-de-mostra-de-valencia\\\/\"},\"author\":{\"name\":\"Mostra de Val\u00e8ncia\",\"@id\":\"https:\\\/\\\/lamostradevalencia.com\\\/ca\\\/#\\\/schema\\\/person\\\/1dc07e4df3d6310b81d2cdf6a034070c\"},\"headline\":\"L&#8217;ACTRIU MYRIAM M\u00c9ZI\u00c8RES PRESIDIR\u00c0 EL JURAT DE MOSTRA DE VAL\u00c8NCIA\",\"datePublished\":\"2021-08-26T05:21:09+00:00\",\"dateModified\":\"2021-08-26T05:21:11+00:00\",\"mainEntityOfPage\":{\"@id\":\"https:\\\/\\\/lamostradevalencia.com\\\/ca\\\/lactriu-myriam-mezieres-presidira-el-jurat-de-mostra-de-valencia\\\/\"},\"wordCount\":527,\"commentCount\":0,\"image\":{\"@id\":\"https:\\\/\\\/lamostradevalencia.com\\\/ca\\\/lactriu-myriam-mezieres-presidira-el-jurat-de-mostra-de-valencia\\\/#primaryimage\"},\"thumbnailUrl\":\"https:\\\/\\\/lamostradevalencia.com\\\/wp-content\\\/uploads\\\/2021\\\/08\\\/JURADO-2021-1024x819.png\",\"articleSection\":[\"Uncategorized @ca\"],\"inLanguage\":\"ca\",\"potentialAction\":[{\"@type\":\"CommentAction\",\"name\":\"Comment\",\"target\":[\"https:\\\/\\\/lamostradevalencia.com\\\/ca\\\/lactriu-myriam-mezieres-presidira-el-jurat-de-mostra-de-valencia\\\/#respond\"]}]},{\"@type\":\"WebPage\",\"@id\":\"https:\\\/\\\/lamostradevalencia.com\\\/ca\\\/lactriu-myriam-mezieres-presidira-el-jurat-de-mostra-de-valencia\\\/\",\"url\":\"https:\\\/\\\/lamostradevalencia.com\\\/ca\\\/lactriu-myriam-mezieres-presidira-el-jurat-de-mostra-de-valencia\\\/\",\"name\":\"L'ACTRIU MYRIAM M\u00c9ZI\u00c8RES PRESIDIR\u00c0 EL JURAT DE MOSTRA DE VAL\u00c8NCIA - Mostra de Val\u00e8ncia\",\"isPartOf\":{\"@id\":\"https:\\\/\\\/lamostradevalencia.com\\\/ca\\\/#website\"},\"primaryImageOfPage\":{\"@id\":\"https:\\\/\\\/lamostradevalencia.com\\\/ca\\\/lactriu-myriam-mezieres-presidira-el-jurat-de-mostra-de-valencia\\\/#primaryimage\"},\"image\":{\"@id\":\"https:\\\/\\\/lamostradevalencia.com\\\/ca\\\/lactriu-myriam-mezieres-presidira-el-jurat-de-mostra-de-valencia\\\/#primaryimage\"},\"thumbnailUrl\":\"https:\\\/\\\/lamostradevalencia.com\\\/wp-content\\\/uploads\\\/2021\\\/08\\\/JURADO-2021-1024x819.png\",\"datePublished\":\"2021-08-26T05:21:09+00:00\",\"dateModified\":\"2021-08-26T05:21:11+00:00\",\"author\":{\"@id\":\"https:\\\/\\\/lamostradevalencia.com\\\/ca\\\/#\\\/schema\\\/person\\\/1dc07e4df3d6310b81d2cdf6a034070c\"},\"breadcrumb\":{\"@id\":\"https:\\\/\\\/lamostradevalencia.com\\\/ca\\\/lactriu-myriam-mezieres-presidira-el-jurat-de-mostra-de-valencia\\\/#breadcrumb\"},\"inLanguage\":\"ca\",\"potentialAction\":[{\"@type\":\"ReadAction\",\"target\":[\"https:\\\/\\\/lamostradevalencia.com\\\/ca\\\/lactriu-myriam-mezieres-presidira-el-jurat-de-mostra-de-valencia\\\/\"]}]},{\"@type\":\"ImageObject\",\"inLanguage\":\"ca\",\"@id\":\"https:\\\/\\\/lamostradevalencia.com\\\/ca\\\/lactriu-myriam-mezieres-presidira-el-jurat-de-mostra-de-valencia\\\/#primaryimage\",\"url\":\"https:\\\/\\\/lamostradevalencia.com\\\/wp-content\\\/uploads\\\/2021\\\/08\\\/JURADO-2021-1024x819.png\",\"contentUrl\":\"https:\\\/\\\/lamostradevalencia.com\\\/wp-content\\\/uploads\\\/2021\\\/08\\\/JURADO-2021-1024x819.png\"},{\"@type\":\"BreadcrumbList\",\"@id\":\"https:\\\/\\\/lamostradevalencia.com\\\/ca\\\/lactriu-myriam-mezieres-presidira-el-jurat-de-mostra-de-valencia\\\/#breadcrumb\",\"itemListElement\":[{\"@type\":\"ListItem\",\"position\":1,\"name\":\"Portada\",\"item\":\"https:\\\/\\\/lamostradevalencia.com\\\/ca\\\/\"},{\"@type\":\"ListItem\",\"position\":2,\"name\":\"L&#8217;ACTRIU MYRIAM M\u00c9ZI\u00c8RES PRESIDIR\u00c0 EL JURAT DE MOSTRA DE VAL\u00c8NCIA\"}]},{\"@type\":\"WebSite\",\"@id\":\"https:\\\/\\\/lamostradevalencia.com\\\/ca\\\/#website\",\"url\":\"https:\\\/\\\/lamostradevalencia.com\\\/ca\\\/\",\"name\":\"Mostra de Val\u00e8ncia\",\"description\":\"Cinema del Mediterrani\",\"potentialAction\":[{\"@type\":\"SearchAction\",\"target\":{\"@type\":\"EntryPoint\",\"urlTemplate\":\"https:\\\/\\\/lamostradevalencia.com\\\/ca\\\/?s={search_term_string}\"},\"query-input\":{\"@type\":\"PropertyValueSpecification\",\"valueRequired\":true,\"valueName\":\"search_term_string\"}}],\"inLanguage\":\"ca\"},{\"@type\":\"Person\",\"@id\":\"https:\\\/\\\/lamostradevalencia.com\\\/ca\\\/#\\\/schema\\\/person\\\/1dc07e4df3d6310b81d2cdf6a034070c\",\"name\":\"Mostra de Val\u00e8ncia\",\"image\":{\"@type\":\"ImageObject\",\"inLanguage\":\"ca\",\"@id\":\"https:\\\/\\\/secure.gravatar.com\\\/avatar\\\/ada4dfd699a9907706987adb1bb2b361c2613ccca474b49b8c648de5208e32f8?s=96&d=mm&r=g\",\"url\":\"https:\\\/\\\/secure.gravatar.com\\\/avatar\\\/ada4dfd699a9907706987adb1bb2b361c2613ccca474b49b8c648de5208e32f8?s=96&d=mm&r=g\",\"contentUrl\":\"https:\\\/\\\/secure.gravatar.com\\\/avatar\\\/ada4dfd699a9907706987adb1bb2b361c2613ccca474b49b8c648de5208e32f8?s=96&d=mm&r=g\",\"caption\":\"Mostra de Val\u00e8ncia\"}}]}<\/script>\n<!-- \/ Yoast SEO plugin. -->","yoast_head_json":{"title":"L'ACTRIU MYRIAM M\u00c9ZI\u00c8RES PRESIDIR\u00c0 EL JURAT DE MOSTRA DE VAL\u00c8NCIA - Mostra de Val\u00e8ncia","robots":{"index":"index","follow":"follow","max-snippet":"max-snippet:-1","max-image-preview":"max-image-preview:large","max-video-preview":"max-video-preview:-1"},"canonical":"https:\/\/lamostradevalencia.com\/ca\/lactriu-myriam-mezieres-presidira-el-jurat-de-mostra-de-valencia\/","og_locale":"ca_ES","og_type":"article","og_title":"L'ACTRIU MYRIAM M\u00c9ZI\u00c8RES PRESIDIR\u00c0 EL JURAT DE MOSTRA DE VAL\u00c8NCIA - Mostra de Val\u00e8ncia","og_description":"La francesa Myriam M\u00e9zi\u00e8res ser\u00e0 la presidenta del jurat de la 36a edici\u00f3 de Mostra de Val\u00e8ncia-Cinema del Mediterrani, que se celebrar\u00e0 del 15 al [&hellip;]","og_url":"https:\/\/lamostradevalencia.com\/ca\/lactriu-myriam-mezieres-presidira-el-jurat-de-mostra-de-valencia\/","og_site_name":"Mostra de Val\u00e8ncia","article_published_time":"2021-08-26T05:21:09+00:00","article_modified_time":"2021-08-26T05:21:11+00:00","og_image":[{"url":"https:\/\/lamostradevalencia.com\/wp-content\/uploads\/2021\/08\/JURADO-2021-1024x819.png","type":"","width":"","height":""}],"author":"Mostra de Val\u00e8ncia","twitter_card":"summary_large_image","twitter_misc":{"Escrit per":"Mostra de Val\u00e8ncia","Temps estimat de lectura":"3 minuts"},"schema":{"@context":"https:\/\/schema.org","@graph":[{"@type":"Article","@id":"https:\/\/lamostradevalencia.com\/ca\/lactriu-myriam-mezieres-presidira-el-jurat-de-mostra-de-valencia\/#article","isPartOf":{"@id":"https:\/\/lamostradevalencia.com\/ca\/lactriu-myriam-mezieres-presidira-el-jurat-de-mostra-de-valencia\/"},"author":{"name":"Mostra de Val\u00e8ncia","@id":"https:\/\/lamostradevalencia.com\/ca\/#\/schema\/person\/1dc07e4df3d6310b81d2cdf6a034070c"},"headline":"L&#8217;ACTRIU MYRIAM M\u00c9ZI\u00c8RES PRESIDIR\u00c0 EL JURAT DE MOSTRA DE VAL\u00c8NCIA","datePublished":"2021-08-26T05:21:09+00:00","dateModified":"2021-08-26T05:21:11+00:00","mainEntityOfPage":{"@id":"https:\/\/lamostradevalencia.com\/ca\/lactriu-myriam-mezieres-presidira-el-jurat-de-mostra-de-valencia\/"},"wordCount":527,"commentCount":0,"image":{"@id":"https:\/\/lamostradevalencia.com\/ca\/lactriu-myriam-mezieres-presidira-el-jurat-de-mostra-de-valencia\/#primaryimage"},"thumbnailUrl":"https:\/\/lamostradevalencia.com\/wp-content\/uploads\/2021\/08\/JURADO-2021-1024x819.png","articleSection":["Uncategorized @ca"],"inLanguage":"ca","potentialAction":[{"@type":"CommentAction","name":"Comment","target":["https:\/\/lamostradevalencia.com\/ca\/lactriu-myriam-mezieres-presidira-el-jurat-de-mostra-de-valencia\/#respond"]}]},{"@type":"WebPage","@id":"https:\/\/lamostradevalencia.com\/ca\/lactriu-myriam-mezieres-presidira-el-jurat-de-mostra-de-valencia\/","url":"https:\/\/lamostradevalencia.com\/ca\/lactriu-myriam-mezieres-presidira-el-jurat-de-mostra-de-valencia\/","name":"L'ACTRIU MYRIAM M\u00c9ZI\u00c8RES PRESIDIR\u00c0 EL JURAT DE MOSTRA DE VAL\u00c8NCIA - Mostra de Val\u00e8ncia","isPartOf":{"@id":"https:\/\/lamostradevalencia.com\/ca\/#website"},"primaryImageOfPage":{"@id":"https:\/\/lamostradevalencia.com\/ca\/lactriu-myriam-mezieres-presidira-el-jurat-de-mostra-de-valencia\/#primaryimage"},"image":{"@id":"https:\/\/lamostradevalencia.com\/ca\/lactriu-myriam-mezieres-presidira-el-jurat-de-mostra-de-valencia\/#primaryimage"},"thumbnailUrl":"https:\/\/lamostradevalencia.com\/wp-content\/uploads\/2021\/08\/JURADO-2021-1024x819.png","datePublished":"2021-08-26T05:21:09+00:00","dateModified":"2021-08-26T05:21:11+00:00","author":{"@id":"https:\/\/lamostradevalencia.com\/ca\/#\/schema\/person\/1dc07e4df3d6310b81d2cdf6a034070c"},"breadcrumb":{"@id":"https:\/\/lamostradevalencia.com\/ca\/lactriu-myriam-mezieres-presidira-el-jurat-de-mostra-de-valencia\/#breadcrumb"},"inLanguage":"ca","potentialAction":[{"@type":"ReadAction","target":["https:\/\/lamostradevalencia.com\/ca\/lactriu-myriam-mezieres-presidira-el-jurat-de-mostra-de-valencia\/"]}]},{"@type":"ImageObject","inLanguage":"ca","@id":"https:\/\/lamostradevalencia.com\/ca\/lactriu-myriam-mezieres-presidira-el-jurat-de-mostra-de-valencia\/#primaryimage","url":"https:\/\/lamostradevalencia.com\/wp-content\/uploads\/2021\/08\/JURADO-2021-1024x819.png","contentUrl":"https:\/\/lamostradevalencia.com\/wp-content\/uploads\/2021\/08\/JURADO-2021-1024x819.png"},{"@type":"BreadcrumbList","@id":"https:\/\/lamostradevalencia.com\/ca\/lactriu-myriam-mezieres-presidira-el-jurat-de-mostra-de-valencia\/#breadcrumb","itemListElement":[{"@type":"ListItem","position":1,"name":"Portada","item":"https:\/\/lamostradevalencia.com\/ca\/"},{"@type":"ListItem","position":2,"name":"L&#8217;ACTRIU MYRIAM M\u00c9ZI\u00c8RES PRESIDIR\u00c0 EL JURAT DE MOSTRA DE VAL\u00c8NCIA"}]},{"@type":"WebSite","@id":"https:\/\/lamostradevalencia.com\/ca\/#website","url":"https:\/\/lamostradevalencia.com\/ca\/","name":"Mostra de Val\u00e8ncia","description":"Cinema del Mediterrani","potentialAction":[{"@type":"SearchAction","target":{"@type":"EntryPoint","urlTemplate":"https:\/\/lamostradevalencia.com\/ca\/?s={search_term_string}"},"query-input":{"@type":"PropertyValueSpecification","valueRequired":true,"valueName":"search_term_string"}}],"inLanguage":"ca"},{"@type":"Person","@id":"https:\/\/lamostradevalencia.com\/ca\/#\/schema\/person\/1dc07e4df3d6310b81d2cdf6a034070c","name":"Mostra de Val\u00e8ncia","image":{"@type":"ImageObject","inLanguage":"ca","@id":"https:\/\/secure.gravatar.com\/avatar\/ada4dfd699a9907706987adb1bb2b361c2613ccca474b49b8c648de5208e32f8?s=96&d=mm&r=g","url":"https:\/\/secure.gravatar.com\/avatar\/ada4dfd699a9907706987adb1bb2b361c2613ccca474b49b8c648de5208e32f8?s=96&d=mm&r=g","contentUrl":"https:\/\/secure.gravatar.com\/avatar\/ada4dfd699a9907706987adb1bb2b361c2613ccca474b49b8c648de5208e32f8?s=96&d=mm&r=g","caption":"Mostra de Val\u00e8ncia"}}]}},"uagb_featured_image_src":{"full":false,"thumbnail":false,"medium":false,"medium_large":false,"large":false,"1536x1536":false,"2048x2048":false,"cinerama_edge_image_square":false,"cinerama_edge_image_landscape":false,"cinerama_edge_image_portrait":false,"cinerama_edge_image_huge":false,"gform-image-choice-sm":false,"gform-image-choice-md":false,"gform-image-choice-lg":false},"uagb_author_info":{"display_name":"Mostra de Val\u00e8ncia","author_link":"https:\/\/lamostradevalencia.com\/ca\/author\/mostravalencia\/"},"uagb_comment_info":0,"uagb_excerpt":"La francesa Myriam M\u00e9zi\u00e8res ser\u00e0 la presidenta del jurat de la 36a edici\u00f3 de Mostra de Val\u00e8ncia-Cinema del Mediterrani, que se celebrar\u00e0 del 15 al [&hellip;]","_links":{"self":[{"href":"https:\/\/lamostradevalencia.com\/ca\/wp-json\/wp\/v2\/posts\/10480","targetHints":{"allow":["GET"]}}],"collection":[{"href":"https:\/\/lamostradevalencia.com\/ca\/wp-json\/wp\/v2\/posts"}],"about":[{"href":"https:\/\/lamostradevalencia.com\/ca\/wp-json\/wp\/v2\/types\/post"}],"author":[{"embeddable":true,"href":"https:\/\/lamostradevalencia.com\/ca\/wp-json\/wp\/v2\/users\/1"}],"replies":[{"embeddable":true,"href":"https:\/\/lamostradevalencia.com\/ca\/wp-json\/wp\/v2\/comments?post=10480"}],"version-history":[{"count":1,"href":"https:\/\/lamostradevalencia.com\/ca\/wp-json\/wp\/v2\/posts\/10480\/revisions"}],"predecessor-version":[{"id":10481,"href":"https:\/\/lamostradevalencia.com\/ca\/wp-json\/wp\/v2\/posts\/10480\/revisions\/10481"}],"wp:attachment":[{"href":"https:\/\/lamostradevalencia.com\/ca\/wp-json\/wp\/v2\/media?parent=10480"}],"wp:term":[{"taxonomy":"category","embeddable":true,"href":"https:\/\/lamostradevalencia.com\/ca\/wp-json\/wp\/v2\/categories?post=10480"},{"taxonomy":"post_tag","embeddable":true,"href":"https:\/\/lamostradevalencia.com\/ca\/wp-json\/wp\/v2\/tags?post=10480"}],"curies":[{"name":"wp","href":"https:\/\/api.w.org\/{rel}","templated":true}]}}