{"id":10469,"date":"2021-08-12T09:01:49","date_gmt":"2021-08-12T07:01:49","guid":{"rendered":"https:\/\/lamostradevalencia.com\/?p=10469"},"modified":"2021-08-12T09:01:51","modified_gmt":"2021-08-12T07:01:51","slug":"mostra-de-valencia-descobrix-el-cine-fantastic-arab","status":"publish","type":"post","link":"https:\/\/lamostradevalencia.com\/ca\/mostra-de-valencia-descobrix-el-cine-fantastic-arab\/","title":{"rendered":"MOSTRA DE VAL\u00c8NCIA DESCOBRIX EL CINE FANT\u00c0STIC \u00c0RAB"},"content":{"rendered":"\n<p>Mostra de Val\u00e8ncia-Cinema del Mediterrani, que celebra la seua 36a edici\u00f3 del 15 al 24 d&#8217;octubre de 2021, comen\u00e7a a revelar la seua programaci\u00f3. Una de les m\u00faltiples mirades del festival es detindr\u00e0 en el fant\u00e0stic \u00e0rab. Un g\u00e8nere molt poc representat al llarg de la hist\u00f2ria del cinema de la regi\u00f3.<\/p>\n\n\n\n<p>A m\u00e9s de proposar una \u00e0mplia selecci\u00f3 de cinema mediterrani contemporani, protagonista de la Secci\u00f3 Oficial i Informativa, Mostra de Val\u00e8ncia pret\u00e9n visibilitzar el cine de g\u00e8nere procedent dels pa\u00efsos de la ribera sud del Mediterrani. El cicle &#8220;Espectres \u00e0rabs&#8221; est\u00e0 integrat per cinc t\u00edtols, quatre d&#8217;ells in\u00e8dits a Espanya, i permetr\u00e0 con\u00e9ixer produccions d&#8217;Egipte, el Marroc o Tun\u00edsia.<\/p>\n\n\n\n<p>&#8220;Mitjan\u00e7ant este cicle, el festival continua complint amb el seu objectiu de posar cada any la mirada en les dos riberes del Mediterrani, en este cas amb la particularitat de descobrir al p\u00fablic unes pel\u00b7l\u00edcules que no han gaudit d&#8217;acc\u00e9s a les sales comercials&#8221;, assenyala Gloria Tello, presidenta de Mostra de Val\u00e8ncia i Iniciatives Audiovisuals.<\/p>\n\n\n\n<p>Una de les raons de l&#8217;escassa producci\u00f3 de g\u00e8nere en la zona \u00e9s el conflicte que suposa aproximar-se a tem\u00e0tiques sobrenaturals i eludir la censura que molts pa\u00efsos establixen quan els arguments de les pel\u00b7l\u00edcules tracten de travessar l\u00ednies roges en q\u00fcestions socials o religioses, per no parlar de les restriccions pel que fa a l&#8217;exhibici\u00f3 de cossos nus o l&#8217;abordatge de temes er\u00f2tics.&nbsp;<\/p>\n\n\n\n<p>Tampoc conv\u00e9 oblidar les dificultats de finan\u00e7ament i les exig\u00e8ncies tecnol\u00f2giques en efectes digitals que exigixen les produccions de tall fant\u00e0stic.<\/p>\n\n\n\n<p>Malgrat tot, a Egipte existixen exemples de cinema de terror des d&#8217;\u00e8poques ben primerenques, per\u00f2 en els \u00faltims anys altres pa\u00efsos han comen\u00e7at a cultivar un g\u00e8nere que ja parla en \u00e0rab i que t\u00e9 el futur garantit.<\/p>\n\n\n\n<p>&#8220;El cine fant\u00e0stic no ha tingut l&#8217;oportunitat de desenvolupar-se en molts pa\u00efsos de la regi\u00f3 fins fa a penes uns anys, per\u00f2 recentment han sorgit t\u00edtols molt interessants que, de vegades, recorren a elements sobrenaturals per a plantejar importants reflexions sobre la identitat i la situaci\u00f3 pol\u00edtica i social de cada pa\u00eds&#8221;, subratlla Eduardo Guillot, director art\u00edstic del festival.<\/p>\n\n\n\n<p><strong>Les pel\u00b7l\u00edcules del cicle<\/strong><\/p>\n\n\n\n<p>La selecci\u00f3 de t\u00edtols inclou &#8220;Kandisha&#8221;, de J\u00e9r\u00f4me Cohen-Olivar, inspirada en la figura mitol\u00f2gica marroquina de Aicha Qandicha. Est\u00e0 protagonitzada per una advocada criminal que accepta el cas d&#8217;una dona acusada de matar al seu marit, per\u00f2 al\u00b7lega que va ser assassinat per un esperit venjatiu. Una reflexi\u00f3 entorn de la viol\u00e8ncia de g\u00e8nere amb un repartiment que inclou a Amira Casar (&#8220;Call Me By Your Name&#8221;) i David Carradine (&#8220;Kill Bill&#8221;).<\/p>\n\n\n\n<figure class=\"wp-block-image size-large\"><img loading=\"lazy\" decoding=\"async\" width=\"1024\" height=\"756\" src=\"https:\/\/lamostradevalencia.com\/wp-content\/uploads\/2021\/08\/Kandisha-2008-1024x756.png\" alt=\"\" class=\"wp-image-10440\" srcset=\"https:\/\/lamostradevalencia.com\/wp-content\/uploads\/2021\/08\/Kandisha-2008-1024x756.png 1024w, https:\/\/lamostradevalencia.com\/wp-content\/uploads\/2021\/08\/Kandisha-2008-300x221.png 300w, https:\/\/lamostradevalencia.com\/wp-content\/uploads\/2021\/08\/Kandisha-2008-768x567.png 768w, https:\/\/lamostradevalencia.com\/wp-content\/uploads\/2021\/08\/Kandisha-2008.png 1165w\" sizes=\"auto, (max-width: 1024px) 100vw, 1024px\" \/><\/figure>\n\n\n\n<p>&#8220;The Blue Elephant&#8221; (2014), de Marwan Hamed, \u00e9s un thriller de terror psicol\u00f2gic que no sols va situar el m\u00f3n \u00e0rab a nivell internacional en el terreny dels efectes especials, sin\u00f3 que a m\u00e9s es va convertir en un enorme \u00e8xit, i va ostentar durant mesos el r\u00e8cord de ser la pel\u00b7l\u00edcula m\u00e9s taquillera de la hist\u00f2ria del cinema egipci.<\/p>\n\n\n\n<figure class=\"wp-block-image size-large\"><img loading=\"lazy\" decoding=\"async\" width=\"716\" height=\"426\" src=\"https:\/\/lamostradevalencia.com\/wp-content\/uploads\/2021\/08\/The-Blue-Elephant.jpeg\" alt=\"\" class=\"wp-image-10445\" srcset=\"https:\/\/lamostradevalencia.com\/wp-content\/uploads\/2021\/08\/The-Blue-Elephant.jpeg 716w, https:\/\/lamostradevalencia.com\/wp-content\/uploads\/2021\/08\/The-Blue-Elephant-300x178.jpeg 300w\" sizes=\"auto, (max-width: 716px) 100vw, 716px\" \/><\/figure>\n\n\n\n<p>Basada en la novel\u00b7la hom\u00f2nima d&#8217;Ahmed Mourad, la pel\u00b7l\u00edcula incorporava al\u00b7lucinacions psicod\u00e8liques i possessions diab\u00f2liques que van seduir el p\u00fablic fins al punt de generar una espectacular seq\u00fcela &#8220;The Blue Elephant 2. Dark Whispers&#8221; (2019), que supera amb escreix a la seua predecessora i no t\u00e9 res a envejar a les produccions de Hollywood.<\/p>\n\n\n\n<figure class=\"wp-block-image size-large\"><img loading=\"lazy\" decoding=\"async\" width=\"873\" height=\"492\" src=\"https:\/\/lamostradevalencia.com\/wp-content\/uploads\/2021\/08\/The-Blue-Elephant-2.png\" alt=\"\" class=\"wp-image-10450\" srcset=\"https:\/\/lamostradevalencia.com\/wp-content\/uploads\/2021\/08\/The-Blue-Elephant-2.png 873w, https:\/\/lamostradevalencia.com\/wp-content\/uploads\/2021\/08\/The-Blue-Elephant-2-300x169.png 300w, https:\/\/lamostradevalencia.com\/wp-content\/uploads\/2021\/08\/The-Blue-Elephant-2-768x433.png 768w\" sizes=\"auto, (max-width: 873px) 100vw, 873px\" \/><\/figure>\n\n\n\n<p>D\u2019una altra banda, &#8220;Warda&#8221; (2014), de Hadi El Bagoury, \u00e9s el primer film egipci del subg\u00e8nere found footage. Est\u00e0 protagonitzada per un bloguer que torna a la seua ciutat natal per a investigar i documentar una s\u00e8rie de successos paranormals que han estat amena\u00e7ant a la seua fam\u00edlia des de la mort del seu pare.<\/p>\n\n\n\n<figure class=\"wp-block-image size-large\"><img loading=\"lazy\" decoding=\"async\" width=\"1024\" height=\"576\" src=\"https:\/\/lamostradevalencia.com\/wp-content\/uploads\/2021\/08\/Warda-1024x576.jpeg\" alt=\"\" class=\"wp-image-10455\" srcset=\"https:\/\/lamostradevalencia.com\/wp-content\/uploads\/2021\/08\/Warda-1024x576.jpeg 1024w, https:\/\/lamostradevalencia.com\/wp-content\/uploads\/2021\/08\/Warda-300x169.jpeg 300w, https:\/\/lamostradevalencia.com\/wp-content\/uploads\/2021\/08\/Warda-768x432.jpeg 768w, https:\/\/lamostradevalencia.com\/wp-content\/uploads\/2021\/08\/Warda.jpeg 1280w\" sizes=\"auto, (max-width: 1024px) 100vw, 1024px\" \/><\/figure>\n\n\n\n<p>Completa el cicle &#8220;Dachra&#8221;, el primer film de terror en la hist\u00f2ria del cinema tunisi\u00e0, dirigit pel debutant Abdelhamid Bouchnak i presentat a nivell mundial en el prestigi\u00f3s Festival de Ven\u00e8cia. Es tracta d&#8217;una hist\u00f2ria ambientada en un llogaret habitat per can\u00edbals que proposa una par\u00e0bola social entorn de la sistem\u00e0tica desaparici\u00f3 de xiquets que assota al pa\u00eds magreb\u00ed.<\/p>\n\n\n\n<figure class=\"wp-block-image size-large\"><img loading=\"lazy\" decoding=\"async\" width=\"1024\" height=\"576\" src=\"https:\/\/lamostradevalencia.com\/wp-content\/uploads\/2021\/08\/Dachra2-1024x576.jpeg\" alt=\"\" class=\"wp-image-10460\" srcset=\"https:\/\/lamostradevalencia.com\/wp-content\/uploads\/2021\/08\/Dachra2-1024x576.jpeg 1024w, https:\/\/lamostradevalencia.com\/wp-content\/uploads\/2021\/08\/Dachra2-300x169.jpeg 300w, https:\/\/lamostradevalencia.com\/wp-content\/uploads\/2021\/08\/Dachra2-768x432.jpeg 768w, https:\/\/lamostradevalencia.com\/wp-content\/uploads\/2021\/08\/Dachra2.jpeg 1200w\" sizes=\"auto, (max-width: 1024px) 100vw, 1024px\" \/><\/figure>\n\n\n\n<p>El renaixement del g\u00e8nere en el m\u00f3n \u00e0rab en les \u00faltimes d\u00e8cades ha afavorit la internacionalitzaci\u00f3 dels cineastes i la diversificaci\u00f3 de les seues propostes. Parlar de cinema fant\u00e0stic \u00e0rab significa descobrir una cinematografia que est\u00e0 molt vinculada a les llegendes i a la mitologia. Cal no oblidar que la cultura \u00e0rab \u00e9s pr\u00f2diga en contes esgarrifosos, criatures m\u00edtiques i b\u00e8sties que han servit d&#8217;inspiraci\u00f3 no sols per a multitud de cineastes de la regi\u00f3, sin\u00f3 tamb\u00e9 per al cinema comercial estatunidenc.<\/p>\n\n\n\n<p><br>La 36a Mostra de Val\u00e8ncia compta amb la col\u00b7laboraci\u00f3 del Palau de la M\u00fasica, de Rambleta i d&#8217;\u00c0 Punt M\u00e8dia com a mitj\u00e0 oficial, i amb l&#8217;acreditaci\u00f3 de FIAPF com a festival competitiu especialitzat.<\/p>\n","protected":false},"excerpt":{"rendered":"<p>Mostra de Val\u00e8ncia-Cinema del Mediterrani, que celebra la seua 36a edici\u00f3 del 15 al 24 d&#8217;octubre de 2021, comen\u00e7a a revelar la seua programaci\u00f3. Una [&hellip;]<\/p>\n","protected":false},"author":1,"featured_media":10465,"comment_status":"open","ping_status":"open","sticky":false,"template":"","format":"standard","meta":{"_uag_custom_page_level_css":"","_jet_sm_ready_style":"","_jet_sm_style":"","_jet_sm_controls_values":"","_jet_sm_fonts_collection":"","_jet_sm_fonts_links":"","footnotes":""},"categories":[455],"tags":[],"class_list":["post-10469","post","type-post","status-publish","format-standard","has-post-thumbnail","hentry","category-noticies"],"yoast_head":"<!-- This site is optimized with the Yoast SEO plugin v27.5 - https:\/\/yoast.com\/product\/yoast-seo-wordpress\/ -->\n<title>MOSTRA DE VAL\u00c8NCIA DESCOBRIX EL CINE FANT\u00c0STIC \u00c0RAB - Mostra de Val\u00e8ncia<\/title>\n<meta name=\"robots\" content=\"index, follow, max-snippet:-1, max-image-preview:large, max-video-preview:-1\" \/>\n<link rel=\"canonical\" href=\"https:\/\/lamostradevalencia.com\/ca\/mostra-de-valencia-descobrix-el-cine-fantastic-arab\/\" \/>\n<meta property=\"og:locale\" content=\"ca_ES\" \/>\n<meta property=\"og:type\" content=\"article\" \/>\n<meta property=\"og:title\" content=\"MOSTRA DE VAL\u00c8NCIA DESCOBRIX EL CINE FANT\u00c0STIC \u00c0RAB - Mostra de Val\u00e8ncia\" \/>\n<meta property=\"og:description\" content=\"Mostra de Val\u00e8ncia-Cinema del Mediterrani, que celebra la seua 36a edici\u00f3 del 15 al 24 d&#8217;octubre de 2021, comen\u00e7a a revelar la seua programaci\u00f3. Una [&hellip;]\" \/>\n<meta property=\"og:url\" content=\"https:\/\/lamostradevalencia.com\/ca\/mostra-de-valencia-descobrix-el-cine-fantastic-arab\/\" \/>\n<meta property=\"og:site_name\" content=\"Mostra de Val\u00e8ncia\" \/>\n<meta property=\"article:published_time\" content=\"2021-08-12T07:01:49+00:00\" \/>\n<meta property=\"article:modified_time\" content=\"2021-08-12T07:01:51+00:00\" \/>\n<meta property=\"og:image\" content=\"https:\/\/lamostradevalencia.com\/wp-content\/uploads\/2021\/08\/Dachra.png\" \/>\n\t<meta property=\"og:image:width\" content=\"1424\" \/>\n\t<meta property=\"og:image:height\" content=\"603\" \/>\n\t<meta property=\"og:image:type\" content=\"image\/png\" \/>\n<meta name=\"author\" content=\"Mostra de Val\u00e8ncia\" \/>\n<meta name=\"twitter:card\" content=\"summary_large_image\" \/>\n<meta name=\"twitter:label1\" content=\"Escrit per\" \/>\n\t<meta name=\"twitter:data1\" content=\"Mostra de Val\u00e8ncia\" \/>\n\t<meta name=\"twitter:label2\" content=\"Temps estimat de lectura\" \/>\n\t<meta name=\"twitter:data2\" content=\"4 minuts\" \/>\n<script type=\"application\/ld+json\" class=\"yoast-schema-graph\">{\"@context\":\"https:\\\/\\\/schema.org\",\"@graph\":[{\"@type\":\"Article\",\"@id\":\"https:\\\/\\\/lamostradevalencia.com\\\/ca\\\/mostra-de-valencia-descobrix-el-cine-fantastic-arab\\\/#article\",\"isPartOf\":{\"@id\":\"https:\\\/\\\/lamostradevalencia.com\\\/ca\\\/mostra-de-valencia-descobrix-el-cine-fantastic-arab\\\/\"},\"author\":{\"name\":\"Mostra de Val\u00e8ncia\",\"@id\":\"https:\\\/\\\/lamostradevalencia.com\\\/ca\\\/#\\\/schema\\\/person\\\/1dc07e4df3d6310b81d2cdf6a034070c\"},\"headline\":\"MOSTRA DE VAL\u00c8NCIA DESCOBRIX EL CINE FANT\u00c0STIC \u00c0RAB\",\"datePublished\":\"2021-08-12T07:01:49+00:00\",\"dateModified\":\"2021-08-12T07:01:51+00:00\",\"mainEntityOfPage\":{\"@id\":\"https:\\\/\\\/lamostradevalencia.com\\\/ca\\\/mostra-de-valencia-descobrix-el-cine-fantastic-arab\\\/\"},\"wordCount\":878,\"commentCount\":0,\"image\":{\"@id\":\"https:\\\/\\\/lamostradevalencia.com\\\/ca\\\/mostra-de-valencia-descobrix-el-cine-fantastic-arab\\\/#primaryimage\"},\"thumbnailUrl\":\"https:\\\/\\\/lamostradevalencia.com\\\/wp-content\\\/uploads\\\/2021\\\/08\\\/Dachra.png\",\"articleSection\":[\"Noticies\"],\"inLanguage\":\"ca\",\"potentialAction\":[{\"@type\":\"CommentAction\",\"name\":\"Comment\",\"target\":[\"https:\\\/\\\/lamostradevalencia.com\\\/ca\\\/mostra-de-valencia-descobrix-el-cine-fantastic-arab\\\/#respond\"]}]},{\"@type\":\"WebPage\",\"@id\":\"https:\\\/\\\/lamostradevalencia.com\\\/ca\\\/mostra-de-valencia-descobrix-el-cine-fantastic-arab\\\/\",\"url\":\"https:\\\/\\\/lamostradevalencia.com\\\/ca\\\/mostra-de-valencia-descobrix-el-cine-fantastic-arab\\\/\",\"name\":\"MOSTRA DE VAL\u00c8NCIA DESCOBRIX EL CINE FANT\u00c0STIC \u00c0RAB - Mostra de Val\u00e8ncia\",\"isPartOf\":{\"@id\":\"https:\\\/\\\/lamostradevalencia.com\\\/ca\\\/#website\"},\"primaryImageOfPage\":{\"@id\":\"https:\\\/\\\/lamostradevalencia.com\\\/ca\\\/mostra-de-valencia-descobrix-el-cine-fantastic-arab\\\/#primaryimage\"},\"image\":{\"@id\":\"https:\\\/\\\/lamostradevalencia.com\\\/ca\\\/mostra-de-valencia-descobrix-el-cine-fantastic-arab\\\/#primaryimage\"},\"thumbnailUrl\":\"https:\\\/\\\/lamostradevalencia.com\\\/wp-content\\\/uploads\\\/2021\\\/08\\\/Dachra.png\",\"datePublished\":\"2021-08-12T07:01:49+00:00\",\"dateModified\":\"2021-08-12T07:01:51+00:00\",\"author\":{\"@id\":\"https:\\\/\\\/lamostradevalencia.com\\\/ca\\\/#\\\/schema\\\/person\\\/1dc07e4df3d6310b81d2cdf6a034070c\"},\"breadcrumb\":{\"@id\":\"https:\\\/\\\/lamostradevalencia.com\\\/ca\\\/mostra-de-valencia-descobrix-el-cine-fantastic-arab\\\/#breadcrumb\"},\"inLanguage\":\"ca\",\"potentialAction\":[{\"@type\":\"ReadAction\",\"target\":[\"https:\\\/\\\/lamostradevalencia.com\\\/ca\\\/mostra-de-valencia-descobrix-el-cine-fantastic-arab\\\/\"]}]},{\"@type\":\"ImageObject\",\"inLanguage\":\"ca\",\"@id\":\"https:\\\/\\\/lamostradevalencia.com\\\/ca\\\/mostra-de-valencia-descobrix-el-cine-fantastic-arab\\\/#primaryimage\",\"url\":\"https:\\\/\\\/lamostradevalencia.com\\\/wp-content\\\/uploads\\\/2021\\\/08\\\/Dachra.png\",\"contentUrl\":\"https:\\\/\\\/lamostradevalencia.com\\\/wp-content\\\/uploads\\\/2021\\\/08\\\/Dachra.png\",\"width\":1424,\"height\":603},{\"@type\":\"BreadcrumbList\",\"@id\":\"https:\\\/\\\/lamostradevalencia.com\\\/ca\\\/mostra-de-valencia-descobrix-el-cine-fantastic-arab\\\/#breadcrumb\",\"itemListElement\":[{\"@type\":\"ListItem\",\"position\":1,\"name\":\"Portada\",\"item\":\"https:\\\/\\\/lamostradevalencia.com\\\/ca\\\/\"},{\"@type\":\"ListItem\",\"position\":2,\"name\":\"MOSTRA DE VAL\u00c8NCIA DESCOBRIX EL CINE FANT\u00c0STIC \u00c0RAB\"}]},{\"@type\":\"WebSite\",\"@id\":\"https:\\\/\\\/lamostradevalencia.com\\\/ca\\\/#website\",\"url\":\"https:\\\/\\\/lamostradevalencia.com\\\/ca\\\/\",\"name\":\"Mostra de Val\u00e8ncia\",\"description\":\"Cinema del Mediterrani\",\"potentialAction\":[{\"@type\":\"SearchAction\",\"target\":{\"@type\":\"EntryPoint\",\"urlTemplate\":\"https:\\\/\\\/lamostradevalencia.com\\\/ca\\\/?s={search_term_string}\"},\"query-input\":{\"@type\":\"PropertyValueSpecification\",\"valueRequired\":true,\"valueName\":\"search_term_string\"}}],\"inLanguage\":\"ca\"},{\"@type\":\"Person\",\"@id\":\"https:\\\/\\\/lamostradevalencia.com\\\/ca\\\/#\\\/schema\\\/person\\\/1dc07e4df3d6310b81d2cdf6a034070c\",\"name\":\"Mostra de Val\u00e8ncia\",\"image\":{\"@type\":\"ImageObject\",\"inLanguage\":\"ca\",\"@id\":\"https:\\\/\\\/secure.gravatar.com\\\/avatar\\\/ada4dfd699a9907706987adb1bb2b361c2613ccca474b49b8c648de5208e32f8?s=96&d=mm&r=g\",\"url\":\"https:\\\/\\\/secure.gravatar.com\\\/avatar\\\/ada4dfd699a9907706987adb1bb2b361c2613ccca474b49b8c648de5208e32f8?s=96&d=mm&r=g\",\"contentUrl\":\"https:\\\/\\\/secure.gravatar.com\\\/avatar\\\/ada4dfd699a9907706987adb1bb2b361c2613ccca474b49b8c648de5208e32f8?s=96&d=mm&r=g\",\"caption\":\"Mostra de Val\u00e8ncia\"}}]}<\/script>\n<!-- \/ Yoast SEO plugin. -->","yoast_head_json":{"title":"MOSTRA DE VAL\u00c8NCIA DESCOBRIX EL CINE FANT\u00c0STIC \u00c0RAB - Mostra de Val\u00e8ncia","robots":{"index":"index","follow":"follow","max-snippet":"max-snippet:-1","max-image-preview":"max-image-preview:large","max-video-preview":"max-video-preview:-1"},"canonical":"https:\/\/lamostradevalencia.com\/ca\/mostra-de-valencia-descobrix-el-cine-fantastic-arab\/","og_locale":"ca_ES","og_type":"article","og_title":"MOSTRA DE VAL\u00c8NCIA DESCOBRIX EL CINE FANT\u00c0STIC \u00c0RAB - Mostra de Val\u00e8ncia","og_description":"Mostra de Val\u00e8ncia-Cinema del Mediterrani, que celebra la seua 36a edici\u00f3 del 15 al 24 d&#8217;octubre de 2021, comen\u00e7a a revelar la seua programaci\u00f3. Una [&hellip;]","og_url":"https:\/\/lamostradevalencia.com\/ca\/mostra-de-valencia-descobrix-el-cine-fantastic-arab\/","og_site_name":"Mostra de Val\u00e8ncia","article_published_time":"2021-08-12T07:01:49+00:00","article_modified_time":"2021-08-12T07:01:51+00:00","og_image":[{"width":1424,"height":603,"url":"https:\/\/lamostradevalencia.com\/wp-content\/uploads\/2021\/08\/Dachra.png","type":"image\/png"}],"author":"Mostra de Val\u00e8ncia","twitter_card":"summary_large_image","twitter_misc":{"Escrit per":"Mostra de Val\u00e8ncia","Temps estimat de lectura":"4 minuts"},"schema":{"@context":"https:\/\/schema.org","@graph":[{"@type":"Article","@id":"https:\/\/lamostradevalencia.com\/ca\/mostra-de-valencia-descobrix-el-cine-fantastic-arab\/#article","isPartOf":{"@id":"https:\/\/lamostradevalencia.com\/ca\/mostra-de-valencia-descobrix-el-cine-fantastic-arab\/"},"author":{"name":"Mostra de Val\u00e8ncia","@id":"https:\/\/lamostradevalencia.com\/ca\/#\/schema\/person\/1dc07e4df3d6310b81d2cdf6a034070c"},"headline":"MOSTRA DE VAL\u00c8NCIA DESCOBRIX EL CINE FANT\u00c0STIC \u00c0RAB","datePublished":"2021-08-12T07:01:49+00:00","dateModified":"2021-08-12T07:01:51+00:00","mainEntityOfPage":{"@id":"https:\/\/lamostradevalencia.com\/ca\/mostra-de-valencia-descobrix-el-cine-fantastic-arab\/"},"wordCount":878,"commentCount":0,"image":{"@id":"https:\/\/lamostradevalencia.com\/ca\/mostra-de-valencia-descobrix-el-cine-fantastic-arab\/#primaryimage"},"thumbnailUrl":"https:\/\/lamostradevalencia.com\/wp-content\/uploads\/2021\/08\/Dachra.png","articleSection":["Noticies"],"inLanguage":"ca","potentialAction":[{"@type":"CommentAction","name":"Comment","target":["https:\/\/lamostradevalencia.com\/ca\/mostra-de-valencia-descobrix-el-cine-fantastic-arab\/#respond"]}]},{"@type":"WebPage","@id":"https:\/\/lamostradevalencia.com\/ca\/mostra-de-valencia-descobrix-el-cine-fantastic-arab\/","url":"https:\/\/lamostradevalencia.com\/ca\/mostra-de-valencia-descobrix-el-cine-fantastic-arab\/","name":"MOSTRA DE VAL\u00c8NCIA DESCOBRIX EL CINE FANT\u00c0STIC \u00c0RAB - Mostra de Val\u00e8ncia","isPartOf":{"@id":"https:\/\/lamostradevalencia.com\/ca\/#website"},"primaryImageOfPage":{"@id":"https:\/\/lamostradevalencia.com\/ca\/mostra-de-valencia-descobrix-el-cine-fantastic-arab\/#primaryimage"},"image":{"@id":"https:\/\/lamostradevalencia.com\/ca\/mostra-de-valencia-descobrix-el-cine-fantastic-arab\/#primaryimage"},"thumbnailUrl":"https:\/\/lamostradevalencia.com\/wp-content\/uploads\/2021\/08\/Dachra.png","datePublished":"2021-08-12T07:01:49+00:00","dateModified":"2021-08-12T07:01:51+00:00","author":{"@id":"https:\/\/lamostradevalencia.com\/ca\/#\/schema\/person\/1dc07e4df3d6310b81d2cdf6a034070c"},"breadcrumb":{"@id":"https:\/\/lamostradevalencia.com\/ca\/mostra-de-valencia-descobrix-el-cine-fantastic-arab\/#breadcrumb"},"inLanguage":"ca","potentialAction":[{"@type":"ReadAction","target":["https:\/\/lamostradevalencia.com\/ca\/mostra-de-valencia-descobrix-el-cine-fantastic-arab\/"]}]},{"@type":"ImageObject","inLanguage":"ca","@id":"https:\/\/lamostradevalencia.com\/ca\/mostra-de-valencia-descobrix-el-cine-fantastic-arab\/#primaryimage","url":"https:\/\/lamostradevalencia.com\/wp-content\/uploads\/2021\/08\/Dachra.png","contentUrl":"https:\/\/lamostradevalencia.com\/wp-content\/uploads\/2021\/08\/Dachra.png","width":1424,"height":603},{"@type":"BreadcrumbList","@id":"https:\/\/lamostradevalencia.com\/ca\/mostra-de-valencia-descobrix-el-cine-fantastic-arab\/#breadcrumb","itemListElement":[{"@type":"ListItem","position":1,"name":"Portada","item":"https:\/\/lamostradevalencia.com\/ca\/"},{"@type":"ListItem","position":2,"name":"MOSTRA DE VAL\u00c8NCIA DESCOBRIX EL CINE FANT\u00c0STIC \u00c0RAB"}]},{"@type":"WebSite","@id":"https:\/\/lamostradevalencia.com\/ca\/#website","url":"https:\/\/lamostradevalencia.com\/ca\/","name":"Mostra de Val\u00e8ncia","description":"Cinema del Mediterrani","potentialAction":[{"@type":"SearchAction","target":{"@type":"EntryPoint","urlTemplate":"https:\/\/lamostradevalencia.com\/ca\/?s={search_term_string}"},"query-input":{"@type":"PropertyValueSpecification","valueRequired":true,"valueName":"search_term_string"}}],"inLanguage":"ca"},{"@type":"Person","@id":"https:\/\/lamostradevalencia.com\/ca\/#\/schema\/person\/1dc07e4df3d6310b81d2cdf6a034070c","name":"Mostra de Val\u00e8ncia","image":{"@type":"ImageObject","inLanguage":"ca","@id":"https:\/\/secure.gravatar.com\/avatar\/ada4dfd699a9907706987adb1bb2b361c2613ccca474b49b8c648de5208e32f8?s=96&d=mm&r=g","url":"https:\/\/secure.gravatar.com\/avatar\/ada4dfd699a9907706987adb1bb2b361c2613ccca474b49b8c648de5208e32f8?s=96&d=mm&r=g","contentUrl":"https:\/\/secure.gravatar.com\/avatar\/ada4dfd699a9907706987adb1bb2b361c2613ccca474b49b8c648de5208e32f8?s=96&d=mm&r=g","caption":"Mostra de Val\u00e8ncia"}}]}},"uagb_featured_image_src":{"full":["https:\/\/lamostradevalencia.com\/wp-content\/uploads\/2021\/08\/Dachra.png",1424,603,false],"thumbnail":["https:\/\/lamostradevalencia.com\/wp-content\/uploads\/2021\/08\/Dachra-150x150.png",150,150,true],"medium":["https:\/\/lamostradevalencia.com\/wp-content\/uploads\/2021\/08\/Dachra-300x127.png",300,127,true],"medium_large":["https:\/\/lamostradevalencia.com\/wp-content\/uploads\/2021\/08\/Dachra-768x325.png",768,325,true],"large":["https:\/\/lamostradevalencia.com\/wp-content\/uploads\/2021\/08\/Dachra-1024x434.png",1024,434,true],"1536x1536":["https:\/\/lamostradevalencia.com\/wp-content\/uploads\/2021\/08\/Dachra.png",1424,603,false],"2048x2048":["https:\/\/lamostradevalencia.com\/wp-content\/uploads\/2021\/08\/Dachra.png",1424,603,false],"cinerama_edge_image_square":["https:\/\/lamostradevalencia.com\/wp-content\/uploads\/2021\/08\/Dachra-550x550.png",550,550,true],"cinerama_edge_image_landscape":["https:\/\/lamostradevalencia.com\/wp-content\/uploads\/2021\/08\/Dachra-1100x550.png",1100,550,true],"cinerama_edge_image_portrait":["https:\/\/lamostradevalencia.com\/wp-content\/uploads\/2021\/08\/Dachra-550x603.png",550,603,true],"cinerama_edge_image_huge":["https:\/\/lamostradevalencia.com\/wp-content\/uploads\/2021\/08\/Dachra-1100x603.png",1100,603,true],"gform-image-choice-sm":["https:\/\/lamostradevalencia.com\/wp-content\/uploads\/2021\/08\/Dachra.png",300,127,false],"gform-image-choice-md":["https:\/\/lamostradevalencia.com\/wp-content\/uploads\/2021\/08\/Dachra.png",400,169,false],"gform-image-choice-lg":["https:\/\/lamostradevalencia.com\/wp-content\/uploads\/2021\/08\/Dachra.png",600,254,false]},"uagb_author_info":{"display_name":"Mostra de Val\u00e8ncia","author_link":"https:\/\/lamostradevalencia.com\/ca\/author\/mostravalencia\/"},"uagb_comment_info":0,"uagb_excerpt":"Mostra de Val\u00e8ncia-Cinema del Mediterrani, que celebra la seua 36a edici\u00f3 del 15 al 24 d&#8217;octubre de 2021, comen\u00e7a a revelar la seua programaci\u00f3. Una [&hellip;]","_links":{"self":[{"href":"https:\/\/lamostradevalencia.com\/ca\/wp-json\/wp\/v2\/posts\/10469","targetHints":{"allow":["GET"]}}],"collection":[{"href":"https:\/\/lamostradevalencia.com\/ca\/wp-json\/wp\/v2\/posts"}],"about":[{"href":"https:\/\/lamostradevalencia.com\/ca\/wp-json\/wp\/v2\/types\/post"}],"author":[{"embeddable":true,"href":"https:\/\/lamostradevalencia.com\/ca\/wp-json\/wp\/v2\/users\/1"}],"replies":[{"embeddable":true,"href":"https:\/\/lamostradevalencia.com\/ca\/wp-json\/wp\/v2\/comments?post=10469"}],"version-history":[{"count":1,"href":"https:\/\/lamostradevalencia.com\/ca\/wp-json\/wp\/v2\/posts\/10469\/revisions"}],"predecessor-version":[{"id":10470,"href":"https:\/\/lamostradevalencia.com\/ca\/wp-json\/wp\/v2\/posts\/10469\/revisions\/10470"}],"wp:featuredmedia":[{"embeddable":true,"href":"https:\/\/lamostradevalencia.com\/ca\/wp-json\/wp\/v2\/media\/10465"}],"wp:attachment":[{"href":"https:\/\/lamostradevalencia.com\/ca\/wp-json\/wp\/v2\/media?parent=10469"}],"wp:term":[{"taxonomy":"category","embeddable":true,"href":"https:\/\/lamostradevalencia.com\/ca\/wp-json\/wp\/v2\/categories?post=10469"},{"taxonomy":"post_tag","embeddable":true,"href":"https:\/\/lamostradevalencia.com\/ca\/wp-json\/wp\/v2\/tags?post=10469"}],"curies":[{"name":"wp","href":"https:\/\/api.w.org\/{rel}","templated":true}]}}