{"id":10369,"date":"2021-07-15T09:29:50","date_gmt":"2021-07-15T07:29:50","guid":{"rendered":"https:\/\/lamostradevalencia.com\/?p=10369"},"modified":"2021-07-15T10:01:07","modified_gmt":"2021-07-15T08:01:07","slug":"aco-no-es-una-pellicula-de-berlanga","status":"publish","type":"post","link":"https:\/\/lamostradevalencia.com\/ca\/aco-no-es-una-pellicula-de-berlanga\/","title":{"rendered":"A\u00e7\u00f3 (no) \u00e9s una pel\u00b7l\u00edcula de Berlanga"},"content":{"rendered":"\r\n<p>La 36a Mostra de Val\u00e8ncia-Cinema del Mediterrani se suma a l&#8217;Any Berlanga amb un cicle molt especial, que posa a l&#8217;abast de l&#8217;espectador aut\u00e8ntiques rareses relacionades amb el c\u00e8lebre cineasta valenci\u00e0. Una s\u00e8rie de t\u00edtols que, a m\u00e9s, q\u00fcestionen l&#8217;estesa teoria de l&#8217;escassa repercussi\u00f3 del director m\u00e9s enll\u00e0 de les fronteres espanyoles. Entre ells, dos films inspirats en <em>Bienvenido, Mister Marshall<\/em> i rodats a B\u00f2snia i a Egipte, aix\u00ed com una producci\u00f3 italiana in\u00e8dita a Espanya, basada en un gui\u00f3 de <strong>Berlanga i Azcona<\/strong> prohibit per la censura; a m\u00e9s, s&#8217;inclou tamb\u00e9 una mostra del treball de Berlanga com a actor a les ordres d&#8217;un altre director. Una selecci\u00f3 destinada tant a cin\u00e8fils com a curiosos i aficionats, que podran descobrir les facetes menys conegudes del mestre i la seua influ\u00e8ncia internacional.<\/p>\r\n\r\n\r\n\r\n<p><strong>Benvingut, Mister Clinton<\/strong><\/p>\r\n\r\n\r\n\r\n<p>En 2004, la gala de clausura de la XXV Mostra de Val\u00e8ncia va suposar la coronaci\u00f3 de <em>Gori<\/em> <em>Vatra<\/em>, \u201cuna com\u00e8dia dram\u00e0tica de facturaci\u00f3 bosniana que es va erigir amb la Palmera d&#8217;Or en la Secci\u00f3 Oficial\u201d, tal com van informar llavors els mitjans. La pel\u00b7l\u00edcula tamb\u00e9 va guanyar el premi al millor gui\u00f3, escrit pel director de la cinta, <strong>Pjer Zalica<\/strong>. Heus ac\u00ed la sinopsi del film: \u201cDos anys despr\u00e9s de la finalitzaci\u00f3 de la guerra de B\u00f2snia, la xicoteta localitat de Tesanj rep la not\u00edcia que <strong>Bill Clinton<\/strong> visitar\u00e0 la poblaci\u00f3, un fet que transformar\u00e0 tant al poble com als seus habitants. No resulta complicat establir paral\u00b7lelismes amb <em>Bienvenido Mister Marshall<\/em>, sobretot perqu\u00e8 el feli\u00e7 anunci provocar\u00e0 una carrera contrarellotge a fi d&#8217;adequar al poble i les seues gents per a rebre al mandatari estatunidenc com mereix. Una prova de la capacitat de l&#8217;humor berlangui\u00e0 per a traspassar fronteres.<\/p>\r\n\r\n\r\n\r\n<figure class=\"wp-block-image size-large\"><img loading=\"lazy\" decoding=\"async\" width=\"1024\" height=\"666\" class=\"wp-image-10343\" src=\"https:\/\/lamostradevalencia.com\/wp-content\/uploads\/2021\/07\/Gori-Vatra2-1024x666.jpg\" alt=\"\" srcset=\"https:\/\/lamostradevalencia.com\/wp-content\/uploads\/2021\/07\/Gori-Vatra2-1024x666.jpg 1024w, https:\/\/lamostradevalencia.com\/wp-content\/uploads\/2021\/07\/Gori-Vatra2-300x195.jpg 300w, https:\/\/lamostradevalencia.com\/wp-content\/uploads\/2021\/07\/Gori-Vatra2-768x499.jpg 768w, https:\/\/lamostradevalencia.com\/wp-content\/uploads\/2021\/07\/Gori-Vatra2.jpg 1200w\" sizes=\"auto, (max-width: 1024px) 100vw, 1024px\" \/><\/figure>\r\n\r\n\r\n\r\n<p>Per\u00f2 no l&#8217;\u00fanica. El director <strong>Kepa Sojo<\/strong>, especialista en l&#8217;obra de Berlanga, assegura que el film egipci <em>Ziyara as said ar-rais<\/em> (<em>La visita del se\u00f1or presidente<\/em>), dirigit per <strong>Mounir Rady<\/strong> en 1994 \u00e9s \u201cun calc quasi exacte de <em>Bienvenido<\/em> <em>Mister Marshall<\/em>, si b\u00e9 s&#8217;ambienta en un lluny\u00e0 poblet de la zona d&#8217;Alexandria en els anys seixanta, en el moment en qu\u00e8 la febre panarabista de la Rep\u00fablica \u00c0rab Unida perd corda a Egipte i els Estats Units comen\u00e7en a deixar notar la seua pres\u00e8ncia en terres nord-africanes\u201d. Encara que el film egipci es basa en una novel\u00b7la de <strong>Yousef El-Kaeed<\/strong>, Sojo sost\u00e9 que les coincid\u00e8ncies entre totes dues pel\u00b7l\u00edcules \u201cs\u00f3n sorprenents\u201d. La sinopsi, de nou, ho confirma: \u201cQuan el president de la naci\u00f3 m\u00e9s poderosa de la Terra decideix visitar un apartat poble egipci, els governants locals es donen a la tasca de \u2018modernitzar\u2019 el lloc: els carrers s\u00f3n repintats, s&#8217;instal\u00b7la una nova xarxa el\u00e8ctrica, i als llauradors se&#8217;ls fa vestir pantalons vaquers i barrets texans\u201d. Com els ve\u00efns de Guadalix de la Sierra, els vilatans egipcis estan conven\u00e7uts que els americans arribaran carregats de diners i els trauran de la mis\u00e8ria que pateixen.\u00a0<\/p>\r\n\r\n\r\n\r\n<figure class=\"wp-block-image size-large\"><img loading=\"lazy\" decoding=\"async\" width=\"717\" height=\"1024\" class=\"wp-image-10348\" src=\"https:\/\/lamostradevalencia.com\/wp-content\/uploads\/2021\/07\/Mr-Marshall-egipcio-717x1024.png\" alt=\"\" srcset=\"https:\/\/lamostradevalencia.com\/wp-content\/uploads\/2021\/07\/Mr-Marshall-egipcio-717x1024.png 717w, https:\/\/lamostradevalencia.com\/wp-content\/uploads\/2021\/07\/Mr-Marshall-egipcio-210x300.png 210w, https:\/\/lamostradevalencia.com\/wp-content\/uploads\/2021\/07\/Mr-Marshall-egipcio-768x1097.png 768w, https:\/\/lamostradevalencia.com\/wp-content\/uploads\/2021\/07\/Mr-Marshall-egipcio.png 1000w\" sizes=\"auto, (max-width: 717px) 100vw, 717px\" \/><\/figure>\r\n\r\n\r\n\r\n<p>El film, una absoluta rara avis, ha pogut ser localitzat gr\u00e0cies a\u00a0 la col\u00b7laboraci\u00f3 entre l&#8217;Egyptian Film Center i Mostra de Val\u00e8ncia, perqu\u00e8 el p\u00fablic valenci\u00e0 puga comprovar per si mateix les similituds entre totes dues pel\u00b7l\u00edcules.<\/p>\r\n\r\n\r\n\r\n<p><strong>Versi\u00f3 italiana<\/strong><\/p>\r\n\r\n\r\n\r\n<p>El mes de maig passat , el periodista <strong>Jes\u00fas Ruiz Mantilla<\/strong> va accedir als expedients que demostraven com els censors franquistes van prohibir els rodatges de tres\u00a0 guions de Berlanga: <em>Los gancheros<\/em>, <em>La demolici\u00f3n<\/em> i <em>A mi querida mam\u00e1 en el d\u00eda de su santo<\/em>. En un article posterior afirmava que es tracta de \u201ctres pel\u00b7l\u00edcules de les quals hui ning\u00fa parla, senzillament perqu\u00e8 no existeixen: la censura les va prohibir\u201d. I \u00e9s totalment cert que, en 1968, la inflexible instituci\u00f3 va rebutjar <em>A mi querida mam\u00e1 en el d\u00eda de su santo<\/em>, un gui\u00f3 de Berlanga i Rafael Azcona, desestimat pel seu contingut er\u00f2tic i el perill que suposava mostrar un incest en pantalla.<\/p>\r\n\r\n\r\n\r\n<p>Per\u00f2 la pel\u00b7l\u00edcula s\u00ed que va arribar a filmar-se. Seria en 1974, a It\u00e0lia, amb el t\u00edtol de <em>Alla<\/em> <em>mia cara mamma nel giorno del suo compleanno<\/em> i sota la direcci\u00f3 de <strong>Luciano Salce.<\/strong> Es tracta d&#8217;una versi\u00f3 lliure de la hist\u00f2ria original, adaptada pel propi <strong>Salce, Sergio Corbucci i Massimo Franciosa<\/strong>, que mai es va arribar a estrenar comercialment a Espanya, i de la qual Berlanga va declarar no sentir-se totalment satisfet, encara que \u00e9s innegable que molts dels temes del seu imaginari f\u00edlmic s\u00f3n presents en ella. De fet, es poden localitzar en pel\u00b7l\u00edcules posteriors del valenci\u00e0 que s\u00ed que arribarien a bon port.<\/p>\r\n\r\n\r\n\r\n<figure class=\"wp-block-image size-large\"><img loading=\"lazy\" decoding=\"async\" width=\"1024\" height=\"640\" class=\"wp-image-10353\" src=\"https:\/\/lamostradevalencia.com\/wp-content\/uploads\/2021\/07\/Allamia3-1024x640.png\" alt=\"\" srcset=\"https:\/\/lamostradevalencia.com\/wp-content\/uploads\/2021\/07\/Allamia3-1024x640.png 1024w, https:\/\/lamostradevalencia.com\/wp-content\/uploads\/2021\/07\/Allamia3-300x188.png 300w, https:\/\/lamostradevalencia.com\/wp-content\/uploads\/2021\/07\/Allamia3-768x480.png 768w, https:\/\/lamostradevalencia.com\/wp-content\/uploads\/2021\/07\/Allamia3.png 1440w\" sizes=\"auto, (max-width: 1024px) 100vw, 1024px\" \/><\/figure>\r\n\r\n\r\n\r\n<p><em>Alla mia cara mamma nel giorno del suo compleanno<\/em> est\u00e0 protagonitzada per un comte trentanyer, reprimit i erot\u00f2man (fins joguineja amb una nina, com el <strong>Michel Piccoli <\/strong>de <em>Tama\u00f1o<\/em> <em>natural<\/em>), que viu sota el jou d&#8217;una mare possessiva, castrant i sobreprotectora que el tracta com a un xiquet, un personatge cl\u00e0ssic del t\u00e0ndem Berlanga\/Azcona. \u201cTens a la teua mare, no necessites a una altra dona\u201d, li diu\u00a0 ella quan ell es queixa perqu\u00e8 no aconsegueix casar-se. A m\u00e9s, la pel\u00b7l\u00edcula \u00e9s el retrat social despietat d&#8217;una\u00a0 aristocr\u00e0cia decadent (<em>Patrimonio nacional<\/em>) que practica una caritat cruel i de cara a la galeria (<em>Pl\u00e1cido<\/em>). I tampoc \u00e9s dif\u00edcil trobar un precedent del Marqu\u00e9s de Leguineche (<em>La escopeta nacional<\/em>) en el personatge que gaudeix tallant p\u00e8ls de pubis femen\u00ed.<\/p>\r\n\r\n\r\n\r\n<p><strong>Berlanga actor<\/strong><\/p>\r\n\r\n\r\n\r\n<p>En una entrevista amb <strong>Diego Gal\u00e1n i Fernando Lara<\/strong>, Berlanga es referia al seu treball com a actor explicant que no era \u201cgens seri\u00f3s\u201d. Segons les seues paraules, \u201cva sorgir en <em>La boutique<\/em>, perqu\u00e8 no hi havia ning\u00fa per a fer un xicotet paper i el vaig haver de fer jo. Malament o b\u00e9, per\u00f2 ho vaig fer\u201d. Este precedent va donar peu al fet que repetira. \u201cDespr\u00e9s em van cridar <strong>Pedro Olea i Jorge Grau <\/strong>per a les seues pel\u00b7l\u00edcules. Crec que els meus amics han sigut molt injustos amb mi quan han opinat sobre les meues actuacions. M&#8217;he vist i, despr\u00e9s de tot, no em trobe tan horrible com ells deien\u201d, assegurava amb sorna el director valenci\u00e0.<\/p>\r\n\r\n\r\n\r\n<p>El p\u00fablic de la Mostra podr\u00e0 comprovar-ho de primera m\u00e0 i formar-se la seua pr\u00f2pia opini\u00f3 veient <em>D\u00edas de viejo color<\/em>, l&#8217;opera prima de Pedro Olea, que certifica en els cr\u00e8dits que es tracta de la seua \u201cpresentaci\u00f3\u201d com a actor. En ella, Berlanga incorpora a un t\u00e9rbol personatge americ\u00e0 anomenat precisament Mr. Marshall (fins ac\u00ed arriba la broma), que parla en espanyol amb accent ianqui. Les seues aparicions s\u00f3n escasses, per\u00f2 la pel\u00b7l\u00edcula no manca d&#8217;altres atractius per a l&#8217;espectador curi\u00f3s: ambientada en el Torremolinos de 1967, est\u00e0 protagonitzada per tres amics de Madrid que viatgen a la costa a la recerca d&#8217;amor i aventures. Els trobaran, per descomptat, entre refer\u00e8ncies a festes amb LSD, art pop (amb una intervenci\u00f3 mural del pintor <strong>Manuel Viola<\/strong>, del grup El Paso) i cameos d&#8217;artistes\u00a0 com<strong> Luis Eduardo Aute <\/strong>(que interpreta diverses can\u00e7ons en franc\u00e9s),<strong> Massiel, Juan Pardo, Los Rel\u00e1mpagos<\/strong> o la transsexual francesa<strong> Coccinelle<\/strong>. Una aut\u00e8ntica extravag\u00e0ncia en el context del cinema de l&#8217;Espanya franquista.<\/p>\r\n\r\n\r\n\r\n<figure class=\"wp-block-image size-large\"><img loading=\"lazy\" decoding=\"async\" width=\"1024\" height=\"640\" class=\"wp-image-10358\" src=\"https:\/\/lamostradevalencia.com\/wp-content\/uploads\/2021\/07\/LGB-1024x640.png\" alt=\"\" srcset=\"https:\/\/lamostradevalencia.com\/wp-content\/uploads\/2021\/07\/LGB-1024x640.png 1024w, https:\/\/lamostradevalencia.com\/wp-content\/uploads\/2021\/07\/LGB-300x188.png 300w, https:\/\/lamostradevalencia.com\/wp-content\/uploads\/2021\/07\/LGB-768x480.png 768w, https:\/\/lamostradevalencia.com\/wp-content\/uploads\/2021\/07\/LGB.png 1440w\" sizes=\"auto, (max-width: 1024px) 100vw, 1024px\" \/><\/figure>\r\n","protected":false},"excerpt":{"rendered":"<p>La 36a Mostra de Val\u00e8ncia-Cinema del Mediterrani se suma a l&#8217;Any Berlanga amb un cicle molt especial, que posa a l&#8217;abast de l&#8217;espectador aut\u00e8ntiques rareses [&hellip;]<\/p>\n","protected":false},"author":1,"featured_media":10363,"comment_status":"open","ping_status":"open","sticky":false,"template":"","format":"standard","meta":{"_uag_custom_page_level_css":"","_jet_sm_ready_style":"","_jet_sm_style":"","_jet_sm_controls_values":"","_jet_sm_fonts_collection":"","_jet_sm_fonts_links":"","footnotes":""},"categories":[455],"tags":[],"class_list":["post-10369","post","type-post","status-publish","format-standard","has-post-thumbnail","hentry","category-noticies"],"yoast_head":"<!-- This site is optimized with the Yoast SEO plugin v27.5 - https:\/\/yoast.com\/product\/yoast-seo-wordpress\/ -->\n<title>A\u00e7\u00f3 (no) \u00e9s una pel\u00b7l\u00edcula de Berlanga - Mostra de Val\u00e8ncia<\/title>\n<meta name=\"robots\" content=\"index, follow, max-snippet:-1, max-image-preview:large, max-video-preview:-1\" \/>\n<link rel=\"canonical\" href=\"https:\/\/lamostradevalencia.com\/ca\/aco-no-es-una-pellicula-de-berlanga\/\" \/>\n<meta property=\"og:locale\" content=\"ca_ES\" \/>\n<meta property=\"og:type\" content=\"article\" \/>\n<meta property=\"og:title\" content=\"A\u00e7\u00f3 (no) \u00e9s una pel\u00b7l\u00edcula de Berlanga - Mostra de Val\u00e8ncia\" \/>\n<meta property=\"og:description\" content=\"La 36a Mostra de Val\u00e8ncia-Cinema del Mediterrani se suma a l&#8217;Any Berlanga amb un cicle molt especial, que posa a l&#8217;abast de l&#8217;espectador aut\u00e8ntiques rareses [&hellip;]\" \/>\n<meta property=\"og:url\" content=\"https:\/\/lamostradevalencia.com\/ca\/aco-no-es-una-pellicula-de-berlanga\/\" \/>\n<meta property=\"og:site_name\" content=\"Mostra de Val\u00e8ncia\" \/>\n<meta property=\"article:published_time\" content=\"2021-07-15T07:29:50+00:00\" \/>\n<meta property=\"article:modified_time\" content=\"2021-07-15T08:01:07+00:00\" \/>\n<meta property=\"og:image\" content=\"https:\/\/lamostradevalencia.com\/wp-content\/uploads\/2021\/07\/LGB2.png\" \/>\n\t<meta property=\"og:image:width\" content=\"1440\" \/>\n\t<meta property=\"og:image:height\" content=\"900\" \/>\n\t<meta property=\"og:image:type\" content=\"image\/png\" \/>\n<meta name=\"author\" content=\"Mostra de Val\u00e8ncia\" \/>\n<meta name=\"twitter:card\" content=\"summary_large_image\" \/>\n<meta name=\"twitter:label1\" content=\"Escrit per\" \/>\n\t<meta name=\"twitter:data1\" content=\"Mostra de Val\u00e8ncia\" \/>\n\t<meta name=\"twitter:label2\" content=\"Temps estimat de lectura\" \/>\n\t<meta name=\"twitter:data2\" content=\"6 minuts\" \/>\n<script type=\"application\/ld+json\" class=\"yoast-schema-graph\">{\"@context\":\"https:\\\/\\\/schema.org\",\"@graph\":[{\"@type\":\"Article\",\"@id\":\"https:\\\/\\\/lamostradevalencia.com\\\/ca\\\/aco-no-es-una-pellicula-de-berlanga\\\/#article\",\"isPartOf\":{\"@id\":\"https:\\\/\\\/lamostradevalencia.com\\\/ca\\\/aco-no-es-una-pellicula-de-berlanga\\\/\"},\"author\":{\"name\":\"Mostra de Val\u00e8ncia\",\"@id\":\"https:\\\/\\\/lamostradevalencia.com\\\/ca\\\/#\\\/schema\\\/person\\\/1dc07e4df3d6310b81d2cdf6a034070c\"},\"headline\":\"A\u00e7\u00f3 (no) \u00e9s una pel\u00b7l\u00edcula de Berlanga\",\"datePublished\":\"2021-07-15T07:29:50+00:00\",\"dateModified\":\"2021-07-15T08:01:07+00:00\",\"mainEntityOfPage\":{\"@id\":\"https:\\\/\\\/lamostradevalencia.com\\\/ca\\\/aco-no-es-una-pellicula-de-berlanga\\\/\"},\"wordCount\":1275,\"commentCount\":0,\"image\":{\"@id\":\"https:\\\/\\\/lamostradevalencia.com\\\/ca\\\/aco-no-es-una-pellicula-de-berlanga\\\/#primaryimage\"},\"thumbnailUrl\":\"https:\\\/\\\/lamostradevalencia.com\\\/wp-content\\\/uploads\\\/2021\\\/07\\\/LGB2.png\",\"articleSection\":[\"Noticies\"],\"inLanguage\":\"ca\",\"potentialAction\":[{\"@type\":\"CommentAction\",\"name\":\"Comment\",\"target\":[\"https:\\\/\\\/lamostradevalencia.com\\\/ca\\\/aco-no-es-una-pellicula-de-berlanga\\\/#respond\"]}]},{\"@type\":\"WebPage\",\"@id\":\"https:\\\/\\\/lamostradevalencia.com\\\/ca\\\/aco-no-es-una-pellicula-de-berlanga\\\/\",\"url\":\"https:\\\/\\\/lamostradevalencia.com\\\/ca\\\/aco-no-es-una-pellicula-de-berlanga\\\/\",\"name\":\"A\u00e7\u00f3 (no) \u00e9s una pel\u00b7l\u00edcula de Berlanga - Mostra de Val\u00e8ncia\",\"isPartOf\":{\"@id\":\"https:\\\/\\\/lamostradevalencia.com\\\/ca\\\/#website\"},\"primaryImageOfPage\":{\"@id\":\"https:\\\/\\\/lamostradevalencia.com\\\/ca\\\/aco-no-es-una-pellicula-de-berlanga\\\/#primaryimage\"},\"image\":{\"@id\":\"https:\\\/\\\/lamostradevalencia.com\\\/ca\\\/aco-no-es-una-pellicula-de-berlanga\\\/#primaryimage\"},\"thumbnailUrl\":\"https:\\\/\\\/lamostradevalencia.com\\\/wp-content\\\/uploads\\\/2021\\\/07\\\/LGB2.png\",\"datePublished\":\"2021-07-15T07:29:50+00:00\",\"dateModified\":\"2021-07-15T08:01:07+00:00\",\"author\":{\"@id\":\"https:\\\/\\\/lamostradevalencia.com\\\/ca\\\/#\\\/schema\\\/person\\\/1dc07e4df3d6310b81d2cdf6a034070c\"},\"breadcrumb\":{\"@id\":\"https:\\\/\\\/lamostradevalencia.com\\\/ca\\\/aco-no-es-una-pellicula-de-berlanga\\\/#breadcrumb\"},\"inLanguage\":\"ca\",\"potentialAction\":[{\"@type\":\"ReadAction\",\"target\":[\"https:\\\/\\\/lamostradevalencia.com\\\/ca\\\/aco-no-es-una-pellicula-de-berlanga\\\/\"]}]},{\"@type\":\"ImageObject\",\"inLanguage\":\"ca\",\"@id\":\"https:\\\/\\\/lamostradevalencia.com\\\/ca\\\/aco-no-es-una-pellicula-de-berlanga\\\/#primaryimage\",\"url\":\"https:\\\/\\\/lamostradevalencia.com\\\/wp-content\\\/uploads\\\/2021\\\/07\\\/LGB2.png\",\"contentUrl\":\"https:\\\/\\\/lamostradevalencia.com\\\/wp-content\\\/uploads\\\/2021\\\/07\\\/LGB2.png\",\"width\":1440,\"height\":900},{\"@type\":\"BreadcrumbList\",\"@id\":\"https:\\\/\\\/lamostradevalencia.com\\\/ca\\\/aco-no-es-una-pellicula-de-berlanga\\\/#breadcrumb\",\"itemListElement\":[{\"@type\":\"ListItem\",\"position\":1,\"name\":\"Portada\",\"item\":\"https:\\\/\\\/lamostradevalencia.com\\\/ca\\\/\"},{\"@type\":\"ListItem\",\"position\":2,\"name\":\"A\u00e7\u00f3 (no) \u00e9s una pel\u00b7l\u00edcula de Berlanga\"}]},{\"@type\":\"WebSite\",\"@id\":\"https:\\\/\\\/lamostradevalencia.com\\\/ca\\\/#website\",\"url\":\"https:\\\/\\\/lamostradevalencia.com\\\/ca\\\/\",\"name\":\"Mostra de Val\u00e8ncia\",\"description\":\"Cinema del Mediterrani\",\"potentialAction\":[{\"@type\":\"SearchAction\",\"target\":{\"@type\":\"EntryPoint\",\"urlTemplate\":\"https:\\\/\\\/lamostradevalencia.com\\\/ca\\\/?s={search_term_string}\"},\"query-input\":{\"@type\":\"PropertyValueSpecification\",\"valueRequired\":true,\"valueName\":\"search_term_string\"}}],\"inLanguage\":\"ca\"},{\"@type\":\"Person\",\"@id\":\"https:\\\/\\\/lamostradevalencia.com\\\/ca\\\/#\\\/schema\\\/person\\\/1dc07e4df3d6310b81d2cdf6a034070c\",\"name\":\"Mostra de Val\u00e8ncia\",\"image\":{\"@type\":\"ImageObject\",\"inLanguage\":\"ca\",\"@id\":\"https:\\\/\\\/secure.gravatar.com\\\/avatar\\\/ada4dfd699a9907706987adb1bb2b361c2613ccca474b49b8c648de5208e32f8?s=96&d=mm&r=g\",\"url\":\"https:\\\/\\\/secure.gravatar.com\\\/avatar\\\/ada4dfd699a9907706987adb1bb2b361c2613ccca474b49b8c648de5208e32f8?s=96&d=mm&r=g\",\"contentUrl\":\"https:\\\/\\\/secure.gravatar.com\\\/avatar\\\/ada4dfd699a9907706987adb1bb2b361c2613ccca474b49b8c648de5208e32f8?s=96&d=mm&r=g\",\"caption\":\"Mostra de Val\u00e8ncia\"}}]}<\/script>\n<!-- \/ Yoast SEO plugin. -->","yoast_head_json":{"title":"A\u00e7\u00f3 (no) \u00e9s una pel\u00b7l\u00edcula de Berlanga - Mostra de Val\u00e8ncia","robots":{"index":"index","follow":"follow","max-snippet":"max-snippet:-1","max-image-preview":"max-image-preview:large","max-video-preview":"max-video-preview:-1"},"canonical":"https:\/\/lamostradevalencia.com\/ca\/aco-no-es-una-pellicula-de-berlanga\/","og_locale":"ca_ES","og_type":"article","og_title":"A\u00e7\u00f3 (no) \u00e9s una pel\u00b7l\u00edcula de Berlanga - Mostra de Val\u00e8ncia","og_description":"La 36a Mostra de Val\u00e8ncia-Cinema del Mediterrani se suma a l&#8217;Any Berlanga amb un cicle molt especial, que posa a l&#8217;abast de l&#8217;espectador aut\u00e8ntiques rareses [&hellip;]","og_url":"https:\/\/lamostradevalencia.com\/ca\/aco-no-es-una-pellicula-de-berlanga\/","og_site_name":"Mostra de Val\u00e8ncia","article_published_time":"2021-07-15T07:29:50+00:00","article_modified_time":"2021-07-15T08:01:07+00:00","og_image":[{"width":1440,"height":900,"url":"https:\/\/lamostradevalencia.com\/wp-content\/uploads\/2021\/07\/LGB2.png","type":"image\/png"}],"author":"Mostra de Val\u00e8ncia","twitter_card":"summary_large_image","twitter_misc":{"Escrit per":"Mostra de Val\u00e8ncia","Temps estimat de lectura":"6 minuts"},"schema":{"@context":"https:\/\/schema.org","@graph":[{"@type":"Article","@id":"https:\/\/lamostradevalencia.com\/ca\/aco-no-es-una-pellicula-de-berlanga\/#article","isPartOf":{"@id":"https:\/\/lamostradevalencia.com\/ca\/aco-no-es-una-pellicula-de-berlanga\/"},"author":{"name":"Mostra de Val\u00e8ncia","@id":"https:\/\/lamostradevalencia.com\/ca\/#\/schema\/person\/1dc07e4df3d6310b81d2cdf6a034070c"},"headline":"A\u00e7\u00f3 (no) \u00e9s una pel\u00b7l\u00edcula de Berlanga","datePublished":"2021-07-15T07:29:50+00:00","dateModified":"2021-07-15T08:01:07+00:00","mainEntityOfPage":{"@id":"https:\/\/lamostradevalencia.com\/ca\/aco-no-es-una-pellicula-de-berlanga\/"},"wordCount":1275,"commentCount":0,"image":{"@id":"https:\/\/lamostradevalencia.com\/ca\/aco-no-es-una-pellicula-de-berlanga\/#primaryimage"},"thumbnailUrl":"https:\/\/lamostradevalencia.com\/wp-content\/uploads\/2021\/07\/LGB2.png","articleSection":["Noticies"],"inLanguage":"ca","potentialAction":[{"@type":"CommentAction","name":"Comment","target":["https:\/\/lamostradevalencia.com\/ca\/aco-no-es-una-pellicula-de-berlanga\/#respond"]}]},{"@type":"WebPage","@id":"https:\/\/lamostradevalencia.com\/ca\/aco-no-es-una-pellicula-de-berlanga\/","url":"https:\/\/lamostradevalencia.com\/ca\/aco-no-es-una-pellicula-de-berlanga\/","name":"A\u00e7\u00f3 (no) \u00e9s una pel\u00b7l\u00edcula de Berlanga - Mostra de Val\u00e8ncia","isPartOf":{"@id":"https:\/\/lamostradevalencia.com\/ca\/#website"},"primaryImageOfPage":{"@id":"https:\/\/lamostradevalencia.com\/ca\/aco-no-es-una-pellicula-de-berlanga\/#primaryimage"},"image":{"@id":"https:\/\/lamostradevalencia.com\/ca\/aco-no-es-una-pellicula-de-berlanga\/#primaryimage"},"thumbnailUrl":"https:\/\/lamostradevalencia.com\/wp-content\/uploads\/2021\/07\/LGB2.png","datePublished":"2021-07-15T07:29:50+00:00","dateModified":"2021-07-15T08:01:07+00:00","author":{"@id":"https:\/\/lamostradevalencia.com\/ca\/#\/schema\/person\/1dc07e4df3d6310b81d2cdf6a034070c"},"breadcrumb":{"@id":"https:\/\/lamostradevalencia.com\/ca\/aco-no-es-una-pellicula-de-berlanga\/#breadcrumb"},"inLanguage":"ca","potentialAction":[{"@type":"ReadAction","target":["https:\/\/lamostradevalencia.com\/ca\/aco-no-es-una-pellicula-de-berlanga\/"]}]},{"@type":"ImageObject","inLanguage":"ca","@id":"https:\/\/lamostradevalencia.com\/ca\/aco-no-es-una-pellicula-de-berlanga\/#primaryimage","url":"https:\/\/lamostradevalencia.com\/wp-content\/uploads\/2021\/07\/LGB2.png","contentUrl":"https:\/\/lamostradevalencia.com\/wp-content\/uploads\/2021\/07\/LGB2.png","width":1440,"height":900},{"@type":"BreadcrumbList","@id":"https:\/\/lamostradevalencia.com\/ca\/aco-no-es-una-pellicula-de-berlanga\/#breadcrumb","itemListElement":[{"@type":"ListItem","position":1,"name":"Portada","item":"https:\/\/lamostradevalencia.com\/ca\/"},{"@type":"ListItem","position":2,"name":"A\u00e7\u00f3 (no) \u00e9s una pel\u00b7l\u00edcula de Berlanga"}]},{"@type":"WebSite","@id":"https:\/\/lamostradevalencia.com\/ca\/#website","url":"https:\/\/lamostradevalencia.com\/ca\/","name":"Mostra de Val\u00e8ncia","description":"Cinema del Mediterrani","potentialAction":[{"@type":"SearchAction","target":{"@type":"EntryPoint","urlTemplate":"https:\/\/lamostradevalencia.com\/ca\/?s={search_term_string}"},"query-input":{"@type":"PropertyValueSpecification","valueRequired":true,"valueName":"search_term_string"}}],"inLanguage":"ca"},{"@type":"Person","@id":"https:\/\/lamostradevalencia.com\/ca\/#\/schema\/person\/1dc07e4df3d6310b81d2cdf6a034070c","name":"Mostra de Val\u00e8ncia","image":{"@type":"ImageObject","inLanguage":"ca","@id":"https:\/\/secure.gravatar.com\/avatar\/ada4dfd699a9907706987adb1bb2b361c2613ccca474b49b8c648de5208e32f8?s=96&d=mm&r=g","url":"https:\/\/secure.gravatar.com\/avatar\/ada4dfd699a9907706987adb1bb2b361c2613ccca474b49b8c648de5208e32f8?s=96&d=mm&r=g","contentUrl":"https:\/\/secure.gravatar.com\/avatar\/ada4dfd699a9907706987adb1bb2b361c2613ccca474b49b8c648de5208e32f8?s=96&d=mm&r=g","caption":"Mostra de Val\u00e8ncia"}}]}},"uagb_featured_image_src":{"full":["https:\/\/lamostradevalencia.com\/wp-content\/uploads\/2021\/07\/LGB2.png",1440,900,false],"thumbnail":["https:\/\/lamostradevalencia.com\/wp-content\/uploads\/2021\/07\/LGB2-150x150.png",150,150,true],"medium":["https:\/\/lamostradevalencia.com\/wp-content\/uploads\/2021\/07\/LGB2-300x188.png",300,188,true],"medium_large":["https:\/\/lamostradevalencia.com\/wp-content\/uploads\/2021\/07\/LGB2-768x480.png",768,480,true],"large":["https:\/\/lamostradevalencia.com\/wp-content\/uploads\/2021\/07\/LGB2-1024x640.png",1024,640,true],"1536x1536":["https:\/\/lamostradevalencia.com\/wp-content\/uploads\/2021\/07\/LGB2.png",1440,900,false],"2048x2048":["https:\/\/lamostradevalencia.com\/wp-content\/uploads\/2021\/07\/LGB2.png",1440,900,false],"cinerama_edge_image_square":["https:\/\/lamostradevalencia.com\/wp-content\/uploads\/2021\/07\/LGB2-550x550.png",550,550,true],"cinerama_edge_image_landscape":["https:\/\/lamostradevalencia.com\/wp-content\/uploads\/2021\/07\/LGB2-1100x550.png",1100,550,true],"cinerama_edge_image_portrait":["https:\/\/lamostradevalencia.com\/wp-content\/uploads\/2021\/07\/LGB2-550x900.png",550,900,true],"cinerama_edge_image_huge":["https:\/\/lamostradevalencia.com\/wp-content\/uploads\/2021\/07\/LGB2-1100x900.png",1100,900,true],"gform-image-choice-sm":["https:\/\/lamostradevalencia.com\/wp-content\/uploads\/2021\/07\/LGB2.png",300,188,false],"gform-image-choice-md":["https:\/\/lamostradevalencia.com\/wp-content\/uploads\/2021\/07\/LGB2.png",400,250,false],"gform-image-choice-lg":["https:\/\/lamostradevalencia.com\/wp-content\/uploads\/2021\/07\/LGB2.png",600,375,false]},"uagb_author_info":{"display_name":"Mostra de Val\u00e8ncia","author_link":"https:\/\/lamostradevalencia.com\/ca\/author\/mostravalencia\/"},"uagb_comment_info":0,"uagb_excerpt":"La 36a Mostra de Val\u00e8ncia-Cinema del Mediterrani se suma a l&#8217;Any Berlanga amb un cicle molt especial, que posa a l&#8217;abast de l&#8217;espectador aut\u00e8ntiques rareses [&hellip;]","_links":{"self":[{"href":"https:\/\/lamostradevalencia.com\/ca\/wp-json\/wp\/v2\/posts\/10369","targetHints":{"allow":["GET"]}}],"collection":[{"href":"https:\/\/lamostradevalencia.com\/ca\/wp-json\/wp\/v2\/posts"}],"about":[{"href":"https:\/\/lamostradevalencia.com\/ca\/wp-json\/wp\/v2\/types\/post"}],"author":[{"embeddable":true,"href":"https:\/\/lamostradevalencia.com\/ca\/wp-json\/wp\/v2\/users\/1"}],"replies":[{"embeddable":true,"href":"https:\/\/lamostradevalencia.com\/ca\/wp-json\/wp\/v2\/comments?post=10369"}],"version-history":[{"count":2,"href":"https:\/\/lamostradevalencia.com\/ca\/wp-json\/wp\/v2\/posts\/10369\/revisions"}],"predecessor-version":[{"id":10375,"href":"https:\/\/lamostradevalencia.com\/ca\/wp-json\/wp\/v2\/posts\/10369\/revisions\/10375"}],"wp:featuredmedia":[{"embeddable":true,"href":"https:\/\/lamostradevalencia.com\/ca\/wp-json\/wp\/v2\/media\/10363"}],"wp:attachment":[{"href":"https:\/\/lamostradevalencia.com\/ca\/wp-json\/wp\/v2\/media?parent=10369"}],"wp:term":[{"taxonomy":"category","embeddable":true,"href":"https:\/\/lamostradevalencia.com\/ca\/wp-json\/wp\/v2\/categories?post=10369"},{"taxonomy":"post_tag","embeddable":true,"href":"https:\/\/lamostradevalencia.com\/ca\/wp-json\/wp\/v2\/tags?post=10369"}],"curies":[{"name":"wp","href":"https:\/\/api.w.org\/{rel}","templated":true}]}}