{"id":10338,"date":"2021-07-08T12:45:25","date_gmt":"2021-07-08T10:45:25","guid":{"rendered":"https:\/\/lamostradevalencia.com\/?p=10338"},"modified":"2021-07-08T12:45:27","modified_gmt":"2021-07-08T10:45:27","slug":"el-cartell-de-la-36a-mostra-de-valencia-ret-homenatge-a-les-sales-de-cinema","status":"publish","type":"post","link":"https:\/\/lamostradevalencia.com\/ca\/el-cartell-de-la-36a-mostra-de-valencia-ret-homenatge-a-les-sales-de-cinema\/","title":{"rendered":"El cartell de la 36a Mostra de Val\u00e8ncia ret homenatge a les sales de cinema"},"content":{"rendered":"\n<p><br><\/p>\n\n\n\n<p><strong>La 36a edici\u00f3 de la Mostra de Val\u00e8ncia-Cinema de l&#8217;Mediterrani, que se celebrar\u00e0 de l&#8217;15 a l&#8217;24 d&#8217;octubre, ja t\u00e9 cartell. L&#8217;estudi creatiu Milimbo, que va ser seleccionat a trav\u00e9s d&#8217;un procediment de crida a projecte, firma la identitat visual de l&#8217;edici\u00f3 de 2021.<\/strong><\/p>\n\n\n\n<p>La imatge \u00e9s un homenatge a les sales de cinema. La icona central del cartell \u00e9s una cortina que l&#8217;espectador descorre per descobrir l&#8217;acc\u00e9s al m\u00f3n que mostra la pantalla. Una imatge evocadora de la m\u00e0gia del cinema per a un festival que aposta per la presencialitat i el repte de prendre el pols al cinema contemporani i in\u00e8dit en totes les seues seccions.<\/p>\n\n\n\n<p>&#8220;Hem volgut reflectir el cinema com a espill de la nostra realitat. El tel\u00f3 que descobreix la gran pantalla, com a espectacle. El personatge del cartell ix de la pantalla i ens dona la m\u00e0, creant esta dualitat entre realitat i ficci\u00f3&#8221;, explica J<strong>uanjo G. Oller<\/strong>, de Milimbo.<\/p>\n\n\n\n<p>El resultat \u00e9s una imatge plena de simbolisme, reflex d&#8217;un certamen que mant\u00e9 el seu objectiu fonamental de difondre la nova cultura audiovisual de les dos riberes de la Mediterr\u00e0nia.<\/p>\n\n\n\n<p>Milimbo \u00e9s un estudi gr\u00e0fic que es distingix per la seua capacitat per explicar a trav\u00e9s de les imatges. I ho fa amb la utilitzaci\u00f3 d\u2019un codi gr\u00e0fic simb\u00f2lic i tamb\u00e9 narratiu. El resultat \u00e9s una imatge carregada de valor metaf\u00f2ric. El proc\u00e9s combina el treball manual amb el digital. La idea inicial, gestada en folis i esbossos, es va traslladar despr\u00e9s a l&#8217;ordinador, indispensable per aportar una textura m\u00e9s c\u00e0lida i &#8220;anal\u00f2gica&#8221; a la imatge. Pel que fa a la tipografia, Milimbo ha partit d&#8217;una de pal sec tra\u00e7ada a m\u00e0 i escanejada per dotar-la d\u2019esta textura d&#8217;impressi\u00f3 i imperfecci\u00f3 amb qu\u00e8 juguen a la resta de la imatge.<\/p>\n\n\n\n<p>En la confecci\u00f3 del cartell d&#8217;esta edici\u00f3 ha sigut determinant tamb\u00e9 el context de l&#8217;actual pand\u00e8mia, que es tradu\u00efx en el fet de &#8220;posar el focus en la import\u00e0ncia de les sales de cinema, en el valor de la pres\u00e8ncia humana i en el fet cultural de les projeccions cinematogr\u00e0fiques &#8220;, apunta <strong>Gloria Tello<\/strong>, presidenta executiva de Mostra de Val\u00e8ncia i Iniciatives Audiovisuals, qui subratlla que &#8220;les sales han sigut un dels refugis m\u00e9s segurs per disfrutar de la cultura despr\u00e9s del confinament imposat per la situaci\u00f3 sanit\u00e0ria &#8220;. <\/p>\n\n\n\n<p>La 36a Mostra de Val\u00e8ncia compta amb la col\u00b7laboraci\u00f3 d&#8217;\u00c0 Punt M\u00e8dia com a mitj\u00e0 oficial<\/p>\n\n\n\n<figure class=\"wp-block-image size-large\"><img loading=\"lazy\" decoding=\"async\" width=\"731\" height=\"1024\" src=\"https:\/\/lamostradevalencia.com\/wp-content\/uploads\/2021\/07\/cartel-Okbaixa-731x1024.jpeg\" alt=\"\" class=\"wp-image-10334\" srcset=\"https:\/\/lamostradevalencia.com\/wp-content\/uploads\/2021\/07\/cartel-Okbaixa-731x1024.jpeg 731w, https:\/\/lamostradevalencia.com\/wp-content\/uploads\/2021\/07\/cartel-Okbaixa-214x300.jpeg 214w, https:\/\/lamostradevalencia.com\/wp-content\/uploads\/2021\/07\/cartel-Okbaixa-768x1076.jpeg 768w, https:\/\/lamostradevalencia.com\/wp-content\/uploads\/2021\/07\/cartel-Okbaixa.jpeg 911w\" sizes=\"auto, (max-width: 731px) 100vw, 731px\" \/><\/figure>\n\n\n\n<p><\/p>\n","protected":false},"excerpt":{"rendered":"<p>La 36a edici\u00f3 de la Mostra de Val\u00e8ncia-Cinema de l&#8217;Mediterrani, que se celebrar\u00e0 de l&#8217;15 a l&#8217;24 d&#8217;octubre, ja t\u00e9 cartell. L&#8217;estudi creatiu Milimbo, que [&hellip;]<\/p>\n","protected":false},"author":1,"featured_media":0,"comment_status":"open","ping_status":"open","sticky":false,"template":"","format":"standard","meta":{"_uag_custom_page_level_css":"","_jet_sm_ready_style":"","_jet_sm_style":"","_jet_sm_controls_values":"","_jet_sm_fonts_collection":"","_jet_sm_fonts_links":"","footnotes":""},"categories":[455],"tags":[],"class_list":["post-10338","post","type-post","status-publish","format-standard","hentry","category-noticies"],"yoast_head":"<!-- This site is optimized with the Yoast SEO plugin v27.5 - https:\/\/yoast.com\/product\/yoast-seo-wordpress\/ -->\n<title>El cartell de la 36a Mostra de Val\u00e8ncia ret homenatge a les sales de cinema - Mostra de Val\u00e8ncia<\/title>\n<meta name=\"robots\" content=\"index, follow, max-snippet:-1, max-image-preview:large, max-video-preview:-1\" \/>\n<link rel=\"canonical\" href=\"https:\/\/lamostradevalencia.com\/ca\/el-cartell-de-la-36a-mostra-de-valencia-ret-homenatge-a-les-sales-de-cinema\/\" \/>\n<meta property=\"og:locale\" content=\"ca_ES\" \/>\n<meta property=\"og:type\" content=\"article\" \/>\n<meta property=\"og:title\" content=\"El cartell de la 36a Mostra de Val\u00e8ncia ret homenatge a les sales de cinema - Mostra de Val\u00e8ncia\" \/>\n<meta property=\"og:description\" content=\"La 36a edici\u00f3 de la Mostra de Val\u00e8ncia-Cinema de l&#8217;Mediterrani, que se celebrar\u00e0 de l&#8217;15 a l&#8217;24 d&#8217;octubre, ja t\u00e9 cartell. L&#8217;estudi creatiu Milimbo, que [&hellip;]\" \/>\n<meta property=\"og:url\" content=\"https:\/\/lamostradevalencia.com\/ca\/el-cartell-de-la-36a-mostra-de-valencia-ret-homenatge-a-les-sales-de-cinema\/\" \/>\n<meta property=\"og:site_name\" content=\"Mostra de Val\u00e8ncia\" \/>\n<meta property=\"article:published_time\" content=\"2021-07-08T10:45:25+00:00\" \/>\n<meta property=\"article:modified_time\" content=\"2021-07-08T10:45:27+00:00\" \/>\n<meta property=\"og:image\" content=\"https:\/\/lamostradevalencia.com\/wp-content\/uploads\/2021\/07\/cartel-Okbaixa-731x1024.jpeg\" \/>\n<meta name=\"author\" content=\"Mostra de Val\u00e8ncia\" \/>\n<meta name=\"twitter:card\" content=\"summary_large_image\" \/>\n<meta name=\"twitter:label1\" content=\"Escrit per\" \/>\n\t<meta name=\"twitter:data1\" content=\"Mostra de Val\u00e8ncia\" \/>\n\t<meta name=\"twitter:label2\" content=\"Temps estimat de lectura\" \/>\n\t<meta name=\"twitter:data2\" content=\"2 minuts\" \/>\n<script type=\"application\/ld+json\" class=\"yoast-schema-graph\">{\"@context\":\"https:\\\/\\\/schema.org\",\"@graph\":[{\"@type\":\"Article\",\"@id\":\"https:\\\/\\\/lamostradevalencia.com\\\/ca\\\/el-cartell-de-la-36a-mostra-de-valencia-ret-homenatge-a-les-sales-de-cinema\\\/#article\",\"isPartOf\":{\"@id\":\"https:\\\/\\\/lamostradevalencia.com\\\/ca\\\/el-cartell-de-la-36a-mostra-de-valencia-ret-homenatge-a-les-sales-de-cinema\\\/\"},\"author\":{\"name\":\"Mostra de Val\u00e8ncia\",\"@id\":\"https:\\\/\\\/lamostradevalencia.com\\\/ca\\\/#\\\/schema\\\/person\\\/1dc07e4df3d6310b81d2cdf6a034070c\"},\"headline\":\"El cartell de la 36a Mostra de Val\u00e8ncia ret homenatge a les sales de cinema\",\"datePublished\":\"2021-07-08T10:45:25+00:00\",\"dateModified\":\"2021-07-08T10:45:27+00:00\",\"mainEntityOfPage\":{\"@id\":\"https:\\\/\\\/lamostradevalencia.com\\\/ca\\\/el-cartell-de-la-36a-mostra-de-valencia-ret-homenatge-a-les-sales-de-cinema\\\/\"},\"wordCount\":459,\"commentCount\":0,\"image\":{\"@id\":\"https:\\\/\\\/lamostradevalencia.com\\\/ca\\\/el-cartell-de-la-36a-mostra-de-valencia-ret-homenatge-a-les-sales-de-cinema\\\/#primaryimage\"},\"thumbnailUrl\":\"https:\\\/\\\/lamostradevalencia.com\\\/wp-content\\\/uploads\\\/2021\\\/07\\\/cartel-Okbaixa-731x1024.jpeg\",\"articleSection\":[\"Noticies\"],\"inLanguage\":\"ca\",\"potentialAction\":[{\"@type\":\"CommentAction\",\"name\":\"Comment\",\"target\":[\"https:\\\/\\\/lamostradevalencia.com\\\/ca\\\/el-cartell-de-la-36a-mostra-de-valencia-ret-homenatge-a-les-sales-de-cinema\\\/#respond\"]}]},{\"@type\":\"WebPage\",\"@id\":\"https:\\\/\\\/lamostradevalencia.com\\\/ca\\\/el-cartell-de-la-36a-mostra-de-valencia-ret-homenatge-a-les-sales-de-cinema\\\/\",\"url\":\"https:\\\/\\\/lamostradevalencia.com\\\/ca\\\/el-cartell-de-la-36a-mostra-de-valencia-ret-homenatge-a-les-sales-de-cinema\\\/\",\"name\":\"El cartell de la 36a Mostra de Val\u00e8ncia ret homenatge a les sales de cinema - Mostra de Val\u00e8ncia\",\"isPartOf\":{\"@id\":\"https:\\\/\\\/lamostradevalencia.com\\\/ca\\\/#website\"},\"primaryImageOfPage\":{\"@id\":\"https:\\\/\\\/lamostradevalencia.com\\\/ca\\\/el-cartell-de-la-36a-mostra-de-valencia-ret-homenatge-a-les-sales-de-cinema\\\/#primaryimage\"},\"image\":{\"@id\":\"https:\\\/\\\/lamostradevalencia.com\\\/ca\\\/el-cartell-de-la-36a-mostra-de-valencia-ret-homenatge-a-les-sales-de-cinema\\\/#primaryimage\"},\"thumbnailUrl\":\"https:\\\/\\\/lamostradevalencia.com\\\/wp-content\\\/uploads\\\/2021\\\/07\\\/cartel-Okbaixa-731x1024.jpeg\",\"datePublished\":\"2021-07-08T10:45:25+00:00\",\"dateModified\":\"2021-07-08T10:45:27+00:00\",\"author\":{\"@id\":\"https:\\\/\\\/lamostradevalencia.com\\\/ca\\\/#\\\/schema\\\/person\\\/1dc07e4df3d6310b81d2cdf6a034070c\"},\"breadcrumb\":{\"@id\":\"https:\\\/\\\/lamostradevalencia.com\\\/ca\\\/el-cartell-de-la-36a-mostra-de-valencia-ret-homenatge-a-les-sales-de-cinema\\\/#breadcrumb\"},\"inLanguage\":\"ca\",\"potentialAction\":[{\"@type\":\"ReadAction\",\"target\":[\"https:\\\/\\\/lamostradevalencia.com\\\/ca\\\/el-cartell-de-la-36a-mostra-de-valencia-ret-homenatge-a-les-sales-de-cinema\\\/\"]}]},{\"@type\":\"ImageObject\",\"inLanguage\":\"ca\",\"@id\":\"https:\\\/\\\/lamostradevalencia.com\\\/ca\\\/el-cartell-de-la-36a-mostra-de-valencia-ret-homenatge-a-les-sales-de-cinema\\\/#primaryimage\",\"url\":\"https:\\\/\\\/lamostradevalencia.com\\\/wp-content\\\/uploads\\\/2021\\\/07\\\/cartel-Okbaixa-731x1024.jpeg\",\"contentUrl\":\"https:\\\/\\\/lamostradevalencia.com\\\/wp-content\\\/uploads\\\/2021\\\/07\\\/cartel-Okbaixa-731x1024.jpeg\"},{\"@type\":\"BreadcrumbList\",\"@id\":\"https:\\\/\\\/lamostradevalencia.com\\\/ca\\\/el-cartell-de-la-36a-mostra-de-valencia-ret-homenatge-a-les-sales-de-cinema\\\/#breadcrumb\",\"itemListElement\":[{\"@type\":\"ListItem\",\"position\":1,\"name\":\"Portada\",\"item\":\"https:\\\/\\\/lamostradevalencia.com\\\/ca\\\/\"},{\"@type\":\"ListItem\",\"position\":2,\"name\":\"El cartell de la 36a Mostra de Val\u00e8ncia ret homenatge a les sales de cinema\"}]},{\"@type\":\"WebSite\",\"@id\":\"https:\\\/\\\/lamostradevalencia.com\\\/ca\\\/#website\",\"url\":\"https:\\\/\\\/lamostradevalencia.com\\\/ca\\\/\",\"name\":\"Mostra de Val\u00e8ncia\",\"description\":\"Cinema del Mediterrani\",\"potentialAction\":[{\"@type\":\"SearchAction\",\"target\":{\"@type\":\"EntryPoint\",\"urlTemplate\":\"https:\\\/\\\/lamostradevalencia.com\\\/ca\\\/?s={search_term_string}\"},\"query-input\":{\"@type\":\"PropertyValueSpecification\",\"valueRequired\":true,\"valueName\":\"search_term_string\"}}],\"inLanguage\":\"ca\"},{\"@type\":\"Person\",\"@id\":\"https:\\\/\\\/lamostradevalencia.com\\\/ca\\\/#\\\/schema\\\/person\\\/1dc07e4df3d6310b81d2cdf6a034070c\",\"name\":\"Mostra de Val\u00e8ncia\",\"image\":{\"@type\":\"ImageObject\",\"inLanguage\":\"ca\",\"@id\":\"https:\\\/\\\/secure.gravatar.com\\\/avatar\\\/ada4dfd699a9907706987adb1bb2b361c2613ccca474b49b8c648de5208e32f8?s=96&d=mm&r=g\",\"url\":\"https:\\\/\\\/secure.gravatar.com\\\/avatar\\\/ada4dfd699a9907706987adb1bb2b361c2613ccca474b49b8c648de5208e32f8?s=96&d=mm&r=g\",\"contentUrl\":\"https:\\\/\\\/secure.gravatar.com\\\/avatar\\\/ada4dfd699a9907706987adb1bb2b361c2613ccca474b49b8c648de5208e32f8?s=96&d=mm&r=g\",\"caption\":\"Mostra de Val\u00e8ncia\"}}]}<\/script>\n<!-- \/ Yoast SEO plugin. -->","yoast_head_json":{"title":"El cartell de la 36a Mostra de Val\u00e8ncia ret homenatge a les sales de cinema - Mostra de Val\u00e8ncia","robots":{"index":"index","follow":"follow","max-snippet":"max-snippet:-1","max-image-preview":"max-image-preview:large","max-video-preview":"max-video-preview:-1"},"canonical":"https:\/\/lamostradevalencia.com\/ca\/el-cartell-de-la-36a-mostra-de-valencia-ret-homenatge-a-les-sales-de-cinema\/","og_locale":"ca_ES","og_type":"article","og_title":"El cartell de la 36a Mostra de Val\u00e8ncia ret homenatge a les sales de cinema - Mostra de Val\u00e8ncia","og_description":"La 36a edici\u00f3 de la Mostra de Val\u00e8ncia-Cinema de l&#8217;Mediterrani, que se celebrar\u00e0 de l&#8217;15 a l&#8217;24 d&#8217;octubre, ja t\u00e9 cartell. L&#8217;estudi creatiu Milimbo, que [&hellip;]","og_url":"https:\/\/lamostradevalencia.com\/ca\/el-cartell-de-la-36a-mostra-de-valencia-ret-homenatge-a-les-sales-de-cinema\/","og_site_name":"Mostra de Val\u00e8ncia","article_published_time":"2021-07-08T10:45:25+00:00","article_modified_time":"2021-07-08T10:45:27+00:00","og_image":[{"url":"https:\/\/lamostradevalencia.com\/wp-content\/uploads\/2021\/07\/cartel-Okbaixa-731x1024.jpeg","type":"","width":"","height":""}],"author":"Mostra de Val\u00e8ncia","twitter_card":"summary_large_image","twitter_misc":{"Escrit per":"Mostra de Val\u00e8ncia","Temps estimat de lectura":"2 minuts"},"schema":{"@context":"https:\/\/schema.org","@graph":[{"@type":"Article","@id":"https:\/\/lamostradevalencia.com\/ca\/el-cartell-de-la-36a-mostra-de-valencia-ret-homenatge-a-les-sales-de-cinema\/#article","isPartOf":{"@id":"https:\/\/lamostradevalencia.com\/ca\/el-cartell-de-la-36a-mostra-de-valencia-ret-homenatge-a-les-sales-de-cinema\/"},"author":{"name":"Mostra de Val\u00e8ncia","@id":"https:\/\/lamostradevalencia.com\/ca\/#\/schema\/person\/1dc07e4df3d6310b81d2cdf6a034070c"},"headline":"El cartell de la 36a Mostra de Val\u00e8ncia ret homenatge a les sales de cinema","datePublished":"2021-07-08T10:45:25+00:00","dateModified":"2021-07-08T10:45:27+00:00","mainEntityOfPage":{"@id":"https:\/\/lamostradevalencia.com\/ca\/el-cartell-de-la-36a-mostra-de-valencia-ret-homenatge-a-les-sales-de-cinema\/"},"wordCount":459,"commentCount":0,"image":{"@id":"https:\/\/lamostradevalencia.com\/ca\/el-cartell-de-la-36a-mostra-de-valencia-ret-homenatge-a-les-sales-de-cinema\/#primaryimage"},"thumbnailUrl":"https:\/\/lamostradevalencia.com\/wp-content\/uploads\/2021\/07\/cartel-Okbaixa-731x1024.jpeg","articleSection":["Noticies"],"inLanguage":"ca","potentialAction":[{"@type":"CommentAction","name":"Comment","target":["https:\/\/lamostradevalencia.com\/ca\/el-cartell-de-la-36a-mostra-de-valencia-ret-homenatge-a-les-sales-de-cinema\/#respond"]}]},{"@type":"WebPage","@id":"https:\/\/lamostradevalencia.com\/ca\/el-cartell-de-la-36a-mostra-de-valencia-ret-homenatge-a-les-sales-de-cinema\/","url":"https:\/\/lamostradevalencia.com\/ca\/el-cartell-de-la-36a-mostra-de-valencia-ret-homenatge-a-les-sales-de-cinema\/","name":"El cartell de la 36a Mostra de Val\u00e8ncia ret homenatge a les sales de cinema - Mostra de Val\u00e8ncia","isPartOf":{"@id":"https:\/\/lamostradevalencia.com\/ca\/#website"},"primaryImageOfPage":{"@id":"https:\/\/lamostradevalencia.com\/ca\/el-cartell-de-la-36a-mostra-de-valencia-ret-homenatge-a-les-sales-de-cinema\/#primaryimage"},"image":{"@id":"https:\/\/lamostradevalencia.com\/ca\/el-cartell-de-la-36a-mostra-de-valencia-ret-homenatge-a-les-sales-de-cinema\/#primaryimage"},"thumbnailUrl":"https:\/\/lamostradevalencia.com\/wp-content\/uploads\/2021\/07\/cartel-Okbaixa-731x1024.jpeg","datePublished":"2021-07-08T10:45:25+00:00","dateModified":"2021-07-08T10:45:27+00:00","author":{"@id":"https:\/\/lamostradevalencia.com\/ca\/#\/schema\/person\/1dc07e4df3d6310b81d2cdf6a034070c"},"breadcrumb":{"@id":"https:\/\/lamostradevalencia.com\/ca\/el-cartell-de-la-36a-mostra-de-valencia-ret-homenatge-a-les-sales-de-cinema\/#breadcrumb"},"inLanguage":"ca","potentialAction":[{"@type":"ReadAction","target":["https:\/\/lamostradevalencia.com\/ca\/el-cartell-de-la-36a-mostra-de-valencia-ret-homenatge-a-les-sales-de-cinema\/"]}]},{"@type":"ImageObject","inLanguage":"ca","@id":"https:\/\/lamostradevalencia.com\/ca\/el-cartell-de-la-36a-mostra-de-valencia-ret-homenatge-a-les-sales-de-cinema\/#primaryimage","url":"https:\/\/lamostradevalencia.com\/wp-content\/uploads\/2021\/07\/cartel-Okbaixa-731x1024.jpeg","contentUrl":"https:\/\/lamostradevalencia.com\/wp-content\/uploads\/2021\/07\/cartel-Okbaixa-731x1024.jpeg"},{"@type":"BreadcrumbList","@id":"https:\/\/lamostradevalencia.com\/ca\/el-cartell-de-la-36a-mostra-de-valencia-ret-homenatge-a-les-sales-de-cinema\/#breadcrumb","itemListElement":[{"@type":"ListItem","position":1,"name":"Portada","item":"https:\/\/lamostradevalencia.com\/ca\/"},{"@type":"ListItem","position":2,"name":"El cartell de la 36a Mostra de Val\u00e8ncia ret homenatge a les sales de cinema"}]},{"@type":"WebSite","@id":"https:\/\/lamostradevalencia.com\/ca\/#website","url":"https:\/\/lamostradevalencia.com\/ca\/","name":"Mostra de Val\u00e8ncia","description":"Cinema del Mediterrani","potentialAction":[{"@type":"SearchAction","target":{"@type":"EntryPoint","urlTemplate":"https:\/\/lamostradevalencia.com\/ca\/?s={search_term_string}"},"query-input":{"@type":"PropertyValueSpecification","valueRequired":true,"valueName":"search_term_string"}}],"inLanguage":"ca"},{"@type":"Person","@id":"https:\/\/lamostradevalencia.com\/ca\/#\/schema\/person\/1dc07e4df3d6310b81d2cdf6a034070c","name":"Mostra de Val\u00e8ncia","image":{"@type":"ImageObject","inLanguage":"ca","@id":"https:\/\/secure.gravatar.com\/avatar\/ada4dfd699a9907706987adb1bb2b361c2613ccca474b49b8c648de5208e32f8?s=96&d=mm&r=g","url":"https:\/\/secure.gravatar.com\/avatar\/ada4dfd699a9907706987adb1bb2b361c2613ccca474b49b8c648de5208e32f8?s=96&d=mm&r=g","contentUrl":"https:\/\/secure.gravatar.com\/avatar\/ada4dfd699a9907706987adb1bb2b361c2613ccca474b49b8c648de5208e32f8?s=96&d=mm&r=g","caption":"Mostra de Val\u00e8ncia"}}]}},"uagb_featured_image_src":{"full":false,"thumbnail":false,"medium":false,"medium_large":false,"large":false,"1536x1536":false,"2048x2048":false,"cinerama_edge_image_square":false,"cinerama_edge_image_landscape":false,"cinerama_edge_image_portrait":false,"cinerama_edge_image_huge":false,"gform-image-choice-sm":false,"gform-image-choice-md":false,"gform-image-choice-lg":false},"uagb_author_info":{"display_name":"Mostra de Val\u00e8ncia","author_link":"https:\/\/lamostradevalencia.com\/ca\/author\/mostravalencia\/"},"uagb_comment_info":0,"uagb_excerpt":"La 36a edici\u00f3 de la Mostra de Val\u00e8ncia-Cinema de l&#8217;Mediterrani, que se celebrar\u00e0 de l&#8217;15 a l&#8217;24 d&#8217;octubre, ja t\u00e9 cartell. L&#8217;estudi creatiu Milimbo, que [&hellip;]","_links":{"self":[{"href":"https:\/\/lamostradevalencia.com\/ca\/wp-json\/wp\/v2\/posts\/10338","targetHints":{"allow":["GET"]}}],"collection":[{"href":"https:\/\/lamostradevalencia.com\/ca\/wp-json\/wp\/v2\/posts"}],"about":[{"href":"https:\/\/lamostradevalencia.com\/ca\/wp-json\/wp\/v2\/types\/post"}],"author":[{"embeddable":true,"href":"https:\/\/lamostradevalencia.com\/ca\/wp-json\/wp\/v2\/users\/1"}],"replies":[{"embeddable":true,"href":"https:\/\/lamostradevalencia.com\/ca\/wp-json\/wp\/v2\/comments?post=10338"}],"version-history":[{"count":1,"href":"https:\/\/lamostradevalencia.com\/ca\/wp-json\/wp\/v2\/posts\/10338\/revisions"}],"predecessor-version":[{"id":10339,"href":"https:\/\/lamostradevalencia.com\/ca\/wp-json\/wp\/v2\/posts\/10338\/revisions\/10339"}],"wp:attachment":[{"href":"https:\/\/lamostradevalencia.com\/ca\/wp-json\/wp\/v2\/media?parent=10338"}],"wp:term":[{"taxonomy":"category","embeddable":true,"href":"https:\/\/lamostradevalencia.com\/ca\/wp-json\/wp\/v2\/categories?post=10338"},{"taxonomy":"post_tag","embeddable":true,"href":"https:\/\/lamostradevalencia.com\/ca\/wp-json\/wp\/v2\/tags?post=10338"}],"curies":[{"name":"wp","href":"https:\/\/api.w.org\/{rel}","templated":true}]}}