{"id":10299,"date":"2021-06-16T09:44:21","date_gmt":"2021-06-16T07:44:21","guid":{"rendered":"https:\/\/lamostradevalencia.com\/?p=10299"},"modified":"2021-06-16T22:14:03","modified_gmt":"2021-06-16T20:14:03","slug":"sobri-el-termini-dinscripcions-per-a-la-mostra-dels-instituts","status":"publish","type":"post","link":"https:\/\/lamostradevalencia.com\/ca\/sobri-el-termini-dinscripcions-per-a-la-mostra-dels-instituts\/","title":{"rendered":"S&#8217;obri el termini d&#8217;inscripcions per a \u201cLa Mostra dels Instituts\u201d"},"content":{"rendered":"\r\n<p><strong>La 36a Mostra de Val\u00e8ncia-Cinema del Mediterrani, que se celebrar\u00e0 del 15 al 24 d\u2019octubre de 2021, s\u2019unix a les celebracions per l\u2019Any Berlanga i dedica al genial mestre la seua secci\u00f3 La Mostra dels Instituts.\u00a0\u00a0<\/strong><\/p>\r\n\r\n\r\n\r\n<p>Els centres educatius ja poden inscriure&#8217;s per a poder assistir a les projeccions matinals concertades i gratu\u00eftes. A l\u2019igual que en anys anteriors, les sessions aniran acompanyades d\u2019una guia did\u00e0ctica que contextualitzar\u00e0 cada t\u00edtol i proposar\u00e0 temes de debat a l\u2019aula al voltant de la figura de Berlanga, el context social de les pel\u00b7l\u00edcules i els temes m\u00e9s importants que aborden. Els t\u00edtols triats s\u00f3n \u201cBienvenido Mr Marshall\u201d, \u201cCalabuch\u201d, \u201cPl\u00e1cido\u201d i \u201cLos jueves, milagro\u201d, amb la intenci\u00f3 de donar a con\u00e8ixer a ls generacions m\u00e9s joves alguns dels films emblem\u00e0tics del director valenci\u00e0.<\/p>\r\n\r\n\r\n\r\n<p><strong>Berlanga i Mostra de Val\u00e8ncia, una llarga relaci\u00f3<\/strong><\/p>\r\n\r\n\r\n\r\n<p>Luis Garc\u00eda Berlanga ha sigut una refer\u00e8ncia en la hist\u00f2ria de la Mostra de Val\u00e8ncia des de la seua primera edici\u00f3, en 1980. El festival li va dedicar una retrospectiva i va organitzar diverses taules redones al voltant de la seua obra, en les quals van participar, entre d\u2019altres, Carles Mira, Francesc Betriu, Jos\u00e9 Luis L\u00f3pez V\u00e1zquez, Ricardo Mu\u00f1oz Suay o Manuel Aleixandre. Les trobades van ser recollides en dos llibres, que la Mostra va reeditar en un sol volum en 1999.\u00a0<\/p>\r\n\r\n\r\n\r\n<p>Posteriorment, en 2002, el Museu de la Ciutat va acollir una exposici\u00f3 coprodu\u00efda per Mostra de Val\u00e8ncia i el C\u00edrculo de Bellas Artes de Madrid. I en 2009, quan es va celebrar la 30a edici\u00f3, el cartell del festival va lluir el rostre de Berlanga, en un disseny de Francis Montesinos basat en una il\u00b7lustraci\u00f3 de Guillermina Royo-Villanova. A m\u00e9s, es va projectar un cicle homenatge al director i es va publicar el llibre \u201cVisca Berlanga!\u201d, coordinat per Luis Alegre.<\/p>\r\n<p><a href=\"https:\/\/lamostradevalencia.com\/wp-content\/uploads\/2021\/06\/CONVOCATORIA_MOSTRA_INSTITUTS_WEB.pdf\">https:\/\/lamostradevalencia.com\/wp-content\/uploads\/2021\/06\/CONVOCATORIA_MOSTRA_INSTITUTS_WEB.pdf<\/a><\/p>\r\n\r\n\r\n","protected":false},"excerpt":{"rendered":"<p>La 36a Mostra de Val\u00e8ncia-Cinema del Mediterrani, que se celebrar\u00e0 del 15 al 24 d\u2019octubre de 2021, s\u2019unix a les celebracions per l\u2019Any Berlanga i [&hellip;]<\/p>\n","protected":false},"author":1,"featured_media":10305,"comment_status":"open","ping_status":"open","sticky":false,"template":"","format":"standard","meta":{"_uag_custom_page_level_css":"","_jet_sm_ready_style":"","_jet_sm_style":"","_jet_sm_controls_values":"","_jet_sm_fonts_collection":"","_jet_sm_fonts_links":"","footnotes":""},"categories":[455],"tags":[],"class_list":["post-10299","post","type-post","status-publish","format-standard","has-post-thumbnail","hentry","category-noticies"],"yoast_head":"<!-- This site is optimized with the Yoast SEO plugin v27.5 - https:\/\/yoast.com\/product\/yoast-seo-wordpress\/ -->\n<title>S&#039;obri el termini d&#039;inscripcions per a \u201cLa Mostra dels Instituts\u201d<\/title>\n<meta name=\"robots\" content=\"index, follow, max-snippet:-1, max-image-preview:large, max-video-preview:-1\" \/>\n<link rel=\"canonical\" href=\"https:\/\/lamostradevalencia.com\/ca\/sobri-el-termini-dinscripcions-per-a-la-mostra-dels-instituts\/\" \/>\n<meta property=\"og:locale\" content=\"ca_ES\" \/>\n<meta property=\"og:type\" content=\"article\" \/>\n<meta property=\"og:title\" content=\"S&#039;obri el termini d&#039;inscripcions per a \u201cLa Mostra dels Instituts\u201d\" \/>\n<meta property=\"og:description\" content=\"La 36a Mostra de Val\u00e8ncia-Cinema del Mediterrani, que se celebrar\u00e0 del 15 al 24 d\u2019octubre de 2021, s\u2019unix a les celebracions per l\u2019Any Berlanga i [&hellip;]\" \/>\n<meta property=\"og:url\" content=\"https:\/\/lamostradevalencia.com\/ca\/sobri-el-termini-dinscripcions-per-a-la-mostra-dels-instituts\/\" \/>\n<meta property=\"og:site_name\" content=\"Mostra de Val\u00e8ncia\" \/>\n<meta property=\"article:published_time\" content=\"2021-06-16T07:44:21+00:00\" \/>\n<meta property=\"article:modified_time\" content=\"2021-06-16T20:14:03+00:00\" \/>\n<meta property=\"og:image\" content=\"https:\/\/lamostradevalencia.com\/wp-content\/uploads\/2021\/06\/Marshall.jpg\" \/>\n\t<meta property=\"og:image:width\" content=\"1024\" \/>\n\t<meta property=\"og:image:height\" content=\"768\" \/>\n\t<meta property=\"og:image:type\" content=\"image\/jpeg\" \/>\n<meta name=\"author\" content=\"Mostra de Val\u00e8ncia\" \/>\n<meta name=\"twitter:card\" content=\"summary_large_image\" \/>\n<meta name=\"twitter:label1\" content=\"Escrit per\" \/>\n\t<meta name=\"twitter:data1\" content=\"Mostra de Val\u00e8ncia\" \/>\n\t<meta name=\"twitter:label2\" content=\"Temps estimat de lectura\" \/>\n\t<meta name=\"twitter:data2\" content=\"2 minuts\" \/>\n<script type=\"application\/ld+json\" class=\"yoast-schema-graph\">{\"@context\":\"https:\\\/\\\/schema.org\",\"@graph\":[{\"@type\":\"Article\",\"@id\":\"https:\\\/\\\/lamostradevalencia.com\\\/ca\\\/sobri-el-termini-dinscripcions-per-a-la-mostra-dels-instituts\\\/#article\",\"isPartOf\":{\"@id\":\"https:\\\/\\\/lamostradevalencia.com\\\/ca\\\/sobri-el-termini-dinscripcions-per-a-la-mostra-dels-instituts\\\/\"},\"author\":{\"name\":\"Mostra de Val\u00e8ncia\",\"@id\":\"https:\\\/\\\/lamostradevalencia.com\\\/ca\\\/#\\\/schema\\\/person\\\/1dc07e4df3d6310b81d2cdf6a034070c\"},\"headline\":\"S&#8217;obri el termini d&#8217;inscripcions per a \u201cLa Mostra dels Instituts\u201d\",\"datePublished\":\"2021-06-16T07:44:21+00:00\",\"dateModified\":\"2021-06-16T20:14:03+00:00\",\"mainEntityOfPage\":{\"@id\":\"https:\\\/\\\/lamostradevalencia.com\\\/ca\\\/sobri-el-termini-dinscripcions-per-a-la-mostra-dels-instituts\\\/\"},\"wordCount\":348,\"commentCount\":0,\"image\":{\"@id\":\"https:\\\/\\\/lamostradevalencia.com\\\/ca\\\/sobri-el-termini-dinscripcions-per-a-la-mostra-dels-instituts\\\/#primaryimage\"},\"thumbnailUrl\":\"https:\\\/\\\/lamostradevalencia.com\\\/wp-content\\\/uploads\\\/2021\\\/06\\\/Marshall.jpg\",\"articleSection\":[\"Noticies\"],\"inLanguage\":\"ca\",\"potentialAction\":[{\"@type\":\"CommentAction\",\"name\":\"Comment\",\"target\":[\"https:\\\/\\\/lamostradevalencia.com\\\/ca\\\/sobri-el-termini-dinscripcions-per-a-la-mostra-dels-instituts\\\/#respond\"]}]},{\"@type\":\"WebPage\",\"@id\":\"https:\\\/\\\/lamostradevalencia.com\\\/ca\\\/sobri-el-termini-dinscripcions-per-a-la-mostra-dels-instituts\\\/\",\"url\":\"https:\\\/\\\/lamostradevalencia.com\\\/ca\\\/sobri-el-termini-dinscripcions-per-a-la-mostra-dels-instituts\\\/\",\"name\":\"S'obri el termini d'inscripcions per a \u201cLa Mostra dels Instituts\u201d\",\"isPartOf\":{\"@id\":\"https:\\\/\\\/lamostradevalencia.com\\\/ca\\\/#website\"},\"primaryImageOfPage\":{\"@id\":\"https:\\\/\\\/lamostradevalencia.com\\\/ca\\\/sobri-el-termini-dinscripcions-per-a-la-mostra-dels-instituts\\\/#primaryimage\"},\"image\":{\"@id\":\"https:\\\/\\\/lamostradevalencia.com\\\/ca\\\/sobri-el-termini-dinscripcions-per-a-la-mostra-dels-instituts\\\/#primaryimage\"},\"thumbnailUrl\":\"https:\\\/\\\/lamostradevalencia.com\\\/wp-content\\\/uploads\\\/2021\\\/06\\\/Marshall.jpg\",\"datePublished\":\"2021-06-16T07:44:21+00:00\",\"dateModified\":\"2021-06-16T20:14:03+00:00\",\"author\":{\"@id\":\"https:\\\/\\\/lamostradevalencia.com\\\/ca\\\/#\\\/schema\\\/person\\\/1dc07e4df3d6310b81d2cdf6a034070c\"},\"breadcrumb\":{\"@id\":\"https:\\\/\\\/lamostradevalencia.com\\\/ca\\\/sobri-el-termini-dinscripcions-per-a-la-mostra-dels-instituts\\\/#breadcrumb\"},\"inLanguage\":\"ca\",\"potentialAction\":[{\"@type\":\"ReadAction\",\"target\":[\"https:\\\/\\\/lamostradevalencia.com\\\/ca\\\/sobri-el-termini-dinscripcions-per-a-la-mostra-dels-instituts\\\/\"]}]},{\"@type\":\"ImageObject\",\"inLanguage\":\"ca\",\"@id\":\"https:\\\/\\\/lamostradevalencia.com\\\/ca\\\/sobri-el-termini-dinscripcions-per-a-la-mostra-dels-instituts\\\/#primaryimage\",\"url\":\"https:\\\/\\\/lamostradevalencia.com\\\/wp-content\\\/uploads\\\/2021\\\/06\\\/Marshall.jpg\",\"contentUrl\":\"https:\\\/\\\/lamostradevalencia.com\\\/wp-content\\\/uploads\\\/2021\\\/06\\\/Marshall.jpg\",\"width\":1024,\"height\":768},{\"@type\":\"BreadcrumbList\",\"@id\":\"https:\\\/\\\/lamostradevalencia.com\\\/ca\\\/sobri-el-termini-dinscripcions-per-a-la-mostra-dels-instituts\\\/#breadcrumb\",\"itemListElement\":[{\"@type\":\"ListItem\",\"position\":1,\"name\":\"Portada\",\"item\":\"https:\\\/\\\/lamostradevalencia.com\\\/ca\\\/\"},{\"@type\":\"ListItem\",\"position\":2,\"name\":\"S&#8217;obri el termini d&#8217;inscripcions per a \u201cLa Mostra dels Instituts\u201d\"}]},{\"@type\":\"WebSite\",\"@id\":\"https:\\\/\\\/lamostradevalencia.com\\\/ca\\\/#website\",\"url\":\"https:\\\/\\\/lamostradevalencia.com\\\/ca\\\/\",\"name\":\"Mostra de Val\u00e8ncia\",\"description\":\"Cinema del Mediterrani\",\"potentialAction\":[{\"@type\":\"SearchAction\",\"target\":{\"@type\":\"EntryPoint\",\"urlTemplate\":\"https:\\\/\\\/lamostradevalencia.com\\\/ca\\\/?s={search_term_string}\"},\"query-input\":{\"@type\":\"PropertyValueSpecification\",\"valueRequired\":true,\"valueName\":\"search_term_string\"}}],\"inLanguage\":\"ca\"},{\"@type\":\"Person\",\"@id\":\"https:\\\/\\\/lamostradevalencia.com\\\/ca\\\/#\\\/schema\\\/person\\\/1dc07e4df3d6310b81d2cdf6a034070c\",\"name\":\"Mostra de Val\u00e8ncia\",\"image\":{\"@type\":\"ImageObject\",\"inLanguage\":\"ca\",\"@id\":\"https:\\\/\\\/secure.gravatar.com\\\/avatar\\\/ada4dfd699a9907706987adb1bb2b361c2613ccca474b49b8c648de5208e32f8?s=96&d=mm&r=g\",\"url\":\"https:\\\/\\\/secure.gravatar.com\\\/avatar\\\/ada4dfd699a9907706987adb1bb2b361c2613ccca474b49b8c648de5208e32f8?s=96&d=mm&r=g\",\"contentUrl\":\"https:\\\/\\\/secure.gravatar.com\\\/avatar\\\/ada4dfd699a9907706987adb1bb2b361c2613ccca474b49b8c648de5208e32f8?s=96&d=mm&r=g\",\"caption\":\"Mostra de Val\u00e8ncia\"}}]}<\/script>\n<!-- \/ Yoast SEO plugin. -->","yoast_head_json":{"title":"S'obri el termini d'inscripcions per a \u201cLa Mostra dels Instituts\u201d","robots":{"index":"index","follow":"follow","max-snippet":"max-snippet:-1","max-image-preview":"max-image-preview:large","max-video-preview":"max-video-preview:-1"},"canonical":"https:\/\/lamostradevalencia.com\/ca\/sobri-el-termini-dinscripcions-per-a-la-mostra-dels-instituts\/","og_locale":"ca_ES","og_type":"article","og_title":"S'obri el termini d'inscripcions per a \u201cLa Mostra dels Instituts\u201d","og_description":"La 36a Mostra de Val\u00e8ncia-Cinema del Mediterrani, que se celebrar\u00e0 del 15 al 24 d\u2019octubre de 2021, s\u2019unix a les celebracions per l\u2019Any Berlanga i [&hellip;]","og_url":"https:\/\/lamostradevalencia.com\/ca\/sobri-el-termini-dinscripcions-per-a-la-mostra-dels-instituts\/","og_site_name":"Mostra de Val\u00e8ncia","article_published_time":"2021-06-16T07:44:21+00:00","article_modified_time":"2021-06-16T20:14:03+00:00","og_image":[{"width":1024,"height":768,"url":"https:\/\/lamostradevalencia.com\/wp-content\/uploads\/2021\/06\/Marshall.jpg","type":"image\/jpeg"}],"author":"Mostra de Val\u00e8ncia","twitter_card":"summary_large_image","twitter_misc":{"Escrit per":"Mostra de Val\u00e8ncia","Temps estimat de lectura":"2 minuts"},"schema":{"@context":"https:\/\/schema.org","@graph":[{"@type":"Article","@id":"https:\/\/lamostradevalencia.com\/ca\/sobri-el-termini-dinscripcions-per-a-la-mostra-dels-instituts\/#article","isPartOf":{"@id":"https:\/\/lamostradevalencia.com\/ca\/sobri-el-termini-dinscripcions-per-a-la-mostra-dels-instituts\/"},"author":{"name":"Mostra de Val\u00e8ncia","@id":"https:\/\/lamostradevalencia.com\/ca\/#\/schema\/person\/1dc07e4df3d6310b81d2cdf6a034070c"},"headline":"S&#8217;obri el termini d&#8217;inscripcions per a \u201cLa Mostra dels Instituts\u201d","datePublished":"2021-06-16T07:44:21+00:00","dateModified":"2021-06-16T20:14:03+00:00","mainEntityOfPage":{"@id":"https:\/\/lamostradevalencia.com\/ca\/sobri-el-termini-dinscripcions-per-a-la-mostra-dels-instituts\/"},"wordCount":348,"commentCount":0,"image":{"@id":"https:\/\/lamostradevalencia.com\/ca\/sobri-el-termini-dinscripcions-per-a-la-mostra-dels-instituts\/#primaryimage"},"thumbnailUrl":"https:\/\/lamostradevalencia.com\/wp-content\/uploads\/2021\/06\/Marshall.jpg","articleSection":["Noticies"],"inLanguage":"ca","potentialAction":[{"@type":"CommentAction","name":"Comment","target":["https:\/\/lamostradevalencia.com\/ca\/sobri-el-termini-dinscripcions-per-a-la-mostra-dels-instituts\/#respond"]}]},{"@type":"WebPage","@id":"https:\/\/lamostradevalencia.com\/ca\/sobri-el-termini-dinscripcions-per-a-la-mostra-dels-instituts\/","url":"https:\/\/lamostradevalencia.com\/ca\/sobri-el-termini-dinscripcions-per-a-la-mostra-dels-instituts\/","name":"S'obri el termini d'inscripcions per a \u201cLa Mostra dels Instituts\u201d","isPartOf":{"@id":"https:\/\/lamostradevalencia.com\/ca\/#website"},"primaryImageOfPage":{"@id":"https:\/\/lamostradevalencia.com\/ca\/sobri-el-termini-dinscripcions-per-a-la-mostra-dels-instituts\/#primaryimage"},"image":{"@id":"https:\/\/lamostradevalencia.com\/ca\/sobri-el-termini-dinscripcions-per-a-la-mostra-dels-instituts\/#primaryimage"},"thumbnailUrl":"https:\/\/lamostradevalencia.com\/wp-content\/uploads\/2021\/06\/Marshall.jpg","datePublished":"2021-06-16T07:44:21+00:00","dateModified":"2021-06-16T20:14:03+00:00","author":{"@id":"https:\/\/lamostradevalencia.com\/ca\/#\/schema\/person\/1dc07e4df3d6310b81d2cdf6a034070c"},"breadcrumb":{"@id":"https:\/\/lamostradevalencia.com\/ca\/sobri-el-termini-dinscripcions-per-a-la-mostra-dels-instituts\/#breadcrumb"},"inLanguage":"ca","potentialAction":[{"@type":"ReadAction","target":["https:\/\/lamostradevalencia.com\/ca\/sobri-el-termini-dinscripcions-per-a-la-mostra-dels-instituts\/"]}]},{"@type":"ImageObject","inLanguage":"ca","@id":"https:\/\/lamostradevalencia.com\/ca\/sobri-el-termini-dinscripcions-per-a-la-mostra-dels-instituts\/#primaryimage","url":"https:\/\/lamostradevalencia.com\/wp-content\/uploads\/2021\/06\/Marshall.jpg","contentUrl":"https:\/\/lamostradevalencia.com\/wp-content\/uploads\/2021\/06\/Marshall.jpg","width":1024,"height":768},{"@type":"BreadcrumbList","@id":"https:\/\/lamostradevalencia.com\/ca\/sobri-el-termini-dinscripcions-per-a-la-mostra-dels-instituts\/#breadcrumb","itemListElement":[{"@type":"ListItem","position":1,"name":"Portada","item":"https:\/\/lamostradevalencia.com\/ca\/"},{"@type":"ListItem","position":2,"name":"S&#8217;obri el termini d&#8217;inscripcions per a \u201cLa Mostra dels Instituts\u201d"}]},{"@type":"WebSite","@id":"https:\/\/lamostradevalencia.com\/ca\/#website","url":"https:\/\/lamostradevalencia.com\/ca\/","name":"Mostra de Val\u00e8ncia","description":"Cinema del Mediterrani","potentialAction":[{"@type":"SearchAction","target":{"@type":"EntryPoint","urlTemplate":"https:\/\/lamostradevalencia.com\/ca\/?s={search_term_string}"},"query-input":{"@type":"PropertyValueSpecification","valueRequired":true,"valueName":"search_term_string"}}],"inLanguage":"ca"},{"@type":"Person","@id":"https:\/\/lamostradevalencia.com\/ca\/#\/schema\/person\/1dc07e4df3d6310b81d2cdf6a034070c","name":"Mostra de Val\u00e8ncia","image":{"@type":"ImageObject","inLanguage":"ca","@id":"https:\/\/secure.gravatar.com\/avatar\/ada4dfd699a9907706987adb1bb2b361c2613ccca474b49b8c648de5208e32f8?s=96&d=mm&r=g","url":"https:\/\/secure.gravatar.com\/avatar\/ada4dfd699a9907706987adb1bb2b361c2613ccca474b49b8c648de5208e32f8?s=96&d=mm&r=g","contentUrl":"https:\/\/secure.gravatar.com\/avatar\/ada4dfd699a9907706987adb1bb2b361c2613ccca474b49b8c648de5208e32f8?s=96&d=mm&r=g","caption":"Mostra de Val\u00e8ncia"}}]}},"uagb_featured_image_src":{"full":["https:\/\/lamostradevalencia.com\/wp-content\/uploads\/2021\/06\/Marshall.jpg",1024,768,false],"thumbnail":["https:\/\/lamostradevalencia.com\/wp-content\/uploads\/2021\/06\/Marshall-150x150.jpg",150,150,true],"medium":["https:\/\/lamostradevalencia.com\/wp-content\/uploads\/2021\/06\/Marshall-300x225.jpg",300,225,true],"medium_large":["https:\/\/lamostradevalencia.com\/wp-content\/uploads\/2021\/06\/Marshall-768x576.jpg",768,576,true],"large":["https:\/\/lamostradevalencia.com\/wp-content\/uploads\/2021\/06\/Marshall.jpg",1024,768,false],"1536x1536":["https:\/\/lamostradevalencia.com\/wp-content\/uploads\/2021\/06\/Marshall.jpg",1024,768,false],"2048x2048":["https:\/\/lamostradevalencia.com\/wp-content\/uploads\/2021\/06\/Marshall.jpg",1024,768,false],"cinerama_edge_image_square":["https:\/\/lamostradevalencia.com\/wp-content\/uploads\/2021\/06\/Marshall-550x550.jpg",550,550,true],"cinerama_edge_image_landscape":["https:\/\/lamostradevalencia.com\/wp-content\/uploads\/2021\/06\/Marshall-1024x550.jpg",1024,550,true],"cinerama_edge_image_portrait":["https:\/\/lamostradevalencia.com\/wp-content\/uploads\/2021\/06\/Marshall-550x768.jpg",550,768,true],"cinerama_edge_image_huge":["https:\/\/lamostradevalencia.com\/wp-content\/uploads\/2021\/06\/Marshall.jpg",1024,768,false],"gform-image-choice-sm":["https:\/\/lamostradevalencia.com\/wp-content\/uploads\/2021\/06\/Marshall.jpg",300,225,false],"gform-image-choice-md":["https:\/\/lamostradevalencia.com\/wp-content\/uploads\/2021\/06\/Marshall.jpg",400,300,false],"gform-image-choice-lg":["https:\/\/lamostradevalencia.com\/wp-content\/uploads\/2021\/06\/Marshall.jpg",600,450,false]},"uagb_author_info":{"display_name":"Mostra de Val\u00e8ncia","author_link":"https:\/\/lamostradevalencia.com\/ca\/author\/mostravalencia\/"},"uagb_comment_info":0,"uagb_excerpt":"La 36a Mostra de Val\u00e8ncia-Cinema del Mediterrani, que se celebrar\u00e0 del 15 al 24 d\u2019octubre de 2021, s\u2019unix a les celebracions per l\u2019Any Berlanga i [&hellip;]","_links":{"self":[{"href":"https:\/\/lamostradevalencia.com\/ca\/wp-json\/wp\/v2\/posts\/10299","targetHints":{"allow":["GET"]}}],"collection":[{"href":"https:\/\/lamostradevalencia.com\/ca\/wp-json\/wp\/v2\/posts"}],"about":[{"href":"https:\/\/lamostradevalencia.com\/ca\/wp-json\/wp\/v2\/types\/post"}],"author":[{"embeddable":true,"href":"https:\/\/lamostradevalencia.com\/ca\/wp-json\/wp\/v2\/users\/1"}],"replies":[{"embeddable":true,"href":"https:\/\/lamostradevalencia.com\/ca\/wp-json\/wp\/v2\/comments?post=10299"}],"version-history":[{"count":6,"href":"https:\/\/lamostradevalencia.com\/ca\/wp-json\/wp\/v2\/posts\/10299\/revisions"}],"predecessor-version":[{"id":10329,"href":"https:\/\/lamostradevalencia.com\/ca\/wp-json\/wp\/v2\/posts\/10299\/revisions\/10329"}],"wp:featuredmedia":[{"embeddable":true,"href":"https:\/\/lamostradevalencia.com\/ca\/wp-json\/wp\/v2\/media\/10305"}],"wp:attachment":[{"href":"https:\/\/lamostradevalencia.com\/ca\/wp-json\/wp\/v2\/media?parent=10299"}],"wp:term":[{"taxonomy":"category","embeddable":true,"href":"https:\/\/lamostradevalencia.com\/ca\/wp-json\/wp\/v2\/categories?post=10299"},{"taxonomy":"post_tag","embeddable":true,"href":"https:\/\/lamostradevalencia.com\/ca\/wp-json\/wp\/v2\/tags?post=10299"}],"curies":[{"name":"wp","href":"https:\/\/api.w.org\/{rel}","templated":true}]}}