{"id":10057,"date":"2021-02-24T10:45:54","date_gmt":"2021-02-24T08:45:54","guid":{"rendered":"https:\/\/lamostradevalencia.com\/?p=10057"},"modified":"2021-02-24T12:01:37","modified_gmt":"2021-02-24T10:01:37","slug":"mostra-de-valencia-estrena-canal-en-filmin","status":"publish","type":"post","link":"https:\/\/lamostradevalencia.com\/ca\/mostra-de-valencia-estrena-canal-en-filmin\/","title":{"rendered":"Mostra de Val\u00e8ncia estrena canal en Filmin"},"content":{"rendered":"<p dir=\"ltr\"><strong>Mostra de Val\u00e8ncia-Cinema del Mediterrani inicia una col\u00b7laboraci\u00f3 amb la plataforma espanyola Filmin per a oferir un repertori de pel\u00b7l\u00edcules que permeta acostar i donar a con\u00e9ixer al p\u00fablic la programaci\u00f3 del festival.<\/strong><\/p>\n<p>&nbsp;<\/p>\n<p dir=\"ltr\">El nou canal inicia la seua marxa divendres que ve 26 de febrer, coincidint amb l&#8217;estrena en la plataforma de la pel\u00b7l\u00edcula grega &#8220;&#8221;El milagro del mar de los Sargazos&#8221;, de Syllas Tzoumerkas, que es va projectar en la 34a edici\u00f3 de Mostra de Val\u00e8ncia.<\/p>\n<p dir=\"ltr\"><img loading=\"lazy\" decoding=\"async\" class=\"alignnone size-medium wp-image-10058\" src=\"https:\/\/lamostradevalencia.com\/wp-content\/uploads\/2021\/02\/jx7y6ac9g3pa_hero-300x169.jpg\" alt=\"\" width=\"300\" height=\"169\" srcset=\"https:\/\/lamostradevalencia.com\/wp-content\/uploads\/2021\/02\/jx7y6ac9g3pa_hero-300x169.jpg 300w, https:\/\/lamostradevalencia.com\/wp-content\/uploads\/2021\/02\/jx7y6ac9g3pa_hero-1024x576.jpg 1024w, https:\/\/lamostradevalencia.com\/wp-content\/uploads\/2021\/02\/jx7y6ac9g3pa_hero-768x432.jpg 768w, https:\/\/lamostradevalencia.com\/wp-content\/uploads\/2021\/02\/jx7y6ac9g3pa_hero.jpg 1280w\" sizes=\"auto, (max-width: 300px) 100vw, 300px\" \/><\/p>\n<p dir=\"ltr\">D&#8217;esta manera, Filmin i el festival valenci\u00e0 proposen una \u00e0mplia selecci\u00f3 de t\u00edtols que s&#8217;han pogut veure per primera vegada a Espanya gr\u00e0cies a la Mostra. Entre els plats forts, el canal inclou alguns dels films premiats en les tres \u00faltimes edicions, com &#8220;The Announcement&#8221;, Palmera d&#8217;Or en 2019, o &#8220;Sympathy for the Devil&#8221;, Palmera de Bronze eixe mateix any.<\/p>\n<p dir=\"ltr\">A m\u00e9s, el canal incorpora tamb\u00e9 un repertori de pel\u00b7l\u00edcules fonamentals del cinema mediterrani que han passat per la Mostra al llarg de tota la seua hist\u00f2ria. Una ocasi\u00f3 perfecta per a recuperar t\u00edtols com ara &#8220;La vida de Jes\u00fas&#8221;, \u00f2pera prima de Bruno Dumont; &#8220;En el cuarto de Vanda&#8221;, la docuficci\u00f3 de Pedro Costa sobre la destrucci\u00f3 del barri Fontainhas de Porto; &#8220;Kr\u00e1mpack&#8221;, \u00f2pera prima de Cesc Gay o &#8220;\u00bfQu\u00e9 he hecho yo para merecer esto?&#8221;, que va obtindre la Palmera de Plata en 1984 i va proporcionar a Pedro Almod\u00f3var el primer premi internacional de la seua carrera.<\/p>\n<p dir=\"ltr\">El canal Mostra de Val\u00e8ncia en Filmin ser\u00e0 tamb\u00e9 una finestra per a la producci\u00f3 valenciana, ja que inclou pel\u00b7l\u00edcules com &#8220;Fishbone&#8221;, de l&#8217;alacant\u00ed Ad\u00e1n Aliaga; &#8220;Swing, la vida de un secreto&#8221;, de Miguel \u00c1ngel Font Bisier o &#8220;La isla del holand\u00e9s&#8221;, de Sigfrid Monle\u00f3n, entre altres projectades en el seu moment en el festival.<\/p>\n<p dir=\"ltr\">Per a completar l&#8217;oferta de continguts, el p\u00fablic interessat podr\u00e0 visionar des de casa, mitjan\u00e7ant el seu abonament a la plataforma, diverses pel\u00b7l\u00edcules que han format part de retrospectives i homenatges en les \u00faltimes edicions del festival, en recuperar t\u00edtols de cicles com els dedicats a la com\u00e8dia italiana, el policial franc\u00e9s o el cinema grec i palest\u00ed recent.<\/p>\n<p dir=\"ltr\">Lluny de funcionar com un mer contenidor de pel\u00b7l\u00edcules, el canal anir\u00e0 creixent de manera gradual a mesura que la plataforma incorpore nous t\u00edtols relacionats amb la Mostra.<\/p>\n<p dir=\"ltr\"><img loading=\"lazy\" decoding=\"async\" class=\"alignnone size-medium wp-image-10066\" src=\"https:\/\/lamostradevalencia.com\/wp-content\/uploads\/2021\/02\/Filmin-300x149.png\" alt=\"\" width=\"300\" height=\"149\" srcset=\"https:\/\/lamostradevalencia.com\/wp-content\/uploads\/2021\/02\/Filmin-300x149.png 300w, https:\/\/lamostradevalencia.com\/wp-content\/uploads\/2021\/02\/Filmin-1024x510.png 1024w, https:\/\/lamostradevalencia.com\/wp-content\/uploads\/2021\/02\/Filmin-768x382.png 768w, https:\/\/lamostradevalencia.com\/wp-content\/uploads\/2021\/02\/Filmin-1100x550.png 1100w, https:\/\/lamostradevalencia.com\/wp-content\/uploads\/2021\/02\/Filmin.png 1420w\" sizes=\"auto, (max-width: 300px) 100vw, 300px\" \/><\/p>\n<p dir=\"ltr\">Mostra de Val\u00e8ncia \u00e9s un festival que es va fundar en 1980 i que es va reprendre en 2018 despr\u00e9s d&#8217;un par\u00e8ntesi de sis anys. Mostra de Val\u00e8ncia-Cinema del Mediterrani celebrar\u00e0 la 36a edici\u00f3 del 15 al 24 de octubre de 2021 per ampliar l&#8217;imaginari del cine de la conca mediterr\u00e0nia al pa\u00eds.<\/p>\n<div id=\"m_-3416592173397337988v1v1v1v1v1replybody1\">\n<div dir=\"ltr\">\n<p dir=\"ltr\">Amb m\u00e9s de 10 anys d&#8217;experi\u00e8ncia, Filmin s&#8217;ha consolidat com la principal plataforma digital de cinema independent i de s\u00e8ries europees a Espanya, i no sols ha mantingut el seu lloc amb l&#8217;arribada de nous competidors en el mercat estatal de\u00a0<em>Video On Demand<\/em>, sin\u00f3 que no ha deixat de cr\u00e9ixer ens els \u00faltims anys, com demostra la seua expansi\u00f3 a altres territoris (M\u00e8xic, Portugal) o la seua associaci\u00f3 amb Vodafone i Huawei.<\/p>\n<\/div>\n<\/div>\n","protected":false},"excerpt":{"rendered":"<p>Mostra de Val\u00e8ncia-Cinema del Mediterrani inicia una col\u00b7laboraci\u00f3 amb la plataforma espanyola Filmin per a oferir un repertori de pel\u00b7l\u00edcules que permeta acostar i donar [&hellip;]<\/p>\n","protected":false},"author":1,"featured_media":10066,"comment_status":"open","ping_status":"open","sticky":false,"template":"","format":"standard","meta":{"_uag_custom_page_level_css":"","_jet_sm_ready_style":"","_jet_sm_style":"","_jet_sm_controls_values":"","_jet_sm_fonts_collection":"","_jet_sm_fonts_links":"","footnotes":""},"categories":[455],"tags":[],"class_list":["post-10057","post","type-post","status-publish","format-standard","has-post-thumbnail","hentry","category-noticies"],"yoast_head":"<!-- This site is optimized with the Yoast SEO plugin v27.5 - https:\/\/yoast.com\/product\/yoast-seo-wordpress\/ -->\n<title>Mostra de Val\u00e8ncia estrena canal en Filmin<\/title>\n<meta name=\"robots\" content=\"index, follow, max-snippet:-1, max-image-preview:large, max-video-preview:-1\" \/>\n<link rel=\"canonical\" href=\"https:\/\/lamostradevalencia.com\/ca\/mostra-de-valencia-estrena-canal-en-filmin\/\" \/>\n<meta property=\"og:locale\" content=\"ca_ES\" \/>\n<meta property=\"og:type\" content=\"article\" \/>\n<meta property=\"og:title\" content=\"Mostra de Val\u00e8ncia estrena canal en Filmin\" \/>\n<meta property=\"og:description\" content=\"Mostra de Val\u00e8ncia-Cinema del Mediterrani inicia una col\u00b7laboraci\u00f3 amb la plataforma espanyola Filmin per a oferir un repertori de pel\u00b7l\u00edcules que permeta acostar i donar [&hellip;]\" \/>\n<meta property=\"og:url\" content=\"https:\/\/lamostradevalencia.com\/ca\/mostra-de-valencia-estrena-canal-en-filmin\/\" \/>\n<meta property=\"og:site_name\" content=\"Mostra de Val\u00e8ncia\" \/>\n<meta property=\"article:published_time\" content=\"2021-02-24T08:45:54+00:00\" \/>\n<meta property=\"article:modified_time\" content=\"2021-02-24T10:01:37+00:00\" \/>\n<meta property=\"og:image\" content=\"https:\/\/lamostradevalencia.com\/wp-content\/uploads\/2021\/02\/Filmin.png\" \/>\n\t<meta property=\"og:image:width\" content=\"1420\" \/>\n\t<meta property=\"og:image:height\" content=\"707\" \/>\n\t<meta property=\"og:image:type\" content=\"image\/png\" \/>\n<meta name=\"author\" content=\"Mostra de Val\u00e8ncia\" \/>\n<meta name=\"twitter:card\" content=\"summary_large_image\" \/>\n<meta name=\"twitter:label1\" content=\"Escrit per\" \/>\n\t<meta name=\"twitter:data1\" content=\"Mostra de Val\u00e8ncia\" \/>\n\t<meta name=\"twitter:label2\" content=\"Temps estimat de lectura\" \/>\n\t<meta name=\"twitter:data2\" content=\"3 minuts\" \/>\n<script type=\"application\/ld+json\" class=\"yoast-schema-graph\">{\"@context\":\"https:\\\/\\\/schema.org\",\"@graph\":[{\"@type\":\"Article\",\"@id\":\"https:\\\/\\\/lamostradevalencia.com\\\/ca\\\/mostra-de-valencia-estrena-canal-en-filmin\\\/#article\",\"isPartOf\":{\"@id\":\"https:\\\/\\\/lamostradevalencia.com\\\/ca\\\/mostra-de-valencia-estrena-canal-en-filmin\\\/\"},\"author\":{\"name\":\"Mostra de Val\u00e8ncia\",\"@id\":\"https:\\\/\\\/lamostradevalencia.com\\\/ca\\\/#\\\/schema\\\/person\\\/1dc07e4df3d6310b81d2cdf6a034070c\"},\"headline\":\"Mostra de Val\u00e8ncia estrena canal en Filmin\",\"datePublished\":\"2021-02-24T08:45:54+00:00\",\"dateModified\":\"2021-02-24T10:01:37+00:00\",\"mainEntityOfPage\":{\"@id\":\"https:\\\/\\\/lamostradevalencia.com\\\/ca\\\/mostra-de-valencia-estrena-canal-en-filmin\\\/\"},\"wordCount\":563,\"commentCount\":0,\"image\":{\"@id\":\"https:\\\/\\\/lamostradevalencia.com\\\/ca\\\/mostra-de-valencia-estrena-canal-en-filmin\\\/#primaryimage\"},\"thumbnailUrl\":\"https:\\\/\\\/lamostradevalencia.com\\\/wp-content\\\/uploads\\\/2021\\\/02\\\/Filmin.png\",\"articleSection\":[\"Noticies\"],\"inLanguage\":\"ca\",\"potentialAction\":[{\"@type\":\"CommentAction\",\"name\":\"Comment\",\"target\":[\"https:\\\/\\\/lamostradevalencia.com\\\/ca\\\/mostra-de-valencia-estrena-canal-en-filmin\\\/#respond\"]}]},{\"@type\":\"WebPage\",\"@id\":\"https:\\\/\\\/lamostradevalencia.com\\\/ca\\\/mostra-de-valencia-estrena-canal-en-filmin\\\/\",\"url\":\"https:\\\/\\\/lamostradevalencia.com\\\/ca\\\/mostra-de-valencia-estrena-canal-en-filmin\\\/\",\"name\":\"Mostra de Val\u00e8ncia estrena canal en Filmin\",\"isPartOf\":{\"@id\":\"https:\\\/\\\/lamostradevalencia.com\\\/ca\\\/#website\"},\"primaryImageOfPage\":{\"@id\":\"https:\\\/\\\/lamostradevalencia.com\\\/ca\\\/mostra-de-valencia-estrena-canal-en-filmin\\\/#primaryimage\"},\"image\":{\"@id\":\"https:\\\/\\\/lamostradevalencia.com\\\/ca\\\/mostra-de-valencia-estrena-canal-en-filmin\\\/#primaryimage\"},\"thumbnailUrl\":\"https:\\\/\\\/lamostradevalencia.com\\\/wp-content\\\/uploads\\\/2021\\\/02\\\/Filmin.png\",\"datePublished\":\"2021-02-24T08:45:54+00:00\",\"dateModified\":\"2021-02-24T10:01:37+00:00\",\"author\":{\"@id\":\"https:\\\/\\\/lamostradevalencia.com\\\/ca\\\/#\\\/schema\\\/person\\\/1dc07e4df3d6310b81d2cdf6a034070c\"},\"breadcrumb\":{\"@id\":\"https:\\\/\\\/lamostradevalencia.com\\\/ca\\\/mostra-de-valencia-estrena-canal-en-filmin\\\/#breadcrumb\"},\"inLanguage\":\"ca\",\"potentialAction\":[{\"@type\":\"ReadAction\",\"target\":[\"https:\\\/\\\/lamostradevalencia.com\\\/ca\\\/mostra-de-valencia-estrena-canal-en-filmin\\\/\"]}]},{\"@type\":\"ImageObject\",\"inLanguage\":\"ca\",\"@id\":\"https:\\\/\\\/lamostradevalencia.com\\\/ca\\\/mostra-de-valencia-estrena-canal-en-filmin\\\/#primaryimage\",\"url\":\"https:\\\/\\\/lamostradevalencia.com\\\/wp-content\\\/uploads\\\/2021\\\/02\\\/Filmin.png\",\"contentUrl\":\"https:\\\/\\\/lamostradevalencia.com\\\/wp-content\\\/uploads\\\/2021\\\/02\\\/Filmin.png\",\"width\":1420,\"height\":707},{\"@type\":\"BreadcrumbList\",\"@id\":\"https:\\\/\\\/lamostradevalencia.com\\\/ca\\\/mostra-de-valencia-estrena-canal-en-filmin\\\/#breadcrumb\",\"itemListElement\":[{\"@type\":\"ListItem\",\"position\":1,\"name\":\"Portada\",\"item\":\"https:\\\/\\\/lamostradevalencia.com\\\/ca\\\/\"},{\"@type\":\"ListItem\",\"position\":2,\"name\":\"Mostra de Val\u00e8ncia estrena canal en Filmin\"}]},{\"@type\":\"WebSite\",\"@id\":\"https:\\\/\\\/lamostradevalencia.com\\\/ca\\\/#website\",\"url\":\"https:\\\/\\\/lamostradevalencia.com\\\/ca\\\/\",\"name\":\"Mostra de Val\u00e8ncia\",\"description\":\"Cinema del Mediterrani\",\"potentialAction\":[{\"@type\":\"SearchAction\",\"target\":{\"@type\":\"EntryPoint\",\"urlTemplate\":\"https:\\\/\\\/lamostradevalencia.com\\\/ca\\\/?s={search_term_string}\"},\"query-input\":{\"@type\":\"PropertyValueSpecification\",\"valueRequired\":true,\"valueName\":\"search_term_string\"}}],\"inLanguage\":\"ca\"},{\"@type\":\"Person\",\"@id\":\"https:\\\/\\\/lamostradevalencia.com\\\/ca\\\/#\\\/schema\\\/person\\\/1dc07e4df3d6310b81d2cdf6a034070c\",\"name\":\"Mostra de Val\u00e8ncia\",\"image\":{\"@type\":\"ImageObject\",\"inLanguage\":\"ca\",\"@id\":\"https:\\\/\\\/secure.gravatar.com\\\/avatar\\\/ada4dfd699a9907706987adb1bb2b361c2613ccca474b49b8c648de5208e32f8?s=96&d=mm&r=g\",\"url\":\"https:\\\/\\\/secure.gravatar.com\\\/avatar\\\/ada4dfd699a9907706987adb1bb2b361c2613ccca474b49b8c648de5208e32f8?s=96&d=mm&r=g\",\"contentUrl\":\"https:\\\/\\\/secure.gravatar.com\\\/avatar\\\/ada4dfd699a9907706987adb1bb2b361c2613ccca474b49b8c648de5208e32f8?s=96&d=mm&r=g\",\"caption\":\"Mostra de Val\u00e8ncia\"}}]}<\/script>\n<!-- \/ Yoast SEO plugin. -->","yoast_head_json":{"title":"Mostra de Val\u00e8ncia estrena canal en Filmin","robots":{"index":"index","follow":"follow","max-snippet":"max-snippet:-1","max-image-preview":"max-image-preview:large","max-video-preview":"max-video-preview:-1"},"canonical":"https:\/\/lamostradevalencia.com\/ca\/mostra-de-valencia-estrena-canal-en-filmin\/","og_locale":"ca_ES","og_type":"article","og_title":"Mostra de Val\u00e8ncia estrena canal en Filmin","og_description":"Mostra de Val\u00e8ncia-Cinema del Mediterrani inicia una col\u00b7laboraci\u00f3 amb la plataforma espanyola Filmin per a oferir un repertori de pel\u00b7l\u00edcules que permeta acostar i donar [&hellip;]","og_url":"https:\/\/lamostradevalencia.com\/ca\/mostra-de-valencia-estrena-canal-en-filmin\/","og_site_name":"Mostra de Val\u00e8ncia","article_published_time":"2021-02-24T08:45:54+00:00","article_modified_time":"2021-02-24T10:01:37+00:00","og_image":[{"width":1420,"height":707,"url":"https:\/\/lamostradevalencia.com\/wp-content\/uploads\/2021\/02\/Filmin.png","type":"image\/png"}],"author":"Mostra de Val\u00e8ncia","twitter_card":"summary_large_image","twitter_misc":{"Escrit per":"Mostra de Val\u00e8ncia","Temps estimat de lectura":"3 minuts"},"schema":{"@context":"https:\/\/schema.org","@graph":[{"@type":"Article","@id":"https:\/\/lamostradevalencia.com\/ca\/mostra-de-valencia-estrena-canal-en-filmin\/#article","isPartOf":{"@id":"https:\/\/lamostradevalencia.com\/ca\/mostra-de-valencia-estrena-canal-en-filmin\/"},"author":{"name":"Mostra de Val\u00e8ncia","@id":"https:\/\/lamostradevalencia.com\/ca\/#\/schema\/person\/1dc07e4df3d6310b81d2cdf6a034070c"},"headline":"Mostra de Val\u00e8ncia estrena canal en Filmin","datePublished":"2021-02-24T08:45:54+00:00","dateModified":"2021-02-24T10:01:37+00:00","mainEntityOfPage":{"@id":"https:\/\/lamostradevalencia.com\/ca\/mostra-de-valencia-estrena-canal-en-filmin\/"},"wordCount":563,"commentCount":0,"image":{"@id":"https:\/\/lamostradevalencia.com\/ca\/mostra-de-valencia-estrena-canal-en-filmin\/#primaryimage"},"thumbnailUrl":"https:\/\/lamostradevalencia.com\/wp-content\/uploads\/2021\/02\/Filmin.png","articleSection":["Noticies"],"inLanguage":"ca","potentialAction":[{"@type":"CommentAction","name":"Comment","target":["https:\/\/lamostradevalencia.com\/ca\/mostra-de-valencia-estrena-canal-en-filmin\/#respond"]}]},{"@type":"WebPage","@id":"https:\/\/lamostradevalencia.com\/ca\/mostra-de-valencia-estrena-canal-en-filmin\/","url":"https:\/\/lamostradevalencia.com\/ca\/mostra-de-valencia-estrena-canal-en-filmin\/","name":"Mostra de Val\u00e8ncia estrena canal en Filmin","isPartOf":{"@id":"https:\/\/lamostradevalencia.com\/ca\/#website"},"primaryImageOfPage":{"@id":"https:\/\/lamostradevalencia.com\/ca\/mostra-de-valencia-estrena-canal-en-filmin\/#primaryimage"},"image":{"@id":"https:\/\/lamostradevalencia.com\/ca\/mostra-de-valencia-estrena-canal-en-filmin\/#primaryimage"},"thumbnailUrl":"https:\/\/lamostradevalencia.com\/wp-content\/uploads\/2021\/02\/Filmin.png","datePublished":"2021-02-24T08:45:54+00:00","dateModified":"2021-02-24T10:01:37+00:00","author":{"@id":"https:\/\/lamostradevalencia.com\/ca\/#\/schema\/person\/1dc07e4df3d6310b81d2cdf6a034070c"},"breadcrumb":{"@id":"https:\/\/lamostradevalencia.com\/ca\/mostra-de-valencia-estrena-canal-en-filmin\/#breadcrumb"},"inLanguage":"ca","potentialAction":[{"@type":"ReadAction","target":["https:\/\/lamostradevalencia.com\/ca\/mostra-de-valencia-estrena-canal-en-filmin\/"]}]},{"@type":"ImageObject","inLanguage":"ca","@id":"https:\/\/lamostradevalencia.com\/ca\/mostra-de-valencia-estrena-canal-en-filmin\/#primaryimage","url":"https:\/\/lamostradevalencia.com\/wp-content\/uploads\/2021\/02\/Filmin.png","contentUrl":"https:\/\/lamostradevalencia.com\/wp-content\/uploads\/2021\/02\/Filmin.png","width":1420,"height":707},{"@type":"BreadcrumbList","@id":"https:\/\/lamostradevalencia.com\/ca\/mostra-de-valencia-estrena-canal-en-filmin\/#breadcrumb","itemListElement":[{"@type":"ListItem","position":1,"name":"Portada","item":"https:\/\/lamostradevalencia.com\/ca\/"},{"@type":"ListItem","position":2,"name":"Mostra de Val\u00e8ncia estrena canal en Filmin"}]},{"@type":"WebSite","@id":"https:\/\/lamostradevalencia.com\/ca\/#website","url":"https:\/\/lamostradevalencia.com\/ca\/","name":"Mostra de Val\u00e8ncia","description":"Cinema del Mediterrani","potentialAction":[{"@type":"SearchAction","target":{"@type":"EntryPoint","urlTemplate":"https:\/\/lamostradevalencia.com\/ca\/?s={search_term_string}"},"query-input":{"@type":"PropertyValueSpecification","valueRequired":true,"valueName":"search_term_string"}}],"inLanguage":"ca"},{"@type":"Person","@id":"https:\/\/lamostradevalencia.com\/ca\/#\/schema\/person\/1dc07e4df3d6310b81d2cdf6a034070c","name":"Mostra de Val\u00e8ncia","image":{"@type":"ImageObject","inLanguage":"ca","@id":"https:\/\/secure.gravatar.com\/avatar\/ada4dfd699a9907706987adb1bb2b361c2613ccca474b49b8c648de5208e32f8?s=96&d=mm&r=g","url":"https:\/\/secure.gravatar.com\/avatar\/ada4dfd699a9907706987adb1bb2b361c2613ccca474b49b8c648de5208e32f8?s=96&d=mm&r=g","contentUrl":"https:\/\/secure.gravatar.com\/avatar\/ada4dfd699a9907706987adb1bb2b361c2613ccca474b49b8c648de5208e32f8?s=96&d=mm&r=g","caption":"Mostra de Val\u00e8ncia"}}]}},"uagb_featured_image_src":{"full":["https:\/\/lamostradevalencia.com\/wp-content\/uploads\/2021\/02\/Filmin.png",1420,707,false],"thumbnail":["https:\/\/lamostradevalencia.com\/wp-content\/uploads\/2021\/02\/Filmin-150x150.png",150,150,true],"medium":["https:\/\/lamostradevalencia.com\/wp-content\/uploads\/2021\/02\/Filmin-300x149.png",300,149,true],"medium_large":["https:\/\/lamostradevalencia.com\/wp-content\/uploads\/2021\/02\/Filmin-768x382.png",768,382,true],"large":["https:\/\/lamostradevalencia.com\/wp-content\/uploads\/2021\/02\/Filmin-1024x510.png",1024,510,true],"1536x1536":["https:\/\/lamostradevalencia.com\/wp-content\/uploads\/2021\/02\/Filmin.png",1420,707,false],"2048x2048":["https:\/\/lamostradevalencia.com\/wp-content\/uploads\/2021\/02\/Filmin.png",1420,707,false],"cinerama_edge_image_square":["https:\/\/lamostradevalencia.com\/wp-content\/uploads\/2021\/02\/Filmin-550x550.png",550,550,true],"cinerama_edge_image_landscape":["https:\/\/lamostradevalencia.com\/wp-content\/uploads\/2021\/02\/Filmin-1100x550.png",1100,550,true],"cinerama_edge_image_portrait":["https:\/\/lamostradevalencia.com\/wp-content\/uploads\/2021\/02\/Filmin-550x707.png",550,707,true],"cinerama_edge_image_huge":["https:\/\/lamostradevalencia.com\/wp-content\/uploads\/2021\/02\/Filmin-1100x707.png",1100,707,true],"gform-image-choice-sm":["https:\/\/lamostradevalencia.com\/wp-content\/uploads\/2021\/02\/Filmin.png",300,149,false],"gform-image-choice-md":["https:\/\/lamostradevalencia.com\/wp-content\/uploads\/2021\/02\/Filmin.png",400,199,false],"gform-image-choice-lg":["https:\/\/lamostradevalencia.com\/wp-content\/uploads\/2021\/02\/Filmin.png",600,299,false]},"uagb_author_info":{"display_name":"Mostra de Val\u00e8ncia","author_link":"https:\/\/lamostradevalencia.com\/ca\/author\/mostravalencia\/"},"uagb_comment_info":0,"uagb_excerpt":"Mostra de Val\u00e8ncia-Cinema del Mediterrani inicia una col\u00b7laboraci\u00f3 amb la plataforma espanyola Filmin per a oferir un repertori de pel\u00b7l\u00edcules que permeta acostar i donar [&hellip;]","_links":{"self":[{"href":"https:\/\/lamostradevalencia.com\/ca\/wp-json\/wp\/v2\/posts\/10057","targetHints":{"allow":["GET"]}}],"collection":[{"href":"https:\/\/lamostradevalencia.com\/ca\/wp-json\/wp\/v2\/posts"}],"about":[{"href":"https:\/\/lamostradevalencia.com\/ca\/wp-json\/wp\/v2\/types\/post"}],"author":[{"embeddable":true,"href":"https:\/\/lamostradevalencia.com\/ca\/wp-json\/wp\/v2\/users\/1"}],"replies":[{"embeddable":true,"href":"https:\/\/lamostradevalencia.com\/ca\/wp-json\/wp\/v2\/comments?post=10057"}],"version-history":[{"count":5,"href":"https:\/\/lamostradevalencia.com\/ca\/wp-json\/wp\/v2\/posts\/10057\/revisions"}],"predecessor-version":[{"id":10076,"href":"https:\/\/lamostradevalencia.com\/ca\/wp-json\/wp\/v2\/posts\/10057\/revisions\/10076"}],"wp:featuredmedia":[{"embeddable":true,"href":"https:\/\/lamostradevalencia.com\/ca\/wp-json\/wp\/v2\/media\/10066"}],"wp:attachment":[{"href":"https:\/\/lamostradevalencia.com\/ca\/wp-json\/wp\/v2\/media?parent=10057"}],"wp:term":[{"taxonomy":"category","embeddable":true,"href":"https:\/\/lamostradevalencia.com\/ca\/wp-json\/wp\/v2\/categories?post=10057"},{"taxonomy":"post_tag","embeddable":true,"href":"https:\/\/lamostradevalencia.com\/ca\/wp-json\/wp\/v2\/tags?post=10057"}],"curies":[{"name":"wp","href":"https:\/\/api.w.org\/{rel}","templated":true}]}}